{"id":5683,"date":"2009-06-28T01:00:19","date_gmt":"2009-06-27T23:00:19","guid":{"rendered":"http:\/\/rockpixx.com\/wordpress\/?p=5683"},"modified":"2013-01-27T16:15:56","modified_gmt":"2013-01-27T14:15:56","slug":"pop-shop-boys-28-06-2009-kiel-holsten-park-buhne","status":"publish","type":"post","link":"http:\/\/www.rockpixx.com\/wordpress\/pop-shop-boys-28-06-2009-kiel-holsten-park-buhne\/","title":{"rendered":"Pop Shop Boys, 28.06.2009, Kiel, Holsten-Park-B\u00fchne"},"content":{"rendered":"<p>Da laufen Fotografin und Fotograf von rockpixx.com am letzten Tag der Kieler Woche unerkannt durch Kiel in Zivilkleidung, um einfach einmal als Touristen auch \u201edabei zu sein\u201c. <!--more-->Keine Kameraausr\u00fcstung dabei, einfach nur zum Abschlu\u00df einmal eine gem\u00fctliche Tour durch die kulinarischen K\u00f6stlichkeiten und nachts dann das Feuerwerk gucken \u2013 dachten wir!<\/p>\n<p>Auf der Suche nach einem Caipi-Stand kommen wir am \u201eHolstenpark\u201c vorbei und h\u00f6ren sch\u00f6ne schr\u00e4ge Kl\u00e4nge aus den Achtzigern im Medley. Bei einem vorsichtigem Blick durch die Menge auf die B\u00fchne schrillt\u2019s pl\u00f6tzlich in den Augen: Kleidung in solchen Farben hat seit einiger Zeit ein Etikett eingen\u00e4ht, auf dem sinngem\u00e4\u00df steht: \u201eDie EU-Gesundheitsminister warnen: Diese Farben k\u00f6nnen zu Augenkrebs f\u00fchren, etc. blabla\u2026\u201c Eine vergleichbare Warnung gibt\u2019s vermutlich auch f\u00fcr die Frisuren da oben auf der B\u00fchne \u2013 mit einem Wort: Herrlich!<\/p>\n<p>Tja, und dann konnte der Fotograf nicht umhin, und hat trotzdem einige Bilder von den \u201ePop Shop Boys\u201c geschossen. Wie? Das steht im \u2192 <a href=\"http:\/\/rockpixx.com\/wordpress\/?p=61\">Blog<\/a>.<\/p>\n<p style=\"text-align: left;\">Und das war\u2019s dann wirklich von der \u201eKieler Woche 2009\u201c \u2013 die Koffer werden jetzt gepackt und dann geht\u2019s 1.000 Kilometer zur\u00fcck Richtung B\u00fcro \u2013 der Arbeitsalltag in unserer Agentur hat uns dann wieder. Aber die n\u00e4chsten Gigs stehen schon im Kalender\u2026<\/p>\n<p style=\"text-align: right;\">Fotos: <a href=\"mailto:info@rockpixx.com?subject=Fotos%20von%20Pop%20Shop%20Boys,%20Kiel%20%E2%80%9EHolsten-Park-B%C3%BChne%E2%80%9C,%2028.06.2009\">Alex<\/a> | Text: <a href=\"mailto:info@rockpixx.com?subject=Reviewtext%20von%20Pop%20Shop%20Boys,%20Kiel%20%E2%80%9EHolsten-Park-B%C3%BChne%E2%80%9C,%2028.06.2009\">Alex<\/a><\/p>\n<p style=\"text-align: left;\"><div class=\"eat-left eat-right\"><div class=\"thumbs-masonry isotope\"><div class=\"isotope-item block-2 block-h-2\"><a href=\"http:\/\/www.rockpixx.com\/wordpress\/wp-content\/uploads\/2013\/01\/20090628-G10-009.jpg\" rel=\"prettyPhoto[postgal_5691]\" class=\"show-hover-link block-h-2\"\"><img decoding=\"async\" src=\"http:\/\/www.rockpixx.com\/wordpress\/wp-content\/uploads\/2013\/01\/20090628-G10-009-480x400.jpg\" alt=\"Pop Shop Boys, 28.06.2009, Kiel, Holsten-Park-B\u00fchne\"\/><span class=\"before\"><\/span><span class=\"after\"><\/span><\/a><\/div><div class=\"isotope-item block-1 block-h-1\"><a href=\"http:\/\/www.rockpixx.com\/wordpress\/wp-content\/uploads\/2013\/01\/20090628-G10-010.jpg\" rel=\"prettyPhoto[postgal_5691]\" class=\"show-hover-link block-h-1\"\"><img decoding=\"async\" src=\"http:\/\/www.rockpixx.com\/wordpress\/wp-content\/uploads\/2013\/01\/20090628-G10-010-480x400.jpg\" alt=\"Pop Shop Boys, 28.06.2009, Kiel, Holsten-Park-B\u00fchne\"\/><span class=\"before\"><\/span><span class=\"after\"><\/span><\/a><\/div><div class=\"isotope-item block-1 block-h-1\"><a href=\"http:\/\/www.rockpixx.com\/wordpress\/wp-content\/uploads\/2013\/01\/20090628-G10-011.jpg\" rel=\"prettyPhoto[postgal_5691]\" class=\"show-hover-link block-h-1\"\"><img decoding=\"async\" src=\"http:\/\/www.rockpixx.com\/wordpress\/wp-content\/uploads\/2013\/01\/20090628-G10-011-480x400.jpg\" alt=\"Pop Shop Boys, 28.06.2009, Kiel, Holsten-Park-B\u00fchne\"\/><span class=\"before\"><\/span><span class=\"after\"><\/span><\/a><\/div><div class=\"isotope-item block-2 block-h-2\"><a href=\"http:\/\/www.rockpixx.com\/wordpress\/wp-content\/uploads\/2013\/01\/20090628-G10-012.jpg\" rel=\"prettyPhoto[postgal_5691]\" class=\"show-hover-link block-h-2\"\"><img decoding=\"async\" src=\"http:\/\/www.rockpixx.com\/wordpress\/wp-content\/uploads\/2013\/01\/20090628-G10-012-480x400.jpg\" alt=\"Pop Shop Boys, 28.06.2009, Kiel, Holsten-Park-B\u00fchne\"\/><span class=\"before\"><\/span><span class=\"after\"><\/span><\/a><\/div><div class=\"isotope-item block-1 block-h-1\"><a href=\"http:\/\/www.rockpixx.com\/wordpress\/wp-content\/uploads\/2013\/01\/20090628-G10-013.jpg\" rel=\"prettyPhoto[postgal_5691]\" class=\"show-hover-link block-h-1\"\"><img decoding=\"async\" src=\"http:\/\/www.rockpixx.com\/wordpress\/wp-content\/uploads\/2013\/01\/20090628-G10-013-480x400.jpg\" alt=\"Pop Shop Boys, 28.06.2009, Kiel, Holsten-Park-B\u00fchne\"\/><span class=\"before\"><\/span><span class=\"after\"><\/span><\/a><\/div><div class=\"isotope-item block-1 block-h-1\"><a href=\"http:\/\/www.rockpixx.com\/wordpress\/wp-content\/uploads\/2013\/01\/20090628-G10-017.jpg\" rel=\"prettyPhoto[postgal_5691]\" class=\"show-hover-link block-h-1\"\"><img decoding=\"async\" src=\"http:\/\/www.rockpixx.com\/wordpress\/wp-content\/uploads\/2013\/01\/20090628-G10-017-480x400.jpg\" alt=\"Pop Shop Boys, 28.06.2009, Kiel, Holsten-Park-B\u00fchne\"\/><span class=\"before\"><\/span><span class=\"after\"><\/span><\/a><\/div><div class=\"isotope-item block-2 block-h-2\"><a href=\"http:\/\/www.rockpixx.com\/wordpress\/wp-content\/uploads\/2013\/01\/20090628-G10-019.jpg\" rel=\"prettyPhoto[postgal_5691]\" class=\"show-hover-link block-h-2\"\"><img decoding=\"async\" src=\"http:\/\/www.rockpixx.com\/wordpress\/wp-content\/uploads\/2013\/01\/20090628-G10-019-480x400.jpg\" alt=\"Pop Shop Boys, 28.06.2009, Kiel, Holsten-Park-B\u00fchne\"\/><span class=\"before\"><\/span><span class=\"after\"><\/span><\/a><\/div><div class=\"isotope-item block-1 block-h-1\"><a href=\"http:\/\/www.rockpixx.com\/wordpress\/wp-content\/uploads\/2013\/01\/20090628-G10-022.jpg\" rel=\"prettyPhoto[postgal_5691]\" class=\"show-hover-link block-h-1\"\"><img decoding=\"async\" src=\"http:\/\/www.rockpixx.com\/wordpress\/wp-content\/uploads\/2013\/01\/20090628-G10-022-480x400.jpg\" alt=\"Pop Shop Boys, 28.06.2009, Kiel, Holsten-Park-B\u00fchne\"\/><span class=\"before\"><\/span><span class=\"after\"><\/span><\/a><\/div><div class=\"isotope-item block-1 block-h-1\"><a href=\"http:\/\/www.rockpixx.com\/wordpress\/wp-content\/uploads\/2013\/01\/20090628-G10-027.jpg\" rel=\"prettyPhoto[postgal_5691]\" class=\"show-hover-link block-h-1\"\"><img decoding=\"async\" src=\"http:\/\/www.rockpixx.com\/wordpress\/wp-content\/uploads\/2013\/01\/20090628-G10-027-480x400.jpg\" alt=\"Pop Shop Boys, 28.06.2009, Kiel, Holsten-Park-B\u00fchne\"\/><span class=\"before\"><\/span><span class=\"after\"><\/span><\/a><\/div><div class=\"isotope-item block-2 block-h-2\"><a href=\"http:\/\/www.rockpixx.com\/wordpress\/wp-content\/uploads\/2013\/01\/20090628-G10-037.jpg\" rel=\"prettyPhoto[postgal_5691]\" class=\"show-hover-link block-h-2\"\"><img decoding=\"async\" src=\"http:\/\/www.rockpixx.com\/wordpress\/wp-content\/uploads\/2013\/01\/20090628-G10-037-480x400.jpg\" alt=\"Pop Shop Boys, 28.06.2009, Kiel, Holsten-Park-B\u00fchne\"\/><span class=\"before\"><\/span><span class=\"after\"><\/span><\/a><\/div><\/div><\/div><\/p>\n","protected":false},"excerpt":{"rendered":"<p>Da laufen Fotografin und Fotograf von rockpixx.com am letzten Tag der Kieler Woche unerkannt durch <a href=\"http:\/\/www.rockpixx.com\/wordpress\/pop-shop-boys-28-06-2009-kiel-holsten-park-buhne\/\">Read more<\/a><\/p>\n","protected":false},"author":2,"featured_media":5688,"comment_status":"open","ping_status":"open","sticky":false,"template":"","format":"standard","meta":{"_jetpack_memberships_contains_paid_content":false,"footnotes":"","jetpack_publicize_message":"","jetpack_publicize_feature_enabled":true,"jetpack_social_post_already_shared":true,"jetpack_social_options":{"image_generator_settings":{"template":"highway","default_image_id":0,"font":"","enabled":false},"version":2}},"categories":[34,461],"tags":[1831,814,133,370,1735,138,1847],"class_list":["post-5683","post","type-post","status-publish","format-standard","has-post-thumbnail","hentry","category-acts","category-pop-shop-boys","tag-1831","tag-asmus-bremer-platz","tag-festivals","tag-holsten-park-buhne","tag-kiel","tag-kieler-woche","tag-pop-shop-boys"],"aioseo_notices":[],"jetpack_publicize_connections":[],"jetpack_featured_media_url":"http:\/\/www.rockpixx.com\/wordpress\/wp-content\/uploads\/2013\/01\/20090628-pop-shop-boys-Artikel.jpg","jetpack-related-posts":[{"id":4842,"url":"http:\/\/www.rockpixx.com\/wordpress\/coverline-19-06-2009-kiel-holsten-park-buhne\/","url_meta":{"origin":5683,"position":0},"title":"CoverLine, 19.06.2009, Kiel, Holsten-Park-B\u00fchne","author":"Anja","date":"19. Juni 2009","format":false,"excerpt":"Das diesj\u00e4hrige Kieler Woche-Programm ist so dichtgedr\u00e4ngt und auf so vielen B\u00fchnen pr\u00e4sent, wie es 2008 noch nicht der Fall gewesen ist. Von daher konnten die beiden Fotografen von rockpixx.com die B\u00fchne im Holstenpark auch nur im \u201eVorbeihetzen\u201c auf dem Weg zu anderen Acts kurz streifen. Zum Gl\u00fcck spielte \u2192\u00a0\u201eCoverLine\u201c\u2026","rel":"","context":"In &quot;Acts&quot;","block_context":{"text":"Acts","link":"http:\/\/www.rockpixx.com\/wordpress\/category\/acts\/"},"img":{"alt_text":"CoverLine, 19.06.2009, Kiel, Holsten-Park-B\u00fchne","src":"https:\/\/i0.wp.com\/www.rockpixx.com\/wordpress\/wp-content\/uploads\/2013\/01\/20090619-07-coverline-Artikel.jpg?resize=350%2C200","width":350,"height":200,"srcset":"https:\/\/i0.wp.com\/www.rockpixx.com\/wordpress\/wp-content\/uploads\/2013\/01\/20090619-07-coverline-Artikel.jpg?resize=350%2C200 1x, https:\/\/i0.wp.com\/www.rockpixx.com\/wordpress\/wp-content\/uploads\/2013\/01\/20090619-07-coverline-Artikel.jpg?resize=525%2C300 1.5x, https:\/\/i0.wp.com\/www.rockpixx.com\/wordpress\/wp-content\/uploads\/2013\/01\/20090619-07-coverline-Artikel.jpg?resize=700%2C400 2x"},"classes":[]},{"id":14526,"url":"http:\/\/www.rockpixx.com\/wordpress\/the-rockhouse-brothers-22-06-2014-kiel-holsten-park-buehne\/","url_meta":{"origin":5683,"position":1},"title":"The Rockhouse Brothers!, 22.06.2014, Kiel, Holsten-Park-B\u00fchne","author":"Anja","date":"23. Juni 2014","format":false,"excerpt":"Gut, jetzt mal ein Abstecher zur Holsten-Park-B\u00fchne, die ich in diesem Jahr zum ersten Mal besuche. Und nein: Entgegen aller Erwartungen spielen hier heute einmal nicht die Herren in den gefleckten Kuhfellen (\u2192 \u201eUnited 4\u201c), sondern es erklingt guter alter Rock\u2019n\u2019Roll bzw. Rockabilly. Drei j\u00fcngere Herren in schneewei\u00dfen Anz\u00fcgen: Einer\u2026","rel":"","context":"In &quot;Acts&quot;","block_context":{"text":"Acts","link":"http:\/\/www.rockpixx.com\/wordpress\/category\/acts\/"},"img":{"alt_text":"The Rockhouse Brothers!, 22.06.2014, Kiel, Holsten-Park-B\u00fchne","src":"https:\/\/i0.wp.com\/www.rockpixx.com\/wordpress\/wp-content\/uploads\/2014\/06\/20140622-02-015_the-rockhouse-brothers_Artikel.jpg?resize=350%2C200","width":350,"height":200,"srcset":"https:\/\/i0.wp.com\/www.rockpixx.com\/wordpress\/wp-content\/uploads\/2014\/06\/20140622-02-015_the-rockhouse-brothers_Artikel.jpg?resize=350%2C200 1x, https:\/\/i0.wp.com\/www.rockpixx.com\/wordpress\/wp-content\/uploads\/2014\/06\/20140622-02-015_the-rockhouse-brothers_Artikel.jpg?resize=525%2C300 1.5x, https:\/\/i0.wp.com\/www.rockpixx.com\/wordpress\/wp-content\/uploads\/2014\/06\/20140622-02-015_the-rockhouse-brothers_Artikel.jpg?resize=700%2C400 2x"},"classes":[]},{"id":61,"url":"http:\/\/www.rockpixx.com\/wordpress\/ein-ungeplanter-gig-und-unsere-kompaktkamera\/","url_meta":{"origin":5683,"position":2},"title":"Ein ungeplanter Gig und unsere Kompaktkamera","author":"admin","date":"29. Juni 2009","format":false,"excerpt":"Moin, eigentlich sollte der letzte Tag der diesj\u00e4hrigen \u201eKieler Woche\u201c f\u00fcr uns ja ein \u201eUrlaubstag\u201c werden \u2013 keine Gigs fotografieren, kein Equipment kiloweise durch die Innenstadt schleppen und kein Gehetze von B\u00fchne zu B\u00fchne. Also Zivilkleidung angezogen und nur f\u00fcr ein paar m\u00f6glicherweise zu t\u00e4tigende Schnappsch\u00fcsse die Kompakte am G\u00fcrtel\u2026","rel":"","context":"In &quot;2009&quot;","block_context":{"text":"2009","link":"http:\/\/www.rockpixx.com\/wordpress\/category\/backstage\/2009\/"},"img":{"alt_text":"Pop Shop Boys, 28.06.2009, Kiel, Holsten-Park-B\u00fchne","src":"https:\/\/i0.wp.com\/www.rockpixx.com\/wordpress\/wp-content\/uploads\/2013\/01\/20090628-pop-shop-boys-Artikel.jpg?resize=350%2C200","width":350,"height":200,"srcset":"https:\/\/i0.wp.com\/www.rockpixx.com\/wordpress\/wp-content\/uploads\/2013\/01\/20090628-pop-shop-boys-Artikel.jpg?resize=350%2C200 1x, https:\/\/i0.wp.com\/www.rockpixx.com\/wordpress\/wp-content\/uploads\/2013\/01\/20090628-pop-shop-boys-Artikel.jpg?resize=525%2C300 1.5x, https:\/\/i0.wp.com\/www.rockpixx.com\/wordpress\/wp-content\/uploads\/2013\/01\/20090628-pop-shop-boys-Artikel.jpg?resize=700%2C400 2x"},"classes":[]},{"id":20274,"url":"http:\/\/www.rockpixx.com\/wordpress\/mallet-23-06-2016-kieler-woche-holsten-buehne-kiel\/","url_meta":{"origin":5683,"position":3},"title":"Mallet, 23.06.2016, Kieler Woche, Holsten-B\u00fchne, Kiel","author":"A. Hahl","date":"24. Juni 2016","format":false,"excerpt":"Es finden sich zwischen den ganzen gro\u00dfen und bekannten Bands und zwischen den \u201eWiederholungst\u00e4tern\u201c, die schon zu Kaisers Zeiten auf der Kieler Woche gespielt haben (und es vermutlich auch dann noch tun werden, wenn die Briten erneut EU-Mitglied sein werden, immer noch \u00fcberraschende Perlen. \u201eMallet\u201c ist so eine. Beim Warten\u2026","rel":"","context":"In &quot;Acts&quot;","block_context":{"text":"Acts","link":"http:\/\/www.rockpixx.com\/wordpress\/category\/acts\/"},"img":{"alt_text":"Mallet, 23.06.2016, Kiel, Kieler Woche, Holstenpark-B\u00fchne","src":"https:\/\/i0.wp.com\/www.rockpixx.com\/wordpress\/wp-content\/uploads\/2016\/06\/20160623-01-018.jpg?resize=350%2C200","width":350,"height":200,"srcset":"https:\/\/i0.wp.com\/www.rockpixx.com\/wordpress\/wp-content\/uploads\/2016\/06\/20160623-01-018.jpg?resize=350%2C200 1x, https:\/\/i0.wp.com\/www.rockpixx.com\/wordpress\/wp-content\/uploads\/2016\/06\/20160623-01-018.jpg?resize=525%2C300 1.5x, https:\/\/i0.wp.com\/www.rockpixx.com\/wordpress\/wp-content\/uploads\/2016\/06\/20160623-01-018.jpg?resize=700%2C400 2x"},"classes":[]},{"id":5527,"url":"http:\/\/www.rockpixx.com\/wordpress\/united-4-26-06-2009-kiel-holsten-park-buhne\/","url_meta":{"origin":5683,"position":4},"title":"United 4, 26.06.2009, Kiel, Holsten-Park-B\u00fchne","author":"Anja","date":"26. Juni 2009","format":false,"excerpt":"Eigentlich war ich nach einer kurzen Essenspause erneut auf dem Weg zur \u201eHSH Nordbank-B\u00fchne\u201c, um \u201eVoodoo Lounge\u201c abzulichten, da blieben Augen und Ohren an der B\u00fchne im \u201eHolstenpark\u201c h\u00e4ngen. Dort spielten \u201eUnited 4\u201c und ich mogelte mich durch die Absperrung in den Graben, um ein paar Bilder zu machen. Die\u2026","rel":"","context":"In &quot;Acts&quot;","block_context":{"text":"Acts","link":"http:\/\/www.rockpixx.com\/wordpress\/category\/acts\/"},"img":{"alt_text":"United 4, 26.06.2009, Kiel, Holsten-Park-B\u00fchne","src":"https:\/\/i0.wp.com\/www.rockpixx.com\/wordpress\/wp-content\/uploads\/2013\/01\/20090626-04-united-4-Artikel.jpg?resize=350%2C200","width":350,"height":200,"srcset":"https:\/\/i0.wp.com\/www.rockpixx.com\/wordpress\/wp-content\/uploads\/2013\/01\/20090626-04-united-4-Artikel.jpg?resize=350%2C200 1x, https:\/\/i0.wp.com\/www.rockpixx.com\/wordpress\/wp-content\/uploads\/2013\/01\/20090626-04-united-4-Artikel.jpg?resize=525%2C300 1.5x, https:\/\/i0.wp.com\/www.rockpixx.com\/wordpress\/wp-content\/uploads\/2013\/01\/20090626-04-united-4-Artikel.jpg?resize=700%2C400 2x"},"classes":[]},{"id":2473,"url":"http:\/\/www.rockpixx.com\/wordpress\/boerney-and-the-tritops-20-06-2008-kiel-holsten-park-buhne\/","url_meta":{"origin":5683,"position":5},"title":"Boerney &#038; die TriTops, 20.06.2008, Kiel, Holsten-Park-B\u00fchne","author":"Anja","date":"20. Juni 2008","format":false,"excerpt":"Ein Teil des Bandnamens weist auf das kultige Getr\u00e4nk meiner Kindheit hin \u2013 und \u201ekultig\u201c ist auch diese Party- bzw. Spa\u00dfband aus Hamburg. Alleine manche Kost\u00fcme der S\u00e4ngerin sind richtig nett anzusehen \u2013 die S\u00e4ngerin \u00fcbrigens auch\u2026 Das Programm von Boerney und seinen Mitstreitern besteht aus \u201eGute-Laune-Musik\u201c aus den Jahrzehnten\u2026","rel":"","context":"In &quot;Acts&quot;","block_context":{"text":"Acts","link":"http:\/\/www.rockpixx.com\/wordpress\/category\/acts\/"},"img":{"alt_text":"Boerney and The TriTops, 20.06.2008, Kiel, Holsten-Park-B\u00fchne","src":"https:\/\/i0.wp.com\/www.rockpixx.com\/wordpress\/wp-content\/uploads\/2008\/06\/20080620-02-boerney-tritops-Artikel.jpg?resize=350%2C200","width":350,"height":200,"srcset":"https:\/\/i0.wp.com\/www.rockpixx.com\/wordpress\/wp-content\/uploads\/2008\/06\/20080620-02-boerney-tritops-Artikel.jpg?resize=350%2C200 1x, https:\/\/i0.wp.com\/www.rockpixx.com\/wordpress\/wp-content\/uploads\/2008\/06\/20080620-02-boerney-tritops-Artikel.jpg?resize=525%2C300 1.5x, https:\/\/i0.wp.com\/www.rockpixx.com\/wordpress\/wp-content\/uploads\/2008\/06\/20080620-02-boerney-tritops-Artikel.jpg?resize=700%2C400 2x"},"classes":[]}],"jetpack_sharing_enabled":true,"publishpress_future_action":{"enabled":false,"date":"2026-05-07 07:46:41","action":"change-status","newStatus":"draft","terms":[],"taxonomy":"category","extraData":[]},"publishpress_future_workflow_manual_trigger":{"enabledWorkflows":[]},"_links":{"self":[{"href":"http:\/\/www.rockpixx.com\/wordpress\/wp-json\/wp\/v2\/posts\/5683","targetHints":{"allow":["GET"]}}],"collection":[{"href":"http:\/\/www.rockpixx.com\/wordpress\/wp-json\/wp\/v2\/posts"}],"about":[{"href":"http:\/\/www.rockpixx.com\/wordpress\/wp-json\/wp\/v2\/types\/post"}],"author":[{"embeddable":true,"href":"http:\/\/www.rockpixx.com\/wordpress\/wp-json\/wp\/v2\/users\/2"}],"replies":[{"embeddable":true,"href":"http:\/\/www.rockpixx.com\/wordpress\/wp-json\/wp\/v2\/comments?post=5683"}],"version-history":[{"count":0,"href":"http:\/\/www.rockpixx.com\/wordpress\/wp-json\/wp\/v2\/posts\/5683\/revisions"}],"wp:featuredmedia":[{"embeddable":true,"href":"http:\/\/www.rockpixx.com\/wordpress\/wp-json\/wp\/v2\/media\/5688"}],"wp:attachment":[{"href":"http:\/\/www.rockpixx.com\/wordpress\/wp-json\/wp\/v2\/media?parent=5683"}],"wp:term":[{"taxonomy":"category","embeddable":true,"href":"http:\/\/www.rockpixx.com\/wordpress\/wp-json\/wp\/v2\/categories?post=5683"},{"taxonomy":"post_tag","embeddable":true,"href":"http:\/\/www.rockpixx.com\/wordpress\/wp-json\/wp\/v2\/tags?post=5683"}],"curies":[{"name":"wp","href":"https:\/\/api.w.org\/{rel}","templated":true}]}}