{"id":5762,"date":"2009-08-15T01:00:02","date_gmt":"2009-08-14T23:00:02","guid":{"rendered":"http:\/\/rockpixx.com\/wordpress\/?p=5762"},"modified":"2013-01-15T00:33:15","modified_gmt":"2013-01-14T22:33:15","slug":"the-pink-floyd-project-15-08-2009-homburg-saar-stadtpark","status":"publish","type":"post","link":"http:\/\/www.rockpixx.com\/wordpress\/the-pink-floyd-project-15-08-2009-homburg-saar-stadtpark\/","title":{"rendered":"The Pink Floyd Project, 15.08.2009, Homburg \/ Saar, Stadtpark"},"content":{"rendered":"<p>\u2192\u00a0<a title=\"The Pink Floyd Project, 07.02.2009, V\u00f6lklingen, Gebl\u00e4sehalle\" href=\"http:\/\/rockpixx.com\/wordpress\/?p=4414\">The Pink Floyd Project zum Zweiten<\/a> nach dem Termin in V\u00f6lklingen im Februar 2009. <!--more-->Sound und B\u00fchnenpr\u00e4senz wie gehabt sehr gut, leider ergab die durch die Headliner \u201eBarclay James Harvest\u201c bedingte kurzfristige Set\u00e4nderung den unsch\u00f6nen Nebeneffekt, dass 90% des Konzertes bei Tageslicht und der Rest in der einsetzenden D\u00e4mmerung stattfinden mussten. Somit waren Licht, Filme und Laser nicht einmal zu erahnen &#8211; und der Musik von Pink Floyd ohne diese Optik fehlt etwas ganz Entscheidendes!<\/p>\n<p>Den zehn beteiligten Musikern ist deswegen kein Vorwurf zu machen, sie waren mindestens genauso entt\u00e4uscht wie die bis zu 25.000 Besucher des Open-Airs.<\/p>\n<p>Hoffen wir also alle gemeinsam auf den n\u00e4chsten Gig und bis dahin gibt&#8217;s also hier auf http:\/\/rockpixx.com einmal etwas andere Konzertbilder als sonst \u00fcblich\u2026<\/p>\n<p style=\"text-align: right;\">Fotos: <a href=\"mailto:info@rockpixx.com?subject=Fotos%20von%20The%20Pink%20Floyd%20Project,%20Homburg%20\/%20Saar%20%E2%80%9EStadtpark%E2%80%9C,%2015.08.2009\">Alex<\/a> | Text: <a href=\"mailto:info@rockpixx.com?subject=Reviewtext%20von%20The%20Pink%20Floyd%20Project,%20Homburg%20\/%20Saar%20%E2%80%9EStadtpark%E2%80%9C,%2015.08.2009\">Alex<\/a><\/p>\n<p style=\"text-align: left;\"><div class=\"eat-left eat-right\"><div class=\"thumbs-masonry isotope\"><div class=\"isotope-item block-2 block-h-2\"><a href=\"http:\/\/www.rockpixx.com\/wordpress\/wp-content\/uploads\/2013\/01\/20090815-02-141.jpg\" rel=\"prettyPhoto[postgal_5765]\" class=\"show-hover-link block-h-2\"\"><img decoding=\"async\" src=\"http:\/\/www.rockpixx.com\/wordpress\/wp-content\/uploads\/2013\/01\/20090815-02-141-480x400.jpg\" alt=\"The Pink Floyd Project, 15.08.2009, Homburg \/ Saar, Stadtpark\"\/><span class=\"before\"><\/span><span class=\"after\"><\/span><\/a><\/div><div class=\"isotope-item block-1 block-h-1\"><a href=\"http:\/\/www.rockpixx.com\/wordpress\/wp-content\/uploads\/2013\/01\/20090815-02-210.jpg\" rel=\"prettyPhoto[postgal_5765]\" class=\"show-hover-link block-h-1\"\"><img decoding=\"async\" src=\"http:\/\/www.rockpixx.com\/wordpress\/wp-content\/uploads\/2013\/01\/20090815-02-210-480x400.jpg\" alt=\"The Pink Floyd Project, 15.08.2009, Homburg \/ Saar, Stadtpark\"\/><span class=\"before\"><\/span><span class=\"after\"><\/span><\/a><\/div><div class=\"isotope-item block-1 block-h-1\"><a href=\"http:\/\/www.rockpixx.com\/wordpress\/wp-content\/uploads\/2013\/01\/20090815-02-381.jpg\" rel=\"prettyPhoto[postgal_5765]\" class=\"show-hover-link block-h-1\"\"><img decoding=\"async\" src=\"http:\/\/www.rockpixx.com\/wordpress\/wp-content\/uploads\/2013\/01\/20090815-02-381-480x400.jpg\" alt=\"The Pink Floyd Project, 15.08.2009, Homburg \/ Saar, Stadtpark\"\/><span class=\"before\"><\/span><span class=\"after\"><\/span><\/a><\/div><div class=\"isotope-item block-2 block-h-2\"><a href=\"http:\/\/www.rockpixx.com\/wordpress\/wp-content\/uploads\/2013\/01\/20090815-02-444.jpg\" rel=\"prettyPhoto[postgal_5765]\" class=\"show-hover-link block-h-2\"\"><img decoding=\"async\" src=\"http:\/\/www.rockpixx.com\/wordpress\/wp-content\/uploads\/2013\/01\/20090815-02-444-480x400.jpg\" alt=\"The Pink Floyd Project, 15.08.2009, Homburg \/ Saar, Stadtpark\"\/><span class=\"before\"><\/span><span class=\"after\"><\/span><\/a><\/div><div class=\"isotope-item block-1 block-h-1\"><a href=\"http:\/\/www.rockpixx.com\/wordpress\/wp-content\/uploads\/2013\/01\/20090815-02-484.jpg\" rel=\"prettyPhoto[postgal_5765]\" class=\"show-hover-link block-h-1\"\"><img decoding=\"async\" src=\"http:\/\/www.rockpixx.com\/wordpress\/wp-content\/uploads\/2013\/01\/20090815-02-484-480x400.jpg\" alt=\"The Pink Floyd Project, 15.08.2009, Homburg \/ Saar, Stadtpark\"\/><span class=\"before\"><\/span><span class=\"after\"><\/span><\/a><\/div><div class=\"isotope-item block-1 block-h-1\"><a href=\"http:\/\/www.rockpixx.com\/wordpress\/wp-content\/uploads\/2013\/01\/20090815-02-532.jpg\" rel=\"prettyPhoto[postgal_5765]\" class=\"show-hover-link block-h-1\"\"><img decoding=\"async\" src=\"http:\/\/www.rockpixx.com\/wordpress\/wp-content\/uploads\/2013\/01\/20090815-02-532-480x400.jpg\" alt=\"The Pink Floyd Project, 15.08.2009, Homburg \/ Saar, Stadtpark\"\/><span class=\"before\"><\/span><span class=\"after\"><\/span><\/a><\/div><div class=\"isotope-item block-2 block-h-2\"><a href=\"http:\/\/www.rockpixx.com\/wordpress\/wp-content\/uploads\/2013\/01\/20090815-02-542.jpg\" rel=\"prettyPhoto[postgal_5765]\" class=\"show-hover-link block-h-2\"\"><img decoding=\"async\" src=\"http:\/\/www.rockpixx.com\/wordpress\/wp-content\/uploads\/2013\/01\/20090815-02-542-480x400.jpg\" alt=\"The Pink Floyd Project, 15.08.2009, Homburg \/ Saar, Stadtpark\"\/><span class=\"before\"><\/span><span class=\"after\"><\/span><\/a><\/div><div class=\"isotope-item block-1 block-h-1\"><a href=\"http:\/\/www.rockpixx.com\/wordpress\/wp-content\/uploads\/2013\/01\/20090815-02-561.jpg\" rel=\"prettyPhoto[postgal_5765]\" class=\"show-hover-link block-h-1\"\"><img decoding=\"async\" src=\"http:\/\/www.rockpixx.com\/wordpress\/wp-content\/uploads\/2013\/01\/20090815-02-561-480x400.jpg\" alt=\"The Pink Floyd Project, 15.08.2009, Homburg \/ Saar, Stadtpark\"\/><span class=\"before\"><\/span><span class=\"after\"><\/span><\/a><\/div><div class=\"isotope-item block-1 block-h-1\"><a href=\"http:\/\/www.rockpixx.com\/wordpress\/wp-content\/uploads\/2013\/01\/20090815-02-576.jpg\" rel=\"prettyPhoto[postgal_5765]\" class=\"show-hover-link block-h-1\"\"><img decoding=\"async\" src=\"http:\/\/www.rockpixx.com\/wordpress\/wp-content\/uploads\/2013\/01\/20090815-02-576-480x400.jpg\" alt=\"The Pink Floyd Project, 15.08.2009, Homburg \/ Saar, Stadtpark\"\/><span class=\"before\"><\/span><span class=\"after\"><\/span><\/a><\/div><div class=\"isotope-item block-2 block-h-2\"><a href=\"http:\/\/www.rockpixx.com\/wordpress\/wp-content\/uploads\/2013\/01\/20090815-02-613.jpg\" rel=\"prettyPhoto[postgal_5765]\" class=\"show-hover-link block-h-2\"\"><img decoding=\"async\" src=\"http:\/\/www.rockpixx.com\/wordpress\/wp-content\/uploads\/2013\/01\/20090815-02-613-480x400.jpg\" alt=\"The Pink Floyd Project, 15.08.2009, Homburg \/ Saar, Stadtpark\"\/><span class=\"before\"><\/span><span class=\"after\"><\/span><\/a><\/div><\/div><\/div><\/p>\n","protected":false},"excerpt":{"rendered":"<p>\u2192\u00a0The Pink Floyd Project zum Zweiten nach dem Termin in V\u00f6lklingen im Februar 2009.<\/p>\n","protected":false},"author":2,"featured_media":5763,"comment_status":"open","ping_status":"open","sticky":false,"template":"","format":"standard","meta":{"_jetpack_memberships_contains_paid_content":false,"footnotes":"","jetpack_publicize_message":"","jetpack_publicize_feature_enabled":true,"jetpack_social_post_already_shared":true,"jetpack_social_options":{"image_generator_settings":{"template":"highway","default_image_id":0,"font":"","enabled":false},"version":2}},"categories":[34,117,404,5],"tags":[1831,790,1732,335,762],"class_list":["post-5762","post","type-post","status-publish","format-standard","has-post-thumbnail","hentry","category-acts","category-pink-floyd","category-the-pink-floyd-project","category-tributebands","tag-1831","tag-homburg-saar","tag-pink-floyd","tag-stadtpark","tag-the-pink-floyd-project-2"],"aioseo_notices":[],"jetpack_publicize_connections":[],"jetpack_featured_media_url":"http:\/\/www.rockpixx.com\/wordpress\/wp-content\/uploads\/2013\/01\/20090815-02-pink-floyd-project-Artikel.jpg","jetpack-related-posts":[{"id":4414,"url":"http:\/\/www.rockpixx.com\/wordpress\/the-pink-floyd-project-07-02-2009-volklingen-geblasehalle\/","url_meta":{"origin":5762,"position":0},"title":"The Pink Floyd Project, 07.02.2009, V\u00f6lklingen, Gebl\u00e4sehalle","author":"Anja","date":"7. Februar 2009","format":false,"excerpt":"Einige \u2192\u00a0Pink Floyd-Tribute-Bands hatte ich ja schon gesehen, \u201eThe Pink Floyd Project\u201c bislang noch nicht. Und es war wieder einmal eine interessante Erfahrung, wie unterschiedlich das Konzept sein kann: Hier orientierten sich insgesamt 10 Musiker und Musikerinnen im Wesentlichen am Setup der legend\u00e4ren \u201eP.U.L.S.E-Tour\u201c der sp\u00e4ten Floyds um David Gilmour\u2026","rel":"","context":"In &quot;Acts&quot;","block_context":{"text":"Acts","link":"http:\/\/www.rockpixx.com\/wordpress\/category\/acts\/"},"img":{"alt_text":"The Pink Floyd Project, 07.02.2009, V\u00f6lklingen, Gebl\u00e4sehalle","src":"https:\/\/i0.wp.com\/www.rockpixx.com\/wordpress\/wp-content\/uploads\/2013\/01\/20090207-02-pink-floy-project-Artikel.jpg?resize=350%2C200","width":350,"height":200,"srcset":"https:\/\/i0.wp.com\/www.rockpixx.com\/wordpress\/wp-content\/uploads\/2013\/01\/20090207-02-pink-floy-project-Artikel.jpg?resize=350%2C200 1x, https:\/\/i0.wp.com\/www.rockpixx.com\/wordpress\/wp-content\/uploads\/2013\/01\/20090207-02-pink-floy-project-Artikel.jpg?resize=525%2C300 1.5x, https:\/\/i0.wp.com\/www.rockpixx.com\/wordpress\/wp-content\/uploads\/2013\/01\/20090207-02-pink-floy-project-Artikel.jpg?resize=700%2C400 2x"},"classes":[]},{"id":12691,"url":"http:\/\/www.rockpixx.com\/wordpress\/the-australian-pink-floyd-show-08-04-2014-kiel-ostseehalle\/","url_meta":{"origin":5762,"position":1},"title":"The Australian Pink Floyd Show, 08.04.2014, Kiel, Ostseehalle","author":"admin","date":"9. April 2014","format":false,"excerpt":"So, zum zweiten Mal in diesem Jahr etwas zum Thema \u2192 \u201ePink Floyd\u201c: Nach\u00a0\u2192 \u201eEchoes\u201c in Hamburg spielen \u201eThe Australian Pink Floyd Show\u201c ihr neues Tourprogramm \u201eSet the Controls\u201c in der Kieler Ostseehalle. (Ich wei\u00df, die Halle hei\u00dft seit einiger Zeit \u201eSparkassenarena\u201c, aber so hei\u00dfen viele Veranstaltungstempel in ganz Deutschland.\u2026","rel":"","context":"In &quot;Acts&quot;","block_context":{"text":"Acts","link":"http:\/\/www.rockpixx.com\/wordpress\/category\/acts\/"},"img":{"alt_text":"The Australian Pink Floyd Show, 08.04.2014, Kiel, Sparkassenarena","src":"https:\/\/i0.wp.com\/www.rockpixx.com\/wordpress\/wp-content\/uploads\/2014\/04\/20140408-287_tapfs_Artikel.jpg?resize=350%2C200","width":350,"height":200,"srcset":"https:\/\/i0.wp.com\/www.rockpixx.com\/wordpress\/wp-content\/uploads\/2014\/04\/20140408-287_tapfs_Artikel.jpg?resize=350%2C200 1x, https:\/\/i0.wp.com\/www.rockpixx.com\/wordpress\/wp-content\/uploads\/2014\/04\/20140408-287_tapfs_Artikel.jpg?resize=525%2C300 1.5x, https:\/\/i0.wp.com\/www.rockpixx.com\/wordpress\/wp-content\/uploads\/2014\/04\/20140408-287_tapfs_Artikel.jpg?resize=700%2C400 2x"},"classes":[]},{"id":5778,"url":"http:\/\/www.rockpixx.com\/wordpress\/john-lees-barclay-james-harvest-15-08-2009-homburg-saar-stadtpark\/","url_meta":{"origin":5762,"position":2},"title":"John Lees&#8216; Barclay James Harvest, 15.08.2009, Homburg \/ Saar, Stadtpark","author":"Anja","date":"15. August 2009","format":false,"excerpt":"Also in den sp\u00e4ten Siebzigern war das in der gymnasialen Oberstufe so: Wollte man mit den M\u00e4dels, die man gut fand, \u00fcberhaupt irgendwie ins Gespr\u00e4ch kommen, dann musste man Barclay James Harvest kennen - das h\u00f6rten die n\u00e4mlich (fast) alle. Tja und nun - ca. 30 Jahre sp\u00e4ter - stehe\u2026","rel":"","context":"In &quot;Acts&quot;","block_context":{"text":"Acts","link":"http:\/\/www.rockpixx.com\/wordpress\/category\/acts\/"},"img":{"alt_text":"John Lees' Barclay James Harvest, 15.08.2009, Homburg \/ Saar, Stadtpark","src":"https:\/\/i0.wp.com\/www.rockpixx.com\/wordpress\/wp-content\/uploads\/2013\/01\/20090815-03-bjh-Artikel.jpg?resize=350%2C200","width":350,"height":200,"srcset":"https:\/\/i0.wp.com\/www.rockpixx.com\/wordpress\/wp-content\/uploads\/2013\/01\/20090815-03-bjh-Artikel.jpg?resize=350%2C200 1x, https:\/\/i0.wp.com\/www.rockpixx.com\/wordpress\/wp-content\/uploads\/2013\/01\/20090815-03-bjh-Artikel.jpg?resize=525%2C300 1.5x, https:\/\/i0.wp.com\/www.rockpixx.com\/wordpress\/wp-content\/uploads\/2013\/01\/20090815-03-bjh-Artikel.jpg?resize=700%2C400 2x"},"classes":[]},{"id":7569,"url":"http:\/\/www.rockpixx.com\/wordpress\/the-australian-pink-floyd-show-16-02-2011-kempten-bigbox\/","url_meta":{"origin":5762,"position":3},"title":"The Australian Pink Floyd Show, 16.02.2011, Kempten, BigBOX","author":"Anja","date":"16. Februar 2011","format":false,"excerpt":"Man nehme eine bestuhlte Halle, einen fantastischen Sound, ausreichend Nebel (aber nicht zu viel), mindestens 3 Sattelschlepper voller Moving Heads, das ber\u00fchmte \u201e5. Bandmitglied Mr. Screen\u201c, gigantische aufblasbare Puppen und reichere diesen Mix mit viel Lasereinsatz an. Als Garnitur obendrauf gibt's nach der Pause im zweiten Set erstmals bei einer\u2026","rel":"","context":"In &quot;Acts&quot;","block_context":{"text":"Acts","link":"http:\/\/www.rockpixx.com\/wordpress\/category\/acts\/"},"img":{"alt_text":"The Australian Pink Floyd Show, 16.02.2011, Kempten, BigBOX","src":"https:\/\/i0.wp.com\/www.rockpixx.com\/wordpress\/wp-content\/uploads\/2013\/01\/20110216-aussiefloyds-Artikel.jpg?resize=350%2C200","width":350,"height":200,"srcset":"https:\/\/i0.wp.com\/www.rockpixx.com\/wordpress\/wp-content\/uploads\/2013\/01\/20110216-aussiefloyds-Artikel.jpg?resize=350%2C200 1x, https:\/\/i0.wp.com\/www.rockpixx.com\/wordpress\/wp-content\/uploads\/2013\/01\/20110216-aussiefloyds-Artikel.jpg?resize=525%2C300 1.5x, https:\/\/i0.wp.com\/www.rockpixx.com\/wordpress\/wp-content\/uploads\/2013\/01\/20110216-aussiefloyds-Artikel.jpg?resize=700%2C400 2x"},"classes":[]},{"id":7993,"url":"http:\/\/www.rockpixx.com\/wordpress\/speak-to-me-23-06-2011-kiel-maxbuhne\/","url_meta":{"origin":5762,"position":4},"title":"speak to me, 23.06.2011, Kiel, MAXB\u00fchne","author":"Anja","date":"23. Juni 2011","format":false,"excerpt":"So\u2026 also wieder einmal eine Pink Floyd-Tributeband, dieses Mal sechs local heroes von \u201espeak to me\u201c. Zugegeben, nach den Acts von \u2192\u00a0 \u201eThe Australian Pink Floyd Show in Kempten\u201c vom Februar dieses Jahres und vor allem nach \u2192\u00a0 \u201eBrit Floyd\u201c im April in der Londoner Royal Albert Hall bin ich\u2026","rel":"","context":"In &quot;Acts&quot;","block_context":{"text":"Acts","link":"http:\/\/www.rockpixx.com\/wordpress\/category\/acts\/"},"img":{"alt_text":"speak to me, 23.06.2011, Kiel, MAXB\u00fchne","src":"https:\/\/i0.wp.com\/www.rockpixx.com\/wordpress\/wp-content\/uploads\/2013\/02\/20110623-07-speak-to-me-Artikel.jpg?resize=350%2C200","width":350,"height":200,"srcset":"https:\/\/i0.wp.com\/www.rockpixx.com\/wordpress\/wp-content\/uploads\/2013\/02\/20110623-07-speak-to-me-Artikel.jpg?resize=350%2C200 1x, https:\/\/i0.wp.com\/www.rockpixx.com\/wordpress\/wp-content\/uploads\/2013\/02\/20110623-07-speak-to-me-Artikel.jpg?resize=525%2C300 1.5x, https:\/\/i0.wp.com\/www.rockpixx.com\/wordpress\/wp-content\/uploads\/2013\/02\/20110623-07-speak-to-me-Artikel.jpg?resize=700%2C400 2x"},"classes":[]},{"id":8320,"url":"http:\/\/www.rockpixx.com\/wordpress\/brit-floyd-29-10-2011-munchen-kleine-olympiahalle\/","url_meta":{"origin":5762,"position":5},"title":"Brit Floyd, 29.10.2011, M\u00fcnchen, Kleine Olympiahalle","author":"Anja","date":"29. Oktober 2011","format":false,"excerpt":"Kaum aus dem Urlaub zur\u00fcck, gibt's schon wieder einen Leckerbissen: Zum zweiten Mal in diesem Jahr habe ich \u201eBrit Floyd\u201c vor den Kameras, dieses Mal allerdings nicht in \u2192\u00a0London's ehrw\u00fcrdiger Royal Albert Hall, sondern in der (neuen) \u201eKleinen Olympiahalle\u201c in M\u00fcnchen. Und das ist sogar f\u00fcr uns noch eine Premiere:\u2026","rel":"","context":"In &quot;Acts&quot;","block_context":{"text":"Acts","link":"http:\/\/www.rockpixx.com\/wordpress\/category\/acts\/"},"img":{"alt_text":"Brit Floyd, 29.10.2011, M\u00fcnchen, Kleine Olympiahalle","src":"https:\/\/i0.wp.com\/www.rockpixx.com\/wordpress\/wp-content\/uploads\/2013\/02\/20111029-brit-floyd-Artikel.jpg?resize=350%2C200","width":350,"height":200,"srcset":"https:\/\/i0.wp.com\/www.rockpixx.com\/wordpress\/wp-content\/uploads\/2013\/02\/20111029-brit-floyd-Artikel.jpg?resize=350%2C200 1x, https:\/\/i0.wp.com\/www.rockpixx.com\/wordpress\/wp-content\/uploads\/2013\/02\/20111029-brit-floyd-Artikel.jpg?resize=525%2C300 1.5x, https:\/\/i0.wp.com\/www.rockpixx.com\/wordpress\/wp-content\/uploads\/2013\/02\/20111029-brit-floyd-Artikel.jpg?resize=700%2C400 2x"},"classes":[]}],"jetpack_sharing_enabled":true,"publishpress_future_action":{"enabled":false,"date":"2026-05-08 03:59:46","action":"change-status","newStatus":"draft","terms":[],"taxonomy":"category","extraData":[]},"publishpress_future_workflow_manual_trigger":{"enabledWorkflows":[]},"_links":{"self":[{"href":"http:\/\/www.rockpixx.com\/wordpress\/wp-json\/wp\/v2\/posts\/5762","targetHints":{"allow":["GET"]}}],"collection":[{"href":"http:\/\/www.rockpixx.com\/wordpress\/wp-json\/wp\/v2\/posts"}],"about":[{"href":"http:\/\/www.rockpixx.com\/wordpress\/wp-json\/wp\/v2\/types\/post"}],"author":[{"embeddable":true,"href":"http:\/\/www.rockpixx.com\/wordpress\/wp-json\/wp\/v2\/users\/2"}],"replies":[{"embeddable":true,"href":"http:\/\/www.rockpixx.com\/wordpress\/wp-json\/wp\/v2\/comments?post=5762"}],"version-history":[{"count":0,"href":"http:\/\/www.rockpixx.com\/wordpress\/wp-json\/wp\/v2\/posts\/5762\/revisions"}],"wp:featuredmedia":[{"embeddable":true,"href":"http:\/\/www.rockpixx.com\/wordpress\/wp-json\/wp\/v2\/media\/5763"}],"wp:attachment":[{"href":"http:\/\/www.rockpixx.com\/wordpress\/wp-json\/wp\/v2\/media?parent=5762"}],"wp:term":[{"taxonomy":"category","embeddable":true,"href":"http:\/\/www.rockpixx.com\/wordpress\/wp-json\/wp\/v2\/categories?post=5762"},{"taxonomy":"post_tag","embeddable":true,"href":"http:\/\/www.rockpixx.com\/wordpress\/wp-json\/wp\/v2\/tags?post=5762"}],"curies":[{"name":"wp","href":"https:\/\/api.w.org\/{rel}","templated":true}]}}