{"id":5796,"date":"2009-08-21T01:00:19","date_gmt":"2009-08-20T23:00:19","guid":{"rendered":"http:\/\/rockpixx.com\/wordpress\/?p=5796"},"modified":"2013-01-15T02:13:44","modified_gmt":"2013-01-15T00:13:44","slug":"barock-21-08-2009-fulda-schlosshof","status":"publish","type":"post","link":"http:\/\/www.rockpixx.com\/wordpress\/barock-21-08-2009-fulda-schlosshof\/","title":{"rendered":"Barock, 21.08.2009, Fulda, Schlosshof"},"content":{"rendered":"<p>Ein Wochenende mit zwei Top-Tributebands und deren XL-Produktionen Open-Air in Hessen \u2013 doch der Reihe nach:<!--more--><\/p>\n<p>Freitagabend in Fulda, die Hitze der letzten Tage ist den angenehmen Temperaturen eines lauen Sommerabends gewichen und trocken bleibt es auch. Beste Voraussetzungen also, um sich von \u201eBarock\u201c in der XL-Besetzung mit den beiden S\u00e4ngern aus London und Los Angeles die volle Packung \u201eAC\/DC\u201c auf die Ohren geben zulassen\u2026<\/p>\n<p>Und die Ohren bekommen sp\u00e4testens ab dem vierten Song auch reichlich Dezibel ab. Ein kurzer Blick w\u00e4hrend des Soundchecks auf&#8217;s Display des amtlichen Messger\u00e4tes zeigte dem mit \u201eMusicSafe\u201c gesch\u00fctzten Fotografen Spitzenwerte von 115,7 dB(A) an \u2013 Normalpegel war dann so um die 103 dB(A)!<\/p>\n<p>Und warum wurde es erst nach dem vierten Song so richtig gut? Nun ja, die Technik (genauer gesagt, der Sender des Leadgitarristen) hatte noch nicht mitbekommen, dass das Konzert schon angefangen hatte. Aber ab dann gab&#8217;s beim Publikum kein Halten mehr\u2026<\/p>\n<p style=\"text-align: right;\">Fotos: <a href=\"mailto:info@rockpixx.com?subject=Fotos%20von%20Barock,%20Fulda%20%E2%80%9ESchlosshof%E2%80%9C,%2021.08.2009\">Alex<\/a> | Text: <a href=\"mailto:info@rockpixx.com?subject=Reviewtext%20von%20Barock,%20Fulda%20%E2%80%9ESchlosshof%E2%80%9C,%2021.08.2009\">Alex<\/a><\/p>\n<p style=\"text-align: left;\"><div class=\"eat-left eat-right\"><div class=\"thumbs-masonry isotope\"><div class=\"isotope-item block-2 block-h-2\"><a href=\"http:\/\/www.rockpixx.com\/wordpress\/wp-content\/uploads\/2013\/01\/20090821-009.jpg\" rel=\"prettyPhoto[postgal_5798]\" class=\"show-hover-link block-h-2\"\"><img decoding=\"async\" src=\"http:\/\/www.rockpixx.com\/wordpress\/wp-content\/uploads\/2013\/01\/20090821-009-480x400.jpg\" alt=\"Barock, 21.08.2009, Fulda, Schlosshof\"\/><span class=\"before\"><\/span><span class=\"after\"><\/span><\/a><\/div><div class=\"isotope-item block-1 block-h-1\"><a href=\"http:\/\/www.rockpixx.com\/wordpress\/wp-content\/uploads\/2013\/01\/20090821-089.jpg\" rel=\"prettyPhoto[postgal_5798]\" class=\"show-hover-link block-h-1\"\"><img decoding=\"async\" src=\"http:\/\/www.rockpixx.com\/wordpress\/wp-content\/uploads\/2013\/01\/20090821-089-480x400.jpg\" alt=\"Barock, 21.08.2009, Fulda, Schlosshof\"\/><span class=\"before\"><\/span><span class=\"after\"><\/span><\/a><\/div><div class=\"isotope-item block-1 block-h-1\"><a href=\"http:\/\/www.rockpixx.com\/wordpress\/wp-content\/uploads\/2013\/01\/20090821-323.jpg\" rel=\"prettyPhoto[postgal_5798]\" class=\"show-hover-link block-h-1\"\"><img decoding=\"async\" src=\"http:\/\/www.rockpixx.com\/wordpress\/wp-content\/uploads\/2013\/01\/20090821-323-480x400.jpg\" alt=\"Barock, 21.08.2009, Fulda, Schlosshof\"\/><span class=\"before\"><\/span><span class=\"after\"><\/span><\/a><\/div><div class=\"isotope-item block-2 block-h-2\"><a href=\"http:\/\/www.rockpixx.com\/wordpress\/wp-content\/uploads\/2013\/01\/20090821-410.jpg\" rel=\"prettyPhoto[postgal_5798]\" class=\"show-hover-link block-h-2\"\"><img decoding=\"async\" src=\"http:\/\/www.rockpixx.com\/wordpress\/wp-content\/uploads\/2013\/01\/20090821-410-480x400.jpg\" alt=\"Barock, 21.08.2009, Fulda, Schlosshof\"\/><span class=\"before\"><\/span><span class=\"after\"><\/span><\/a><\/div><div class=\"isotope-item block-1 block-h-1\"><a href=\"http:\/\/www.rockpixx.com\/wordpress\/wp-content\/uploads\/2013\/01\/20090821-476.jpg\" rel=\"prettyPhoto[postgal_5798]\" class=\"show-hover-link block-h-1\"\"><img decoding=\"async\" src=\"http:\/\/www.rockpixx.com\/wordpress\/wp-content\/uploads\/2013\/01\/20090821-476-480x400.jpg\" alt=\"Barock, 21.08.2009, Fulda, Schlosshof\"\/><span class=\"before\"><\/span><span class=\"after\"><\/span><\/a><\/div><div class=\"isotope-item block-1 block-h-1\"><a href=\"http:\/\/www.rockpixx.com\/wordpress\/wp-content\/uploads\/2013\/01\/20090821-551.jpg\" rel=\"prettyPhoto[postgal_5798]\" class=\"show-hover-link block-h-1\"\"><img decoding=\"async\" src=\"http:\/\/www.rockpixx.com\/wordpress\/wp-content\/uploads\/2013\/01\/20090821-551-480x400.jpg\" alt=\"Barock, 21.08.2009, Fulda, Schlosshof\"\/><span class=\"before\"><\/span><span class=\"after\"><\/span><\/a><\/div><div class=\"isotope-item block-2 block-h-2\"><a href=\"http:\/\/www.rockpixx.com\/wordpress\/wp-content\/uploads\/2013\/01\/20090821-595.jpg\" rel=\"prettyPhoto[postgal_5798]\" class=\"show-hover-link block-h-2\"\"><img decoding=\"async\" src=\"http:\/\/www.rockpixx.com\/wordpress\/wp-content\/uploads\/2013\/01\/20090821-595-480x400.jpg\" alt=\"Barock, 21.08.2009, Fulda, Schlosshof\"\/><span class=\"before\"><\/span><span class=\"after\"><\/span><\/a><\/div><div class=\"isotope-item block-1 block-h-1\"><a href=\"http:\/\/www.rockpixx.com\/wordpress\/wp-content\/uploads\/2013\/01\/20090821-644.jpg\" rel=\"prettyPhoto[postgal_5798]\" class=\"show-hover-link block-h-1\"\"><img decoding=\"async\" src=\"http:\/\/www.rockpixx.com\/wordpress\/wp-content\/uploads\/2013\/01\/20090821-644-480x400.jpg\" alt=\"Barock, 21.08.2009, Fulda, Schlosshof\"\/><span class=\"before\"><\/span><span class=\"after\"><\/span><\/a><\/div><div class=\"isotope-item block-1 block-h-1\"><a href=\"http:\/\/www.rockpixx.com\/wordpress\/wp-content\/uploads\/2013\/01\/20090821-648.jpg\" rel=\"prettyPhoto[postgal_5798]\" class=\"show-hover-link block-h-1\"\"><img decoding=\"async\" src=\"http:\/\/www.rockpixx.com\/wordpress\/wp-content\/uploads\/2013\/01\/20090821-648-480x400.jpg\" alt=\"Barock, 21.08.2009, Fulda, Schlosshof\"\/><span class=\"before\"><\/span><span class=\"after\"><\/span><\/a><\/div><div class=\"isotope-item block-2 block-h-2\"><a href=\"http:\/\/www.rockpixx.com\/wordpress\/wp-content\/uploads\/2013\/01\/20090821-743.jpg\" rel=\"prettyPhoto[postgal_5798]\" class=\"show-hover-link block-h-2\"\"><img decoding=\"async\" src=\"http:\/\/www.rockpixx.com\/wordpress\/wp-content\/uploads\/2013\/01\/20090821-743-480x400.jpg\" alt=\"Barock, 21.08.2009, Fulda, Schlosshof\"\/><span class=\"before\"><\/span><span class=\"after\"><\/span><\/a><\/div><\/div><\/div><\/p>\n","protected":false},"excerpt":{"rendered":"<p>Ein Wochenende mit zwei Top-Tributebands und deren XL-Produktionen Open-Air in Hessen \u2013 doch der Reihe <a href=\"http:\/\/www.rockpixx.com\/wordpress\/barock-21-08-2009-fulda-schlosshof\/\">Read more<\/a><\/p>\n","protected":false},"author":2,"featured_media":5797,"comment_status":"open","ping_status":"open","sticky":false,"template":"","format":"standard","meta":{"_jetpack_memberships_contains_paid_content":false,"footnotes":"","jetpack_publicize_message":"","jetpack_publicize_feature_enabled":true,"jetpack_social_post_already_shared":true,"jetpack_social_options":{"image_generator_settings":{"template":"highway","default_image_id":0,"font":"","enabled":false},"version":2}},"categories":[8,34,47,5],"tags":[1831,1716,1724,717,793],"class_list":["post-5796","post","type-post","status-publish","format-standard","has-post-thumbnail","hentry","category-acdc","category-acts","category-barock","category-tributebands","tag-1831","tag-acdc","tag-barock","tag-fulda","tag-schlosshof"],"aioseo_notices":[],"jetpack_publicize_connections":[],"jetpack_featured_media_url":"http:\/\/www.rockpixx.com\/wordpress\/wp-content\/uploads\/2013\/01\/20090821-barock-Artikel.jpg","jetpack-related-posts":[{"id":8376,"url":"http:\/\/www.rockpixx.com\/wordpress\/barock-20-01-2012-oberhausen-turbinenhalle\/","url_meta":{"origin":5796,"position":0},"title":"Barock, 20.01.2012, Oberhausen, Turbinenhalle","author":"Anja","date":"20. Januar 2012","format":false,"excerpt":"Das Jahr 2012 f\u00e4ngt wieder mit dem \u00fcblichen Ausflug nach NRW an: Via N\u00fcrnberg fahre ich mit der Band am 20. Januar 2012 zum ersten Mal nach Oberhausen in die \u201eTurbinenhalle\u201c. In der Halle ist\u2019s m\u00f6rderisch kalt aber nach mehreren Staus auf der A3 ist uns das ziemlich egal \u2013\u2026","rel":"","context":"In &quot;AC\/DC&quot;","block_context":{"text":"AC\/DC","link":"http:\/\/www.rockpixx.com\/wordpress\/category\/acts\/tributebands\/acdc\/"},"img":{"alt_text":"Barock, 20.01.2012, Oberhausen, Turbinenhalle","src":"https:\/\/i0.wp.com\/www.rockpixx.com\/wordpress\/wp-content\/uploads\/2013\/02\/20120120-barock-Artikel.jpg?resize=350%2C200","width":350,"height":200,"srcset":"https:\/\/i0.wp.com\/www.rockpixx.com\/wordpress\/wp-content\/uploads\/2013\/02\/20120120-barock-Artikel.jpg?resize=350%2C200 1x, https:\/\/i0.wp.com\/www.rockpixx.com\/wordpress\/wp-content\/uploads\/2013\/02\/20120120-barock-Artikel.jpg?resize=525%2C300 1.5x, https:\/\/i0.wp.com\/www.rockpixx.com\/wordpress\/wp-content\/uploads\/2013\/02\/20120120-barock-Artikel.jpg?resize=700%2C400 2x"},"classes":[]},{"id":6267,"url":"http:\/\/www.rockpixx.com\/wordpress\/barock-30-04-2010-lebach-stadthalle\/","url_meta":{"origin":5796,"position":1},"title":"Barock, 30.04.2010, Lebach, Stadthalle","author":"Anja","date":"30. April 2010","format":false,"excerpt":"Mittlerweile ist die Beziehung zwischen Fotografin, Fotograf und Barock ja schon fast wie die eines alten Ehepaares: Man kennt sich gut, sch\u00e4tzt sich und wei\u00df, was vom jeweils anderen zu erwarten ist. (Ok, verliebt waren wir nie ineinander, aber ein gewisses \u201eKribblen im Bauch\u201c stellt sich bei uns vor einem\u2026","rel":"","context":"In &quot;AC\/DC&quot;","block_context":{"text":"AC\/DC","link":"http:\/\/www.rockpixx.com\/wordpress\/category\/acts\/tributebands\/acdc\/"},"img":{"alt_text":"Barock, 30.04.2010, Lebach, Stadthalle","src":"https:\/\/i0.wp.com\/www.rockpixx.com\/wordpress\/wp-content\/uploads\/2013\/01\/20100430-barock-Artikel.jpg?resize=350%2C200","width":350,"height":200,"srcset":"https:\/\/i0.wp.com\/www.rockpixx.com\/wordpress\/wp-content\/uploads\/2013\/01\/20100430-barock-Artikel.jpg?resize=350%2C200 1x, https:\/\/i0.wp.com\/www.rockpixx.com\/wordpress\/wp-content\/uploads\/2013\/01\/20100430-barock-Artikel.jpg?resize=525%2C300 1.5x, https:\/\/i0.wp.com\/www.rockpixx.com\/wordpress\/wp-content\/uploads\/2013\/01\/20100430-barock-Artikel.jpg?resize=700%2C400 2x"},"classes":[]},{"id":5865,"url":"http:\/\/www.rockpixx.com\/wordpress\/barock-06-11-2009-kempten-bigbox\/","url_meta":{"origin":5796,"position":2},"title":"Barock, 06.11.2009, Kempten, BigBOX","author":"Anja","date":"6. November 2009","format":false,"excerpt":"Also \u2192\u00a0wieder einmal eine XL-Show von \u201eBarock\u201c mit beiden S\u00e4ngern. Es ist schon ein witziges Gef\u00fchl zu genau der Band an genau die ausverkaufte Location zur\u00fcckzukehren, wo ca. zweieinhalb Jahre zuvor die eigentliche Geburtsst\u00e4tte von rockpixx.com lag... Aber bevor es hier nun sentimental wird, kurz die Fakten: Show gut, Sound\u2026","rel":"","context":"In &quot;AC\/DC&quot;","block_context":{"text":"AC\/DC","link":"http:\/\/www.rockpixx.com\/wordpress\/category\/acts\/tributebands\/acdc\/"},"img":{"alt_text":"Barock, 06.11.2009, Kempten, BigBOX","src":"https:\/\/i0.wp.com\/www.rockpixx.com\/wordpress\/wp-content\/uploads\/2013\/01\/20091106-barock-Artikel.jpg?resize=350%2C200","width":350,"height":200,"srcset":"https:\/\/i0.wp.com\/www.rockpixx.com\/wordpress\/wp-content\/uploads\/2013\/01\/20091106-barock-Artikel.jpg?resize=350%2C200 1x, https:\/\/i0.wp.com\/www.rockpixx.com\/wordpress\/wp-content\/uploads\/2013\/01\/20091106-barock-Artikel.jpg?resize=525%2C300 1.5x, https:\/\/i0.wp.com\/www.rockpixx.com\/wordpress\/wp-content\/uploads\/2013\/01\/20091106-barock-Artikel.jpg?resize=700%2C400 2x"},"classes":[]},{"id":8396,"url":"http:\/\/www.rockpixx.com\/wordpress\/barock-21-01-2012-soest-stadthalle\/","url_meta":{"origin":5796,"position":3},"title":"Barock, 21.01.2012, Soest, Stadthalle","author":"Anja","date":"21. Januar 2012","format":false,"excerpt":"Und dann wieder die winterliche Kult-Veranstaltung in der Soester Stadthalle: Barock! Ausverkauft wie immer in den letzten Jahren und ein begeistertes Publikum, welches schon ab dem ersten Song (dieses Mal \u201eThunderstruck\u201c) voll mitgeht. Auch hier gab es wieder ein geteiltes Set: Grant Foster aus London er\u00f6ffnete als Brian Johnson den\u2026","rel":"","context":"In &quot;AC\/DC&quot;","block_context":{"text":"AC\/DC","link":"http:\/\/www.rockpixx.com\/wordpress\/category\/acts\/tributebands\/acdc\/"},"img":{"alt_text":"Barock, 21.01.2012, Soest, Stadthalle","src":"https:\/\/i0.wp.com\/www.rockpixx.com\/wordpress\/wp-content\/uploads\/2013\/02\/20120121-02-barock-Artikel.jpg?resize=350%2C200","width":350,"height":200,"srcset":"https:\/\/i0.wp.com\/www.rockpixx.com\/wordpress\/wp-content\/uploads\/2013\/02\/20120121-02-barock-Artikel.jpg?resize=350%2C200 1x, https:\/\/i0.wp.com\/www.rockpixx.com\/wordpress\/wp-content\/uploads\/2013\/02\/20120121-02-barock-Artikel.jpg?resize=525%2C300 1.5x, https:\/\/i0.wp.com\/www.rockpixx.com\/wordpress\/wp-content\/uploads\/2013\/02\/20120121-02-barock-Artikel.jpg?resize=700%2C400 2x"},"classes":[]},{"id":2783,"url":"http:\/\/www.rockpixx.com\/wordpress\/barock-29-06-2008-munchen-olympiapark\/","url_meta":{"origin":5796,"position":4},"title":"Barock, 29.06.2008, M\u00fcnchen, Olympiapark","author":"Anja","date":"29. Juni 2008","format":false,"excerpt":"Irgendwie war ich schon so oft auf Gigs von \u2192\u00a0Barock, da kann ich gar nichts Neues mehr schreiben\u2026 Also: Es ist \u2192\u00a0\u201eSommertollwood\u201c im \u2192\u00a0Olympiapark in \u2192\u00a0M\u00fcnchen, die \u2192\u00a0\u201eKieler Woche 2008\u201c ist mit 21 Acts an 8 Abenden auch nicht ganz spurlos an mir vorbeigegangen und nach einem kurzen \u00dcbernachtungsstop in\u2026","rel":"","context":"In &quot;AC\/DC&quot;","block_context":{"text":"AC\/DC","link":"http:\/\/www.rockpixx.com\/wordpress\/category\/acts\/tributebands\/acdc\/"},"img":{"alt_text":"Barock, 29.06.2008, M\u00fcnchen, Olympiapark","src":"https:\/\/i0.wp.com\/www.rockpixx.com\/wordpress\/wp-content\/uploads\/2008\/06\/20080629-barock-Artikel.jpg?resize=350%2C200","width":350,"height":200,"srcset":"https:\/\/i0.wp.com\/www.rockpixx.com\/wordpress\/wp-content\/uploads\/2008\/06\/20080629-barock-Artikel.jpg?resize=350%2C200 1x, https:\/\/i0.wp.com\/www.rockpixx.com\/wordpress\/wp-content\/uploads\/2008\/06\/20080629-barock-Artikel.jpg?resize=525%2C300 1.5x, https:\/\/i0.wp.com\/www.rockpixx.com\/wordpress\/wp-content\/uploads\/2008\/06\/20080629-barock-Artikel.jpg?resize=700%2C400 2x"},"classes":[]},{"id":9070,"url":"http:\/\/www.rockpixx.com\/wordpress\/barock-18-01-2013-beverungen-stadthalle\/","url_meta":{"origin":5796,"position":5},"title":"Barock, 18.01.2013, Beverungen, Stadthalle","author":"Anja","date":"18. Januar 2013","format":false,"excerpt":"Dann machen wir das doch jetzt mal im Telegrammstil: Barock, Folge 29\u2026\u00a0 Anreise: gut\u2026 hinter der Halle die erste \u00dcberraschung: da parkt ein 40t Sattelschlepper\u2026 Show: erstmals sehen wir die neuen Kanonen (wenn auch aus Platzgr\u00fcnden nur vier St\u00fcck aufgebaut sind), Barock zelebriert 2013 \u201e40 years of AC\/DC\u201c\u2026 Nebel: fast\u2026","rel":"","context":"In &quot;AC\/DC&quot;","block_context":{"text":"AC\/DC","link":"http:\/\/www.rockpixx.com\/wordpress\/category\/acts\/tributebands\/acdc\/"},"img":{"alt_text":"Barock, 18.01.2013, Beverungen, Stadthalle","src":"https:\/\/i0.wp.com\/www.rockpixx.com\/wordpress\/wp-content\/uploads\/2013\/02\/20130118-03-barock-Artikel.jpg?resize=350%2C200","width":350,"height":200,"srcset":"https:\/\/i0.wp.com\/www.rockpixx.com\/wordpress\/wp-content\/uploads\/2013\/02\/20130118-03-barock-Artikel.jpg?resize=350%2C200 1x, https:\/\/i0.wp.com\/www.rockpixx.com\/wordpress\/wp-content\/uploads\/2013\/02\/20130118-03-barock-Artikel.jpg?resize=525%2C300 1.5x, https:\/\/i0.wp.com\/www.rockpixx.com\/wordpress\/wp-content\/uploads\/2013\/02\/20130118-03-barock-Artikel.jpg?resize=700%2C400 2x"},"classes":[]}],"jetpack_sharing_enabled":true,"publishpress_future_action":{"enabled":false,"date":"2026-05-06 16:27:44","action":"change-status","newStatus":"draft","terms":[],"taxonomy":"category","extraData":[]},"publishpress_future_workflow_manual_trigger":{"enabledWorkflows":[]},"_links":{"self":[{"href":"http:\/\/www.rockpixx.com\/wordpress\/wp-json\/wp\/v2\/posts\/5796","targetHints":{"allow":["GET"]}}],"collection":[{"href":"http:\/\/www.rockpixx.com\/wordpress\/wp-json\/wp\/v2\/posts"}],"about":[{"href":"http:\/\/www.rockpixx.com\/wordpress\/wp-json\/wp\/v2\/types\/post"}],"author":[{"embeddable":true,"href":"http:\/\/www.rockpixx.com\/wordpress\/wp-json\/wp\/v2\/users\/2"}],"replies":[{"embeddable":true,"href":"http:\/\/www.rockpixx.com\/wordpress\/wp-json\/wp\/v2\/comments?post=5796"}],"version-history":[{"count":0,"href":"http:\/\/www.rockpixx.com\/wordpress\/wp-json\/wp\/v2\/posts\/5796\/revisions"}],"wp:featuredmedia":[{"embeddable":true,"href":"http:\/\/www.rockpixx.com\/wordpress\/wp-json\/wp\/v2\/media\/5797"}],"wp:attachment":[{"href":"http:\/\/www.rockpixx.com\/wordpress\/wp-json\/wp\/v2\/media?parent=5796"}],"wp:term":[{"taxonomy":"category","embeddable":true,"href":"http:\/\/www.rockpixx.com\/wordpress\/wp-json\/wp\/v2\/categories?post=5796"},{"taxonomy":"post_tag","embeddable":true,"href":"http:\/\/www.rockpixx.com\/wordpress\/wp-json\/wp\/v2\/tags?post=5796"}],"curies":[{"name":"wp","href":"https:\/\/api.w.org\/{rel}","templated":true}]}}