{"id":6036,"date":"2009-12-17T02:00:30","date_gmt":"2009-12-17T00:00:30","guid":{"rendered":"http:\/\/rockpixx.com\/wordpress\/?p=6036"},"modified":"2013-01-15T23:51:21","modified_gmt":"2013-01-15T21:51:21","slug":"manfred-manns-earth-band-17-12-2009-kempten-bigbox","status":"publish","type":"post","link":"http:\/\/www.rockpixx.com\/wordpress\/manfred-manns-earth-band-17-12-2009-kempten-bigbox\/","title":{"rendered":"Manfred Mann&#8217;s Earth Band, 17.12.2009, Kempten, BigBOX"},"content":{"rendered":"<p>Gro\u00dfe \u00dcberraschung: Nach 18 Jahren hat S\u00e4nger Noel McCalla zwei Monate zuvor die \u201eEarth Band\u201c verlassen und wird nun von Ex-\u201eGo West\u201c Peter Cox ersetzt.<!--more--><\/p>\n<p>Tja\u2026 zwiesp\u00e4ltige Emotionen beim Fotografen und auch im Publikum sind die Folge: Nat\u00fcrlich ist die \u201eEarth Band\u201c live immer noch gut, und nat\u00fcrlich ist Peter Cox stimmlich auch auf der H\u00f6he, aber das Charisma und die beherrschende B\u00fchnenpr\u00e4senz eines Noel McCalla fehlt ihm dann doch etwas.<\/p>\n<p>Ansonsten noch ein paar Bemerkungen zum Auftritt:<\/p>\n<ul>\n<li>Das Licht ist schon etwas besser als bei \u2192\u00a0<a title=\"Andy Scott\u2019s Sweet, 17.12.2009, Kempten, BigBOX\" href=\"http:\/\/rockpixx.com\/wordpress\/?p=6019\">\u201eAndy Scott&#8217;s Sweet\u201c<\/a>, auch Nebel ist pl\u00f6tzlich da.<\/li>\n<li>Manfred Mann versteckt sich nat\u00fcrlich immer noch hinter seiner Synthesizer-Burg, Nick Rogers ist und bleibt kernig.<\/li>\n<li>Mitten in \u201eMighty Quinn\u201c von den Keyboards aus die Introakkorde von \u201eDeep Purple&#8217;s\u201c \u201eSmoke on the Water\u201c ert\u00f6nen zu lassen und diese dann \u00fcbergangslos (und sehr gekonnt) in \u201eJames Brown&#8217;s\u201c \u201eSex Machine\u201c \u00fcbergehen zu lassen, war f\u00fcr mich die musikalische \u00dcberraschung des Abends.<\/li>\n<\/ul>\n<p style=\"text-align: right;\">Fotos: <a href=\"mailto:info@rockpixx.com?subject=Fotos%20von%20Manfred%20Mann%27s%20Earth%20Band,%20Kempten%20%E2%80%9EBigBOX%E2%80%9C,%2017.12.2009\">Alex<\/a> | Text: <a href=\"mailto:info@rockpixx.com?subject=Reviewtext%20von%20Manfred%20Mann%27s%20Earth%20Band,%20Kempten%20%E2%80%9EBigBOX%E2%80%9C,%2017.12.2009\">Alex<\/a><\/p>\n<p style=\"text-align: left;\"><div class=\"eat-left eat-right\"><div class=\"thumbs-masonry isotope\"><div class=\"isotope-item block-2 block-h-2\"><a href=\"http:\/\/www.rockpixx.com\/wordpress\/wp-content\/uploads\/2013\/01\/20091217-2-028.jpg\" rel=\"prettyPhoto[postgal_6039]\" class=\"show-hover-link block-h-2\"\"><img decoding=\"async\" src=\"http:\/\/www.rockpixx.com\/wordpress\/wp-content\/uploads\/2013\/01\/20091217-2-028-480x400.jpg\" alt=\"Manfred Mann&#039;s Earth Band, 17.12.2009, Kempten, BigBOX\"\/><span class=\"before\"><\/span><span class=\"after\"><\/span><\/a><\/div><div class=\"isotope-item block-1 block-h-1\"><a href=\"http:\/\/www.rockpixx.com\/wordpress\/wp-content\/uploads\/2013\/01\/20091217-2-042.jpg\" rel=\"prettyPhoto[postgal_6039]\" class=\"show-hover-link block-h-1\"\"><img decoding=\"async\" src=\"http:\/\/www.rockpixx.com\/wordpress\/wp-content\/uploads\/2013\/01\/20091217-2-042-480x400.jpg\" alt=\"Manfred Mann&#039;s Earth Band, 17.12.2009, Kempten, BigBOX\"\/><span class=\"before\"><\/span><span class=\"after\"><\/span><\/a><\/div><div class=\"isotope-item block-1 block-h-1\"><a href=\"http:\/\/www.rockpixx.com\/wordpress\/wp-content\/uploads\/2013\/01\/20091217-2-047.jpg\" rel=\"prettyPhoto[postgal_6039]\" class=\"show-hover-link block-h-1\"\"><img decoding=\"async\" src=\"http:\/\/www.rockpixx.com\/wordpress\/wp-content\/uploads\/2013\/01\/20091217-2-047-480x400.jpg\" alt=\"Manfred Mann&#039;s Earth Band, 17.12.2009, Kempten, BigBOX\"\/><span class=\"before\"><\/span><span class=\"after\"><\/span><\/a><\/div><div class=\"isotope-item block-2 block-h-2\"><a href=\"http:\/\/www.rockpixx.com\/wordpress\/wp-content\/uploads\/2013\/01\/20091217-2-133.jpg\" rel=\"prettyPhoto[postgal_6039]\" class=\"show-hover-link block-h-2\"\"><img decoding=\"async\" src=\"http:\/\/www.rockpixx.com\/wordpress\/wp-content\/uploads\/2013\/01\/20091217-2-133-480x400.jpg\" alt=\"Manfred Mann&#039;s Earth Band, 17.12.2009, Kempten, BigBOX\"\/><span class=\"before\"><\/span><span class=\"after\"><\/span><\/a><\/div><div class=\"isotope-item block-1 block-h-1\"><a href=\"http:\/\/www.rockpixx.com\/wordpress\/wp-content\/uploads\/2013\/01\/20091217-2-140.jpg\" rel=\"prettyPhoto[postgal_6039]\" class=\"show-hover-link block-h-1\"\"><img decoding=\"async\" src=\"http:\/\/www.rockpixx.com\/wordpress\/wp-content\/uploads\/2013\/01\/20091217-2-140-480x400.jpg\" alt=\"Manfred Mann&#039;s Earth Band, 17.12.2009, Kempten, BigBOX\"\/><span class=\"before\"><\/span><span class=\"after\"><\/span><\/a><\/div><div class=\"isotope-item block-1 block-h-1\"><a href=\"http:\/\/www.rockpixx.com\/wordpress\/wp-content\/uploads\/2013\/01\/20091217-2-187.jpg\" rel=\"prettyPhoto[postgal_6039]\" class=\"show-hover-link block-h-1\"\"><img decoding=\"async\" src=\"http:\/\/www.rockpixx.com\/wordpress\/wp-content\/uploads\/2013\/01\/20091217-2-187-480x400.jpg\" alt=\"Manfred Mann&#039;s Earth Band, 17.12.2009, Kempten, BigBOX\"\/><span class=\"before\"><\/span><span class=\"after\"><\/span><\/a><\/div><div class=\"isotope-item block-2 block-h-2\"><a href=\"http:\/\/www.rockpixx.com\/wordpress\/wp-content\/uploads\/2013\/01\/20091217-2-230.jpg\" rel=\"prettyPhoto[postgal_6039]\" class=\"show-hover-link block-h-2\"\"><img decoding=\"async\" src=\"http:\/\/www.rockpixx.com\/wordpress\/wp-content\/uploads\/2013\/01\/20091217-2-230-480x400.jpg\" alt=\"Manfred Mann&#039;s Earth Band, 17.12.2009, Kempten, BigBOX\"\/><span class=\"before\"><\/span><span class=\"after\"><\/span><\/a><\/div><div class=\"isotope-item block-1 block-h-1\"><a href=\"http:\/\/www.rockpixx.com\/wordpress\/wp-content\/uploads\/2013\/01\/20091217-2-241.jpg\" rel=\"prettyPhoto[postgal_6039]\" class=\"show-hover-link block-h-1\"\"><img decoding=\"async\" src=\"http:\/\/www.rockpixx.com\/wordpress\/wp-content\/uploads\/2013\/01\/20091217-2-241-480x400.jpg\" alt=\"Manfred Mann&#039;s Earth Band, 17.12.2009, Kempten, BigBOX\"\/><span class=\"before\"><\/span><span class=\"after\"><\/span><\/a><\/div><div class=\"isotope-item block-1 block-h-1\"><a href=\"http:\/\/www.rockpixx.com\/wordpress\/wp-content\/uploads\/2013\/01\/20091217-2-260.jpg\" rel=\"prettyPhoto[postgal_6039]\" class=\"show-hover-link block-h-1\"\"><img decoding=\"async\" src=\"http:\/\/www.rockpixx.com\/wordpress\/wp-content\/uploads\/2013\/01\/20091217-2-260-480x400.jpg\" alt=\"Manfred Mann&#039;s Earth Band, 17.12.2009, Kempten, BigBOX\"\/><span class=\"before\"><\/span><span class=\"after\"><\/span><\/a><\/div><div class=\"isotope-item block-2 block-h-2\"><a href=\"http:\/\/www.rockpixx.com\/wordpress\/wp-content\/uploads\/2013\/01\/20091217-2-264.jpg\" rel=\"prettyPhoto[postgal_6039]\" class=\"show-hover-link block-h-2\"\"><img decoding=\"async\" src=\"http:\/\/www.rockpixx.com\/wordpress\/wp-content\/uploads\/2013\/01\/20091217-2-264-480x400.jpg\" alt=\"Manfred Mann&#039;s Earth Band, 17.12.2009, Kempten, BigBOX\"\/><span class=\"before\"><\/span><span class=\"after\"><\/span><\/a><\/div><\/div><\/div><\/p>\n","protected":false},"excerpt":{"rendered":"<p>Gro\u00dfe \u00dcberraschung: Nach 18 Jahren hat S\u00e4nger Noel McCalla zwei Monate zuvor die \u201eEarth Band\u201c <a href=\"http:\/\/www.rockpixx.com\/wordpress\/manfred-manns-earth-band-17-12-2009-kempten-bigbox\/\">Read more<\/a><\/p>\n","protected":false},"author":2,"featured_media":6038,"comment_status":"open","ping_status":"open","sticky":false,"template":"","format":"standard","meta":{"_jetpack_memberships_contains_paid_content":false,"footnotes":"","jetpack_publicize_message":"","jetpack_publicize_feature_enabled":true,"jetpack_social_post_already_shared":true,"jetpack_social_options":{"image_generator_settings":{"template":"highway","default_image_id":0,"font":"","enabled":false},"version":2}},"categories":[34,82],"tags":[1831,344,343,94],"class_list":["post-6036","post","type-post","status-publish","format-standard","has-post-thumbnail","hentry","category-acts","category-earth-band","tag-1831","tag-bigbox","tag-kempten","tag-manfred-manns-earth-band"],"aioseo_notices":[],"jetpack_publicize_connections":[],"jetpack_featured_media_url":"http:\/\/www.rockpixx.com\/wordpress\/wp-content\/uploads\/2013\/01\/20091217-2-manfred-manns-earthband-Artikel.jpg","jetpack-related-posts":[{"id":2862,"url":"http:\/\/www.rockpixx.com\/wordpress\/manfred-manns-earth-band-22-11-2008-heidenheim-karl-rau-halle\/","url_meta":{"origin":6036,"position":0},"title":"Manfred Mann\u2019s Earth Band, 22.11.2008, Heidenheim, Karl Rau-Halle","author":"Anja","date":"22. November 2008","format":false,"excerpt":"Eine richtig sch\u00f6ne gro\u00dfe B\u00fchne war da aufgebaut in der Heidenheimer Karl Rau-Halle und auch sch\u00f6n viel Licht \u2013 zu sehen im Vorprogramm bei \u2192\u00a0\u201eSiggi Schwarz & the Guitarlegends\u201c. Und dann kam unmittelbar vor dem Auftritt leider die Ansage, dass S\u00e4nger Noel McCalla gewaltige Stimmprobleme habe und schon das Konzert\u2026","rel":"","context":"In &quot;Acts&quot;","block_context":{"text":"Acts","link":"http:\/\/www.rockpixx.com\/wordpress\/category\/acts\/"},"img":{"alt_text":"Manfred Mann\u2019s Earth Band, 22.11.2008, Heidenheim, Karl Rau-Halle","src":"https:\/\/i0.wp.com\/www.rockpixx.com\/wordpress\/wp-content\/uploads\/2008\/11\/20081122-02-manfred-manns-earthband-Artikel.jpg?resize=350%2C200","width":350,"height":200,"srcset":"https:\/\/i0.wp.com\/www.rockpixx.com\/wordpress\/wp-content\/uploads\/2008\/11\/20081122-02-manfred-manns-earthband-Artikel.jpg?resize=350%2C200 1x, https:\/\/i0.wp.com\/www.rockpixx.com\/wordpress\/wp-content\/uploads\/2008\/11\/20081122-02-manfred-manns-earthband-Artikel.jpg?resize=525%2C300 1.5x, https:\/\/i0.wp.com\/www.rockpixx.com\/wordpress\/wp-content\/uploads\/2008\/11\/20081122-02-manfred-manns-earthband-Artikel.jpg?resize=700%2C400 2x"},"classes":[]},{"id":6019,"url":"http:\/\/www.rockpixx.com\/wordpress\/andy-scotts-sweet-17-12-2009-kempten-bigbox\/","url_meta":{"origin":6036,"position":1},"title":"Andy Scott&#8217;s Sweet, 17.12.2009, Kempten, BigBOX","author":"Anja","date":"17. Dezember 2009","format":false,"excerpt":"Viereinhalb Jahre ist es her, dass ich \u2192 \u00a0\u201eAndy Scott's Sweet\u201c zuletzt gesehen hatte \u2013 damals (im Hochsommer) Andy Scott ohne Glamrock-Per\u00fccke. Er tourt also noch immer durch die Lande und l\u00e4sst die zahlreichen Hits von \u201eThe Sweet\u201c aus den Siebzigern weiterleben. Dieses Mal in einem Package mit \u2192\u00a0\u201eManfred Mann's\u2026","rel":"","context":"In &quot;Acts&quot;","block_context":{"text":"Acts","link":"http:\/\/www.rockpixx.com\/wordpress\/category\/acts\/"},"img":{"alt_text":"The Sweet","src":"https:\/\/i0.wp.com\/www.rockpixx.com\/wordpress\/wp-content\/uploads\/2013\/01\/20091217-1-the-sweet-Artikel.jpg?resize=350%2C200","width":350,"height":200,"srcset":"https:\/\/i0.wp.com\/www.rockpixx.com\/wordpress\/wp-content\/uploads\/2013\/01\/20091217-1-the-sweet-Artikel.jpg?resize=350%2C200 1x, https:\/\/i0.wp.com\/www.rockpixx.com\/wordpress\/wp-content\/uploads\/2013\/01\/20091217-1-the-sweet-Artikel.jpg?resize=525%2C300 1.5x, https:\/\/i0.wp.com\/www.rockpixx.com\/wordpress\/wp-content\/uploads\/2013\/01\/20091217-1-the-sweet-Artikel.jpg?resize=700%2C400 2x"},"classes":[]},{"id":579,"url":"http:\/\/www.rockpixx.com\/wordpress\/manfred-manns-earth-band-29-07-2007-mindelheim-stadtpark\/","url_meta":{"origin":6036,"position":2},"title":"Manfred Mann\u2019s Earth Band, 29.07.2007, Mindelheim, Stadtpark","author":"Anja","date":"29. Juli 2007","format":false,"excerpt":"Manfred Mann zum Dritten (f\u00fcr mich pers\u00f6nlich) \u2013 dieses Mal Open Air. Und damit begann das Drama: Mit den letzten Nachwehen einer Erk\u00e4ltung fuhr ich mit meiner Akkreditierung dorthin. Endlich im Graben angekommen, hatte ich gef\u00fchlte 3.000 aufgespannte Regenschirme im Publikum hinter mir. Einen davon h\u00e4tte ich mir auch f\u00fcr\u2026","rel":"","context":"In &quot;Acts&quot;","block_context":{"text":"Acts","link":"http:\/\/www.rockpixx.com\/wordpress\/category\/acts\/"},"img":{"alt_text":"Manfred Mann\u2019s Earth Band, 29.07.2007, Mindelheim, Stadtpark","src":"https:\/\/i0.wp.com\/www.rockpixx.com\/wordpress\/wp-content\/uploads\/2007\/07\/20070729-manfred-manns-earth-band-Artikel.jpg?resize=350%2C200","width":350,"height":200,"srcset":"https:\/\/i0.wp.com\/www.rockpixx.com\/wordpress\/wp-content\/uploads\/2007\/07\/20070729-manfred-manns-earth-band-Artikel.jpg?resize=350%2C200 1x, https:\/\/i0.wp.com\/www.rockpixx.com\/wordpress\/wp-content\/uploads\/2007\/07\/20070729-manfred-manns-earth-band-Artikel.jpg?resize=525%2C300 1.5x, https:\/\/i0.wp.com\/www.rockpixx.com\/wordpress\/wp-content\/uploads\/2007\/07\/20070729-manfred-manns-earth-band-Artikel.jpg?resize=700%2C400 2x"},"classes":[]},{"id":8327,"url":"http:\/\/www.rockpixx.com\/wordpress\/skip-rock-12-11-2011-kempten-bigbox\/","url_meta":{"origin":6036,"position":3},"title":"Skip Rock, 12.11.2011, Kempten, BigBOX","author":"Anja","date":"12. November 2011","format":false,"excerpt":"Einen Tag nach den Acts von \u2192\u00a0Marillion\u00a0und \u2192\u00a0Saga\u00a0in M\u00fcnchen mache ich noch einen kurzen Umweg \u00fcber den dortigen Airport und hole Grant Foster von \u2192\u00a0Barock\u00a0und seine Frau ab, die p\u00fcnktlich aus London einschweben. Drei Stunden sp\u00e4ter stehe ich dann also in Kempten in der \u201eBigBOX\u201c und fotografiere aber erst einmal\u2026","rel":"","context":"In &quot;Acts&quot;","block_context":{"text":"Acts","link":"http:\/\/www.rockpixx.com\/wordpress\/category\/acts\/"},"img":{"alt_text":"Skip Rock, 12.11.2011, Kempten, BigBOX","src":"https:\/\/i0.wp.com\/www.rockpixx.com\/wordpress\/wp-content\/uploads\/2013\/02\/20111112-1-skip-rock-Artikel.jpg?resize=350%2C200","width":350,"height":200,"srcset":"https:\/\/i0.wp.com\/www.rockpixx.com\/wordpress\/wp-content\/uploads\/2013\/02\/20111112-1-skip-rock-Artikel.jpg?resize=350%2C200 1x, https:\/\/i0.wp.com\/www.rockpixx.com\/wordpress\/wp-content\/uploads\/2013\/02\/20111112-1-skip-rock-Artikel.jpg?resize=525%2C300 1.5x, https:\/\/i0.wp.com\/www.rockpixx.com\/wordpress\/wp-content\/uploads\/2013\/02\/20111112-1-skip-rock-Artikel.jpg?resize=700%2C400 2x"},"classes":[]},{"id":8316,"url":"http:\/\/www.rockpixx.com\/wordpress\/chris-de-burgh-15-09-2011-kempten-bigbox\/","url_meta":{"origin":6036,"position":4},"title":"Chris de Burgh, 15.09.2011, Kempten, BigBOX","author":"Anja","date":"15. September 2011","format":false,"excerpt":"Chris de Burgh macht sich mit seiner Band zum zweiten Teil seiner \u201eMoonfleet-Tour 2011\u201c durch Europa auf. Stand er am Abend zuvor noch in Warschau auf der B\u00fchne, so kann er heute Abend auf eine gut gef\u00fcllte und bestuhlte BigBOX in Kempten blicken. Die Fotografen werden vorher zwei Mal wie\u2026","rel":"","context":"In &quot;Acts&quot;","block_context":{"text":"Acts","link":"http:\/\/www.rockpixx.com\/wordpress\/category\/acts\/"},"img":{"alt_text":"Chris de Burgh, 15.09.2011, Kempten, BigBOX","src":"https:\/\/i0.wp.com\/www.rockpixx.com\/wordpress\/wp-content\/uploads\/2013\/02\/20110915-chris-de-burgh-Artikel.jpg?resize=350%2C200","width":350,"height":200,"srcset":"https:\/\/i0.wp.com\/www.rockpixx.com\/wordpress\/wp-content\/uploads\/2013\/02\/20110915-chris-de-burgh-Artikel.jpg?resize=350%2C200 1x, https:\/\/i0.wp.com\/www.rockpixx.com\/wordpress\/wp-content\/uploads\/2013\/02\/20110915-chris-de-burgh-Artikel.jpg?resize=525%2C300 1.5x, https:\/\/i0.wp.com\/www.rockpixx.com\/wordpress\/wp-content\/uploads\/2013\/02\/20110915-chris-de-burgh-Artikel.jpg?resize=700%2C400 2x"},"classes":[]},{"id":22841,"url":"http:\/\/www.rockpixx.com\/wordpress\/wsy-19-01-2024-kempten-bigbox\/","url_meta":{"origin":6036,"position":5},"title":"We Salute You, 19.01.2024, Kempten, bigBOX Allg\u00e4u","author":"A. Hahl","date":"22. Januar 2024","format":false,"excerpt":"Mit dem Ausscheiden von Baba Hail zum Ende Mai 2024 hat die Band einen neuen Bassisten \u2013 Dieter Fleischer \u2013 gefunden, der am 19.01.2024 erstmals dem Publikum zum Jahresauftakt-Konzert in der bigBOX in Kempten vorgestellt werden sollte. Zus\u00e4tzlich hatte die Band in den vergangenen Wochen und Monaten viel Zeit und\u2026","rel":"","context":"In &quot;AC\/DC&quot;","block_context":{"text":"AC\/DC","link":"http:\/\/www.rockpixx.com\/wordpress\/category\/acts\/tributebands\/acdc\/"},"img":{"alt_text":"We Salute You, 19.01.2024, Kempten, bigBOX","src":"https:\/\/i0.wp.com\/www.rockpixx.com\/wordpress\/wp-content\/uploads\/2024\/01\/20240119-rp-071-Verbessert-RR.jpg?resize=350%2C200","width":350,"height":200,"srcset":"https:\/\/i0.wp.com\/www.rockpixx.com\/wordpress\/wp-content\/uploads\/2024\/01\/20240119-rp-071-Verbessert-RR.jpg?resize=350%2C200 1x, https:\/\/i0.wp.com\/www.rockpixx.com\/wordpress\/wp-content\/uploads\/2024\/01\/20240119-rp-071-Verbessert-RR.jpg?resize=525%2C300 1.5x, https:\/\/i0.wp.com\/www.rockpixx.com\/wordpress\/wp-content\/uploads\/2024\/01\/20240119-rp-071-Verbessert-RR.jpg?resize=700%2C400 2x, https:\/\/i0.wp.com\/www.rockpixx.com\/wordpress\/wp-content\/uploads\/2024\/01\/20240119-rp-071-Verbessert-RR.jpg?resize=1050%2C600 3x"},"classes":[]}],"jetpack_sharing_enabled":true,"publishpress_future_action":{"enabled":false,"date":"2026-05-08 00:10:04","action":"change-status","newStatus":"draft","terms":[],"taxonomy":"category","extraData":[]},"publishpress_future_workflow_manual_trigger":{"enabledWorkflows":[]},"_links":{"self":[{"href":"http:\/\/www.rockpixx.com\/wordpress\/wp-json\/wp\/v2\/posts\/6036","targetHints":{"allow":["GET"]}}],"collection":[{"href":"http:\/\/www.rockpixx.com\/wordpress\/wp-json\/wp\/v2\/posts"}],"about":[{"href":"http:\/\/www.rockpixx.com\/wordpress\/wp-json\/wp\/v2\/types\/post"}],"author":[{"embeddable":true,"href":"http:\/\/www.rockpixx.com\/wordpress\/wp-json\/wp\/v2\/users\/2"}],"replies":[{"embeddable":true,"href":"http:\/\/www.rockpixx.com\/wordpress\/wp-json\/wp\/v2\/comments?post=6036"}],"version-history":[{"count":0,"href":"http:\/\/www.rockpixx.com\/wordpress\/wp-json\/wp\/v2\/posts\/6036\/revisions"}],"wp:featuredmedia":[{"embeddable":true,"href":"http:\/\/www.rockpixx.com\/wordpress\/wp-json\/wp\/v2\/media\/6038"}],"wp:attachment":[{"href":"http:\/\/www.rockpixx.com\/wordpress\/wp-json\/wp\/v2\/media?parent=6036"}],"wp:term":[{"taxonomy":"category","embeddable":true,"href":"http:\/\/www.rockpixx.com\/wordpress\/wp-json\/wp\/v2\/categories?post=6036"},{"taxonomy":"post_tag","embeddable":true,"href":"http:\/\/www.rockpixx.com\/wordpress\/wp-json\/wp\/v2\/tags?post=6036"}],"curies":[{"name":"wp","href":"https:\/\/api.w.org\/{rel}","templated":true}]}}