{"id":61,"date":"2009-06-29T10:35:21","date_gmt":"2009-06-29T08:35:21","guid":{"rendered":"http:\/\/blog.rockpixx.com\/?p=61"},"modified":"2013-02-22T13:45:57","modified_gmt":"2013-02-22T12:45:57","slug":"ein-ungeplanter-gig-und-unsere-kompaktkamera","status":"publish","type":"post","link":"http:\/\/www.rockpixx.com\/wordpress\/ein-ungeplanter-gig-und-unsere-kompaktkamera\/","title":{"rendered":"Ein ungeplanter Gig und unsere Kompaktkamera"},"content":{"rendered":"<p>Moin,<\/p>\n<p>eigentlich sollte der letzte Tag der diesj\u00e4hrigen \u201eKieler Woche\u201c f\u00fcr uns ja ein \u201eUrlaubstag\u201c werden \u2013 keine Gigs fotografieren, kein Equipment kiloweise durch die Innenstadt schleppen und kein Gehetze von B\u00fchne zu B\u00fchne.<!--more--><\/p>\n<p>Also Zivilkleidung angezogen und nur f\u00fcr ein paar m\u00f6glicherweise zu t\u00e4tigende Schnappsch\u00fcsse die Kompakte am G\u00fcrtel in ihrer Tasche befestigt. Wie gut, dass sie dabei war! Wie unter \u2192 <a title=\"Pop Shop Boys, 28.06.2009, Kiel, Holsten-Park-B\u00fchne\" href=\"http:\/\/rockpixx.com\/wordpress\/?p=5683\">Pop Shop Boys<\/a> zu sehen, hat mir die PowerShot dann dank RAW doch noch die M\u00f6glichkeit verschafft, ein paar Bilder von der B\u00fchne und den Musikern zu schie\u00dfen. Bei den Motiven konnte ich einfach nicht widerstehen!<\/p>\n<p>Zugegeben, die Bilder erf\u00fcllen keine hochwertigen Kriterien und es ist auch nicht wirklich eine Freude, mit einer Kompakten und ihrer \u2013 im Vergleich zur DSLR doch erheblichen &#8211; Ausl\u00f6severz\u00f6gerung Konzertbilder zu schie\u00dfen. \u00dcber das (zwar gro\u00dfe und gute) Display zu fotografieren ist f\u00fcr mich reichlich ungewohnt und mit dem Zeigefinger via Hebelchen zoomen zu m\u00fcssen, das hat auch etwas Ungewohntes. Normalerweise liegt der Daumen bei mir auf der Belichtungskorrektur \u2013 das musste jetzt die linke Hand am Drehrad erledigen.<\/p>\n<p>Fazit: Konzerte gehen im Notfall mit unserer G10, wenn das Licht ausreicht und man gewaltige Einschr\u00e4nkungen hinsichtlich Brennweite, Lichtst\u00e4rke, Handling und Geschwindigkeit hinnehmen will. Einziger Vorteil: Ich hatte nicht so viel zu schleppen wie sonst.<\/p>\n","protected":false},"excerpt":{"rendered":"<p>Moin, eigentlich sollte der letzte Tag der diesj\u00e4hrigen \u201eKieler Woche\u201c f\u00fcr uns ja ein \u201eUrlaubstag\u201c <a href=\"http:\/\/www.rockpixx.com\/wordpress\/ein-ungeplanter-gig-und-unsere-kompaktkamera\/\">Read more<\/a><\/p>\n","protected":false},"author":1,"featured_media":5688,"comment_status":"open","ping_status":"open","sticky":false,"template":"","format":"standard","meta":{"_jetpack_memberships_contains_paid_content":false,"footnotes":"","jetpack_publicize_message":"","jetpack_publicize_feature_enabled":true,"jetpack_social_post_already_shared":true,"jetpack_social_options":{"image_generator_settings":{"template":"highway","default_image_id":0,"font":"","enabled":false},"version":2}},"categories":[445,19],"tags":[1831,125,868],"class_list":["post-61","post","type-post","status-publish","format-standard","has-post-thumbnail","hentry","category-445","category-backstage","tag-1831","tag-equipment","tag-kieler-woche-tagebuch"],"aioseo_notices":[],"jetpack_publicize_connections":[],"jetpack_featured_media_url":"http:\/\/www.rockpixx.com\/wordpress\/wp-content\/uploads\/2013\/01\/20090628-pop-shop-boys-Artikel.jpg","jetpack-related-posts":[{"id":1004,"url":"http:\/\/www.rockpixx.com\/wordpress\/kieler-woche-2009-viele-gigs-und-halbzeit\/","url_meta":{"origin":61,"position":0},"title":"Kieler Woche 2009 \u2013 viele Gigs und Halbzeit","author":"admin","date":"24. Juni 2009","format":false,"excerpt":"Boah schon Kieler Woche Halbzeit\u2026 Mensch wie die Zeit vergeht. Das mit dem Blog (Tagebuch) sollte man doch nicht wortw\u00f6rtlich nehmen. Wie ihr bei den Bildern schon gesehen habt, ist in den letzten Tagen einiges an Konzerten zusammengekommen und uns hat dadurch die Zeit gefehlt, hier im Blog etwas zu\u2026","rel":"","context":"In &quot;2009&quot;","block_context":{"text":"2009","link":"http:\/\/www.rockpixx.com\/wordpress\/category\/backstage\/2009\/"},"img":{"alt_text":"","src":"","width":0,"height":0},"classes":[]},{"id":21820,"url":"http:\/\/www.rockpixx.com\/wordpress\/abba-fever-kiel\/","url_meta":{"origin":61,"position":1},"title":"ABBA Fever, 15.06.2018, Unser Norden-B\u00fchne, Kiel","author":"A. Hahl","date":"16. Juni 2018","format":false,"excerpt":"Was kaum ein Fan zu hoffen gewagt hatte \u2013 nach mehr als 35 Jahren stehen ABBA doch tats\u00e4chlich wieder zusammen im Studio und nehmen ein paar neue Songs auf. Zum Jahresende 2018 wird die Welt wissen, wie die vier Schweden, die Popgeschichte geschrieben haben, nun klingen. F\u00fcr mich eine gute\u2026","rel":"","context":"In &quot;ABBA&quot;","block_context":{"text":"ABBA","link":"http:\/\/www.rockpixx.com\/wordpress\/category\/acts\/tributebands\/abba\/"},"img":{"alt_text":"ABBA Fever, 15.06.2018, Unser Norden B\u00fchne, Kiel","src":"https:\/\/i0.wp.com\/www.rockpixx.com\/wordpress\/wp-content\/uploads\/2018\/06\/20180615-01-009.jpg?resize=350%2C200","width":350,"height":200,"srcset":"https:\/\/i0.wp.com\/www.rockpixx.com\/wordpress\/wp-content\/uploads\/2018\/06\/20180615-01-009.jpg?resize=350%2C200 1x, https:\/\/i0.wp.com\/www.rockpixx.com\/wordpress\/wp-content\/uploads\/2018\/06\/20180615-01-009.jpg?resize=525%2C300 1.5x, https:\/\/i0.wp.com\/www.rockpixx.com\/wordpress\/wp-content\/uploads\/2018\/06\/20180615-01-009.jpg?resize=700%2C400 2x"},"classes":[]},{"id":5467,"url":"http:\/\/www.rockpixx.com\/wordpress\/coverline-25-06-2009-kiel-maxbuhne\/","url_meta":{"origin":61,"position":2},"title":"CoverLine, 25.06.2009, Kiel, MAXB\u00fchne","author":"Anja","date":"25. Juni 2009","format":false,"excerpt":"\u2192\u00a0\u201eCoverLine\u201c zum Dritten \u2013 f\u00fcr diese Kieler Woche. Irgendwie und irgendwo treffe ich diese Truppe immer wieder und jedes Mal komme ich nicht umhin, Bilder von Ihnen zu machen. Na ja, sie sind ja auch auf der B\u00fchne ein Erlebnis. Dieses Mal hatten sie \u00fcbrigens eine Ersatzs\u00e4ngerin dabei, die aber\u2026","rel":"","context":"In &quot;Acts&quot;","block_context":{"text":"Acts","link":"http:\/\/www.rockpixx.com\/wordpress\/category\/acts\/"},"img":{"alt_text":"CoverLine, 25.06.2009, Kiel, MAXB\u00fchne","src":"https:\/\/i0.wp.com\/www.rockpixx.com\/wordpress\/wp-content\/uploads\/2013\/01\/20090625-03-coverline-Artikel.jpg?resize=350%2C200","width":350,"height":200,"srcset":"https:\/\/i0.wp.com\/www.rockpixx.com\/wordpress\/wp-content\/uploads\/2013\/01\/20090625-03-coverline-Artikel.jpg?resize=350%2C200 1x, https:\/\/i0.wp.com\/www.rockpixx.com\/wordpress\/wp-content\/uploads\/2013\/01\/20090625-03-coverline-Artikel.jpg?resize=525%2C300 1.5x, https:\/\/i0.wp.com\/www.rockpixx.com\/wordpress\/wp-content\/uploads\/2013\/01\/20090625-03-coverline-Artikel.jpg?resize=700%2C400 2x"},"classes":[]},{"id":18642,"url":"http:\/\/www.rockpixx.com\/wordpress\/merqury-24-06-2015-kieler-woche-hoern-buehne-kiel\/","url_meta":{"origin":61,"position":3},"title":"MerQury, 24.06.2015, Kieler Woche, H\u00f6rn-B\u00fchne, Kiel","author":"Anja","date":"25. Juni 2015","format":false,"excerpt":"Kieler Woche und \u201eMerQury\u201c die Zweite \u2013 nach dem Auftritt am \u2192 Montag auf der NetUSE-B\u00fchne erleben wir heute die Musiker auf der H\u00f6rn-B\u00fchne vor einem gro\u00dfen und begeisterten Publikum. W\u00e4hrend wir Backstage warteten, weil Anastacia noch auf der B\u00fchne war, versprach ich Johnny, Falk, Volker und Norbert diesmal das\u2026","rel":"","context":"In &quot;Acts&quot;","block_context":{"text":"Acts","link":"http:\/\/www.rockpixx.com\/wordpress\/category\/acts\/"},"img":{"alt_text":"MerQury, H\u00f6rn-B\u00fchne, Kiel, 24.06.2015","src":"https:\/\/i0.wp.com\/www.rockpixx.com\/wordpress\/wp-content\/uploads\/2015\/06\/20150624-02-415_merqury_Artikel.jpg?resize=350%2C200","width":350,"height":200,"srcset":"https:\/\/i0.wp.com\/www.rockpixx.com\/wordpress\/wp-content\/uploads\/2015\/06\/20150624-02-415_merqury_Artikel.jpg?resize=350%2C200 1x, https:\/\/i0.wp.com\/www.rockpixx.com\/wordpress\/wp-content\/uploads\/2015\/06\/20150624-02-415_merqury_Artikel.jpg?resize=525%2C300 1.5x, https:\/\/i0.wp.com\/www.rockpixx.com\/wordpress\/wp-content\/uploads\/2015\/06\/20150624-02-415_merqury_Artikel.jpg?resize=700%2C400 2x"},"classes":[]},{"id":4842,"url":"http:\/\/www.rockpixx.com\/wordpress\/coverline-19-06-2009-kiel-holsten-park-buhne\/","url_meta":{"origin":61,"position":4},"title":"CoverLine, 19.06.2009, Kiel, Holsten-Park-B\u00fchne","author":"Anja","date":"19. Juni 2009","format":false,"excerpt":"Das diesj\u00e4hrige Kieler Woche-Programm ist so dichtgedr\u00e4ngt und auf so vielen B\u00fchnen pr\u00e4sent, wie es 2008 noch nicht der Fall gewesen ist. Von daher konnten die beiden Fotografen von rockpixx.com die B\u00fchne im Holstenpark auch nur im \u201eVorbeihetzen\u201c auf dem Weg zu anderen Acts kurz streifen. Zum Gl\u00fcck spielte \u2192\u00a0\u201eCoverLine\u201c\u2026","rel":"","context":"In &quot;Acts&quot;","block_context":{"text":"Acts","link":"http:\/\/www.rockpixx.com\/wordpress\/category\/acts\/"},"img":{"alt_text":"CoverLine, 19.06.2009, Kiel, Holsten-Park-B\u00fchne","src":"https:\/\/i0.wp.com\/www.rockpixx.com\/wordpress\/wp-content\/uploads\/2013\/01\/20090619-07-coverline-Artikel.jpg?resize=350%2C200","width":350,"height":200,"srcset":"https:\/\/i0.wp.com\/www.rockpixx.com\/wordpress\/wp-content\/uploads\/2013\/01\/20090619-07-coverline-Artikel.jpg?resize=350%2C200 1x, https:\/\/i0.wp.com\/www.rockpixx.com\/wordpress\/wp-content\/uploads\/2013\/01\/20090619-07-coverline-Artikel.jpg?resize=525%2C300 1.5x, https:\/\/i0.wp.com\/www.rockpixx.com\/wordpress\/wp-content\/uploads\/2013\/01\/20090619-07-coverline-Artikel.jpg?resize=700%2C400 2x"},"classes":[]},{"id":11260,"url":"http:\/\/www.rockpixx.com\/wordpress\/kieler-woche-tagebuch-2013-tag-8\/","url_meta":{"origin":61,"position":5},"title":"Kieler Woche Tagebuch 2013 | Tag 8","author":"admin","date":"29. Juni 2013","format":false,"excerpt":"Freitag, 28.06.2013 Nach einem Tag Pause stehen wir wieder im Regen \u2013 was auch sonst? Hey, es ist schlie\u00dflich Kieler Woche und das ist bekannterma\u00dfen die einzige Jahreszeit in Schleswig-Holstein, in der der Regen immerhin etwas w\u00e4rmer ist. Das Abendprogramm in K\u00fcrze: MAXB\u00fchne mit \u2192 \u201eReamade\u201c und sp\u00e4ter \u2192 \u201eCoverLine\u201c,\u2026","rel":"","context":"In &quot;2013&quot;","block_context":{"text":"2013","link":"http:\/\/www.rockpixx.com\/wordpress\/category\/backstage\/2013\/"},"img":{"alt_text":"Kieler Woche 2013 | Impressionen","src":"https:\/\/i0.wp.com\/www.rockpixx.com\/wordpress\/wp-content\/uploads\/2013\/06\/20130628-05-016_KiWo-2013.jpg?resize=350%2C200","width":350,"height":200,"srcset":"https:\/\/i0.wp.com\/www.rockpixx.com\/wordpress\/wp-content\/uploads\/2013\/06\/20130628-05-016_KiWo-2013.jpg?resize=350%2C200 1x, https:\/\/i0.wp.com\/www.rockpixx.com\/wordpress\/wp-content\/uploads\/2013\/06\/20130628-05-016_KiWo-2013.jpg?resize=525%2C300 1.5x, https:\/\/i0.wp.com\/www.rockpixx.com\/wordpress\/wp-content\/uploads\/2013\/06\/20130628-05-016_KiWo-2013.jpg?resize=700%2C400 2x"},"classes":[]}],"jetpack_sharing_enabled":true,"publishpress_future_action":{"enabled":false,"date":"2026-05-07 09:02:28","action":"change-status","newStatus":"draft","terms":[],"taxonomy":"category","extraData":[]},"publishpress_future_workflow_manual_trigger":{"enabledWorkflows":[]},"_links":{"self":[{"href":"http:\/\/www.rockpixx.com\/wordpress\/wp-json\/wp\/v2\/posts\/61","targetHints":{"allow":["GET"]}}],"collection":[{"href":"http:\/\/www.rockpixx.com\/wordpress\/wp-json\/wp\/v2\/posts"}],"about":[{"href":"http:\/\/www.rockpixx.com\/wordpress\/wp-json\/wp\/v2\/types\/post"}],"author":[{"embeddable":true,"href":"http:\/\/www.rockpixx.com\/wordpress\/wp-json\/wp\/v2\/users\/1"}],"replies":[{"embeddable":true,"href":"http:\/\/www.rockpixx.com\/wordpress\/wp-json\/wp\/v2\/comments?post=61"}],"version-history":[{"count":0,"href":"http:\/\/www.rockpixx.com\/wordpress\/wp-json\/wp\/v2\/posts\/61\/revisions"}],"wp:featuredmedia":[{"embeddable":true,"href":"http:\/\/www.rockpixx.com\/wordpress\/wp-json\/wp\/v2\/media\/5688"}],"wp:attachment":[{"href":"http:\/\/www.rockpixx.com\/wordpress\/wp-json\/wp\/v2\/media?parent=61"}],"wp:term":[{"taxonomy":"category","embeddable":true,"href":"http:\/\/www.rockpixx.com\/wordpress\/wp-json\/wp\/v2\/categories?post=61"},{"taxonomy":"post_tag","embeddable":true,"href":"http:\/\/www.rockpixx.com\/wordpress\/wp-json\/wp\/v2\/tags?post=61"}],"curies":[{"name":"wp","href":"https:\/\/api.w.org\/{rel}","templated":true}]}}