{"id":617,"date":"2007-09-21T01:00:58","date_gmt":"2007-09-20T23:00:58","guid":{"rendered":"http:\/\/rockpixx.com\/wordpress\/?p=617"},"modified":"2015-06-09T13:42:42","modified_gmt":"2015-06-09T12:42:42","slug":"3-ravens-and-a-puffin-21-09-2007-riezlern-a-cafe-sternpassage","status":"publish","type":"post","link":"http:\/\/www.rockpixx.com\/wordpress\/3-ravens-and-a-puffin-21-09-2007-riezlern-a-cafe-sternpassage\/","title":{"rendered":"3 Ravens and a Puffin, 21.09.2007, Riezlern (A), Caf\u00e9 Sternpassage"},"content":{"rendered":"<p>Vier junge Musiker (drei M\u00e4nner und eine Frau) spielen in einem Caf\u00e9 Irisch Folk in sparsamer Instrumentierung. <!--more-->F\u00fcr mich einmal etwas anderes: Sitzend an einem Caf\u00e9haus-Tisch, direkt vor der B\u00fchne, angenehm gedimmtes Licht, keine Ohrst\u00f6psel und vor mir auf dem Tisch ein Getr\u00e4nk. (Fast) alle Bilder habe ich bequem im Sitzen mit einer einzigen Festbrennweite gemacht \u2013 ich hatte auch nichts anderes an Equipment dabei.<\/p>\n<p style=\"text-align: right;\"><span style=\"text-align: right;\">Fotos: <a href=\"mailto:info@rockpixx.com?subject=Fotos%20von%20Drown%27n%27Tears,%20M%C3%BCnchen%20%E2%80%9ECircus%20Krone%E2%80%9C,%2013.10.2007\">Alex<\/a> | Text: <a href=\"mailto:info@rockpixx.com?subject=Reviewtext%20von%20Drown%27n%27Tears,%20M%C3%BCnchen%20%E2%80%9ECircus%20Krone%E2%80%9C,%2013.10.2007\">Alex<\/a><\/span><\/p>\n<p style=\"text-align: left;\"><div class=\"eat-left eat-right\"><div class=\"thumbs-masonry isotope\"><div class=\"isotope-item block-2 block-h-2\"><a href=\"http:\/\/www.rockpixx.com\/wordpress\/wp-content\/uploads\/2013\/01\/20070921-001.jpg\" rel=\"prettyPhoto[postgal_3307]\" class=\"show-hover-link block-h-2\"\"><img decoding=\"async\" src=\"http:\/\/www.rockpixx.com\/wordpress\/wp-content\/uploads\/2013\/01\/20070921-001-480x400.jpg\" alt=\"3 Ravens and a Puffin, 21.09.2007, Riezlern (A), Caf\u00e9 Sternpassage\"\/><span class=\"before\"><\/span><span class=\"after\"><\/span><\/a><\/div><div class=\"isotope-item block-2 block-h-2\"><a href=\"http:\/\/www.rockpixx.com\/wordpress\/wp-content\/uploads\/2013\/01\/20070921-002.jpg\" rel=\"prettyPhoto[postgal_3307]\" class=\"show-hover-link block-h-2\"\"><img decoding=\"async\" src=\"http:\/\/www.rockpixx.com\/wordpress\/wp-content\/uploads\/2013\/01\/20070921-002-480x400.jpg\" alt=\"3 Ravens and a Puffin, 21.09.2007, Riezlern (A), Caf\u00e9 Sternpassage\"\/><span class=\"before\"><\/span><span class=\"after\"><\/span><\/a><\/div><div class=\"isotope-item block-1 block-h-1\"><a href=\"http:\/\/www.rockpixx.com\/wordpress\/wp-content\/uploads\/2013\/01\/20070921-003.jpg\" rel=\"prettyPhoto[postgal_3307]\" class=\"show-hover-link block-h-1\"\"><img decoding=\"async\" src=\"http:\/\/www.rockpixx.com\/wordpress\/wp-content\/uploads\/2013\/01\/20070921-003-480x400.jpg\" alt=\"3 Ravens and a Puffin, 21.09.2007, Riezlern (A), Caf\u00e9 Sternpassage\"\/><span class=\"before\"><\/span><span class=\"after\"><\/span><\/a><\/div><div class=\"isotope-item block-1 block-h-1\"><a href=\"http:\/\/www.rockpixx.com\/wordpress\/wp-content\/uploads\/2013\/01\/20070921-047.jpg\" rel=\"prettyPhoto[postgal_3307]\" class=\"show-hover-link block-h-1\"\"><img decoding=\"async\" src=\"http:\/\/www.rockpixx.com\/wordpress\/wp-content\/uploads\/2013\/01\/20070921-047-480x400.jpg\" alt=\"3 Ravens and a Puffin, 21.09.2007, Riezlern (A), Caf\u00e9 Sternpassage\"\/><span class=\"before\"><\/span><span class=\"after\"><\/span><\/a><\/div><div class=\"isotope-item block-1 block-h-1\"><a href=\"http:\/\/www.rockpixx.com\/wordpress\/wp-content\/uploads\/2013\/01\/20070921-091.jpg\" rel=\"prettyPhoto[postgal_3307]\" class=\"show-hover-link block-h-1\"\"><img decoding=\"async\" src=\"http:\/\/www.rockpixx.com\/wordpress\/wp-content\/uploads\/2013\/01\/20070921-091-480x400.jpg\" alt=\"3 Ravens and a Puffin, 21.09.2007, Riezlern (A), Caf\u00e9 Sternpassage\"\/><span class=\"before\"><\/span><span class=\"after\"><\/span><\/a><\/div><\/div><\/div><\/p>\n","protected":false},"excerpt":{"rendered":"<p>Vier junge Musiker (drei M\u00e4nner und eine Frau) spielen in einem Caf\u00e9 Irisch Folk in <a href=\"http:\/\/www.rockpixx.com\/wordpress\/3-ravens-and-a-puffin-21-09-2007-riezlern-a-cafe-sternpassage\/\">Read more<\/a><\/p>\n","protected":false},"author":2,"featured_media":3306,"comment_status":"closed","ping_status":"open","sticky":false,"template":"","format":"standard","meta":{"_jetpack_memberships_contains_paid_content":false,"footnotes":"","jetpack_publicize_message":"","jetpack_publicize_feature_enabled":true,"jetpack_social_post_already_shared":false,"jetpack_social_options":{"image_generator_settings":{"template":"highway","default_image_id":0,"font":"","enabled":false},"version":2}},"categories":[96,34],"tags":[1725,1727,351,350],"class_list":["post-617","post","type-post","status-publish","format-standard","has-post-thumbnail","hentry","category-3-ravens-and-a-puffin","category-acts","tag-1725","tag-3-ravens-and-a-puffin","tag-cafe-sternpassage","tag-riezlern-a"],"aioseo_notices":[],"jetpack_publicize_connections":[],"jetpack_featured_media_url":"http:\/\/www.rockpixx.com\/wordpress\/wp-content\/uploads\/2007\/09\/20070921-3-ravens-Artikel.jpg","jetpack-related-posts":[{"id":1749,"url":"http:\/\/www.rockpixx.com\/wordpress\/zundstoff-02-01-2008-riezlern-a-gemeindeplatz\/","url_meta":{"origin":617,"position":0},"title":"Z\u00fcndstoff, 02.01.2008, Riezlern (A), Gemeindeplatz","author":"admin","date":"2. Januar 2008","format":false,"excerpt":"Das neue Jahr f\u00e4ngt irgendwie genauso an, wie das alte aufgeh\u00f6rt hat: K\u00e4lte, Schnee und hei\u00dfe Musik. Hier Bilder vom zweiten Auftritt von \u201eZ\u00fcndstoff\u201c (s. auch Gig vom 28.12.2007) beim Apr\u00e9s-Ski in Riezlern. Dieses Mal habe ich \u00fcbrigens auch noch eine Wurst und einen Becher Jagertee bekommen. (Und ich wei\u00df,\u2026","rel":"","context":"In &quot;Acts&quot;","block_context":{"text":"Acts","link":"http:\/\/www.rockpixx.com\/wordpress\/category\/acts\/"},"img":{"alt_text":"Z\u00fcndstoff, 02.01.2008, Riezlern (A), Gemeindeplatz","src":"https:\/\/i0.wp.com\/www.rockpixx.com\/wordpress\/wp-content\/uploads\/2008\/01\/20080102-zuendstoff-Artikel.jpg?resize=350%2C200","width":350,"height":200,"srcset":"https:\/\/i0.wp.com\/www.rockpixx.com\/wordpress\/wp-content\/uploads\/2008\/01\/20080102-zuendstoff-Artikel.jpg?resize=350%2C200 1x, https:\/\/i0.wp.com\/www.rockpixx.com\/wordpress\/wp-content\/uploads\/2008\/01\/20080102-zuendstoff-Artikel.jpg?resize=525%2C300 1.5x, https:\/\/i0.wp.com\/www.rockpixx.com\/wordpress\/wp-content\/uploads\/2008\/01\/20080102-zuendstoff-Artikel.jpg?resize=700%2C400 2x"},"classes":[]},{"id":1708,"url":"http:\/\/www.rockpixx.com\/wordpress\/zundstoff-28-12-2007-riezlern-a-gemeindeplatz\/","url_meta":{"origin":617,"position":1},"title":"Z\u00fcndstoff, 28.12.2007, Riezlern (A), Gemeindeplatz","author":"Anja","date":"28. Dezember 2007","format":false,"excerpt":"Eigentlich dachte ich ja f\u00fcr dieses Jahr mit den Konzerten \u201edurch zu sein\u201c, bevor es denn im Januar 2008 gleich wieder weitergeht\u2026 Und da geht man zum Feierabend noch schnell runter ins Dorf zum gem\u00fctlichen Apr\u00e9s-Ski um einen Jagertee zu trinken, eine Wurst zu essen und ein paar Bilder von\u2026","rel":"","context":"In &quot;Acts&quot;","block_context":{"text":"Acts","link":"http:\/\/www.rockpixx.com\/wordpress\/category\/acts\/"},"img":{"alt_text":"Z\u00fcndstoff, 28.12.2007, Riezlern (A), Gemeindeplatz","src":"https:\/\/i0.wp.com\/www.rockpixx.com\/wordpress\/wp-content\/uploads\/2007\/12\/20071228-zuendstoff-Artikel.jpg?resize=350%2C200","width":350,"height":200,"srcset":"https:\/\/i0.wp.com\/www.rockpixx.com\/wordpress\/wp-content\/uploads\/2007\/12\/20071228-zuendstoff-Artikel.jpg?resize=350%2C200 1x, https:\/\/i0.wp.com\/www.rockpixx.com\/wordpress\/wp-content\/uploads\/2007\/12\/20071228-zuendstoff-Artikel.jpg?resize=525%2C300 1.5x, https:\/\/i0.wp.com\/www.rockpixx.com\/wordpress\/wp-content\/uploads\/2007\/12\/20071228-zuendstoff-Artikel.jpg?resize=700%2C400 2x"},"classes":[]},{"id":2557,"url":"http:\/\/www.rockpixx.com\/wordpress\/ausstellung-und-poster\/","url_meta":{"origin":617,"position":2},"title":"Ausstellung unserer Konzertbilder\u2026","author":"admin","date":"16. Dezember 2008","format":false,"excerpt":"In den R\u00e4umen der Sparkasse Dornbirn in Riezlern (A) haben wir unsere erste Ausstellung mit Konzertbildern erfolgreich er\u00f6ffnet. Das ist das erste Mal, dass wir alleine eine Ausstellung ausschlie\u00dflich mit Konzertbildern best\u00fcckt haben. Passend dazu gab's dann auch ein Poster und einen Flyer.","rel":"","context":"In &quot;2008&quot;","block_context":{"text":"2008","link":"http:\/\/www.rockpixx.com\/wordpress\/category\/backstage\/2008\/"},"img":{"alt_text":"Konzerte-2004-2008","src":"https:\/\/i0.wp.com\/www.rockpixx.com\/wordpress\/wp-content\/uploads\/2012\/12\/Konzerte-2004-2008.jpg?resize=350%2C200","width":350,"height":200,"srcset":"https:\/\/i0.wp.com\/www.rockpixx.com\/wordpress\/wp-content\/uploads\/2012\/12\/Konzerte-2004-2008.jpg?resize=350%2C200 1x, https:\/\/i0.wp.com\/www.rockpixx.com\/wordpress\/wp-content\/uploads\/2012\/12\/Konzerte-2004-2008.jpg?resize=525%2C300 1.5x, https:\/\/i0.wp.com\/www.rockpixx.com\/wordpress\/wp-content\/uploads\/2012\/12\/Konzerte-2004-2008.jpg?resize=700%2C400 2x"},"classes":[]},{"id":27,"url":"http:\/\/www.rockpixx.com\/wordpress\/hellsbelles-27-08-2005-salzwedel-stadtpark\/","url_meta":{"origin":617,"position":3},"title":"HellsBelles, 27.08.2005, Salzwedel, Stadtpark","author":"admin","date":"27. August 2005","format":false,"excerpt":"Meine zweite Begegnung mit den M\u00e4dels um Steffi Skolik und definitiv das Konzert mit dem besten Catering, was ich jemals erlebt habe. Es fing schon damit an, dass ich \u2013 mit dem entsprechenden Ausweis am Wagen \u2013 bis unmittelbar hinter die B\u00fchne fahren und dort parken konnte. Als ich dann\u2026","rel":"","context":"In &quot;AC\/DC&quot;","block_context":{"text":"AC\/DC","link":"http:\/\/www.rockpixx.com\/wordpress\/category\/acts\/tributebands\/acdc\/"},"img":{"alt_text":"HellsBelles","src":"https:\/\/i0.wp.com\/www.rockpixx.com\/wordpress\/wp-content\/uploads\/2005\/08\/20050827-01-hellsbelles-Artikel.jpg?resize=350%2C200","width":350,"height":200,"srcset":"https:\/\/i0.wp.com\/www.rockpixx.com\/wordpress\/wp-content\/uploads\/2005\/08\/20050827-01-hellsbelles-Artikel.jpg?resize=350%2C200 1x, https:\/\/i0.wp.com\/www.rockpixx.com\/wordpress\/wp-content\/uploads\/2005\/08\/20050827-01-hellsbelles-Artikel.jpg?resize=525%2C300 1.5x, https:\/\/i0.wp.com\/www.rockpixx.com\/wordpress\/wp-content\/uploads\/2005\/08\/20050827-01-hellsbelles-Artikel.jpg?resize=700%2C400 2x"},"classes":[]},{"id":11725,"url":"http:\/\/www.rockpixx.com\/wordpress\/frittenbude-20-07-2013-deichbrand-festival-nordholz\/","url_meta":{"origin":617,"position":4},"title":"Frittenbude, 20.07.2013, Deichbrand Festival, Nordholz","author":"Anja","date":"28. Juli 2013","format":false,"excerpt":"Nachdem der Sturm im letzten Jahr eine der Stages in der Nacht vor dem Festival arg in Mitleidenschaft gezogen hatte und das Festival beinahe auf der Kippe stand, musste leider der Auftritt von \u201eFrittenbude\u201c gecancelt werden. Ein Aufschrei ging durch die Fans\u2026 es glich fast einem Aufstand. Die Veranstalter versprachen,\u2026","rel":"","context":"In &quot;Acts&quot;","block_context":{"text":"Acts","link":"http:\/\/www.rockpixx.com\/wordpress\/category\/acts\/"},"img":{"alt_text":"","src":"https:\/\/i0.wp.com\/www.rockpixx.com\/wordpress\/wp-content\/uploads\/2013\/07\/20130720-10-073_frittenbude-Artikel.jpg?resize=350%2C200","width":350,"height":200,"srcset":"https:\/\/i0.wp.com\/www.rockpixx.com\/wordpress\/wp-content\/uploads\/2013\/07\/20130720-10-073_frittenbude-Artikel.jpg?resize=350%2C200 1x, https:\/\/i0.wp.com\/www.rockpixx.com\/wordpress\/wp-content\/uploads\/2013\/07\/20130720-10-073_frittenbude-Artikel.jpg?resize=525%2C300 1.5x, https:\/\/i0.wp.com\/www.rockpixx.com\/wordpress\/wp-content\/uploads\/2013\/07\/20130720-10-073_frittenbude-Artikel.jpg?resize=700%2C400 2x"},"classes":[]},{"id":11712,"url":"http:\/\/www.rockpixx.com\/wordpress\/frida-gold-20-07-2013-deichbrand-festival-nordholz\/","url_meta":{"origin":617,"position":5},"title":"Frida Gold, 20.07.2013, Deichbrand Festival, Nordholz","author":"Anja","date":"27. Juli 2013","format":false,"excerpt":"\u2192\u00a0\u201eFrida Gold\u201c zum\u2026 Moment ich muss nachschauen\u2026 zum dritten Mal jetzt vor unseren Kameras. Auf Grund der gro\u00dfen Fotografenmeute m\u00fcssen wir diesmal nach 1 \u00bd Songs den Graben f\u00fcr die n\u00e4chste Gruppe r\u00e4umen. Aber\u2026\u00a0 psssst: Wir haben uns aufgeteilt und so k\u00f6nnen wir Euch die S\u00e4ngerin Alina S\u00fcggerle von \u201eFrida\u2026","rel":"","context":"In &quot;Acts&quot;","block_context":{"text":"Acts","link":"http:\/\/www.rockpixx.com\/wordpress\/category\/acts\/"},"img":{"alt_text":"","src":"https:\/\/i0.wp.com\/www.rockpixx.com\/wordpress\/wp-content\/uploads\/2013\/07\/20130720-08-078_frida-gold-Artikel.jpg?resize=350%2C200","width":350,"height":200,"srcset":"https:\/\/i0.wp.com\/www.rockpixx.com\/wordpress\/wp-content\/uploads\/2013\/07\/20130720-08-078_frida-gold-Artikel.jpg?resize=350%2C200 1x, https:\/\/i0.wp.com\/www.rockpixx.com\/wordpress\/wp-content\/uploads\/2013\/07\/20130720-08-078_frida-gold-Artikel.jpg?resize=525%2C300 1.5x, https:\/\/i0.wp.com\/www.rockpixx.com\/wordpress\/wp-content\/uploads\/2013\/07\/20130720-08-078_frida-gold-Artikel.jpg?resize=700%2C400 2x"},"classes":[]}],"jetpack_sharing_enabled":true,"publishpress_future_action":{"enabled":false,"date":"2026-05-08 10:28:20","action":"change-status","newStatus":"draft","terms":[],"taxonomy":"category","extraData":[]},"publishpress_future_workflow_manual_trigger":{"enabledWorkflows":[]},"_links":{"self":[{"href":"http:\/\/www.rockpixx.com\/wordpress\/wp-json\/wp\/v2\/posts\/617","targetHints":{"allow":["GET"]}}],"collection":[{"href":"http:\/\/www.rockpixx.com\/wordpress\/wp-json\/wp\/v2\/posts"}],"about":[{"href":"http:\/\/www.rockpixx.com\/wordpress\/wp-json\/wp\/v2\/types\/post"}],"author":[{"embeddable":true,"href":"http:\/\/www.rockpixx.com\/wordpress\/wp-json\/wp\/v2\/users\/2"}],"replies":[{"embeddable":true,"href":"http:\/\/www.rockpixx.com\/wordpress\/wp-json\/wp\/v2\/comments?post=617"}],"version-history":[{"count":0,"href":"http:\/\/www.rockpixx.com\/wordpress\/wp-json\/wp\/v2\/posts\/617\/revisions"}],"wp:featuredmedia":[{"embeddable":true,"href":"http:\/\/www.rockpixx.com\/wordpress\/wp-json\/wp\/v2\/media\/3306"}],"wp:attachment":[{"href":"http:\/\/www.rockpixx.com\/wordpress\/wp-json\/wp\/v2\/media?parent=617"}],"wp:term":[{"taxonomy":"category","embeddable":true,"href":"http:\/\/www.rockpixx.com\/wordpress\/wp-json\/wp\/v2\/categories?post=617"},{"taxonomy":"post_tag","embeddable":true,"href":"http:\/\/www.rockpixx.com\/wordpress\/wp-json\/wp\/v2\/tags?post=617"}],"curies":[{"name":"wp","href":"https:\/\/api.w.org\/{rel}","templated":true}]}}