{"id":6252,"date":"2010-03-27T01:00:48","date_gmt":"2010-03-26T23:00:48","guid":{"rendered":"http:\/\/rockpixx.com\/wordpress\/?p=6252"},"modified":"2013-01-16T20:21:57","modified_gmt":"2013-01-16T18:21:57","slug":"inside-out-27-03-2010-sonneberg-gesellschaftshaus","status":"publish","type":"post","link":"http:\/\/www.rockpixx.com\/wordpress\/inside-out-27-03-2010-sonneberg-gesellschaftshaus\/","title":{"rendered":"Inside Out, 27.03.2010, Sonneberg, Gesellschaftshaus"},"content":{"rendered":"<p>Wieder einmal etwas zum Thema \u201ePink Floyd\u201c \u2013 dieses Mal \u201eInside Out\u201c in Sonneberg\/Th\u00fcringen.<!--more--><\/p>\n<p>Der Sound ist fantastisch und auch die Interpretation von \u201eEchoes\u201c gef\u00e4llt mir au\u00dferordentlich gut. Die Klippen in \u201eThe great Gig in the Sky\u201c werden von der S\u00e4ngerin grandios umschifft und der Keyboarder hat zwar keine gro\u00dfe Burg von Tasteninstrumenten um sich herum aufgebaut, was er aber aus seinem Equipment herausholt, das ist mehr als beeindruckend.<\/p>\n<p>Die Setlist enth\u00e4lt die \u00fcblichen Verd\u00e4chtigen \u2013 inklusive der kompletten \u201eDark Side of the Moon\u201c. Es f\u00e4llt alledings auf, dass \u201eInside Out\u201c ihren ganz eigenen Stil haben: Alle St\u00fccke kommen sehr soft und weich aus den Boxen, insgesamt wirkt alles sehr \u201egilmouresk\u201c; dazu tragen nicht nur die sehr \u00e4hnliche Stimme des Gitarristen bei, sondern auch sein ausgezeichnetes Zusammenspiel mit dem Keyboarder. Zudem h\u00f6rte ich erstmalig in den Zugaben ein reines Gilmour-St\u00fcck, n\u00e4mlich \u201eOn an Island\u201c von dessen letzter CD.<\/p>\n<p>Was ist noch erw\u00e4hnenswert? Nun, so fantastisch, wie der Sound war, so ausbauf\u00e4hig ist mit Sicherheit noch das Licht. Die R\u00fcckprojektionen gefallen gut, die acht Moving-Heads in ca. 1,20 Meter H\u00f6he h\u00e4tten irgendwie anders verteilt und die Musik besser unterst\u00fctzend eingesetzt werden k\u00f6nnen. Der Nebel verteilte sich sehr diffus im gesamten Saal, war aber ansonsten nicht wirklich pr\u00e4sent.<\/p>\n<p>Bemerkenswert sind noch zwei weitere Dinge: Zum ersten Mal habe ich einen Leslie bei einer Pink Floyd-Tributeband gesehen und dessen Sound kommt wirklich gut. Und ebenfalls zum ersten Mal habe ich gesehen, dass ein Musiker w\u00e4hrend des Singens seine Gitarre stimmt \u2013 so geschehen bei der zweiten Strophe von \u201eComfortably Numb\u201c vor dem gro\u00dfen Solo.<\/p>\n<p style=\"text-align: right;\">Fotos: <a href=\"mailto:info@rockpixx.com?subject=Fotos%20von%20Inside%20Out,%20Sonneberg%20%E2%80%9EGesellschaftshaus%E2%80%9C,%2027.03.2010\">Alex<\/a> | Text: <a href=\"mailto:info@rockpixx.com?subject=Reviewtext%20von%20Inside%20Out,%20Sonneberg%20%E2%80%9EGesellschaftshaus%E2%80%9C,%2027.03.2010\">Alex<\/a><\/p>\n<p style=\"text-align: left;\"><div class=\"eat-left eat-right\"><div class=\"thumbs-masonry isotope\"><div class=\"isotope-item block-2 block-h-2\"><a href=\"http:\/\/www.rockpixx.com\/wordpress\/wp-content\/uploads\/2013\/01\/20100327-051.jpg\" rel=\"prettyPhoto[postgal_6254]\" class=\"show-hover-link block-h-2\"\"><img decoding=\"async\" src=\"http:\/\/www.rockpixx.com\/wordpress\/wp-content\/uploads\/2013\/01\/20100327-051-480x400.jpg\" alt=\"Inside Out, 27.03.2010, Sonneberg, Gesellschaftshaus\"\/><span class=\"before\"><\/span><span class=\"after\"><\/span><\/a><\/div><div class=\"isotope-item block-1 block-h-1\"><a href=\"http:\/\/www.rockpixx.com\/wordpress\/wp-content\/uploads\/2013\/01\/20100327-073.jpg\" rel=\"prettyPhoto[postgal_6254]\" class=\"show-hover-link block-h-1\"\"><img decoding=\"async\" src=\"http:\/\/www.rockpixx.com\/wordpress\/wp-content\/uploads\/2013\/01\/20100327-073-480x400.jpg\" alt=\"Inside Out, 27.03.2010, Sonneberg, Gesellschaftshaus\"\/><span class=\"before\"><\/span><span class=\"after\"><\/span><\/a><\/div><div class=\"isotope-item block-1 block-h-1\"><a href=\"http:\/\/www.rockpixx.com\/wordpress\/wp-content\/uploads\/2013\/01\/20100327-106.jpg\" rel=\"prettyPhoto[postgal_6254]\" class=\"show-hover-link block-h-1\"\"><img decoding=\"async\" src=\"http:\/\/www.rockpixx.com\/wordpress\/wp-content\/uploads\/2013\/01\/20100327-106-480x400.jpg\" alt=\"Inside Out, 27.03.2010, Sonneberg, Gesellschaftshaus\"\/><span class=\"before\"><\/span><span class=\"after\"><\/span><\/a><\/div><div class=\"isotope-item block-2 block-h-2\"><a href=\"http:\/\/www.rockpixx.com\/wordpress\/wp-content\/uploads\/2013\/01\/20100327-130.jpg\" rel=\"prettyPhoto[postgal_6254]\" class=\"show-hover-link block-h-2\"\"><img decoding=\"async\" src=\"http:\/\/www.rockpixx.com\/wordpress\/wp-content\/uploads\/2013\/01\/20100327-130-480x400.jpg\" alt=\"Inside Out, 27.03.2010, Sonneberg, Gesellschaftshaus\"\/><span class=\"before\"><\/span><span class=\"after\"><\/span><\/a><\/div><div class=\"isotope-item block-1 block-h-1\"><a href=\"http:\/\/www.rockpixx.com\/wordpress\/wp-content\/uploads\/2013\/01\/20100327-136.jpg\" rel=\"prettyPhoto[postgal_6254]\" class=\"show-hover-link block-h-1\"\"><img decoding=\"async\" src=\"http:\/\/www.rockpixx.com\/wordpress\/wp-content\/uploads\/2013\/01\/20100327-136-480x400.jpg\" alt=\"Inside Out, 27.03.2010, Sonneberg, Gesellschaftshaus\"\/><span class=\"before\"><\/span><span class=\"after\"><\/span><\/a><\/div><div class=\"isotope-item block-1 block-h-1\"><a href=\"http:\/\/www.rockpixx.com\/wordpress\/wp-content\/uploads\/2013\/01\/20100327-170.jpg\" rel=\"prettyPhoto[postgal_6254]\" class=\"show-hover-link block-h-1\"\"><img decoding=\"async\" src=\"http:\/\/www.rockpixx.com\/wordpress\/wp-content\/uploads\/2013\/01\/20100327-170-480x400.jpg\" alt=\"Inside Out, 27.03.2010, Sonneberg, Gesellschaftshaus\"\/><span class=\"before\"><\/span><span class=\"after\"><\/span><\/a><\/div><div class=\"isotope-item block-2 block-h-2\"><a href=\"http:\/\/www.rockpixx.com\/wordpress\/wp-content\/uploads\/2013\/01\/20100327-231.jpg\" rel=\"prettyPhoto[postgal_6254]\" class=\"show-hover-link block-h-2\"\"><img decoding=\"async\" src=\"http:\/\/www.rockpixx.com\/wordpress\/wp-content\/uploads\/2013\/01\/20100327-231-480x400.jpg\" alt=\"Inside Out, 27.03.2010, Sonneberg, Gesellschaftshaus\"\/><span class=\"before\"><\/span><span class=\"after\"><\/span><\/a><\/div><div class=\"isotope-item block-1 block-h-1\"><a href=\"http:\/\/www.rockpixx.com\/wordpress\/wp-content\/uploads\/2013\/01\/20100327-242.jpg\" rel=\"prettyPhoto[postgal_6254]\" class=\"show-hover-link block-h-1\"\"><img decoding=\"async\" src=\"http:\/\/www.rockpixx.com\/wordpress\/wp-content\/uploads\/2013\/01\/20100327-242-480x400.jpg\" alt=\"Inside Out, 27.03.2010, Sonneberg, Gesellschaftshaus\"\/><span class=\"before\"><\/span><span class=\"after\"><\/span><\/a><\/div><div class=\"isotope-item block-1 block-h-1\"><a href=\"http:\/\/www.rockpixx.com\/wordpress\/wp-content\/uploads\/2013\/01\/20100327-286.jpg\" rel=\"prettyPhoto[postgal_6254]\" class=\"show-hover-link block-h-1\"\"><img decoding=\"async\" src=\"http:\/\/www.rockpixx.com\/wordpress\/wp-content\/uploads\/2013\/01\/20100327-286-480x400.jpg\" alt=\"Inside Out, 27.03.2010, Sonneberg, Gesellschaftshaus\"\/><span class=\"before\"><\/span><span class=\"after\"><\/span><\/a><\/div><div class=\"isotope-item block-2 block-h-2\"><a href=\"http:\/\/www.rockpixx.com\/wordpress\/wp-content\/uploads\/2013\/01\/20100327-296.jpg\" rel=\"prettyPhoto[postgal_6254]\" class=\"show-hover-link block-h-2\"\"><img decoding=\"async\" src=\"http:\/\/www.rockpixx.com\/wordpress\/wp-content\/uploads\/2013\/01\/20100327-296-480x400.jpg\" alt=\"Inside Out, 27.03.2010, Sonneberg, Gesellschaftshaus\"\/><span class=\"before\"><\/span><span class=\"after\"><\/span><\/a><\/div><\/div><\/div><\/p>\n","protected":false},"excerpt":{"rendered":"<p>Wieder einmal etwas zum Thema \u201ePink Floyd\u201c \u2013 dieses Mal \u201eInside Out\u201c in Sonneberg\/Th\u00fcringen.<\/p>\n","protected":false},"author":2,"featured_media":6253,"comment_status":"open","ping_status":"open","sticky":false,"template":"","format":"standard","meta":{"_jetpack_memberships_contains_paid_content":false,"footnotes":"","jetpack_publicize_message":"","jetpack_publicize_feature_enabled":true,"jetpack_social_post_already_shared":true,"jetpack_social_options":{"image_generator_settings":{"template":"highway","default_image_id":0,"font":"","enabled":false},"version":2}},"categories":[34,478,117,5],"tags":[1832,806,1860,1732,805],"class_list":["post-6252","post","type-post","status-publish","format-standard","has-post-thumbnail","hentry","category-acts","category-inside-out","category-pink-floyd","category-tributebands","tag-1832","tag-gesellschaftshaus","tag-inside-out","tag-pink-floyd","tag-sonneberg"],"aioseo_notices":[],"jetpack_publicize_connections":[],"jetpack_featured_media_url":"http:\/\/www.rockpixx.com\/wordpress\/wp-content\/uploads\/2013\/01\/20100327-inside-out-Artikel.jpg","jetpack-related-posts":[{"id":8320,"url":"http:\/\/www.rockpixx.com\/wordpress\/brit-floyd-29-10-2011-munchen-kleine-olympiahalle\/","url_meta":{"origin":6252,"position":0},"title":"Brit Floyd, 29.10.2011, M\u00fcnchen, Kleine Olympiahalle","author":"Anja","date":"29. Oktober 2011","format":false,"excerpt":"Kaum aus dem Urlaub zur\u00fcck, gibt's schon wieder einen Leckerbissen: Zum zweiten Mal in diesem Jahr habe ich \u201eBrit Floyd\u201c vor den Kameras, dieses Mal allerdings nicht in \u2192\u00a0London's ehrw\u00fcrdiger Royal Albert Hall, sondern in der (neuen) \u201eKleinen Olympiahalle\u201c in M\u00fcnchen. Und das ist sogar f\u00fcr uns noch eine Premiere:\u2026","rel":"","context":"In &quot;Acts&quot;","block_context":{"text":"Acts","link":"http:\/\/www.rockpixx.com\/wordpress\/category\/acts\/"},"img":{"alt_text":"Brit Floyd, 29.10.2011, M\u00fcnchen, Kleine Olympiahalle","src":"https:\/\/i0.wp.com\/www.rockpixx.com\/wordpress\/wp-content\/uploads\/2013\/02\/20111029-brit-floyd-Artikel.jpg?resize=350%2C200","width":350,"height":200,"srcset":"https:\/\/i0.wp.com\/www.rockpixx.com\/wordpress\/wp-content\/uploads\/2013\/02\/20111029-brit-floyd-Artikel.jpg?resize=350%2C200 1x, https:\/\/i0.wp.com\/www.rockpixx.com\/wordpress\/wp-content\/uploads\/2013\/02\/20111029-brit-floyd-Artikel.jpg?resize=525%2C300 1.5x, https:\/\/i0.wp.com\/www.rockpixx.com\/wordpress\/wp-content\/uploads\/2013\/02\/20111029-brit-floyd-Artikel.jpg?resize=700%2C400 2x"},"classes":[]},{"id":12691,"url":"http:\/\/www.rockpixx.com\/wordpress\/the-australian-pink-floyd-show-08-04-2014-kiel-ostseehalle\/","url_meta":{"origin":6252,"position":1},"title":"The Australian Pink Floyd Show, 08.04.2014, Kiel, Ostseehalle","author":"admin","date":"9. April 2014","format":false,"excerpt":"So, zum zweiten Mal in diesem Jahr etwas zum Thema \u2192 \u201ePink Floyd\u201c: Nach\u00a0\u2192 \u201eEchoes\u201c in Hamburg spielen \u201eThe Australian Pink Floyd Show\u201c ihr neues Tourprogramm \u201eSet the Controls\u201c in der Kieler Ostseehalle. (Ich wei\u00df, die Halle hei\u00dft seit einiger Zeit \u201eSparkassenarena\u201c, aber so hei\u00dfen viele Veranstaltungstempel in ganz Deutschland.\u2026","rel":"","context":"In &quot;Acts&quot;","block_context":{"text":"Acts","link":"http:\/\/www.rockpixx.com\/wordpress\/category\/acts\/"},"img":{"alt_text":"The Australian Pink Floyd Show, 08.04.2014, Kiel, Sparkassenarena","src":"https:\/\/i0.wp.com\/www.rockpixx.com\/wordpress\/wp-content\/uploads\/2014\/04\/20140408-287_tapfs_Artikel.jpg?resize=350%2C200","width":350,"height":200,"srcset":"https:\/\/i0.wp.com\/www.rockpixx.com\/wordpress\/wp-content\/uploads\/2014\/04\/20140408-287_tapfs_Artikel.jpg?resize=350%2C200 1x, https:\/\/i0.wp.com\/www.rockpixx.com\/wordpress\/wp-content\/uploads\/2014\/04\/20140408-287_tapfs_Artikel.jpg?resize=525%2C300 1.5x, https:\/\/i0.wp.com\/www.rockpixx.com\/wordpress\/wp-content\/uploads\/2014\/04\/20140408-287_tapfs_Artikel.jpg?resize=700%2C400 2x"},"classes":[]},{"id":7598,"url":"http:\/\/www.rockpixx.com\/wordpress\/brit-floyd-20-04-2011-london-gb-royal-albert-hall\/","url_meta":{"origin":6252,"position":2},"title":"Brit Floyd, 20.04.2011, London (GB), Royal Albert Hall","author":"Anja","date":"20. April 2011","format":false,"excerpt":"Ein altehrw\u00fcrdiger Ort, an dem Pink Floyd irgendwann einmal ein lebenslanges Auftrittsverbot kassierten, weil Ihre Pyros einen Teil der Vorh\u00e4nge abfackelten: The Royal Albert Hall im noblen Londoner Stadtteil Kensington. Das war also nun mein Revier, um eine Show von \u201eBrit Floyd \u2013 The British Pink Floyd Show\u201c abzulichten. Nachdem\u2026","rel":"","context":"In &quot;Acts&quot;","block_context":{"text":"Acts","link":"http:\/\/www.rockpixx.com\/wordpress\/category\/acts\/"},"img":{"alt_text":"Brit Floyd, 20.04.2011, London (GB), Royal Albert Hall","src":"https:\/\/i0.wp.com\/www.rockpixx.com\/wordpress\/wp-content\/uploads\/2013\/01\/20110420-brit-floyd-Artikel.jpg?resize=350%2C200","width":350,"height":200,"srcset":"https:\/\/i0.wp.com\/www.rockpixx.com\/wordpress\/wp-content\/uploads\/2013\/01\/20110420-brit-floyd-Artikel.jpg?resize=350%2C200 1x, https:\/\/i0.wp.com\/www.rockpixx.com\/wordpress\/wp-content\/uploads\/2013\/01\/20110420-brit-floyd-Artikel.jpg?resize=525%2C300 1.5x, https:\/\/i0.wp.com\/www.rockpixx.com\/wordpress\/wp-content\/uploads\/2013\/01\/20110420-brit-floyd-Artikel.jpg?resize=700%2C400 2x"},"classes":[]},{"id":5762,"url":"http:\/\/www.rockpixx.com\/wordpress\/the-pink-floyd-project-15-08-2009-homburg-saar-stadtpark\/","url_meta":{"origin":6252,"position":3},"title":"The Pink Floyd Project, 15.08.2009, Homburg \/ Saar, Stadtpark","author":"Anja","date":"15. August 2009","format":false,"excerpt":"\u2192\u00a0The Pink Floyd Project zum Zweiten nach dem Termin in V\u00f6lklingen im Februar 2009. Sound und B\u00fchnenpr\u00e4senz wie gehabt sehr gut, leider ergab die durch die Headliner \u201eBarclay James Harvest\u201c bedingte kurzfristige Set\u00e4nderung den unsch\u00f6nen Nebeneffekt, dass 90% des Konzertes bei Tageslicht und der Rest in der einsetzenden D\u00e4mmerung stattfinden\u2026","rel":"","context":"In &quot;Acts&quot;","block_context":{"text":"Acts","link":"http:\/\/www.rockpixx.com\/wordpress\/category\/acts\/"},"img":{"alt_text":"The Pink Floyd Project, 15.08.2009, Homburg \/ Saar, Stadtpark","src":"https:\/\/i0.wp.com\/www.rockpixx.com\/wordpress\/wp-content\/uploads\/2013\/01\/20090815-02-pink-floyd-project-Artikel.jpg?resize=350%2C200","width":350,"height":200,"srcset":"https:\/\/i0.wp.com\/www.rockpixx.com\/wordpress\/wp-content\/uploads\/2013\/01\/20090815-02-pink-floyd-project-Artikel.jpg?resize=350%2C200 1x, https:\/\/i0.wp.com\/www.rockpixx.com\/wordpress\/wp-content\/uploads\/2013\/01\/20090815-02-pink-floyd-project-Artikel.jpg?resize=525%2C300 1.5x, https:\/\/i0.wp.com\/www.rockpixx.com\/wordpress\/wp-content\/uploads\/2013\/01\/20090815-02-pink-floyd-project-Artikel.jpg?resize=700%2C400 2x"},"classes":[]},{"id":1775,"url":"http:\/\/www.rockpixx.com\/wordpress\/the-floyd-council-09-02-2008-garching-a-d-alz-gasthaus-zum-brau\/","url_meta":{"origin":6252,"position":4},"title":"The Floyd Council, 09.02.2008, Garching a. d. Alz, Gasthaus zum Br\u00e4u","author":"Anja","date":"3. Februar 2008","format":false,"excerpt":"\u201eStill first in space\u201c \u2013 wenn die immer noch unerreichte Musik von Pink Floyd erklingt, wird mir ganz warm um's Herz. So auch in Garching, als sich die \u00f6sterreichische Tribute Band \u201eThe Floyd Council\u201c aufmachte, sowohl Fr\u00fch- als auch Sp\u00e4twerke dieser Rock-Giganten life auf die B\u00fchne zu bringen\u2026 Fazit: Es\u2026","rel":"","context":"In &quot;Acts&quot;","block_context":{"text":"Acts","link":"http:\/\/www.rockpixx.com\/wordpress\/category\/acts\/"},"img":{"alt_text":"The Floyd Council, 09.02.2008, Garching a. d. Alz, Gasthaus zum Br\u00e4u","src":"https:\/\/i0.wp.com\/www.rockpixx.com\/wordpress\/wp-content\/uploads\/2008\/02\/20080209-the-floyd-council-Artikel.jpg?resize=350%2C200","width":350,"height":200,"srcset":"https:\/\/i0.wp.com\/www.rockpixx.com\/wordpress\/wp-content\/uploads\/2008\/02\/20080209-the-floyd-council-Artikel.jpg?resize=350%2C200 1x, https:\/\/i0.wp.com\/www.rockpixx.com\/wordpress\/wp-content\/uploads\/2008\/02\/20080209-the-floyd-council-Artikel.jpg?resize=525%2C300 1.5x, https:\/\/i0.wp.com\/www.rockpixx.com\/wordpress\/wp-content\/uploads\/2008\/02\/20080209-the-floyd-council-Artikel.jpg?resize=700%2C400 2x"},"classes":[]},{"id":5812,"url":"http:\/\/www.rockpixx.com\/wordpress\/echoes-22-08-2009-hanau-amphittheater\/","url_meta":{"origin":6252,"position":5},"title":"Echoes, 22.08.2009, Hanau, Amphittheater","author":"Anja","date":"22. August 2009","format":false,"excerpt":"\u2026und dann am Sonnabend die zweite XL-Produktion, dieses Mal \u201eEchoes\u201c in gro\u00dfer Besetzung und mit noch gr\u00f6\u00dferer PA und nahezu maximalem Licht. Eine fantastische B\u00fchne ist f\u00fcr diese Produktion designt worden \u2013 noch nie zuvor (au\u00dfer vielleicht beim Original \u201ePink Floyd\u201c) habe ich so viele Moving Heads gleichzeitig im Einsatz\u2026","rel":"","context":"In &quot;Acts&quot;","block_context":{"text":"Acts","link":"http:\/\/www.rockpixx.com\/wordpress\/category\/acts\/"},"img":{"alt_text":"Echoes, 22.08.2009, Hanau, Amphittheater","src":"https:\/\/i0.wp.com\/www.rockpixx.com\/wordpress\/wp-content\/uploads\/2013\/01\/20090822-echoes-Artikel.jpg?resize=350%2C200","width":350,"height":200,"srcset":"https:\/\/i0.wp.com\/www.rockpixx.com\/wordpress\/wp-content\/uploads\/2013\/01\/20090822-echoes-Artikel.jpg?resize=350%2C200 1x, https:\/\/i0.wp.com\/www.rockpixx.com\/wordpress\/wp-content\/uploads\/2013\/01\/20090822-echoes-Artikel.jpg?resize=525%2C300 1.5x, https:\/\/i0.wp.com\/www.rockpixx.com\/wordpress\/wp-content\/uploads\/2013\/01\/20090822-echoes-Artikel.jpg?resize=700%2C400 2x"},"classes":[]}],"jetpack_sharing_enabled":true,"publishpress_future_action":{"enabled":false,"date":"2026-05-10 12:59:40","action":"change-status","newStatus":"draft","terms":[],"taxonomy":"category","extraData":[]},"publishpress_future_workflow_manual_trigger":{"enabledWorkflows":[]},"_links":{"self":[{"href":"http:\/\/www.rockpixx.com\/wordpress\/wp-json\/wp\/v2\/posts\/6252","targetHints":{"allow":["GET"]}}],"collection":[{"href":"http:\/\/www.rockpixx.com\/wordpress\/wp-json\/wp\/v2\/posts"}],"about":[{"href":"http:\/\/www.rockpixx.com\/wordpress\/wp-json\/wp\/v2\/types\/post"}],"author":[{"embeddable":true,"href":"http:\/\/www.rockpixx.com\/wordpress\/wp-json\/wp\/v2\/users\/2"}],"replies":[{"embeddable":true,"href":"http:\/\/www.rockpixx.com\/wordpress\/wp-json\/wp\/v2\/comments?post=6252"}],"version-history":[{"count":0,"href":"http:\/\/www.rockpixx.com\/wordpress\/wp-json\/wp\/v2\/posts\/6252\/revisions"}],"wp:featuredmedia":[{"embeddable":true,"href":"http:\/\/www.rockpixx.com\/wordpress\/wp-json\/wp\/v2\/media\/6253"}],"wp:attachment":[{"href":"http:\/\/www.rockpixx.com\/wordpress\/wp-json\/wp\/v2\/media?parent=6252"}],"wp:term":[{"taxonomy":"category","embeddable":true,"href":"http:\/\/www.rockpixx.com\/wordpress\/wp-json\/wp\/v2\/categories?post=6252"},{"taxonomy":"post_tag","embeddable":true,"href":"http:\/\/www.rockpixx.com\/wordpress\/wp-json\/wp\/v2\/tags?post=6252"}],"curies":[{"name":"wp","href":"https:\/\/api.w.org\/{rel}","templated":true}]}}