{"id":6312,"date":"2010-06-18T03:00:34","date_gmt":"2010-06-18T01:00:34","guid":{"rendered":"http:\/\/rockpixx.com\/wordpress\/?p=6312"},"modified":"2013-01-27T16:48:17","modified_gmt":"2013-01-27T14:48:17","slug":"hubert-kah-18-06-2010-kiel-kieler-woche-musikzelt","status":"publish","type":"post","link":"http:\/\/www.rockpixx.com\/wordpress\/hubert-kah-18-06-2010-kiel-kieler-woche-musikzelt\/","title":{"rendered":"Hubert Kah, 18.06.2010, Kiel, Kieler Woche Musikzelt"},"content":{"rendered":"<p>\u201eSternenhimmel\u201c, \u201eEinmal nur mit Erika\u201c und so weiter\u2026 Die \u00e4lteren Semester haben es l\u00e4ngst erkannt: Hubert Kah steht auf der B\u00fchne. <!--more-->Eigentlich ist er immer noch so grenzgenial wie vor 30 Jahren. Bei seinem Blick wei\u00df man nie, ob er nicht vielleicht doch ein wenig abseits der Normalit\u00e4t durchs Leben schwebt, oder ob das nicht nur alles zum Image geh\u00f6rt. Egal, die Performance seiner Lieder l\u00e4uft genauso ab, wie man es erwartet und seit 30 Jahren kennt \u2013 vielleicht ist er ein wenig ruhiger geworden, aber das sei dem Alter geschuldet. Irgendwie passt es dann auch, dass der dritte Song dann schon \u201eDer goldene Reiter\u201c von Joachim Witt ist: Dieser Text wirkt in der Interpretation von Hubert Kah irgendwie recht authentisch.<\/p>\n<p style=\"text-align: right;\">Fotos: <a href=\"mailto:info@rockpixx.com?subject=Fotos%20von%20Hubert%20Kah,%20Kiel%20%E2%80%9EKieler%20Woche%20Musikzelt%E2%80%9C,%2018.06.2010\">Alex<\/a> | Text: <a href=\"mailto:info@rockpixx.com?subject=Reviewtext%20von%20Hubert%20Kah,%20Kiel%20%E2%80%9EKieler%20Woche%20Musikzelt%E2%80%9C,%2018.06.2010\">Alex<\/a><\/p>\n<p style=\"text-align: left;\"><div class=\"eat-left eat-right\"><div class=\"thumbs-masonry isotope\"><div class=\"isotope-item block-2 block-h-2\"><a href=\"http:\/\/www.rockpixx.com\/wordpress\/wp-content\/uploads\/2013\/01\/20100618-03-007.jpg\" rel=\"prettyPhoto[postgal_6315]\" class=\"show-hover-link block-h-2\"\"><img decoding=\"async\" src=\"http:\/\/www.rockpixx.com\/wordpress\/wp-content\/uploads\/2013\/01\/20100618-03-007-480x400.jpg\" alt=\"Hubert Kah, 18.06.2010, Kiel, Kieler Woche Musikzelt\"\/><span class=\"before\"><\/span><span class=\"after\"><\/span><\/a><\/div><div class=\"isotope-item block-1 block-h-1\"><a href=\"http:\/\/www.rockpixx.com\/wordpress\/wp-content\/uploads\/2013\/01\/20100618-03-028.jpg\" rel=\"prettyPhoto[postgal_6315]\" class=\"show-hover-link block-h-1\"\"><img decoding=\"async\" src=\"http:\/\/www.rockpixx.com\/wordpress\/wp-content\/uploads\/2013\/01\/20100618-03-028-480x400.jpg\" alt=\"Hubert Kah, 18.06.2010, Kiel, Kieler Woche Musikzelt\"\/><span class=\"before\"><\/span><span class=\"after\"><\/span><\/a><\/div><div class=\"isotope-item block-1 block-h-1\"><a href=\"http:\/\/www.rockpixx.com\/wordpress\/wp-content\/uploads\/2013\/01\/20100618-03-053.jpg\" rel=\"prettyPhoto[postgal_6315]\" class=\"show-hover-link block-h-1\"\"><img decoding=\"async\" src=\"http:\/\/www.rockpixx.com\/wordpress\/wp-content\/uploads\/2013\/01\/20100618-03-053-480x400.jpg\" alt=\"Hubert Kah, 18.06.2010, Kiel, Kieler Woche Musikzelt\"\/><span class=\"before\"><\/span><span class=\"after\"><\/span><\/a><\/div><div class=\"isotope-item block-2 block-h-2\"><a href=\"http:\/\/www.rockpixx.com\/wordpress\/wp-content\/uploads\/2013\/01\/20100618-03-058.jpg\" rel=\"prettyPhoto[postgal_6315]\" class=\"show-hover-link block-h-2\"\"><img decoding=\"async\" src=\"http:\/\/www.rockpixx.com\/wordpress\/wp-content\/uploads\/2013\/01\/20100618-03-058-480x400.jpg\" alt=\"Hubert Kah, 18.06.2010, Kiel, Kieler Woche Musikzelt\"\/><span class=\"before\"><\/span><span class=\"after\"><\/span><\/a><\/div><div class=\"isotope-item block-1 block-h-1\"><a href=\"http:\/\/www.rockpixx.com\/wordpress\/wp-content\/uploads\/2013\/01\/20100618-03-085.jpg\" rel=\"prettyPhoto[postgal_6315]\" class=\"show-hover-link block-h-1\"\"><img decoding=\"async\" src=\"http:\/\/www.rockpixx.com\/wordpress\/wp-content\/uploads\/2013\/01\/20100618-03-085-480x400.jpg\" alt=\"Hubert Kah, 18.06.2010, Kiel, Kieler Woche Musikzelt\"\/><span class=\"before\"><\/span><span class=\"after\"><\/span><\/a><\/div><div class=\"isotope-item block-1 block-h-1\"><a href=\"http:\/\/www.rockpixx.com\/wordpress\/wp-content\/uploads\/2013\/01\/20100618-03-088.jpg\" rel=\"prettyPhoto[postgal_6315]\" class=\"show-hover-link block-h-1\"\"><img decoding=\"async\" src=\"http:\/\/www.rockpixx.com\/wordpress\/wp-content\/uploads\/2013\/01\/20100618-03-088-480x400.jpg\" alt=\"Hubert Kah, 18.06.2010, Kiel, Kieler Woche Musikzelt\"\/><span class=\"before\"><\/span><span class=\"after\"><\/span><\/a><\/div><div class=\"isotope-item block-2 block-h-2\"><a href=\"http:\/\/www.rockpixx.com\/wordpress\/wp-content\/uploads\/2013\/01\/20100618-03-104.jpg\" rel=\"prettyPhoto[postgal_6315]\" class=\"show-hover-link block-h-2\"\"><img decoding=\"async\" src=\"http:\/\/www.rockpixx.com\/wordpress\/wp-content\/uploads\/2013\/01\/20100618-03-104-480x400.jpg\" alt=\"Hubert Kah, 18.06.2010, Kiel, Kieler Woche Musikzelt\"\/><span class=\"before\"><\/span><span class=\"after\"><\/span><\/a><\/div><div class=\"isotope-item block-1 block-h-1\"><a href=\"http:\/\/www.rockpixx.com\/wordpress\/wp-content\/uploads\/2013\/01\/20100618-03-106.jpg\" rel=\"prettyPhoto[postgal_6315]\" class=\"show-hover-link block-h-1\"\"><img decoding=\"async\" src=\"http:\/\/www.rockpixx.com\/wordpress\/wp-content\/uploads\/2013\/01\/20100618-03-106-480x400.jpg\" alt=\"Hubert Kah, 18.06.2010, Kiel, Kieler Woche Musikzelt\"\/><span class=\"before\"><\/span><span class=\"after\"><\/span><\/a><\/div><div class=\"isotope-item block-1 block-h-1\"><a href=\"http:\/\/www.rockpixx.com\/wordpress\/wp-content\/uploads\/2013\/01\/20100618-03-110.jpg\" rel=\"prettyPhoto[postgal_6315]\" class=\"show-hover-link block-h-1\"\"><img decoding=\"async\" src=\"http:\/\/www.rockpixx.com\/wordpress\/wp-content\/uploads\/2013\/01\/20100618-03-110-480x400.jpg\" alt=\"Hubert Kah, 18.06.2010, Kiel, Kieler Woche Musikzelt\"\/><span class=\"before\"><\/span><span class=\"after\"><\/span><\/a><\/div><div class=\"isotope-item block-2 block-h-2\"><a href=\"http:\/\/www.rockpixx.com\/wordpress\/wp-content\/uploads\/2013\/01\/20100618-03-136.jpg\" rel=\"prettyPhoto[postgal_6315]\" class=\"show-hover-link block-h-2\"\"><img decoding=\"async\" src=\"http:\/\/www.rockpixx.com\/wordpress\/wp-content\/uploads\/2013\/01\/20100618-03-136-480x400.jpg\" alt=\"Hubert Kah, 18.06.2010, Kiel, Kieler Woche Musikzelt\"\/><span class=\"before\"><\/span><span class=\"after\"><\/span><\/a><\/div><\/div><\/div><\/p>\n","protected":false},"excerpt":{"rendered":"<p>\u201eSternenhimmel\u201c, \u201eEinmal nur mit Erika\u201c und so weiter\u2026 Die \u00e4lteren Semester haben es l\u00e4ngst erkannt: <a href=\"http:\/\/www.rockpixx.com\/wordpress\/hubert-kah-18-06-2010-kiel-kieler-woche-musikzelt\/\">Read more<\/a><\/p>\n","protected":false},"author":2,"featured_media":6328,"comment_status":"open","ping_status":"open","sticky":false,"template":"","format":"standard","meta":{"_jetpack_memberships_contains_paid_content":false,"footnotes":"","jetpack_publicize_message":"","jetpack_publicize_feature_enabled":true,"jetpack_social_post_already_shared":true,"jetpack_social_options":{"image_generator_settings":{"template":"highway","default_image_id":0,"font":"","enabled":false},"version":2}},"categories":[34,1593],"tags":[1832,133,1863,1735,138,766],"class_list":["post-6312","post","type-post","status-publish","format-standard","has-post-thumbnail","hentry","category-acts","category-hubert-kah","tag-1832","tag-festivals","tag-hubert-kah","tag-kiel","tag-kieler-woche","tag-kieler-woche-musikzelt"],"aioseo_notices":[],"jetpack_publicize_connections":[],"jetpack_featured_media_url":"http:\/\/www.rockpixx.com\/wordpress\/wp-content\/uploads\/2010\/06\/20100618-03-hubert-kah-Artikel.jpg","jetpack-related-posts":[{"id":11037,"url":"http:\/\/www.rockpixx.com\/wordpress\/hubert-kah-21-06-2013-kiel-kieler-woche-musikzelt\/","url_meta":{"origin":6312,"position":0},"title":"Hubert Kah, 21.06.2013, Kiel, Kieler Woche Musikzelt","author":"Anja","date":"22. Juni 2013","format":false,"excerpt":"Ohne Pause nach nur zwei Songs von \u2192Markus kommt Hubert Kah und besingt eine seiner gro\u00dfen Lieben, die \u201eRosemarie\u201c. Auch hier sind zwei Dinge sehr bemerkenswert: Erstens ist das Publikum nat\u00fcrlich sehr textsicher und zweitens ist es beeindruckend, dieses Lied live zu erleben \u2013 es ist v\u00f6llig anders und viel\u2026","rel":"","context":"In &quot;Acts&quot;","block_context":{"text":"Acts","link":"http:\/\/www.rockpixx.com\/wordpress\/category\/acts\/"},"img":{"alt_text":"","src":"https:\/\/i0.wp.com\/www.rockpixx.com\/wordpress\/wp-content\/uploads\/2013\/06\/20130621-06-002_hubert-kah-Artikel.jpg?resize=350%2C200","width":350,"height":200,"srcset":"https:\/\/i0.wp.com\/www.rockpixx.com\/wordpress\/wp-content\/uploads\/2013\/06\/20130621-06-002_hubert-kah-Artikel.jpg?resize=350%2C200 1x, https:\/\/i0.wp.com\/www.rockpixx.com\/wordpress\/wp-content\/uploads\/2013\/06\/20130621-06-002_hubert-kah-Artikel.jpg?resize=525%2C300 1.5x, https:\/\/i0.wp.com\/www.rockpixx.com\/wordpress\/wp-content\/uploads\/2013\/06\/20130621-06-002_hubert-kah-Artikel.jpg?resize=700%2C400 2x"},"classes":[]},{"id":11078,"url":"http:\/\/www.rockpixx.com\/wordpress\/kieler-woche-tagebuch-2013-tag-1\/","url_meta":{"origin":6312,"position":1},"title":"Kieler Woche Tagebuch 2013 | Tag 1","author":"admin","date":"23. Juni 2013","format":false,"excerpt":"Moin, wie in den vergangenen Jahren, so werden wir auch dieses Mal wieder von Begebenheiten und Befindlichkeiten w\u00e4hrend der \u201eKieler Woche\u201c berichten. Also: Alles, was nicht unmittelbar mit Konzerten zu tun hat, landet dann hier in diesem \u2192 \u201eKieler Woche Tagebuch\u201c. Freitag, 21.06.2013 Erster Tag und keinen Umzugsstress und keine\u2026","rel":"","context":"In &quot;2013&quot;","block_context":{"text":"2013","link":"http:\/\/www.rockpixx.com\/wordpress\/category\/backstage\/2013\/"},"img":{"alt_text":"Kieler Woche 2013 | Impressionen","src":"https:\/\/i0.wp.com\/www.rockpixx.com\/wordpress\/wp-content\/uploads\/2013\/06\/20130621-00-001_KiWo-2013.jpg?resize=350%2C200","width":350,"height":200,"srcset":"https:\/\/i0.wp.com\/www.rockpixx.com\/wordpress\/wp-content\/uploads\/2013\/06\/20130621-00-001_KiWo-2013.jpg?resize=350%2C200 1x, https:\/\/i0.wp.com\/www.rockpixx.com\/wordpress\/wp-content\/uploads\/2013\/06\/20130621-00-001_KiWo-2013.jpg?resize=525%2C300 1.5x, https:\/\/i0.wp.com\/www.rockpixx.com\/wordpress\/wp-content\/uploads\/2013\/06\/20130621-00-001_KiWo-2013.jpg?resize=700%2C400 2x"},"classes":[]},{"id":11029,"url":"http:\/\/www.rockpixx.com\/wordpress\/ich-will-spas-band-21-06-2013-kiel-kieler-woche-musikzelt\/","url_meta":{"origin":6312,"position":2},"title":"Ich will Spa\u00df-Band, 21.06.2013, Kiel, Kieler Woche Musikzelt","author":"Anja","date":"22. Juni 2013","format":false,"excerpt":"Die n\u00e4chste Station f\u00fcr den Fotografen von rockpixx.com: Das \u201eKieler Woche-Musikzelt\u201c. War es dort in den letzten Jahren leider immer leerer geworden, so sorgt diese Location heute f\u00fcr positives Erstaunen: Richtig voll ist es dort! Ein guter DJ h\u00e4lt das Publikum vor Beginn und w\u00e4hrend der Pausen bei Laune und\u2026","rel":"","context":"In &quot;Acts&quot;","block_context":{"text":"Acts","link":"http:\/\/www.rockpixx.com\/wordpress\/category\/acts\/"},"img":{"alt_text":"Ich will Spa\u00df-Band, 21.06.2013, Kiel, Musikzelt","src":"https:\/\/i0.wp.com\/www.rockpixx.com\/wordpress\/wp-content\/uploads\/2013\/06\/20130621-04-033_ich-will-spass-band-Artikel.jpg?resize=350%2C200","width":350,"height":200,"srcset":"https:\/\/i0.wp.com\/www.rockpixx.com\/wordpress\/wp-content\/uploads\/2013\/06\/20130621-04-033_ich-will-spass-band-Artikel.jpg?resize=350%2C200 1x, https:\/\/i0.wp.com\/www.rockpixx.com\/wordpress\/wp-content\/uploads\/2013\/06\/20130621-04-033_ich-will-spass-band-Artikel.jpg?resize=525%2C300 1.5x, https:\/\/i0.wp.com\/www.rockpixx.com\/wordpress\/wp-content\/uploads\/2013\/06\/20130621-04-033_ich-will-spass-band-Artikel.jpg?resize=700%2C400 2x"},"classes":[]},{"id":6282,"url":"http:\/\/www.rockpixx.com\/wordpress\/rockpirat-18-06-2010-kiel-kieler-woche-musikzelt\/","url_meta":{"origin":6312,"position":3},"title":"Rockpirat, 18.06.2010, Kiel, Kieler Woche Musikzelt","author":"Anja","date":"18. Juni 2010","format":false,"excerpt":"\u201eRockpirat\u201c \u2013 nicht aus der Karibik, sondern aus Th\u00fcringen. Diese Formation machte also den diesj\u00e4hrigen Opener im \u201eKieler Woche Musikzelt\u201c zum \u201eSoundcheck\u201c. Normalerweise w\u00fcrde man die 4 Jungs und das M\u00e4del als Coverband durchgehen lassen k\u00f6nnen, wenn nicht\u2026 Der Clou bei dieser Show war das Motto: \u201eNDW-Party\u201c. Und so hatten\u2026","rel":"","context":"In &quot;Acts&quot;","block_context":{"text":"Acts","link":"http:\/\/www.rockpixx.com\/wordpress\/category\/acts\/"},"img":{"alt_text":"Rockpirat, 18.06.2010, Kiel, Kieler Woche Musikzelt","src":"https:\/\/i0.wp.com\/www.rockpixx.com\/wordpress\/wp-content\/uploads\/2013\/01\/20100618-01-rockpirat-Artikel.jpg?resize=350%2C200","width":350,"height":200,"srcset":"https:\/\/i0.wp.com\/www.rockpixx.com\/wordpress\/wp-content\/uploads\/2013\/01\/20100618-01-rockpirat-Artikel.jpg?resize=350%2C200 1x, https:\/\/i0.wp.com\/www.rockpixx.com\/wordpress\/wp-content\/uploads\/2013\/01\/20100618-01-rockpirat-Artikel.jpg?resize=525%2C300 1.5x, https:\/\/i0.wp.com\/www.rockpixx.com\/wordpress\/wp-content\/uploads\/2013\/01\/20100618-01-rockpirat-Artikel.jpg?resize=700%2C400 2x"},"classes":[]},{"id":6375,"url":"http:\/\/www.rockpixx.com\/wordpress\/ukw-18-06-2010-kiel-kieler-woche-musikzelt\/","url_meta":{"origin":6312,"position":4},"title":"UKW, 18.06.2010, Kiel, Kieler Woche Musikzelt","author":"Anja","date":"18. Juni 2010","format":false,"excerpt":"Von UKW ist nur noch Peter Hubert \u00fcbriggeblieben aber das ist ja auch die entscheidende Stimme \u2013 der Rest kommt ohnehin von \u2192\u00a0\u201eRockpirat\u201c. Kurzgefasstes Fazit: Wie schon bei \u2192\u00a0Markus viel Spa\u00df, viel Power und auch hier einige Adaptionen fremder Songs. Der Knaller schlechthin an diesem Abend ist dabei (nat\u00fcrlich) der\u2026","rel":"","context":"In &quot;Acts&quot;","block_context":{"text":"Acts","link":"http:\/\/www.rockpixx.com\/wordpress\/category\/acts\/"},"img":{"alt_text":"UKW, 18.06.2010, Kiel, Kieler Woche Musikzelt","src":"https:\/\/i0.wp.com\/www.rockpixx.com\/wordpress\/wp-content\/uploads\/2013\/01\/20100618-07-ukw-Artikel.jpg?resize=350%2C200","width":350,"height":200,"srcset":"https:\/\/i0.wp.com\/www.rockpixx.com\/wordpress\/wp-content\/uploads\/2013\/01\/20100618-07-ukw-Artikel.jpg?resize=350%2C200 1x, https:\/\/i0.wp.com\/www.rockpixx.com\/wordpress\/wp-content\/uploads\/2013\/01\/20100618-07-ukw-Artikel.jpg?resize=525%2C300 1.5x, https:\/\/i0.wp.com\/www.rockpixx.com\/wordpress\/wp-content\/uploads\/2013\/01\/20100618-07-ukw-Artikel.jpg?resize=700%2C400 2x"},"classes":[]},{"id":14358,"url":"http:\/\/www.rockpixx.com\/wordpress\/markus-20-06-2014-kiel-kieler-woche-musikzelt\/","url_meta":{"origin":6312,"position":5},"title":"Markus, 20.06.2014, Kiel, Kieler Woche Musikzelt","author":"admin","date":"21. Juni 2014","format":false,"excerpt":"Und noch ein alter Bekannter, eine Stunde sp\u00e4ter als \u2192 Rea Garvey und eine B\u00fchne weiter: Markus versichert dem Publikum, dass sein Ferrari immer noch 210 f\u00e4hrt. Das Kieler Woche Musikzelt ist ja musikalisch eher f\u00fcr die Spa\u00df- und Partymusik zust\u00e4ndig \u2013 so ist es nur folgerichtig, dass zum Auftakt\u2026","rel":"","context":"In &quot;Acts&quot;","block_context":{"text":"Acts","link":"http:\/\/www.rockpixx.com\/wordpress\/category\/acts\/"},"img":{"alt_text":"Markus, 20.06.2014, Kiel, Kieler Woche Musikzelt","src":"https:\/\/i0.wp.com\/www.rockpixx.com\/wordpress\/wp-content\/uploads\/2014\/06\/20140620-04-092_markus_Artikel.jpg?resize=350%2C200","width":350,"height":200,"srcset":"https:\/\/i0.wp.com\/www.rockpixx.com\/wordpress\/wp-content\/uploads\/2014\/06\/20140620-04-092_markus_Artikel.jpg?resize=350%2C200 1x, https:\/\/i0.wp.com\/www.rockpixx.com\/wordpress\/wp-content\/uploads\/2014\/06\/20140620-04-092_markus_Artikel.jpg?resize=525%2C300 1.5x, https:\/\/i0.wp.com\/www.rockpixx.com\/wordpress\/wp-content\/uploads\/2014\/06\/20140620-04-092_markus_Artikel.jpg?resize=700%2C400 2x"},"classes":[]}],"jetpack_sharing_enabled":true,"publishpress_future_action":{"enabled":false,"date":"2026-05-07 07:54:30","action":"change-status","newStatus":"draft","terms":[],"taxonomy":"category","extraData":[]},"publishpress_future_workflow_manual_trigger":{"enabledWorkflows":[]},"_links":{"self":[{"href":"http:\/\/www.rockpixx.com\/wordpress\/wp-json\/wp\/v2\/posts\/6312","targetHints":{"allow":["GET"]}}],"collection":[{"href":"http:\/\/www.rockpixx.com\/wordpress\/wp-json\/wp\/v2\/posts"}],"about":[{"href":"http:\/\/www.rockpixx.com\/wordpress\/wp-json\/wp\/v2\/types\/post"}],"author":[{"embeddable":true,"href":"http:\/\/www.rockpixx.com\/wordpress\/wp-json\/wp\/v2\/users\/2"}],"replies":[{"embeddable":true,"href":"http:\/\/www.rockpixx.com\/wordpress\/wp-json\/wp\/v2\/comments?post=6312"}],"version-history":[{"count":0,"href":"http:\/\/www.rockpixx.com\/wordpress\/wp-json\/wp\/v2\/posts\/6312\/revisions"}],"wp:featuredmedia":[{"embeddable":true,"href":"http:\/\/www.rockpixx.com\/wordpress\/wp-json\/wp\/v2\/media\/6328"}],"wp:attachment":[{"href":"http:\/\/www.rockpixx.com\/wordpress\/wp-json\/wp\/v2\/media?parent=6312"}],"wp:term":[{"taxonomy":"category","embeddable":true,"href":"http:\/\/www.rockpixx.com\/wordpress\/wp-json\/wp\/v2\/categories?post=6312"},{"taxonomy":"post_tag","embeddable":true,"href":"http:\/\/www.rockpixx.com\/wordpress\/wp-json\/wp\/v2\/tags?post=6312"}],"curies":[{"name":"wp","href":"https:\/\/api.w.org\/{rel}","templated":true}]}}