{"id":6345,"date":"2010-06-18T05:00:42","date_gmt":"2010-06-18T03:00:42","guid":{"rendered":"http:\/\/rockpixx.com\/wordpress\/?p=6345"},"modified":"2013-01-27T16:48:35","modified_gmt":"2013-01-27T14:48:35","slug":"markus-18-06-2010-kiel-kieler-woche-musikzelt","status":"publish","type":"post","link":"http:\/\/www.rockpixx.com\/wordpress\/markus-18-06-2010-kiel-kieler-woche-musikzelt\/","title":{"rendered":"Markus, 18.06.2010, Kiel, Kieler Woche Musikzelt"},"content":{"rendered":"<p>Und dann hat nicht nur Markus Spa\u00df, sondern das gesamte Publikum! Hier wirkt es so, als ob Markus kein Jahr gealtert ist, er kommt immer noch so r\u00fcber, als ob er Mitte zwanzig w\u00e4re.<!--more-->Frisch, jugendlich und mit einer gro\u00dfen Portion Power fegt er \u00fcber die B\u00fchne und hat das Publikum gleich voll im Griff.<\/p>\n<p>Auch er bringt neben eigenen Songs fremde Lieder, so zum Beispiel den \u201eK\u00f6nig von Deutschland\u201c von Rio Reiser. Und bei der \u201ekleinen Taschenlampe\u201c wird er von der S\u00e4ngerin von \u2192\u00a0<a title=\"Rockpirat, 18.06.2010, Kiel, Kieler Woche Musikzelt\" href=\"http:\/\/rockpixx.com\/wordpress\/?p=6282\">\u201eRockpirat\u201c<\/a> aktiv unterst\u00fctzt, die den Gesangspart \u00fcbernimmt, den seinerzeit Nena beisteuerte.<\/p>\n<p style=\"text-align: right;\">Fotos: <a href=\"mailto:info@rockpixx.com?subject=Fotos%20von%20Markus,%20Kiel%20%E2%80%9EKieler%20Woche%20Musikzelt%E2%80%9C,%2018.06.2010\">Alex<\/a> | Text: <a href=\"mailto:info@rockpixx.com?subject=Reviewtext%20von%20Markus,%20Kiel%20%E2%80%9EKieler%20Woche%20Musikzelt%E2%80%9C,%2018.06.2010\">Alex<\/a><\/p>\n<p style=\"text-align: left;\"><div class=\"eat-left eat-right\"><div class=\"thumbs-masonry isotope\"><div class=\"isotope-item block-2 block-h-2\"><a href=\"http:\/\/www.rockpixx.com\/wordpress\/wp-content\/uploads\/2013\/01\/20100618-05-001.jpg\" rel=\"prettyPhoto[postgal_6347]\" class=\"show-hover-link block-h-2\"\"><img decoding=\"async\" src=\"http:\/\/www.rockpixx.com\/wordpress\/wp-content\/uploads\/2013\/01\/20100618-05-001-480x400.jpg\" alt=\"Markus, 18.06.2010, Kiel, Kieler Woche Musikzelt\"\/><span class=\"before\"><\/span><span class=\"after\"><\/span><\/a><\/div><div class=\"isotope-item block-1 block-h-1\"><a href=\"http:\/\/www.rockpixx.com\/wordpress\/wp-content\/uploads\/2013\/01\/20100618-05-012.jpg\" rel=\"prettyPhoto[postgal_6347]\" class=\"show-hover-link block-h-1\"\"><img decoding=\"async\" src=\"http:\/\/www.rockpixx.com\/wordpress\/wp-content\/uploads\/2013\/01\/20100618-05-012-480x400.jpg\" alt=\"Markus, 18.06.2010, Kiel, Kieler Woche Musikzelt\"\/><span class=\"before\"><\/span><span class=\"after\"><\/span><\/a><\/div><div class=\"isotope-item block-1 block-h-1\"><a href=\"http:\/\/www.rockpixx.com\/wordpress\/wp-content\/uploads\/2013\/01\/20100618-05-020.jpg\" rel=\"prettyPhoto[postgal_6347]\" class=\"show-hover-link block-h-1\"\"><img decoding=\"async\" src=\"http:\/\/www.rockpixx.com\/wordpress\/wp-content\/uploads\/2013\/01\/20100618-05-020-480x400.jpg\" alt=\"Markus, 18.06.2010, Kiel, Kieler Woche Musikzelt\"\/><span class=\"before\"><\/span><span class=\"after\"><\/span><\/a><\/div><div class=\"isotope-item block-2 block-h-2\"><a href=\"http:\/\/www.rockpixx.com\/wordpress\/wp-content\/uploads\/2013\/01\/20100618-05-027.jpg\" rel=\"prettyPhoto[postgal_6347]\" class=\"show-hover-link block-h-2\"\"><img decoding=\"async\" src=\"http:\/\/www.rockpixx.com\/wordpress\/wp-content\/uploads\/2013\/01\/20100618-05-027-480x400.jpg\" alt=\"Markus, 18.06.2010, Kiel, Kieler Woche Musikzelt\"\/><span class=\"before\"><\/span><span class=\"after\"><\/span><\/a><\/div><div class=\"isotope-item block-1 block-h-1\"><a href=\"http:\/\/www.rockpixx.com\/wordpress\/wp-content\/uploads\/2013\/01\/20100618-05-030.jpg\" rel=\"prettyPhoto[postgal_6347]\" class=\"show-hover-link block-h-1\"\"><img decoding=\"async\" src=\"http:\/\/www.rockpixx.com\/wordpress\/wp-content\/uploads\/2013\/01\/20100618-05-030-480x400.jpg\" alt=\"Markus, 18.06.2010, Kiel, Kieler Woche Musikzelt\"\/><span class=\"before\"><\/span><span class=\"after\"><\/span><\/a><\/div><div class=\"isotope-item block-1 block-h-1\"><a href=\"http:\/\/www.rockpixx.com\/wordpress\/wp-content\/uploads\/2013\/01\/20100618-05-035.jpg\" rel=\"prettyPhoto[postgal_6347]\" class=\"show-hover-link block-h-1\"\"><img decoding=\"async\" src=\"http:\/\/www.rockpixx.com\/wordpress\/wp-content\/uploads\/2013\/01\/20100618-05-035-480x400.jpg\" alt=\"Markus, 18.06.2010, Kiel, Kieler Woche Musikzelt\"\/><span class=\"before\"><\/span><span class=\"after\"><\/span><\/a><\/div><div class=\"isotope-item block-2 block-h-2\"><a href=\"http:\/\/www.rockpixx.com\/wordpress\/wp-content\/uploads\/2013\/01\/20100618-05-047.jpg\" rel=\"prettyPhoto[postgal_6347]\" class=\"show-hover-link block-h-2\"\"><img decoding=\"async\" src=\"http:\/\/www.rockpixx.com\/wordpress\/wp-content\/uploads\/2013\/01\/20100618-05-047-480x400.jpg\" alt=\"Markus, 18.06.2010, Kiel, Kieler Woche Musikzelt\"\/><span class=\"before\"><\/span><span class=\"after\"><\/span><\/a><\/div><div class=\"isotope-item block-1 block-h-1\"><a href=\"http:\/\/www.rockpixx.com\/wordpress\/wp-content\/uploads\/2013\/01\/20100618-05-050.jpg\" rel=\"prettyPhoto[postgal_6347]\" class=\"show-hover-link block-h-1\"\"><img decoding=\"async\" src=\"http:\/\/www.rockpixx.com\/wordpress\/wp-content\/uploads\/2013\/01\/20100618-05-050-480x400.jpg\" alt=\"Markus, 18.06.2010, Kiel, Kieler Woche Musikzelt\"\/><span class=\"before\"><\/span><span class=\"after\"><\/span><\/a><\/div><div class=\"isotope-item block-1 block-h-1\"><a href=\"http:\/\/www.rockpixx.com\/wordpress\/wp-content\/uploads\/2013\/01\/20100618-05-063.jpg\" rel=\"prettyPhoto[postgal_6347]\" class=\"show-hover-link block-h-1\"\"><img decoding=\"async\" src=\"http:\/\/www.rockpixx.com\/wordpress\/wp-content\/uploads\/2013\/01\/20100618-05-063-480x400.jpg\" alt=\"Markus, 18.06.2010, Kiel, Kieler Woche Musikzelt\"\/><span class=\"before\"><\/span><span class=\"after\"><\/span><\/a><\/div><div class=\"isotope-item block-2 block-h-2\"><a href=\"http:\/\/www.rockpixx.com\/wordpress\/wp-content\/uploads\/2013\/01\/20100618-05-078.jpg\" rel=\"prettyPhoto[postgal_6347]\" class=\"show-hover-link block-h-2\"\"><img decoding=\"async\" src=\"http:\/\/www.rockpixx.com\/wordpress\/wp-content\/uploads\/2013\/01\/20100618-05-078-480x400.jpg\" alt=\"Markus, 18.06.2010, Kiel, Kieler Woche Musikzelt\"\/><span class=\"before\"><\/span><span class=\"after\"><\/span><\/a><\/div><\/div><\/div><\/p>\n","protected":false},"excerpt":{"rendered":"<p>Und dann hat nicht nur Markus Spa\u00df, sondern das gesamte Publikum! Hier wirkt es so, <a href=\"http:\/\/www.rockpixx.com\/wordpress\/markus-18-06-2010-kiel-kieler-woche-musikzelt\/\">Read more<\/a><\/p>\n","protected":false},"author":2,"featured_media":6346,"comment_status":"open","ping_status":"open","sticky":false,"template":"","format":"standard","meta":{"_jetpack_memberships_contains_paid_content":false,"footnotes":"","jetpack_publicize_message":"","jetpack_publicize_feature_enabled":true,"jetpack_social_post_already_shared":true,"jetpack_social_options":{"image_generator_settings":{"template":"highway","default_image_id":0,"font":"","enabled":false},"version":2}},"categories":[34,483],"tags":[1832,133,1735,138,766,1866],"class_list":["post-6345","post","type-post","status-publish","format-standard","has-post-thumbnail","hentry","category-acts","category-markus","tag-1832","tag-festivals","tag-kiel","tag-kieler-woche","tag-kieler-woche-musikzelt","tag-markus"],"aioseo_notices":[],"jetpack_publicize_connections":[],"jetpack_featured_media_url":"http:\/\/www.rockpixx.com\/wordpress\/wp-content\/uploads\/2013\/01\/20100618-05-markus-Artikel.jpg","jetpack-related-posts":[{"id":14358,"url":"http:\/\/www.rockpixx.com\/wordpress\/markus-20-06-2014-kiel-kieler-woche-musikzelt\/","url_meta":{"origin":6345,"position":0},"title":"Markus, 20.06.2014, Kiel, Kieler Woche Musikzelt","author":"admin","date":"21. Juni 2014","format":false,"excerpt":"Und noch ein alter Bekannter, eine Stunde sp\u00e4ter als \u2192 Rea Garvey und eine B\u00fchne weiter: Markus versichert dem Publikum, dass sein Ferrari immer noch 210 f\u00e4hrt. Das Kieler Woche Musikzelt ist ja musikalisch eher f\u00fcr die Spa\u00df- und Partymusik zust\u00e4ndig \u2013 so ist es nur folgerichtig, dass zum Auftakt\u2026","rel":"","context":"In &quot;Acts&quot;","block_context":{"text":"Acts","link":"http:\/\/www.rockpixx.com\/wordpress\/category\/acts\/"},"img":{"alt_text":"Markus, 20.06.2014, Kiel, Kieler Woche Musikzelt","src":"https:\/\/i0.wp.com\/www.rockpixx.com\/wordpress\/wp-content\/uploads\/2014\/06\/20140620-04-092_markus_Artikel.jpg?resize=350%2C200","width":350,"height":200,"srcset":"https:\/\/i0.wp.com\/www.rockpixx.com\/wordpress\/wp-content\/uploads\/2014\/06\/20140620-04-092_markus_Artikel.jpg?resize=350%2C200 1x, https:\/\/i0.wp.com\/www.rockpixx.com\/wordpress\/wp-content\/uploads\/2014\/06\/20140620-04-092_markus_Artikel.jpg?resize=525%2C300 1.5x, https:\/\/i0.wp.com\/www.rockpixx.com\/wordpress\/wp-content\/uploads\/2014\/06\/20140620-04-092_markus_Artikel.jpg?resize=700%2C400 2x"},"classes":[]},{"id":11032,"url":"http:\/\/www.rockpixx.com\/wordpress\/markus-21-06-2013-kiel-kieler-woche-musikzelt\/","url_meta":{"origin":6345,"position":1},"title":"Markus, 21.06.2013, Kiel, Kieler Woche Musikzelt","author":"Anja","date":"22. Juni 2013","format":false,"excerpt":"Und dann geht\u2019s los: Nach einer kurzen Pause (mit DJ) erklingt eine \u201eOuvert\u00fcre\u201c, die sofort erkennen l\u00e4sst, dass wohl nun der Vertreter der Spa\u00dffraktion, Markus, gleich auf die B\u00fchne kommen wird. Und richtig: Jugendlich wie immer st\u00fcrmt er auf die B\u00fchne, die Menge davor jubelt und gemeinsam stimmen alle ein:\u2026","rel":"","context":"In &quot;Acts&quot;","block_context":{"text":"Acts","link":"http:\/\/www.rockpixx.com\/wordpress\/category\/acts\/"},"img":{"alt_text":"Markus, 21.06.2013, Kiel, Musikzelt","src":"https:\/\/i0.wp.com\/www.rockpixx.com\/wordpress\/wp-content\/uploads\/2013\/06\/20130621-05-047_markus-Artikel.jpg?resize=350%2C200","width":350,"height":200,"srcset":"https:\/\/i0.wp.com\/www.rockpixx.com\/wordpress\/wp-content\/uploads\/2013\/06\/20130621-05-047_markus-Artikel.jpg?resize=350%2C200 1x, https:\/\/i0.wp.com\/www.rockpixx.com\/wordpress\/wp-content\/uploads\/2013\/06\/20130621-05-047_markus-Artikel.jpg?resize=525%2C300 1.5x, https:\/\/i0.wp.com\/www.rockpixx.com\/wordpress\/wp-content\/uploads\/2013\/06\/20130621-05-047_markus-Artikel.jpg?resize=700%2C400 2x"},"classes":[]},{"id":6375,"url":"http:\/\/www.rockpixx.com\/wordpress\/ukw-18-06-2010-kiel-kieler-woche-musikzelt\/","url_meta":{"origin":6345,"position":2},"title":"UKW, 18.06.2010, Kiel, Kieler Woche Musikzelt","author":"Anja","date":"18. Juni 2010","format":false,"excerpt":"Von UKW ist nur noch Peter Hubert \u00fcbriggeblieben aber das ist ja auch die entscheidende Stimme \u2013 der Rest kommt ohnehin von \u2192\u00a0\u201eRockpirat\u201c. Kurzgefasstes Fazit: Wie schon bei \u2192\u00a0Markus viel Spa\u00df, viel Power und auch hier einige Adaptionen fremder Songs. Der Knaller schlechthin an diesem Abend ist dabei (nat\u00fcrlich) der\u2026","rel":"","context":"In &quot;Acts&quot;","block_context":{"text":"Acts","link":"http:\/\/www.rockpixx.com\/wordpress\/category\/acts\/"},"img":{"alt_text":"UKW, 18.06.2010, Kiel, Kieler Woche Musikzelt","src":"https:\/\/i0.wp.com\/www.rockpixx.com\/wordpress\/wp-content\/uploads\/2013\/01\/20100618-07-ukw-Artikel.jpg?resize=350%2C200","width":350,"height":200,"srcset":"https:\/\/i0.wp.com\/www.rockpixx.com\/wordpress\/wp-content\/uploads\/2013\/01\/20100618-07-ukw-Artikel.jpg?resize=350%2C200 1x, https:\/\/i0.wp.com\/www.rockpixx.com\/wordpress\/wp-content\/uploads\/2013\/01\/20100618-07-ukw-Artikel.jpg?resize=525%2C300 1.5x, https:\/\/i0.wp.com\/www.rockpixx.com\/wordpress\/wp-content\/uploads\/2013\/01\/20100618-07-ukw-Artikel.jpg?resize=700%2C400 2x"},"classes":[]},{"id":11037,"url":"http:\/\/www.rockpixx.com\/wordpress\/hubert-kah-21-06-2013-kiel-kieler-woche-musikzelt\/","url_meta":{"origin":6345,"position":3},"title":"Hubert Kah, 21.06.2013, Kiel, Kieler Woche Musikzelt","author":"Anja","date":"22. Juni 2013","format":false,"excerpt":"Ohne Pause nach nur zwei Songs von \u2192Markus kommt Hubert Kah und besingt eine seiner gro\u00dfen Lieben, die \u201eRosemarie\u201c. Auch hier sind zwei Dinge sehr bemerkenswert: Erstens ist das Publikum nat\u00fcrlich sehr textsicher und zweitens ist es beeindruckend, dieses Lied live zu erleben \u2013 es ist v\u00f6llig anders und viel\u2026","rel":"","context":"In &quot;Acts&quot;","block_context":{"text":"Acts","link":"http:\/\/www.rockpixx.com\/wordpress\/category\/acts\/"},"img":{"alt_text":"","src":"https:\/\/i0.wp.com\/www.rockpixx.com\/wordpress\/wp-content\/uploads\/2013\/06\/20130621-06-002_hubert-kah-Artikel.jpg?resize=350%2C200","width":350,"height":200,"srcset":"https:\/\/i0.wp.com\/www.rockpixx.com\/wordpress\/wp-content\/uploads\/2013\/06\/20130621-06-002_hubert-kah-Artikel.jpg?resize=350%2C200 1x, https:\/\/i0.wp.com\/www.rockpixx.com\/wordpress\/wp-content\/uploads\/2013\/06\/20130621-06-002_hubert-kah-Artikel.jpg?resize=525%2C300 1.5x, https:\/\/i0.wp.com\/www.rockpixx.com\/wordpress\/wp-content\/uploads\/2013\/06\/20130621-06-002_hubert-kah-Artikel.jpg?resize=700%2C400 2x"},"classes":[]},{"id":11029,"url":"http:\/\/www.rockpixx.com\/wordpress\/ich-will-spas-band-21-06-2013-kiel-kieler-woche-musikzelt\/","url_meta":{"origin":6345,"position":4},"title":"Ich will Spa\u00df-Band, 21.06.2013, Kiel, Kieler Woche Musikzelt","author":"Anja","date":"22. Juni 2013","format":false,"excerpt":"Die n\u00e4chste Station f\u00fcr den Fotografen von rockpixx.com: Das \u201eKieler Woche-Musikzelt\u201c. War es dort in den letzten Jahren leider immer leerer geworden, so sorgt diese Location heute f\u00fcr positives Erstaunen: Richtig voll ist es dort! Ein guter DJ h\u00e4lt das Publikum vor Beginn und w\u00e4hrend der Pausen bei Laune und\u2026","rel":"","context":"In &quot;Acts&quot;","block_context":{"text":"Acts","link":"http:\/\/www.rockpixx.com\/wordpress\/category\/acts\/"},"img":{"alt_text":"Ich will Spa\u00df-Band, 21.06.2013, Kiel, Musikzelt","src":"https:\/\/i0.wp.com\/www.rockpixx.com\/wordpress\/wp-content\/uploads\/2013\/06\/20130621-04-033_ich-will-spass-band-Artikel.jpg?resize=350%2C200","width":350,"height":200,"srcset":"https:\/\/i0.wp.com\/www.rockpixx.com\/wordpress\/wp-content\/uploads\/2013\/06\/20130621-04-033_ich-will-spass-band-Artikel.jpg?resize=350%2C200 1x, https:\/\/i0.wp.com\/www.rockpixx.com\/wordpress\/wp-content\/uploads\/2013\/06\/20130621-04-033_ich-will-spass-band-Artikel.jpg?resize=525%2C300 1.5x, https:\/\/i0.wp.com\/www.rockpixx.com\/wordpress\/wp-content\/uploads\/2013\/06\/20130621-04-033_ich-will-spass-band-Artikel.jpg?resize=700%2C400 2x"},"classes":[]},{"id":6390,"url":"http:\/\/www.rockpixx.com\/wordpress\/geier-sturzflug-18-06-2010-kiel-kieler-woche-musikzelt\/","url_meta":{"origin":6345,"position":5},"title":"Geier Sturzflug, 18.06.2010, Kiel, Kieler Woche Musikzelt","author":"Anja","date":"18. Juni 2010","format":false,"excerpt":"Wie schon bei \u2192\u00a0UKW, so bestehen \u201eGeier Sturzflug\u201c auch nicht mehr in der Originalbesetzung. War es in den Achtzigern ja mitunter halb Bochum, was sich da auf der B\u00fchne tummelte, so ist aus der Ursprungsbesetzung nur noch Friedel Geratsch dabei, seit einigen Jahren unterst\u00fctzt von Carlo von Steinfurt. Die \u201ePure\u2026","rel":"","context":"In &quot;Acts&quot;","block_context":{"text":"Acts","link":"http:\/\/www.rockpixx.com\/wordpress\/category\/acts\/"},"img":{"alt_text":"Geier Sturzflug, 18.06.2010, Kiel, Kieler Woche Musikzelt","src":"https:\/\/i0.wp.com\/www.rockpixx.com\/wordpress\/wp-content\/uploads\/2013\/01\/20100618-08-geier-sturzflug-Artikel.jpg?resize=350%2C200","width":350,"height":200,"srcset":"https:\/\/i0.wp.com\/www.rockpixx.com\/wordpress\/wp-content\/uploads\/2013\/01\/20100618-08-geier-sturzflug-Artikel.jpg?resize=350%2C200 1x, https:\/\/i0.wp.com\/www.rockpixx.com\/wordpress\/wp-content\/uploads\/2013\/01\/20100618-08-geier-sturzflug-Artikel.jpg?resize=525%2C300 1.5x, https:\/\/i0.wp.com\/www.rockpixx.com\/wordpress\/wp-content\/uploads\/2013\/01\/20100618-08-geier-sturzflug-Artikel.jpg?resize=700%2C400 2x"},"classes":[]}],"jetpack_sharing_enabled":true,"publishpress_future_action":{"enabled":false,"date":"2026-05-07 07:46:41","action":"change-status","newStatus":"draft","terms":[],"taxonomy":"category","extraData":[]},"publishpress_future_workflow_manual_trigger":{"enabledWorkflows":[]},"_links":{"self":[{"href":"http:\/\/www.rockpixx.com\/wordpress\/wp-json\/wp\/v2\/posts\/6345","targetHints":{"allow":["GET"]}}],"collection":[{"href":"http:\/\/www.rockpixx.com\/wordpress\/wp-json\/wp\/v2\/posts"}],"about":[{"href":"http:\/\/www.rockpixx.com\/wordpress\/wp-json\/wp\/v2\/types\/post"}],"author":[{"embeddable":true,"href":"http:\/\/www.rockpixx.com\/wordpress\/wp-json\/wp\/v2\/users\/2"}],"replies":[{"embeddable":true,"href":"http:\/\/www.rockpixx.com\/wordpress\/wp-json\/wp\/v2\/comments?post=6345"}],"version-history":[{"count":0,"href":"http:\/\/www.rockpixx.com\/wordpress\/wp-json\/wp\/v2\/posts\/6345\/revisions"}],"wp:featuredmedia":[{"embeddable":true,"href":"http:\/\/www.rockpixx.com\/wordpress\/wp-json\/wp\/v2\/media\/6346"}],"wp:attachment":[{"href":"http:\/\/www.rockpixx.com\/wordpress\/wp-json\/wp\/v2\/media?parent=6345"}],"wp:term":[{"taxonomy":"category","embeddable":true,"href":"http:\/\/www.rockpixx.com\/wordpress\/wp-json\/wp\/v2\/categories?post=6345"},{"taxonomy":"post_tag","embeddable":true,"href":"http:\/\/www.rockpixx.com\/wordpress\/wp-json\/wp\/v2\/tags?post=6345"}],"curies":[{"name":"wp","href":"https:\/\/api.w.org\/{rel}","templated":true}]}}