{"id":6406,"date":"2010-06-19T01:00:02","date_gmt":"2010-06-18T23:00:02","guid":{"rendered":"http:\/\/rockpixx.com\/wordpress\/?p=6406"},"modified":"2013-01-27T16:49:22","modified_gmt":"2013-01-27T14:49:22","slug":"quo-19-06-2010-kiel-ndr-buhne","status":"publish","type":"post","link":"http:\/\/www.rockpixx.com\/wordpress\/quo-19-06-2010-kiel-ndr-buhne\/","title":{"rendered":"Quo, 19.06.2010, Kiel, NDR-B\u00fchne"},"content":{"rendered":"<p>Irgendwie geh\u00f6ren die vier Jungs von \u201eQuo\u201c f\u00fcr uns auf der \u201eKieler Woche\u201c ja schon beinahe zum Inventar \u2013 egal auf welcher B\u00fchne. Dieses Jahr liefern sie also auf der NDR-B\u00fchne ihre Show und es f\u00fchlt sich \u2013 wie die Jahre zuvor \u2013 ebenfalls wieder richtig gut nach \u2192\u00a0<a title=\"Status Quo\" href=\"http:\/\/rockpixx.com\/wordpress\/?cat=421\">\u201eStatus Quo<\/a>\u201c an. <!--more-->Schade nur, dass bei gef\u00fchlt 200 Zuschauern vor der B\u00fchne die Stimmung entsprechend k\u00fchl bleibt. Aber das liegt wohl am zeitgleich stattfindenden \u201eHolstenbummel\u201c zur Er\u00f6ffnung der \u201eKieler Woche\u201c und dem k\u00fchlen und feuchten Wetter.<\/p>\n<p>Ansonsten bleiben noch ein paar Dinge zu notieren\u2026<\/p>\n<ul>\n<li>Sound: gut,<\/li>\n<li>Licht: Keine Ahnung, daf\u00fcr ist es noch zu hell,<\/li>\n<li>Graben: riesig mit viel Platz und viel besser als im letzten Jahr an der NDR-B\u00fchne (Es ist gut, dass die B\u00fchne wieder an ihren alten Platz am Ostseekai zur\u00fcckgekehrt ist, der Standort 2009 war katastrophal.),<\/li>\n<li>Wetter: h\u00e4tte schlimmer sein k\u00f6nnen, aber gegen ein paar mehr Grad Celsius h\u00e4tte auch keiner etwas einzuwenden gehabt.<\/li>\n<\/ul>\n<p style=\"text-align: right;\">Fotos: <a href=\"mailto:info@rockpixx.com?subject=Fotos%20von%20Quo,%20Kiel%20%E2%80%9ENDR-B%C3%BChne%E2%80%9C,%2019.06.2010\">Alex<\/a> | Text: <a href=\"mailto:info@rockpixx.com?subject=Reviewtext%20von%20Quo,%20Kiel%20%E2%80%9ENDR-B%C3%BChne%E2%80%9C,%2019.06.2010\">Alex<\/a><\/p>\n<p style=\"text-align: left;\"><div class=\"eat-left eat-right\"><div class=\"thumbs-masonry isotope\"><div class=\"isotope-item block-2 block-h-2\"><a href=\"http:\/\/www.rockpixx.com\/wordpress\/wp-content\/uploads\/2013\/01\/20100619-01-004.jpg\" rel=\"prettyPhoto[postgal_6408]\" class=\"show-hover-link block-h-2\"\"><img decoding=\"async\" src=\"http:\/\/www.rockpixx.com\/wordpress\/wp-content\/uploads\/2013\/01\/20100619-01-004-480x400.jpg\" alt=\"Quo, 19.06.2010, Kiel, NDR-B\u00fchne\"\/><span class=\"before\"><\/span><span class=\"after\"><\/span><\/a><\/div><div class=\"isotope-item block-1 block-h-1\"><a href=\"http:\/\/www.rockpixx.com\/wordpress\/wp-content\/uploads\/2013\/01\/20100619-01-006.jpg\" rel=\"prettyPhoto[postgal_6408]\" class=\"show-hover-link block-h-1\"\"><img decoding=\"async\" src=\"http:\/\/www.rockpixx.com\/wordpress\/wp-content\/uploads\/2013\/01\/20100619-01-006-480x400.jpg\" alt=\"Quo, 19.06.2010, Kiel, NDR-B\u00fchne\"\/><span class=\"before\"><\/span><span class=\"after\"><\/span><\/a><\/div><div class=\"isotope-item block-1 block-h-1\"><a href=\"http:\/\/www.rockpixx.com\/wordpress\/wp-content\/uploads\/2013\/01\/20100619-01-036.jpg\" rel=\"prettyPhoto[postgal_6408]\" class=\"show-hover-link block-h-1\"\"><img decoding=\"async\" src=\"http:\/\/www.rockpixx.com\/wordpress\/wp-content\/uploads\/2013\/01\/20100619-01-036-480x400.jpg\" alt=\"Quo, 19.06.2010, Kiel, NDR-B\u00fchne\"\/><span class=\"before\"><\/span><span class=\"after\"><\/span><\/a><\/div><div class=\"isotope-item block-2 block-h-2\"><a href=\"http:\/\/www.rockpixx.com\/wordpress\/wp-content\/uploads\/2013\/01\/20100619-01-057.jpg\" rel=\"prettyPhoto[postgal_6408]\" class=\"show-hover-link block-h-2\"\"><img decoding=\"async\" src=\"http:\/\/www.rockpixx.com\/wordpress\/wp-content\/uploads\/2013\/01\/20100619-01-057-480x400.jpg\" alt=\"Quo, 19.06.2010, Kiel, NDR-B\u00fchne\"\/><span class=\"before\"><\/span><span class=\"after\"><\/span><\/a><\/div><div class=\"isotope-item block-1 block-h-1\"><a href=\"http:\/\/www.rockpixx.com\/wordpress\/wp-content\/uploads\/2013\/01\/20100619-01-065.jpg\" rel=\"prettyPhoto[postgal_6408]\" class=\"show-hover-link block-h-1\"\"><img decoding=\"async\" src=\"http:\/\/www.rockpixx.com\/wordpress\/wp-content\/uploads\/2013\/01\/20100619-01-065-480x400.jpg\" alt=\"Quo, 19.06.2010, Kiel, NDR-B\u00fchne\"\/><span class=\"before\"><\/span><span class=\"after\"><\/span><\/a><\/div><div class=\"isotope-item block-1 block-h-1\"><a href=\"http:\/\/www.rockpixx.com\/wordpress\/wp-content\/uploads\/2013\/01\/20100619-01-092.jpg\" rel=\"prettyPhoto[postgal_6408]\" class=\"show-hover-link block-h-1\"\"><img decoding=\"async\" src=\"http:\/\/www.rockpixx.com\/wordpress\/wp-content\/uploads\/2013\/01\/20100619-01-092-480x400.jpg\" alt=\"Quo, 19.06.2010, Kiel, NDR-B\u00fchne\"\/><span class=\"before\"><\/span><span class=\"after\"><\/span><\/a><\/div><div class=\"isotope-item block-2 block-h-2\"><a href=\"http:\/\/www.rockpixx.com\/wordpress\/wp-content\/uploads\/2013\/01\/20100619-01-109.jpg\" rel=\"prettyPhoto[postgal_6408]\" class=\"show-hover-link block-h-2\"\"><img decoding=\"async\" src=\"http:\/\/www.rockpixx.com\/wordpress\/wp-content\/uploads\/2013\/01\/20100619-01-109-480x400.jpg\" alt=\"Quo, 19.06.2010, Kiel, NDR-B\u00fchne\"\/><span class=\"before\"><\/span><span class=\"after\"><\/span><\/a><\/div><div class=\"isotope-item block-1 block-h-1\"><a href=\"http:\/\/www.rockpixx.com\/wordpress\/wp-content\/uploads\/2013\/01\/20100619-01-115.jpg\" rel=\"prettyPhoto[postgal_6408]\" class=\"show-hover-link block-h-1\"\"><img decoding=\"async\" src=\"http:\/\/www.rockpixx.com\/wordpress\/wp-content\/uploads\/2013\/01\/20100619-01-115-480x400.jpg\" alt=\"Quo, 19.06.2010, Kiel, NDR-B\u00fchne\"\/><span class=\"before\"><\/span><span class=\"after\"><\/span><\/a><\/div><div class=\"isotope-item block-1 block-h-1\"><a href=\"http:\/\/www.rockpixx.com\/wordpress\/wp-content\/uploads\/2013\/01\/20100619-01-123.jpg\" rel=\"prettyPhoto[postgal_6408]\" class=\"show-hover-link block-h-1\"\"><img decoding=\"async\" src=\"http:\/\/www.rockpixx.com\/wordpress\/wp-content\/uploads\/2013\/01\/20100619-01-123-480x400.jpg\" alt=\"Quo, 19.06.2010, Kiel, NDR-B\u00fchne\"\/><span class=\"before\"><\/span><span class=\"after\"><\/span><\/a><\/div><div class=\"isotope-item block-2 block-h-2\"><a href=\"http:\/\/www.rockpixx.com\/wordpress\/wp-content\/uploads\/2013\/01\/20100619-01-139.jpg\" rel=\"prettyPhoto[postgal_6408]\" class=\"show-hover-link block-h-2\"\"><img decoding=\"async\" src=\"http:\/\/www.rockpixx.com\/wordpress\/wp-content\/uploads\/2013\/01\/20100619-01-139-480x400.jpg\" alt=\"Quo, 19.06.2010, Kiel, NDR-B\u00fchne\"\/><span class=\"before\"><\/span><span class=\"after\"><\/span><\/a><\/div><\/div><\/div><\/p>\n","protected":false},"excerpt":{"rendered":"<p>Irgendwie geh\u00f6ren die vier Jungs von \u201eQuo\u201c f\u00fcr uns auf der \u201eKieler Woche\u201c ja schon <a href=\"http:\/\/www.rockpixx.com\/wordpress\/quo-19-06-2010-kiel-ndr-buhne\/\">Read more<\/a><\/p>\n","protected":false},"author":2,"featured_media":6407,"comment_status":"open","ping_status":"open","sticky":false,"template":"","format":"standard","meta":{"_jetpack_memberships_contains_paid_content":false,"footnotes":"","jetpack_publicize_message":"","jetpack_publicize_feature_enabled":true,"jetpack_social_post_already_shared":true,"jetpack_social_options":{"image_generator_settings":{"template":"highway","default_image_id":0,"font":"","enabled":false},"version":2}},"categories":[34,374,1643,5],"tags":[1832,133,1735,138,1775,1773,218],"class_list":["post-6406","post","type-post","status-publish","format-standard","has-post-thumbnail","hentry","category-acts","category-quo","category-status-quo-tribute","category-tributebands","tag-1832","tag-festivals","tag-kiel","tag-kieler-woche","tag-ndr-buhne","tag-quo","tag-status-quo"],"aioseo_notices":[],"jetpack_publicize_connections":[],"jetpack_featured_media_url":"http:\/\/www.rockpixx.com\/wordpress\/wp-content\/uploads\/2013\/01\/20100619-01-quo-Artikel.jpg","jetpack-related-posts":[{"id":7742,"url":"http:\/\/www.rockpixx.com\/wordpress\/quo-19-06-2011-kiel-unser-norden-buhne\/","url_meta":{"origin":6406,"position":0},"title":"Quo, 19.06.2011, Kiel, Unser Norden-B\u00fchne","author":"Anja","date":"19. Juni 2011","format":false,"excerpt":"\u201eQuo\u201c aus Hamburg, rockpixx.com und die \u201eKieler Woche\u201c: Drei Dinge, die anscheinend zusammen geh\u00f6ren. Jetzt die vier Musiker also zum vierten Mal in Folge vor unseren Kameras und zum ersten Mal konnte ich w\u00e4hrend des gesamten Gigs hautnah auf der gro\u00dfen \u201eUnser Norden-B\u00fchne\u201c mit den Jungs auf Tuchf\u00fchlung gehen. Zu\u2026","rel":"","context":"In &quot;Acts&quot;","block_context":{"text":"Acts","link":"http:\/\/www.rockpixx.com\/wordpress\/category\/acts\/"},"img":{"alt_text":"Quo, 19.06.2011, Kiel, Unser Norden-B\u00fchne","src":"https:\/\/i0.wp.com\/www.rockpixx.com\/wordpress\/wp-content\/uploads\/2013\/01\/20110619-03-quo-Artikel.jpg?resize=350%2C200","width":350,"height":200,"srcset":"https:\/\/i0.wp.com\/www.rockpixx.com\/wordpress\/wp-content\/uploads\/2013\/01\/20110619-03-quo-Artikel.jpg?resize=350%2C200 1x, https:\/\/i0.wp.com\/www.rockpixx.com\/wordpress\/wp-content\/uploads\/2013\/01\/20110619-03-quo-Artikel.jpg?resize=525%2C300 1.5x, https:\/\/i0.wp.com\/www.rockpixx.com\/wordpress\/wp-content\/uploads\/2013\/01\/20110619-03-quo-Artikel.jpg?resize=700%2C400 2x"},"classes":[]},{"id":20237,"url":"http:\/\/www.rockpixx.com\/wordpress\/saga-18-06-2016-hoern-buehne-kieler-woche-kiel\/","url_meta":{"origin":6406,"position":1},"title":"SAGA, 18.06.2016, H\u00f6rn-B\u00fchne, Kieler Woche, Kiel","author":"A. Hahl","date":"20. Juni 2016","format":false,"excerpt":"Die Band, welche mit Ihren \u201eChapters\u201c ber\u00fchmt wurde, gastiert in ihrem 39. Jahr des Bestehens in Kiel \u2013 wieder einmal. Und zum vierten Mal kann nun \u201eSAGA\u201c f\u00fcr rockpixx.com fotografieren \u2013 immer wieder ein Genuss. Das Setup f\u00fcr einen gelungenen Abend steht: Zuvor hat die \u201eStatus Quo\u201c-Tributeband \u2192 \u201eQuo\u201c aus\u2026","rel":"","context":"In &quot;Acts&quot;","block_context":{"text":"Acts","link":"http:\/\/www.rockpixx.com\/wordpress\/category\/acts\/"},"img":{"alt_text":"SAGA, 18.06.2016, Kiel, Kieler Woche, H\u00f6rnb\u00fchne","src":"https:\/\/i0.wp.com\/www.rockpixx.com\/wordpress\/wp-content\/uploads\/2016\/06\/20160618-02-117.jpg?resize=350%2C200","width":350,"height":200,"srcset":"https:\/\/i0.wp.com\/www.rockpixx.com\/wordpress\/wp-content\/uploads\/2016\/06\/20160618-02-117.jpg?resize=350%2C200 1x, https:\/\/i0.wp.com\/www.rockpixx.com\/wordpress\/wp-content\/uploads\/2016\/06\/20160618-02-117.jpg?resize=525%2C300 1.5x, https:\/\/i0.wp.com\/www.rockpixx.com\/wordpress\/wp-content\/uploads\/2016\/06\/20160618-02-117.jpg?resize=700%2C400 2x"},"classes":[]},{"id":7639,"url":"http:\/\/www.rockpixx.com\/wordpress\/alive-and-kicking-17-06-2011-kiel-ndr-buhne\/","url_meta":{"origin":6406,"position":2},"title":"Alive &#038; Kicking, 17.06.2011, Kiel, NDR-B\u00fchne","author":"Anja","date":"17. Juni 2011","format":false,"excerpt":"Die \u201eKieler Woche 2011\u201c geht f\u00fcr mich dann also an der NDR-B\u00fchne mit \u201eAlive & Kicking\u201c los. Wie der Name es schon vermuten l\u00e4sst, handelt es sich bei den Musikern aus Kiel und Umgebung um eine Simple Minds-Tributeband. Der Platz vor der B\u00fchne ist leider noch sehr leer \u2013 das\u2026","rel":"","context":"In &quot;Acts&quot;","block_context":{"text":"Acts","link":"http:\/\/www.rockpixx.com\/wordpress\/category\/acts\/"},"img":{"alt_text":"Alive and Kicking, 17.06.2011, Kiel, NDR-B\u00fchne","src":"https:\/\/i0.wp.com\/www.rockpixx.com\/wordpress\/wp-content\/uploads\/2013\/01\/20110617-01-alive-and-kicking-Artikel.jpg?resize=350%2C200","width":350,"height":200,"srcset":"https:\/\/i0.wp.com\/www.rockpixx.com\/wordpress\/wp-content\/uploads\/2013\/01\/20110617-01-alive-and-kicking-Artikel.jpg?resize=350%2C200 1x, https:\/\/i0.wp.com\/www.rockpixx.com\/wordpress\/wp-content\/uploads\/2013\/01\/20110617-01-alive-and-kicking-Artikel.jpg?resize=525%2C300 1.5x, https:\/\/i0.wp.com\/www.rockpixx.com\/wordpress\/wp-content\/uploads\/2013\/01\/20110617-01-alive-and-kicking-Artikel.jpg?resize=700%2C400 2x"},"classes":[]},{"id":2517,"url":"http:\/\/www.rockpixx.com\/wordpress\/quo-status-quo-21-06-2008-kiel-hsh-nordbank-buhne\/","url_meta":{"origin":6406,"position":3},"title":"Quo, 21.06.2008, Kiel, HSH Nordbank-B\u00fchne","author":"Anja","date":"21. Juni 2008","format":false,"excerpt":"Letztmaliger Szenenwechsel an diesem Abend \u2013 zur\u00fcck zur B\u00fchne auf dem Rathausplatz\u2026 Hier spielen Quo aus Hamburg \u2013 wie der Name schon vermuten l\u00e4sst, eine Tributeband von Status Quo. Genauso rumpelig und voller Spielfreude wie die Originale rocken die Jungs das Kieler Rathaus in Grund und Boden.\u00a0Spa\u00df haben sie mit\u2026","rel":"","context":"In &quot;Acts&quot;","block_context":{"text":"Acts","link":"http:\/\/www.rockpixx.com\/wordpress\/category\/acts\/"},"img":{"alt_text":"Quo, 21.06.2008, Kiel, HSH Nordbank-B\u00fchne","src":"https:\/\/i0.wp.com\/www.rockpixx.com\/wordpress\/wp-content\/uploads\/2008\/06\/20080621-04-quo-Artikel.jpg?resize=350%2C200","width":350,"height":200,"srcset":"https:\/\/i0.wp.com\/www.rockpixx.com\/wordpress\/wp-content\/uploads\/2008\/06\/20080621-04-quo-Artikel.jpg?resize=350%2C200 1x, https:\/\/i0.wp.com\/www.rockpixx.com\/wordpress\/wp-content\/uploads\/2008\/06\/20080621-04-quo-Artikel.jpg?resize=525%2C300 1.5x, https:\/\/i0.wp.com\/www.rockpixx.com\/wordpress\/wp-content\/uploads\/2008\/06\/20080621-04-quo-Artikel.jpg?resize=700%2C400 2x"},"classes":[]},{"id":4793,"url":"http:\/\/www.rockpixx.com\/wordpress\/quo-19-06-2009-kiel-unser-norden-buhne\/","url_meta":{"origin":6406,"position":4},"title":"Quo, 19.06.2009, Kiel, Unser Norden-B\u00fchne","author":"Anja","date":"19. Juni 2009","format":false,"excerpt":"Den zweiten Gig dieses Abends bestritten \u201eQuo\u201c ein Coverband aus Hamburg, die sich der Musik von Status Quo verschrieben haben. Leider lie\u00dfen sich die Zuschauer nur schwer aus ihren trockenen Unterst\u00e4nden vor die B\u00fchne locken, da es wieder \u2013 wie schon so oft an diesem Abend \u2013 aus K\u00fcbeln goss.\u2026","rel":"","context":"In &quot;Acts&quot;","block_context":{"text":"Acts","link":"http:\/\/www.rockpixx.com\/wordpress\/category\/acts\/"},"img":{"alt_text":"Quo, 19.06.2009, Kiel, Unser Norden-B\u00fchne","src":"https:\/\/i0.wp.com\/www.rockpixx.com\/wordpress\/wp-content\/uploads\/2013\/01\/20090619-04-quo-Artikel.jpg?resize=350%2C200","width":350,"height":200,"srcset":"https:\/\/i0.wp.com\/www.rockpixx.com\/wordpress\/wp-content\/uploads\/2013\/01\/20090619-04-quo-Artikel.jpg?resize=350%2C200 1x, https:\/\/i0.wp.com\/www.rockpixx.com\/wordpress\/wp-content\/uploads\/2013\/01\/20090619-04-quo-Artikel.jpg?resize=525%2C300 1.5x, https:\/\/i0.wp.com\/www.rockpixx.com\/wordpress\/wp-content\/uploads\/2013\/01\/20090619-04-quo-Artikel.jpg?resize=700%2C400 2x"},"classes":[]},{"id":20208,"url":"http:\/\/www.rockpixx.com\/wordpress\/quo-18-06-2016-hoern-buehne-kieler-woche-kiel\/","url_meta":{"origin":6406,"position":5},"title":"Quo, 18.06.2016, H\u00f6rn-B\u00fchne, Kieler Woche, Kiel","author":"A. Hahl","date":"18. Juni 2016","format":false,"excerpt":"F\u00fcr die Einen ist es Rockmusik, f\u00fcr die Anderen Boogie und wiederum Andere bem\u00e4ngeln, dass es ohnehin nur die immer gleichen drei Akkorde sind. Dieses Ph\u00e4nomen hat die Wissenschaft auf den Plan gerufen und sie hat nach einigen Jahrzehnten intensiver Forschung einen lateinischen Namen daf\u00fcr gefunden: \u2192 \u201eStatus Quo\u201c. In\u2026","rel":"","context":"In &quot;Acts&quot;","block_context":{"text":"Acts","link":"http:\/\/www.rockpixx.com\/wordpress\/category\/acts\/"},"img":{"alt_text":"Quo, 18.06.2016, Kiel, Kieler Woche, H\u00f6rnb\u00fchne","src":"https:\/\/i0.wp.com\/www.rockpixx.com\/wordpress\/wp-content\/uploads\/2016\/06\/20160618-01-039.jpg?resize=350%2C200","width":350,"height":200,"srcset":"https:\/\/i0.wp.com\/www.rockpixx.com\/wordpress\/wp-content\/uploads\/2016\/06\/20160618-01-039.jpg?resize=350%2C200 1x, https:\/\/i0.wp.com\/www.rockpixx.com\/wordpress\/wp-content\/uploads\/2016\/06\/20160618-01-039.jpg?resize=525%2C300 1.5x, https:\/\/i0.wp.com\/www.rockpixx.com\/wordpress\/wp-content\/uploads\/2016\/06\/20160618-01-039.jpg?resize=700%2C400 2x"},"classes":[]}],"jetpack_sharing_enabled":true,"publishpress_future_action":{"enabled":false,"date":"2026-05-08 03:59:46","action":"change-status","newStatus":"draft","terms":[],"taxonomy":"category","extraData":[]},"publishpress_future_workflow_manual_trigger":{"enabledWorkflows":[]},"_links":{"self":[{"href":"http:\/\/www.rockpixx.com\/wordpress\/wp-json\/wp\/v2\/posts\/6406","targetHints":{"allow":["GET"]}}],"collection":[{"href":"http:\/\/www.rockpixx.com\/wordpress\/wp-json\/wp\/v2\/posts"}],"about":[{"href":"http:\/\/www.rockpixx.com\/wordpress\/wp-json\/wp\/v2\/types\/post"}],"author":[{"embeddable":true,"href":"http:\/\/www.rockpixx.com\/wordpress\/wp-json\/wp\/v2\/users\/2"}],"replies":[{"embeddable":true,"href":"http:\/\/www.rockpixx.com\/wordpress\/wp-json\/wp\/v2\/comments?post=6406"}],"version-history":[{"count":0,"href":"http:\/\/www.rockpixx.com\/wordpress\/wp-json\/wp\/v2\/posts\/6406\/revisions"}],"wp:featuredmedia":[{"embeddable":true,"href":"http:\/\/www.rockpixx.com\/wordpress\/wp-json\/wp\/v2\/media\/6407"}],"wp:attachment":[{"href":"http:\/\/www.rockpixx.com\/wordpress\/wp-json\/wp\/v2\/media?parent=6406"}],"wp:term":[{"taxonomy":"category","embeddable":true,"href":"http:\/\/www.rockpixx.com\/wordpress\/wp-json\/wp\/v2\/categories?post=6406"},{"taxonomy":"post_tag","embeddable":true,"href":"http:\/\/www.rockpixx.com\/wordpress\/wp-json\/wp\/v2\/tags?post=6406"}],"curies":[{"name":"wp","href":"https:\/\/api.w.org\/{rel}","templated":true}]}}