{"id":6421,"date":"2010-06-19T02:00:35","date_gmt":"2010-06-19T00:00:35","guid":{"rendered":"http:\/\/rockpixx.com\/wordpress\/?p=6421"},"modified":"2013-01-27T16:49:31","modified_gmt":"2013-01-27T14:49:31","slug":"guildo-horn-19-06-2010-kiel-rathausbuhne","status":"publish","type":"post","link":"http:\/\/www.rockpixx.com\/wordpress\/guildo-horn-19-06-2010-kiel-rathausbuhne\/","title":{"rendered":"Guildo Horn, 19.06.2010, Kiel, Rathausb\u00fchne"},"content":{"rendered":"<p>Die offizielle Er\u00f6ffnung der Kieler Woche mit dem Glasen und dem \u201eLeinen los\u2013 Signal\u201c erfolgte Samstag auf der Rathausb\u00fchne. Die Menge vor der B\u00fchne stand dicht gedr\u00e4ngt und war voller Erwartung\u2026 weniger auf die Politprominenz, die den offiziellen Startschuss gab, sondern auf Guildo Horn und seine Orthop\u00e4dischen Str\u00fcmpfe. <!--more-->Nein\u2026 die hat er nicht angehabt \u2013 das war seine Begleitband. Allesamt witzige Typen, aber was will man bei Guildo Horn auch anderes erwarten. Gleich mit dem ersten Song ging das Publikum begeistert mit und auch der kurz einsetzende \u201eRegenschauer\u201c schlug niemanden in die Flucht. Auch wenn die Musikrichtung nicht so mein pers\u00f6nlicher Geschmack ist, so war doch die Show, welche die Jungs auf der B\u00fchne abgeliefert haben, sehenswert.<\/p>\n<p>Der einzige Kritikpunkt geht nicht an die K\u00fcnstler sondern an die B\u00fchnenbetreiber. Wie in den letzten Jahren, war das Licht (kaum von vorne) und die riesige Videowand f\u00fcr Fotografen eine Zumutung. Denn durch die Videowand verschwinden die K\u00fcnstler davor in irgendwelchen bunten Bildern. Live-Feeling will so auf den Fotos nicht aufkommen.<\/p>\n<p style=\"text-align: right;\">Fotos: <a href=\"mailto:a.roselt@rockpixx.com?subject=Fotos%20von%20Guildo%20Horn,%20Kiel%20%E2%80%9ERathausb%C3%BChne%E2%80%9C,%2019.06.2010\">Anja<\/a> | Text: <a href=\"mailto:a.roselt@rockpixx.com?subject=Reviewtext%20von%20Guildo%20Horn,%20Kiel%20%E2%80%9ERathausb%C3%BChne%E2%80%9C,%2019.06.2010\">Anja<\/a><\/p>\n<p style=\"text-align: left;\"><div class=\"eat-left eat-right\"><div class=\"thumbs-masonry isotope\"><div class=\"isotope-item block-2 block-h-2\"><a href=\"http:\/\/www.rockpixx.com\/wordpress\/wp-content\/uploads\/2013\/01\/20100619-01-004.jpg\" rel=\"prettyPhoto[postgal_6408]\" class=\"show-hover-link block-h-2\"\"><img decoding=\"async\" src=\"http:\/\/www.rockpixx.com\/wordpress\/wp-content\/uploads\/2013\/01\/20100619-01-004-480x400.jpg\" alt=\"Quo, 19.06.2010, Kiel, NDR-B\u00fchne\"\/><span class=\"before\"><\/span><span class=\"after\"><\/span><\/a><\/div><div class=\"isotope-item block-1 block-h-1\"><a href=\"http:\/\/www.rockpixx.com\/wordpress\/wp-content\/uploads\/2013\/01\/20100619-01-006.jpg\" rel=\"prettyPhoto[postgal_6408]\" class=\"show-hover-link block-h-1\"\"><img decoding=\"async\" src=\"http:\/\/www.rockpixx.com\/wordpress\/wp-content\/uploads\/2013\/01\/20100619-01-006-480x400.jpg\" alt=\"Quo, 19.06.2010, Kiel, NDR-B\u00fchne\"\/><span class=\"before\"><\/span><span class=\"after\"><\/span><\/a><\/div><div class=\"isotope-item block-1 block-h-1\"><a href=\"http:\/\/www.rockpixx.com\/wordpress\/wp-content\/uploads\/2013\/01\/20100619-01-036.jpg\" rel=\"prettyPhoto[postgal_6408]\" class=\"show-hover-link block-h-1\"\"><img decoding=\"async\" src=\"http:\/\/www.rockpixx.com\/wordpress\/wp-content\/uploads\/2013\/01\/20100619-01-036-480x400.jpg\" alt=\"Quo, 19.06.2010, Kiel, NDR-B\u00fchne\"\/><span class=\"before\"><\/span><span class=\"after\"><\/span><\/a><\/div><div class=\"isotope-item block-2 block-h-2\"><a href=\"http:\/\/www.rockpixx.com\/wordpress\/wp-content\/uploads\/2013\/01\/20100619-01-057.jpg\" rel=\"prettyPhoto[postgal_6408]\" class=\"show-hover-link block-h-2\"\"><img decoding=\"async\" src=\"http:\/\/www.rockpixx.com\/wordpress\/wp-content\/uploads\/2013\/01\/20100619-01-057-480x400.jpg\" alt=\"Quo, 19.06.2010, Kiel, NDR-B\u00fchne\"\/><span class=\"before\"><\/span><span class=\"after\"><\/span><\/a><\/div><div class=\"isotope-item block-1 block-h-1\"><a href=\"http:\/\/www.rockpixx.com\/wordpress\/wp-content\/uploads\/2013\/01\/20100619-01-065.jpg\" rel=\"prettyPhoto[postgal_6408]\" class=\"show-hover-link block-h-1\"\"><img decoding=\"async\" src=\"http:\/\/www.rockpixx.com\/wordpress\/wp-content\/uploads\/2013\/01\/20100619-01-065-480x400.jpg\" alt=\"Quo, 19.06.2010, Kiel, NDR-B\u00fchne\"\/><span class=\"before\"><\/span><span class=\"after\"><\/span><\/a><\/div><div class=\"isotope-item block-1 block-h-1\"><a href=\"http:\/\/www.rockpixx.com\/wordpress\/wp-content\/uploads\/2013\/01\/20100619-01-092.jpg\" rel=\"prettyPhoto[postgal_6408]\" class=\"show-hover-link block-h-1\"\"><img decoding=\"async\" src=\"http:\/\/www.rockpixx.com\/wordpress\/wp-content\/uploads\/2013\/01\/20100619-01-092-480x400.jpg\" alt=\"Quo, 19.06.2010, Kiel, NDR-B\u00fchne\"\/><span class=\"before\"><\/span><span class=\"after\"><\/span><\/a><\/div><div class=\"isotope-item block-2 block-h-2\"><a href=\"http:\/\/www.rockpixx.com\/wordpress\/wp-content\/uploads\/2013\/01\/20100619-01-109.jpg\" rel=\"prettyPhoto[postgal_6408]\" class=\"show-hover-link block-h-2\"\"><img decoding=\"async\" src=\"http:\/\/www.rockpixx.com\/wordpress\/wp-content\/uploads\/2013\/01\/20100619-01-109-480x400.jpg\" alt=\"Quo, 19.06.2010, Kiel, NDR-B\u00fchne\"\/><span class=\"before\"><\/span><span class=\"after\"><\/span><\/a><\/div><div class=\"isotope-item block-1 block-h-1\"><a href=\"http:\/\/www.rockpixx.com\/wordpress\/wp-content\/uploads\/2013\/01\/20100619-01-115.jpg\" rel=\"prettyPhoto[postgal_6408]\" class=\"show-hover-link block-h-1\"\"><img decoding=\"async\" src=\"http:\/\/www.rockpixx.com\/wordpress\/wp-content\/uploads\/2013\/01\/20100619-01-115-480x400.jpg\" alt=\"Quo, 19.06.2010, Kiel, NDR-B\u00fchne\"\/><span class=\"before\"><\/span><span class=\"after\"><\/span><\/a><\/div><div class=\"isotope-item block-1 block-h-1\"><a href=\"http:\/\/www.rockpixx.com\/wordpress\/wp-content\/uploads\/2013\/01\/20100619-01-123.jpg\" rel=\"prettyPhoto[postgal_6408]\" class=\"show-hover-link block-h-1\"\"><img decoding=\"async\" src=\"http:\/\/www.rockpixx.com\/wordpress\/wp-content\/uploads\/2013\/01\/20100619-01-123-480x400.jpg\" alt=\"Quo, 19.06.2010, Kiel, NDR-B\u00fchne\"\/><span class=\"before\"><\/span><span class=\"after\"><\/span><\/a><\/div><div class=\"isotope-item block-2 block-h-2\"><a href=\"http:\/\/www.rockpixx.com\/wordpress\/wp-content\/uploads\/2013\/01\/20100619-01-139.jpg\" rel=\"prettyPhoto[postgal_6408]\" class=\"show-hover-link block-h-2\"\"><img decoding=\"async\" src=\"http:\/\/www.rockpixx.com\/wordpress\/wp-content\/uploads\/2013\/01\/20100619-01-139-480x400.jpg\" alt=\"Quo, 19.06.2010, Kiel, NDR-B\u00fchne\"\/><span class=\"before\"><\/span><span class=\"after\"><\/span><\/a><\/div><\/div><\/div><\/p>\n","protected":false},"excerpt":{"rendered":"<p>Die offizielle Er\u00f6ffnung der Kieler Woche mit dem Glasen und dem \u201eLeinen los\u2013 Signal\u201c erfolgte <a href=\"http:\/\/www.rockpixx.com\/wordpress\/guildo-horn-19-06-2010-kiel-rathausbuhne\/\">Read more<\/a><\/p>\n","protected":false},"author":2,"featured_media":6422,"comment_status":"open","ping_status":"open","sticky":false,"template":"","format":"standard","meta":{"_jetpack_memberships_contains_paid_content":false,"footnotes":"","jetpack_publicize_message":"","jetpack_publicize_feature_enabled":true,"jetpack_social_post_already_shared":true,"jetpack_social_options":{"image_generator_settings":{"template":"highway","default_image_id":0,"font":"","enabled":false},"version":2}},"categories":[34,1592],"tags":[1832,133,487,1735,138,2057],"class_list":["post-6421","post","type-post","status-publish","format-standard","has-post-thumbnail","hentry","category-acts","category-guildo-horn","tag-1832","tag-festivals","tag-guildo-horn","tag-kiel","tag-kieler-woche","tag-rathausbuhne"],"aioseo_notices":[],"jetpack_publicize_connections":[],"jetpack_featured_media_url":"http:\/\/www.rockpixx.com\/wordpress\/wp-content\/uploads\/2013\/01\/20100619-02-guildo-horn-Artikel.jpg","jetpack-related-posts":[{"id":18243,"url":"http:\/\/www.rockpixx.com\/wordpress\/guildo-horn-20-06-2015-kieler-woche-hoern-buehne-kiel\/","url_meta":{"origin":6421,"position":0},"title":"Guildo Horn, 20.06.2015, Kieler Woche, H\u00f6rn-B\u00fchne, Kiel","author":"Anja","date":"21. Juni 2015","format":false,"excerpt":"Nach vier Jahren durfte ich Guildo Horn \u2192 zum 2. Mal auf der Kieler Woche erleben. Das Intro mit Klassischer Musik und einer Stimme aus dem Off, die die Nussecke im Stil \u201e\u2026 und der Herr sprach es werde Licht \u2026\u201c anpries, brachte mich zum schmunzeln. Den \u201eEinmarsch\u201c der Musiker\u2026","rel":"","context":"In &quot;Acts&quot;","block_context":{"text":"Acts","link":"http:\/\/www.rockpixx.com\/wordpress\/category\/acts\/"},"img":{"alt_text":"Guildo Horn &amp; Die orthop\u00e4dischen Str\u00fcmpfe, 20.06.2015, H\u00f6rn-B\u00fchne, Kiel","src":"https:\/\/i0.wp.com\/www.rockpixx.com\/wordpress\/wp-content\/uploads\/2015\/06\/20150620-02-067_guildo-horn_Artikel.jpg?resize=350%2C200","width":350,"height":200,"srcset":"https:\/\/i0.wp.com\/www.rockpixx.com\/wordpress\/wp-content\/uploads\/2015\/06\/20150620-02-067_guildo-horn_Artikel.jpg?resize=350%2C200 1x, https:\/\/i0.wp.com\/www.rockpixx.com\/wordpress\/wp-content\/uploads\/2015\/06\/20150620-02-067_guildo-horn_Artikel.jpg?resize=525%2C300 1.5x, https:\/\/i0.wp.com\/www.rockpixx.com\/wordpress\/wp-content\/uploads\/2015\/06\/20150620-02-067_guildo-horn_Artikel.jpg?resize=700%2C400 2x"},"classes":[]},{"id":6452,"url":"http:\/\/www.rockpixx.com\/wordpress\/recartney-19-06-2010-kiel-rathausbuhne\/","url_meta":{"origin":6421,"position":1},"title":"ReCartney, 19.06.2010, Kiel, Rathausb\u00fchne","author":"Anja","date":"19. Juni 2010","format":false,"excerpt":"Nach Guildo Horn ging es gleich auf der Rathausb\u00fchne mit ReCartney weiter: Eine der besten Beatles-Tributebands. Auch optisch kommen sie gut an Ihre Vorbilder in jungen Jahren ran. Viele der Besucher des Er\u00f6ffnungskonzertes sind dann auch noch geblieben, so dass die Jungs vor einer ansehnlichen Zuschauermenge spielen konnten. \u00dcber die\u2026","rel":"","context":"In &quot;Acts&quot;","block_context":{"text":"Acts","link":"http:\/\/www.rockpixx.com\/wordpress\/category\/acts\/"},"img":{"alt_text":"ReCartney, 19.06.2010, Kiel, Rathausb\u00fchne","src":"https:\/\/i0.wp.com\/www.rockpixx.com\/wordpress\/wp-content\/uploads\/2013\/01\/20100619-04-recartney-Artikel.jpg?resize=350%2C200","width":350,"height":200,"srcset":"https:\/\/i0.wp.com\/www.rockpixx.com\/wordpress\/wp-content\/uploads\/2013\/01\/20100619-04-recartney-Artikel.jpg?resize=350%2C200 1x, https:\/\/i0.wp.com\/www.rockpixx.com\/wordpress\/wp-content\/uploads\/2013\/01\/20100619-04-recartney-Artikel.jpg?resize=525%2C300 1.5x, https:\/\/i0.wp.com\/www.rockpixx.com\/wordpress\/wp-content\/uploads\/2013\/01\/20100619-04-recartney-Artikel.jpg?resize=700%2C400 2x"},"classes":[]},{"id":8414,"url":"http:\/\/www.rockpixx.com\/wordpress\/marquess-15-06-2012-kiel-rathausbuhne\/","url_meta":{"origin":6421,"position":2},"title":"Marquess, 15.06.2012, Kiel, Rathausb\u00fchne","author":"Anja","date":"15. Juni 2012","format":false,"excerpt":"Das typische Kieler Woche Wetter \u2013 Wasser von oben, von der Seite usw. \u2013 bescherte mir einen freien Weg von der h\u00f6rn b\u00fchne zur Rathausb\u00fchne und so schaffte ich den Weg in gut 20 min. An der Rathausb\u00fchne erwartete mich Marquess eine deutsche Band, die durch Lieder wie \u201eEl Temperamento\u201c\u2026","rel":"","context":"In &quot;Acts&quot;","block_context":{"text":"Acts","link":"http:\/\/www.rockpixx.com\/wordpress\/category\/acts\/"},"img":{"alt_text":"Marquess, 15.06.2012, Kiel, Rathausb\u00fchne","src":"https:\/\/i0.wp.com\/www.rockpixx.com\/wordpress\/wp-content\/uploads\/2013\/02\/20120615-04-marquess-Artikel.jpg?resize=350%2C200","width":350,"height":200,"srcset":"https:\/\/i0.wp.com\/www.rockpixx.com\/wordpress\/wp-content\/uploads\/2013\/02\/20120615-04-marquess-Artikel.jpg?resize=350%2C200 1x, https:\/\/i0.wp.com\/www.rockpixx.com\/wordpress\/wp-content\/uploads\/2013\/02\/20120615-04-marquess-Artikel.jpg?resize=525%2C300 1.5x, https:\/\/i0.wp.com\/www.rockpixx.com\/wordpress\/wp-content\/uploads\/2013\/02\/20120615-04-marquess-Artikel.jpg?resize=700%2C400 2x"},"classes":[]},{"id":7990,"url":"http:\/\/www.rockpixx.com\/wordpress\/brothers-in-arms-23-06-2011-kiel-rathausbuhne\/","url_meta":{"origin":6421,"position":3},"title":"Brothers in Arms, 23.06.2011, Kiel, Rathausb\u00fchne","author":"Anja","date":"23. Juni 2011","format":false,"excerpt":"Endlich schaffte ich es \u2013 die Fotografin von rockpixx.com - auch einmal, \u201eBrothers in Arms\u201c zu fotografieren. Aber als ich an der B\u00fchne ankam und die Musiker beim Soundcheck beobachtete, dachte ich der Gitarrist und S\u00e4nger schaut ja wirklich aus wie Mark Knopfler.Sp\u00e4ter w\u00e4hrend des Konzertes konnte ich mich davon\u2026","rel":"","context":"In &quot;Acts&quot;","block_context":{"text":"Acts","link":"http:\/\/www.rockpixx.com\/wordpress\/category\/acts\/"},"img":{"alt_text":"Brothers in Arms, 23.06.2011, Kiel, Rathausb\u00fchne","src":"https:\/\/i0.wp.com\/www.rockpixx.com\/wordpress\/wp-content\/uploads\/2013\/02\/20110623-06-brothers-in-arms-Artikel.jpg?resize=350%2C200","width":350,"height":200,"srcset":"https:\/\/i0.wp.com\/www.rockpixx.com\/wordpress\/wp-content\/uploads\/2013\/02\/20110623-06-brothers-in-arms-Artikel.jpg?resize=350%2C200 1x, https:\/\/i0.wp.com\/www.rockpixx.com\/wordpress\/wp-content\/uploads\/2013\/02\/20110623-06-brothers-in-arms-Artikel.jpg?resize=525%2C300 1.5x, https:\/\/i0.wp.com\/www.rockpixx.com\/wordpress\/wp-content\/uploads\/2013\/02\/20110623-06-brothers-in-arms-Artikel.jpg?resize=700%2C400 2x"},"classes":[]},{"id":11070,"url":"http:\/\/www.rockpixx.com\/wordpress\/albert-hammond-22-06-2013-kiel-rathausbuhne\/","url_meta":{"origin":6421,"position":4},"title":"Albert Hammond, 22.06.2013, Kiel, Rathausb\u00fchne","author":"Anja","date":"23. Juni 2013","format":false,"excerpt":"Ok, das \u201eAnglasen\u201c zur Kieler Woche mit der Paralympics-Goldmedaillengewinnerin Kirsten Bruhn ist geschafft, Moderator Christian Schr\u00f6der vom NDR kann nun zum kulturellen Teil des Er\u00f6ffnungsprogrammes auf der Rathausb\u00fchne \u00fcbergehen. Er gib einen R\u00fcckblick auf die gro\u00dfartige Karriere des folgenden nunmehr 69-j\u00e4hrigen S\u00e4ngers und Songwriters, der in den Siebzigern viele Hits\u2026","rel":"","context":"In &quot;Acts&quot;","block_context":{"text":"Acts","link":"http:\/\/www.rockpixx.com\/wordpress\/category\/acts\/"},"img":{"alt_text":"","src":"https:\/\/i0.wp.com\/www.rockpixx.com\/wordpress\/wp-content\/uploads\/2013\/06\/20130622-02-057_albert-hammond-Artikel.jpg?resize=350%2C200","width":350,"height":200,"srcset":"https:\/\/i0.wp.com\/www.rockpixx.com\/wordpress\/wp-content\/uploads\/2013\/06\/20130622-02-057_albert-hammond-Artikel.jpg?resize=350%2C200 1x, https:\/\/i0.wp.com\/www.rockpixx.com\/wordpress\/wp-content\/uploads\/2013\/06\/20130622-02-057_albert-hammond-Artikel.jpg?resize=525%2C300 1.5x, https:\/\/i0.wp.com\/www.rockpixx.com\/wordpress\/wp-content\/uploads\/2013\/06\/20130622-02-057_albert-hammond-Artikel.jpg?resize=700%2C400 2x"},"classes":[]},{"id":7641,"url":"http:\/\/www.rockpixx.com\/wordpress\/sohne-mannheims-17-06-2011-kiel-unser-norden-buhne\/","url_meta":{"origin":6421,"position":5},"title":"S\u00f6hne Mannheims, 17.06.2011, Kiel, Unser Norden-B\u00fchne","author":"Anja","date":"17. Juni 2011","format":false,"excerpt":"Mein diesj\u00e4hriger Kieler Woche Opener sind die S\u00f6hne Mannheims. Wer die \u201eUnser Norden B\u00fchne\u201c an der Kieler H\u00f6rn kennt, der wei\u00df, dass sie eine der gr\u00f6\u00dferen B\u00fchnen ist. Heute habe ich sie zum ersten Mal \u00fcberf\u00fcllt erlebt. Wo bei anderen Bands ein S\u00e4nger rumtobt, wechseln sich bei den S\u00f6hnen Henning\u2026","rel":"","context":"In &quot;Acts&quot;","block_context":{"text":"Acts","link":"http:\/\/www.rockpixx.com\/wordpress\/category\/acts\/"},"img":{"alt_text":"S\u00f6hne Mannheims, 17.06.2011, Kiel, Unser Norden-B\u00fchne","src":"https:\/\/i0.wp.com\/www.rockpixx.com\/wordpress\/wp-content\/uploads\/2013\/01\/20110617-02-soehne-mannheims-Artikel.jpg?resize=350%2C200","width":350,"height":200,"srcset":"https:\/\/i0.wp.com\/www.rockpixx.com\/wordpress\/wp-content\/uploads\/2013\/01\/20110617-02-soehne-mannheims-Artikel.jpg?resize=350%2C200 1x, https:\/\/i0.wp.com\/www.rockpixx.com\/wordpress\/wp-content\/uploads\/2013\/01\/20110617-02-soehne-mannheims-Artikel.jpg?resize=525%2C300 1.5x, https:\/\/i0.wp.com\/www.rockpixx.com\/wordpress\/wp-content\/uploads\/2013\/01\/20110617-02-soehne-mannheims-Artikel.jpg?resize=700%2C400 2x"},"classes":[]}],"jetpack_sharing_enabled":true,"publishpress_future_action":{"enabled":false,"date":"2026-05-08 05:51:09","action":"change-status","newStatus":"draft","terms":[],"taxonomy":"category","extraData":[]},"publishpress_future_workflow_manual_trigger":{"enabledWorkflows":[]},"_links":{"self":[{"href":"http:\/\/www.rockpixx.com\/wordpress\/wp-json\/wp\/v2\/posts\/6421","targetHints":{"allow":["GET"]}}],"collection":[{"href":"http:\/\/www.rockpixx.com\/wordpress\/wp-json\/wp\/v2\/posts"}],"about":[{"href":"http:\/\/www.rockpixx.com\/wordpress\/wp-json\/wp\/v2\/types\/post"}],"author":[{"embeddable":true,"href":"http:\/\/www.rockpixx.com\/wordpress\/wp-json\/wp\/v2\/users\/2"}],"replies":[{"embeddable":true,"href":"http:\/\/www.rockpixx.com\/wordpress\/wp-json\/wp\/v2\/comments?post=6421"}],"version-history":[{"count":0,"href":"http:\/\/www.rockpixx.com\/wordpress\/wp-json\/wp\/v2\/posts\/6421\/revisions"}],"wp:featuredmedia":[{"embeddable":true,"href":"http:\/\/www.rockpixx.com\/wordpress\/wp-json\/wp\/v2\/media\/6422"}],"wp:attachment":[{"href":"http:\/\/www.rockpixx.com\/wordpress\/wp-json\/wp\/v2\/media?parent=6421"}],"wp:term":[{"taxonomy":"category","embeddable":true,"href":"http:\/\/www.rockpixx.com\/wordpress\/wp-json\/wp\/v2\/categories?post=6421"},{"taxonomy":"post_tag","embeddable":true,"href":"http:\/\/www.rockpixx.com\/wordpress\/wp-json\/wp\/v2\/tags?post=6421"}],"curies":[{"name":"wp","href":"https:\/\/api.w.org\/{rel}","templated":true}]}}