{"id":6525,"date":"2010-06-20T04:00:42","date_gmt":"2010-06-20T02:00:42","guid":{"rendered":"http:\/\/rockpixx.com\/wordpress\/?p=6525"},"modified":"2013-01-27T16:51:47","modified_gmt":"2013-01-27T14:51:47","slug":"tin-lizzy-20-06-2010-kiel-unser-norden-buhne","status":"publish","type":"post","link":"http:\/\/www.rockpixx.com\/wordpress\/tin-lizzy-20-06-2010-kiel-unser-norden-buhne\/","title":{"rendered":"Tin Lizzy, 20.06.2010, Kiel, Unser Norden-B\u00fchne"},"content":{"rendered":"<p>Nach \u2192\u00a0<a title=\"UB40 (Ali Campbell), 20.06.2010, Kiel, Unser Norden-B\u00fchne\" href=\"http:\/\/rockpixx.com\/wordpress\/?p=6506\">UB40<\/a> stand auf der \u201eUnser Norden-B\u00fchne\u201c die Gruppe Tin Lizzy. Eine Kult-Partyband hier aus dem Norden. Mir fiel gleich zu Anfang positiv auf, dass die Bandmitglieder sehr gesangssicher sind. Ebenso hat mir das Zusammenspiel der Musiker auf der B\u00fchne gefallen. Keiner von ihnen stand nur steif hinter seinem Instrument bzw. dem Mikrost\u00e4nder\u2026 es wurde auch etwas f\u00fcr das Auge geboten. Eben Partystimmung vom Feinsten.<!--more--><\/p>\n<p>Als ich gerade den Graben verlassen wollte, h\u00f6rte ich im Hintergrund das Lied \u201eHeavy Cross\u201c von Beth Ditto und Gossip und nicht nur das, von der Stimme h\u00e4tte man meinen k\u00f6nnen, Beth herself steht auf B\u00fchne. Beim Umdrehen sah ich dann noch die gute Performance der S\u00e4ngerin und entschloss mich schnell noch aus dem Publikum, was leider (f\u00fcr mich selbst \u201eGott sei Dank\u201c) nicht so eng stand, einige Bilder von Ihr zu machen. F\u00fcr mich eine Band, die bei der n\u00e4chsten Gelegenheit wieder mal die Linse kommt.<\/p>\n<p style=\"text-align: right;\">Fotos:\u00a0<a href=\"mailto:a.roselt@rockpixx.com?subject=Fotos%20von%20Tin%20Lizzy,%20Kiel%20%E2%80%9EUnser%20Norden-B%C3%BChne%E2%80%9C,%2020.06.2010\">Anja<\/a>\u00a0| Text:\u00a0<a href=\"mailto:a.roselt@rockpixx.com?subject=Reviewtext%20von%20Tin%20Lizzy,%20Kiel%20%E2%80%9EUnser%20Norden-B%C3%BChne%E2%80%9C,%2020.06.2010\">Anja<\/a><\/p>\n<p style=\"text-align: left;\"><div class=\"eat-left eat-right\"><div class=\"thumbs-masonry isotope\"><div class=\"isotope-item block-2 block-h-2\"><a href=\"http:\/\/www.rockpixx.com\/wordpress\/wp-content\/uploads\/2013\/01\/20100620-04-016.jpg\" rel=\"prettyPhoto[postgal_6523]\" class=\"show-hover-link block-h-2\"\"><img decoding=\"async\" src=\"http:\/\/www.rockpixx.com\/wordpress\/wp-content\/uploads\/2013\/01\/20100620-04-016-480x400.jpg\" alt=\"Tin Lizzy, 20.06.2010, Kiel, Unser Norden-B\u00fchne\"\/><span class=\"before\"><\/span><span class=\"after\"><\/span><\/a><\/div><div class=\"isotope-item block-1 block-h-1\"><a href=\"http:\/\/www.rockpixx.com\/wordpress\/wp-content\/uploads\/2013\/01\/20100620-04-032.jpg\" rel=\"prettyPhoto[postgal_6523]\" class=\"show-hover-link block-h-1\"\"><img decoding=\"async\" src=\"http:\/\/www.rockpixx.com\/wordpress\/wp-content\/uploads\/2013\/01\/20100620-04-032-480x400.jpg\" alt=\"Tin Lizzy, 20.06.2010, Kiel, Unser Norden-B\u00fchne\"\/><span class=\"before\"><\/span><span class=\"after\"><\/span><\/a><\/div><div class=\"isotope-item block-1 block-h-1\"><a href=\"http:\/\/www.rockpixx.com\/wordpress\/wp-content\/uploads\/2013\/01\/20100620-04-053.jpg\" rel=\"prettyPhoto[postgal_6523]\" class=\"show-hover-link block-h-1\"\"><img decoding=\"async\" src=\"http:\/\/www.rockpixx.com\/wordpress\/wp-content\/uploads\/2013\/01\/20100620-04-053-480x400.jpg\" alt=\"Tin Lizzy, 20.06.2010, Kiel, Unser Norden-B\u00fchne\"\/><span class=\"before\"><\/span><span class=\"after\"><\/span><\/a><\/div><div class=\"isotope-item block-2 block-h-2\"><a href=\"http:\/\/www.rockpixx.com\/wordpress\/wp-content\/uploads\/2013\/01\/20100620-04-055.jpg\" rel=\"prettyPhoto[postgal_6523]\" class=\"show-hover-link block-h-2\"\"><img decoding=\"async\" src=\"http:\/\/www.rockpixx.com\/wordpress\/wp-content\/uploads\/2013\/01\/20100620-04-055-480x400.jpg\" alt=\"Tin Lizzy, 20.06.2010, Kiel, Unser Norden-B\u00fchne\"\/><span class=\"before\"><\/span><span class=\"after\"><\/span><\/a><\/div><div class=\"isotope-item block-1 block-h-1\"><a href=\"http:\/\/www.rockpixx.com\/wordpress\/wp-content\/uploads\/2013\/01\/20100620-04-069.jpg\" rel=\"prettyPhoto[postgal_6523]\" class=\"show-hover-link block-h-1\"\"><img decoding=\"async\" src=\"http:\/\/www.rockpixx.com\/wordpress\/wp-content\/uploads\/2013\/01\/20100620-04-069-480x400.jpg\" alt=\"Tin Lizzy, 20.06.2010, Kiel, Unser Norden-B\u00fchne\"\/><span class=\"before\"><\/span><span class=\"after\"><\/span><\/a><\/div><div class=\"isotope-item block-1 block-h-1\"><a href=\"http:\/\/www.rockpixx.com\/wordpress\/wp-content\/uploads\/2013\/01\/20100620-04-090.jpg\" rel=\"prettyPhoto[postgal_6523]\" class=\"show-hover-link block-h-1\"\"><img decoding=\"async\" src=\"http:\/\/www.rockpixx.com\/wordpress\/wp-content\/uploads\/2013\/01\/20100620-04-090-480x400.jpg\" alt=\"Tin Lizzy, 20.06.2010, Kiel, Unser Norden-B\u00fchne\"\/><span class=\"before\"><\/span><span class=\"after\"><\/span><\/a><\/div><div class=\"isotope-item block-2 block-h-2\"><a href=\"http:\/\/www.rockpixx.com\/wordpress\/wp-content\/uploads\/2013\/01\/20100620-04-121.jpg\" rel=\"prettyPhoto[postgal_6523]\" class=\"show-hover-link block-h-2\"\"><img decoding=\"async\" src=\"http:\/\/www.rockpixx.com\/wordpress\/wp-content\/uploads\/2013\/01\/20100620-04-121-480x400.jpg\" alt=\"Tin Lizzy, 20.06.2010, Kiel, Unser Norden-B\u00fchne\"\/><span class=\"before\"><\/span><span class=\"after\"><\/span><\/a><\/div><div class=\"isotope-item block-1 block-h-1\"><a href=\"http:\/\/www.rockpixx.com\/wordpress\/wp-content\/uploads\/2013\/01\/20100620-04-129.jpg\" rel=\"prettyPhoto[postgal_6523]\" class=\"show-hover-link block-h-1\"\"><img decoding=\"async\" src=\"http:\/\/www.rockpixx.com\/wordpress\/wp-content\/uploads\/2013\/01\/20100620-04-129-480x400.jpg\" alt=\"Tin Lizzy, 20.06.2010, Kiel, Unser Norden-B\u00fchne\"\/><span class=\"before\"><\/span><span class=\"after\"><\/span><\/a><\/div><div class=\"isotope-item block-1 block-h-1\"><a href=\"http:\/\/www.rockpixx.com\/wordpress\/wp-content\/uploads\/2013\/01\/20100620-04-134.jpg\" rel=\"prettyPhoto[postgal_6523]\" class=\"show-hover-link block-h-1\"\"><img decoding=\"async\" src=\"http:\/\/www.rockpixx.com\/wordpress\/wp-content\/uploads\/2013\/01\/20100620-04-134-480x400.jpg\" alt=\"Tin Lizzy, 20.06.2010, Kiel, Unser Norden-B\u00fchne\"\/><span class=\"before\"><\/span><span class=\"after\"><\/span><\/a><\/div><div class=\"isotope-item block-2 block-h-2\"><a href=\"http:\/\/www.rockpixx.com\/wordpress\/wp-content\/uploads\/2013\/01\/20100620-04-143.jpg\" rel=\"prettyPhoto[postgal_6523]\" class=\"show-hover-link block-h-2\"\"><img decoding=\"async\" src=\"http:\/\/www.rockpixx.com\/wordpress\/wp-content\/uploads\/2013\/01\/20100620-04-143-480x400.jpg\" alt=\"Tin Lizzy, 20.06.2010, Kiel, Unser Norden-B\u00fchne\"\/><span class=\"before\"><\/span><span class=\"after\"><\/span><\/a><\/div><\/div><\/div><\/p>\n","protected":false},"excerpt":{"rendered":"<p>Nach \u2192\u00a0UB40 stand auf der \u201eUnser Norden-B\u00fchne\u201c die Gruppe Tin Lizzy. Eine Kult-Partyband hier aus <a href=\"http:\/\/www.rockpixx.com\/wordpress\/tin-lizzy-20-06-2010-kiel-unser-norden-buhne\/\">Read more<\/a><\/p>\n","protected":false},"author":2,"featured_media":6526,"comment_status":"open","ping_status":"open","sticky":false,"template":"","format":"standard","meta":{"_jetpack_memberships_contains_paid_content":false,"footnotes":"","jetpack_publicize_message":"","jetpack_publicize_feature_enabled":true,"jetpack_social_post_already_shared":true,"jetpack_social_options":{"image_generator_settings":{"template":"highway","default_image_id":0,"font":"","enabled":false},"version":2}},"categories":[34,494],"tags":[1832,133,1735,138,1875,328],"class_list":["post-6525","post","type-post","status-publish","format-standard","has-post-thumbnail","hentry","category-acts","category-tin-lizzy","tag-1832","tag-festivals","tag-kiel","tag-kieler-woche","tag-tin-lizzy","tag-unser-norden-buhne"],"aioseo_notices":[],"jetpack_publicize_connections":[],"jetpack_featured_media_url":"http:\/\/www.rockpixx.com\/wordpress\/wp-content\/uploads\/2013\/01\/20100620-04-tin-lizzy-Artikel.jpg","jetpack-related-posts":[{"id":6866,"url":"http:\/\/www.rockpixx.com\/wordpress\/milow-24-06-2010-kiel-unser-norden-buhne\/","url_meta":{"origin":6525,"position":0},"title":"Milow, 24.06.2010, Kiel, Unser Norden-B\u00fchne","author":"Anja","date":"24. Juni 2010","format":false,"excerpt":"Heute stand f\u00fcr mich Milow auf dem Programm. Den ersten \u201eSchock\u201c bekam ich, als ich die Menschenmassen sah, das bedeutete f\u00fcr mich nach dem Fotografieren ein \u201eSchwimmen in der Sardinenb\u00fcchse\u201c. Aber der Reihe nach\u2026 Vor dem Gig hatte ich noch etwas Zeit und konnte mich getrost noch etwas umsehen. Viele\u2026","rel":"","context":"In &quot;Acts&quot;","block_context":{"text":"Acts","link":"http:\/\/www.rockpixx.com\/wordpress\/category\/acts\/"},"img":{"alt_text":"Milow, 24.06.2010, Kiel, Unser Norden-B\u00fchne","src":"https:\/\/i0.wp.com\/www.rockpixx.com\/wordpress\/wp-content\/uploads\/2013\/01\/20100624-02-milow-Artikel.jpg?resize=350%2C200","width":350,"height":200,"srcset":"https:\/\/i0.wp.com\/www.rockpixx.com\/wordpress\/wp-content\/uploads\/2013\/01\/20100624-02-milow-Artikel.jpg?resize=350%2C200 1x, https:\/\/i0.wp.com\/www.rockpixx.com\/wordpress\/wp-content\/uploads\/2013\/01\/20100624-02-milow-Artikel.jpg?resize=525%2C300 1.5x, https:\/\/i0.wp.com\/www.rockpixx.com\/wordpress\/wp-content\/uploads\/2013\/01\/20100624-02-milow-Artikel.jpg?resize=700%2C400 2x"},"classes":[]},{"id":7914,"url":"http:\/\/www.rockpixx.com\/wordpress\/rea-garvey-22-06-2011-kiel-unser-norden-buhne\/","url_meta":{"origin":6525,"position":1},"title":"Rea Garvey, 22.06.2011, Kiel, Unser Norden-B\u00fchne","author":"Anja","date":"22. Juni 2011","format":false,"excerpt":"Der Abend k\u00fcndigt sich irgendwie schon als nicht so prickelnd an: Erst bekommen wir keinen Parkplatz an der MAXB\u00fchne, m\u00fcssen also umdisponieren und an der Unser Norden-B\u00fchne einen Fahrerwechsel einplanen, dann kommt es feucht von oben herunter und die erste Ansage im Graben bei Rea Garvey lautet dann: \u201eNur die\u2026","rel":"","context":"In &quot;Acts&quot;","block_context":{"text":"Acts","link":"http:\/\/www.rockpixx.com\/wordpress\/category\/acts\/"},"img":{"alt_text":"Rea Garvey, 22.06.2011, Kiel, Unser Norden-B\u00fchne","src":"https:\/\/i0.wp.com\/www.rockpixx.com\/wordpress\/wp-content\/uploads\/2013\/02\/20110622-01-rea-garvey-Artikel.jpg?resize=350%2C200","width":350,"height":200,"srcset":"https:\/\/i0.wp.com\/www.rockpixx.com\/wordpress\/wp-content\/uploads\/2013\/02\/20110622-01-rea-garvey-Artikel.jpg?resize=350%2C200 1x, https:\/\/i0.wp.com\/www.rockpixx.com\/wordpress\/wp-content\/uploads\/2013\/02\/20110622-01-rea-garvey-Artikel.jpg?resize=525%2C300 1.5x, https:\/\/i0.wp.com\/www.rockpixx.com\/wordpress\/wp-content\/uploads\/2013\/02\/20110622-01-rea-garvey-Artikel.jpg?resize=700%2C400 2x"},"classes":[]},{"id":7641,"url":"http:\/\/www.rockpixx.com\/wordpress\/sohne-mannheims-17-06-2011-kiel-unser-norden-buhne\/","url_meta":{"origin":6525,"position":2},"title":"S\u00f6hne Mannheims, 17.06.2011, Kiel, Unser Norden-B\u00fchne","author":"Anja","date":"17. Juni 2011","format":false,"excerpt":"Mein diesj\u00e4hriger Kieler Woche Opener sind die S\u00f6hne Mannheims. Wer die \u201eUnser Norden B\u00fchne\u201c an der Kieler H\u00f6rn kennt, der wei\u00df, dass sie eine der gr\u00f6\u00dferen B\u00fchnen ist. Heute habe ich sie zum ersten Mal \u00fcberf\u00fcllt erlebt. Wo bei anderen Bands ein S\u00e4nger rumtobt, wechseln sich bei den S\u00f6hnen Henning\u2026","rel":"","context":"In &quot;Acts&quot;","block_context":{"text":"Acts","link":"http:\/\/www.rockpixx.com\/wordpress\/category\/acts\/"},"img":{"alt_text":"S\u00f6hne Mannheims, 17.06.2011, Kiel, Unser Norden-B\u00fchne","src":"https:\/\/i0.wp.com\/www.rockpixx.com\/wordpress\/wp-content\/uploads\/2013\/01\/20110617-02-soehne-mannheims-Artikel.jpg?resize=350%2C200","width":350,"height":200,"srcset":"https:\/\/i0.wp.com\/www.rockpixx.com\/wordpress\/wp-content\/uploads\/2013\/01\/20110617-02-soehne-mannheims-Artikel.jpg?resize=350%2C200 1x, https:\/\/i0.wp.com\/www.rockpixx.com\/wordpress\/wp-content\/uploads\/2013\/01\/20110617-02-soehne-mannheims-Artikel.jpg?resize=525%2C300 1.5x, https:\/\/i0.wp.com\/www.rockpixx.com\/wordpress\/wp-content\/uploads\/2013\/01\/20110617-02-soehne-mannheims-Artikel.jpg?resize=700%2C400 2x"},"classes":[]},{"id":6734,"url":"http:\/\/www.rockpixx.com\/wordpress\/one-fine-day-22-06-2010-kiel-unser-norden-buhne\/","url_meta":{"origin":6525,"position":3},"title":"One Fine Day, 22.06.2010, Kiel, Unser Norden-B\u00fchne","author":"Anja","date":"22. Juni 2010","format":false,"excerpt":"So heute der zweite Anlauf auf der Unser Norden-B\u00fchne. Hoffentlich ist das Management von \u201eOne Fine Day\u201c vern\u00fcnftiger. Ich kam an der B\u00fchne an und war auch etwas erleichtert, als es hie\u00df, \u201edie Presse darf in den Graben\u201c. Sonst w\u00e4ren heute f\u00fcr Euch nicht so viele Bilder hier online gegangen.\u00a0Die\u2026","rel":"","context":"In &quot;Acts&quot;","block_context":{"text":"Acts","link":"http:\/\/www.rockpixx.com\/wordpress\/category\/acts\/"},"img":{"alt_text":"One Fine Day, 22.06.2010, Kiel, Unser Norden-B\u00fchne","src":"https:\/\/i0.wp.com\/www.rockpixx.com\/wordpress\/wp-content\/uploads\/2013\/01\/20100622-04-one-fine-day-Artikel.jpg?resize=350%2C200","width":350,"height":200,"srcset":"https:\/\/i0.wp.com\/www.rockpixx.com\/wordpress\/wp-content\/uploads\/2013\/01\/20100622-04-one-fine-day-Artikel.jpg?resize=350%2C200 1x, https:\/\/i0.wp.com\/www.rockpixx.com\/wordpress\/wp-content\/uploads\/2013\/01\/20100622-04-one-fine-day-Artikel.jpg?resize=525%2C300 1.5x, https:\/\/i0.wp.com\/www.rockpixx.com\/wordpress\/wp-content\/uploads\/2013\/01\/20100622-04-one-fine-day-Artikel.jpg?resize=700%2C400 2x"},"classes":[]},{"id":7734,"url":"http:\/\/www.rockpixx.com\/wordpress\/chris-thompson-19-06-2011-kiel-unser-norden-buhne\/","url_meta":{"origin":6525,"position":4},"title":"Chris Thompson, 19.06.2011, Kiel, Unser Norden-B\u00fchne","author":"Anja","date":"19. Juni 2011","format":false,"excerpt":"\u201eDave is on the Road again\u201c von \u2192\u00a0Manfred Mann\u2019s Earth Band \u2013 das kennt wohl fast jeder, \u201eYou\u2019re the Voice\u201c von John Farnham ist vielleicht auch nicht ganz unbekannt. Warum ich dieses Review so einleite? Nun, auf der Unser Norden-B\u00fchne stand die langj\u00e4hrige Stimme der Earthband und in Personalunion auch\u2026","rel":"","context":"In &quot;Acts&quot;","block_context":{"text":"Acts","link":"http:\/\/www.rockpixx.com\/wordpress\/category\/acts\/"},"img":{"alt_text":"Chris Thompson, 19.06.2011, Kiel, Unser Norden-B\u00fchne","src":"https:\/\/i0.wp.com\/www.rockpixx.com\/wordpress\/wp-content\/uploads\/2013\/01\/20110619-01-chirs-thompson-Artikel.jpg?resize=350%2C200","width":350,"height":200,"srcset":"https:\/\/i0.wp.com\/www.rockpixx.com\/wordpress\/wp-content\/uploads\/2013\/01\/20110619-01-chirs-thompson-Artikel.jpg?resize=350%2C200 1x, https:\/\/i0.wp.com\/www.rockpixx.com\/wordpress\/wp-content\/uploads\/2013\/01\/20110619-01-chirs-thompson-Artikel.jpg?resize=525%2C300 1.5x, https:\/\/i0.wp.com\/www.rockpixx.com\/wordpress\/wp-content\/uploads\/2013\/01\/20110619-01-chirs-thompson-Artikel.jpg?resize=700%2C400 2x"},"classes":[]},{"id":5482,"url":"http:\/\/www.rockpixx.com\/wordpress\/reamonn-26-06-2009-kiel-unser-norden-buhne\/","url_meta":{"origin":6525,"position":5},"title":"Reamonn, 26.06.2009, Kiel, Unser Norden-B\u00fchne","author":"Anja","date":"26. Juni 2009","format":false,"excerpt":"Der erste Act f\u00fcr den Fotografen an diesem Abend: \u201eReamonn\u201c stehen auf dem Tagesplan. Allerdings droht es schon fast daran zu scheitern, dass der Graben unerreichbar scheint: SO viele Menschen gab\u2019s die Tage noch nicht vor der \u201eUnser Norden-B\u00fchne\u201c. Egal \u2013 irgendwie gelingt es mir noch rechtzeitig (und trockenen Fu\u00dfes)\u2026","rel":"","context":"In &quot;Acts&quot;","block_context":{"text":"Acts","link":"http:\/\/www.rockpixx.com\/wordpress\/category\/acts\/"},"img":{"alt_text":"Reamonn, 26.06.2009, Kiel, Unser Norden-B\u00fchne","src":"https:\/\/i0.wp.com\/www.rockpixx.com\/wordpress\/wp-content\/uploads\/2013\/01\/20090626-01-reamonn-Artikel.jpg?resize=350%2C200","width":350,"height":200,"srcset":"https:\/\/i0.wp.com\/www.rockpixx.com\/wordpress\/wp-content\/uploads\/2013\/01\/20090626-01-reamonn-Artikel.jpg?resize=350%2C200 1x, https:\/\/i0.wp.com\/www.rockpixx.com\/wordpress\/wp-content\/uploads\/2013\/01\/20090626-01-reamonn-Artikel.jpg?resize=525%2C300 1.5x, https:\/\/i0.wp.com\/www.rockpixx.com\/wordpress\/wp-content\/uploads\/2013\/01\/20090626-01-reamonn-Artikel.jpg?resize=700%2C400 2x"},"classes":[]}],"jetpack_sharing_enabled":true,"publishpress_future_action":{"enabled":false,"date":"2026-05-08 05:30:35","action":"change-status","newStatus":"draft","terms":[],"taxonomy":"category","extraData":[]},"publishpress_future_workflow_manual_trigger":{"enabledWorkflows":[]},"_links":{"self":[{"href":"http:\/\/www.rockpixx.com\/wordpress\/wp-json\/wp\/v2\/posts\/6525","targetHints":{"allow":["GET"]}}],"collection":[{"href":"http:\/\/www.rockpixx.com\/wordpress\/wp-json\/wp\/v2\/posts"}],"about":[{"href":"http:\/\/www.rockpixx.com\/wordpress\/wp-json\/wp\/v2\/types\/post"}],"author":[{"embeddable":true,"href":"http:\/\/www.rockpixx.com\/wordpress\/wp-json\/wp\/v2\/users\/2"}],"replies":[{"embeddable":true,"href":"http:\/\/www.rockpixx.com\/wordpress\/wp-json\/wp\/v2\/comments?post=6525"}],"version-history":[{"count":0,"href":"http:\/\/www.rockpixx.com\/wordpress\/wp-json\/wp\/v2\/posts\/6525\/revisions"}],"wp:featuredmedia":[{"embeddable":true,"href":"http:\/\/www.rockpixx.com\/wordpress\/wp-json\/wp\/v2\/media\/6526"}],"wp:attachment":[{"href":"http:\/\/www.rockpixx.com\/wordpress\/wp-json\/wp\/v2\/media?parent=6525"}],"wp:term":[{"taxonomy":"category","embeddable":true,"href":"http:\/\/www.rockpixx.com\/wordpress\/wp-json\/wp\/v2\/categories?post=6525"},{"taxonomy":"post_tag","embeddable":true,"href":"http:\/\/www.rockpixx.com\/wordpress\/wp-json\/wp\/v2\/tags?post=6525"}],"curies":[{"name":"wp","href":"https:\/\/api.w.org\/{rel}","templated":true}]}}