{"id":6703,"date":"2010-06-22T02:00:54","date_gmt":"2010-06-22T00:00:54","guid":{"rendered":"http:\/\/rockpixx.com\/wordpress\/?p=6703"},"modified":"2013-06-20T21:34:43","modified_gmt":"2013-06-20T20:34:43","slug":"boerney-and-the-tritops-22-06-2010-kiel-lubzer-park-buhne","status":"publish","type":"post","link":"http:\/\/www.rockpixx.com\/wordpress\/boerney-and-the-tritops-22-06-2010-kiel-lubzer-park-buhne\/","title":{"rendered":"Boerney &#038; die TriTops, 22.06.2010, Kiel, L\u00fcbzer-Park-B\u00fchne"},"content":{"rendered":"<p>Die Streichung (galt nur f\u00fcr Fotografen) des Selig-Konzertes gab mir die Zeit, eine tolle Partyband, die wir auch \u2192\u00a0<a title=\"Boerney and The TriTops, 20.06.2008, Kiel, Holsten-Park-B\u00fchne\" href=\"http:\/\/rockpixx.com\/wordpress\/?p=2473\">schon 2008 auf der Kieler Woche<\/a> vor der Linse hatten, abzulichten. \u201eBoerney und die TriTops\u201c heizten den Zuschauern vor der L\u00fcbzer Park-B\u00fchne auch gleich kr\u00e4ftig ein. <!--more-->Bei Songs von BoneyM und vielen anderen Heroes der 70er und 80er ging das Publikum begeistert mit. Auch f\u00fcr das Auge wurde einiges geboten &#8211; witzige Kost\u00fcme und etliche Kost\u00fcmwechseln versetzen einen in die Zeit von vor 40 Jahren zur\u00fcck. Glamrock und Partystimmung vom Feinsten.<\/p>\n<p style=\"text-align: right;\">Fotos:\u00a0<a href=\"mailto:a.roselt@rockpixx.com?subject=Fotos%20von%20Boerney%20and%20The%20TriTops,%20Kiel%20%E2%80%9EL%C3%BCbzer-Park-B%C3%BChne%E2%80%9C,%2022.06.2010\">Anja<\/a>\u00a0| Text:\u00a0<a href=\"mailto:a.roselt@rockpixx.com?subject=Reviewtext%20von%20Boerney%20and%20The%20TriTops,%20Kiel%20%E2%80%9EL%C3%BCbzer-Park-B%C3%BChne%E2%80%9C,%2022.06.2010\">Anja<\/a><\/p>\n<p style=\"text-align: left;\"><div class=\"eat-left eat-right\"><div class=\"thumbs-masonry isotope\"><div class=\"isotope-item block-2 block-h-2\"><a href=\"http:\/\/www.rockpixx.com\/wordpress\/wp-content\/uploads\/2013\/01\/20100622-02-010.jpg\" rel=\"prettyPhoto[postgal_6702]\" class=\"show-hover-link block-h-2\"\"><img decoding=\"async\" src=\"http:\/\/www.rockpixx.com\/wordpress\/wp-content\/uploads\/2013\/01\/20100622-02-010-480x400.jpg\" alt=\"Boerney and The TriTops, 22.06.2010, Kiel, L\u00fcbzer-Park-B\u00fchne\"\/><span class=\"before\"><\/span><span class=\"after\"><\/span><\/a><\/div><div class=\"isotope-item block-1 block-h-1\"><a href=\"http:\/\/www.rockpixx.com\/wordpress\/wp-content\/uploads\/2013\/01\/20100622-02-015.jpg\" rel=\"prettyPhoto[postgal_6702]\" class=\"show-hover-link block-h-1\"\"><img decoding=\"async\" src=\"http:\/\/www.rockpixx.com\/wordpress\/wp-content\/uploads\/2013\/01\/20100622-02-015-480x400.jpg\" alt=\"Boerney and The TriTops, 22.06.2010, Kiel, L\u00fcbzer-Park-B\u00fchne\"\/><span class=\"before\"><\/span><span class=\"after\"><\/span><\/a><\/div><div class=\"isotope-item block-1 block-h-1\"><a href=\"http:\/\/www.rockpixx.com\/wordpress\/wp-content\/uploads\/2013\/01\/20100622-02-028.jpg\" rel=\"prettyPhoto[postgal_6702]\" class=\"show-hover-link block-h-1\"\"><img decoding=\"async\" src=\"http:\/\/www.rockpixx.com\/wordpress\/wp-content\/uploads\/2013\/01\/20100622-02-028-480x400.jpg\" alt=\"Boerney and The TriTops, 22.06.2010, Kiel, L\u00fcbzer-Park-B\u00fchne\"\/><span class=\"before\"><\/span><span class=\"after\"><\/span><\/a><\/div><div class=\"isotope-item block-2 block-h-2\"><a href=\"http:\/\/www.rockpixx.com\/wordpress\/wp-content\/uploads\/2013\/01\/20100622-02-034.jpg\" rel=\"prettyPhoto[postgal_6702]\" class=\"show-hover-link block-h-2\"\"><img decoding=\"async\" src=\"http:\/\/www.rockpixx.com\/wordpress\/wp-content\/uploads\/2013\/01\/20100622-02-034-480x400.jpg\" alt=\"Boerney and The TriTops, 22.06.2010, Kiel, L\u00fcbzer-Park-B\u00fchne\"\/><span class=\"before\"><\/span><span class=\"after\"><\/span><\/a><\/div><div class=\"isotope-item block-1 block-h-1\"><a href=\"http:\/\/www.rockpixx.com\/wordpress\/wp-content\/uploads\/2013\/01\/20100622-02-043.jpg\" rel=\"prettyPhoto[postgal_6702]\" class=\"show-hover-link block-h-1\"\"><img decoding=\"async\" src=\"http:\/\/www.rockpixx.com\/wordpress\/wp-content\/uploads\/2013\/01\/20100622-02-043-480x400.jpg\" alt=\"Boerney and The TriTops, 22.06.2010, Kiel, L\u00fcbzer-Park-B\u00fchne\"\/><span class=\"before\"><\/span><span class=\"after\"><\/span><\/a><\/div><div class=\"isotope-item block-1 block-h-1\"><a href=\"http:\/\/www.rockpixx.com\/wordpress\/wp-content\/uploads\/2013\/01\/20100622-02-051.jpg\" rel=\"prettyPhoto[postgal_6702]\" class=\"show-hover-link block-h-1\"\"><img decoding=\"async\" src=\"http:\/\/www.rockpixx.com\/wordpress\/wp-content\/uploads\/2013\/01\/20100622-02-051-480x400.jpg\" alt=\"Boerney and The TriTops, 22.06.2010, Kiel, L\u00fcbzer-Park-B\u00fchne\"\/><span class=\"before\"><\/span><span class=\"after\"><\/span><\/a><\/div><div class=\"isotope-item block-2 block-h-2\"><a href=\"http:\/\/www.rockpixx.com\/wordpress\/wp-content\/uploads\/2013\/01\/20100622-02-118.jpg\" rel=\"prettyPhoto[postgal_6702]\" class=\"show-hover-link block-h-2\"\"><img decoding=\"async\" src=\"http:\/\/www.rockpixx.com\/wordpress\/wp-content\/uploads\/2013\/01\/20100622-02-118-480x400.jpg\" alt=\"Boerney and The TriTops, 22.06.2010, Kiel, L\u00fcbzer-Park-B\u00fchne\"\/><span class=\"before\"><\/span><span class=\"after\"><\/span><\/a><\/div><div class=\"isotope-item block-1 block-h-1\"><a href=\"http:\/\/www.rockpixx.com\/wordpress\/wp-content\/uploads\/2013\/01\/20100622-02-139.jpg\" rel=\"prettyPhoto[postgal_6702]\" class=\"show-hover-link block-h-1\"\"><img decoding=\"async\" src=\"http:\/\/www.rockpixx.com\/wordpress\/wp-content\/uploads\/2013\/01\/20100622-02-139-480x400.jpg\" alt=\"Boerney and The TriTops, 22.06.2010, Kiel, L\u00fcbzer-Park-B\u00fchne\"\/><span class=\"before\"><\/span><span class=\"after\"><\/span><\/a><\/div><div class=\"isotope-item block-1 block-h-1\"><a href=\"http:\/\/www.rockpixx.com\/wordpress\/wp-content\/uploads\/2013\/01\/20100622-02-141.jpg\" rel=\"prettyPhoto[postgal_6702]\" class=\"show-hover-link block-h-1\"\"><img decoding=\"async\" src=\"http:\/\/www.rockpixx.com\/wordpress\/wp-content\/uploads\/2013\/01\/20100622-02-141-480x400.jpg\" alt=\"Boerney and The TriTops, 22.06.2010, Kiel, L\u00fcbzer-Park-B\u00fchne\"\/><span class=\"before\"><\/span><span class=\"after\"><\/span><\/a><\/div><div class=\"isotope-item block-2 block-h-2\"><a href=\"http:\/\/www.rockpixx.com\/wordpress\/wp-content\/uploads\/2013\/01\/20100622-02-142.jpg\" rel=\"prettyPhoto[postgal_6702]\" class=\"show-hover-link block-h-2\"\"><img decoding=\"async\" src=\"http:\/\/www.rockpixx.com\/wordpress\/wp-content\/uploads\/2013\/01\/20100622-02-142-480x400.jpg\" alt=\"Boerney and The TriTops, 22.06.2010, Kiel, L\u00fcbzer-Park-B\u00fchne\"\/><span class=\"before\"><\/span><span class=\"after\"><\/span><\/a><\/div><\/div><\/div><\/p>\n","protected":false},"excerpt":{"rendered":"<p>Die Streichung (galt nur f\u00fcr Fotografen) des Selig-Konzertes gab mir die Zeit, eine tolle Partyband, <a href=\"http:\/\/www.rockpixx.com\/wordpress\/boerney-and-the-tritops-22-06-2010-kiel-lubzer-park-buhne\/\">Read more<\/a><\/p>\n","protected":false},"author":2,"featured_media":6704,"comment_status":"open","ping_status":"open","sticky":false,"template":"","format":"standard","meta":{"_jetpack_memberships_contains_paid_content":false,"footnotes":"","jetpack_publicize_message":"","jetpack_publicize_feature_enabled":true,"jetpack_social_post_already_shared":true,"jetpack_social_options":{"image_generator_settings":{"template":"highway","default_image_id":0,"font":"","enabled":false},"version":2}},"categories":[34,369],"tags":[1832,814,1772,133,1735,138,813],"class_list":["post-6703","post","type-post","status-publish","format-standard","has-post-thumbnail","hentry","category-acts","category-boerney-and-the-tritops","tag-1832","tag-asmus-bremer-platz","tag-boerney-and-the-tritops","tag-festivals","tag-kiel","tag-kieler-woche","tag-lubzer-park-buhne"],"aioseo_notices":[],"jetpack_publicize_connections":[],"jetpack_featured_media_url":"http:\/\/www.rockpixx.com\/wordpress\/wp-content\/uploads\/2013\/01\/20100622-02-boerney-tritops-Artikel.jpg","jetpack-related-posts":[{"id":6617,"url":"http:\/\/www.rockpixx.com\/wordpress\/united-4-21-06-2010-kiel-lubzer-park-buhne\/","url_meta":{"origin":6703,"position":0},"title":"United 4, 21.06.2010, Kiel, L\u00fcbzer-Park-B\u00fchne","author":"Anja","date":"21. Juni 2010","format":false,"excerpt":"Und da war sie dann wieder: Deutschlands wohl mittlerweile bekannteste Partyband (und vermutlich auch eine der schrillsten ihrer Art): \u201eUnited Four\u201c. Wer kann schon von sich behaupten, einen gepiercten Rindersch\u00e4del als Bandlogo zu haben und wer sonst noch tritt im \u201eKuhflecken-Outfit\u201c auf? Auch in diesem Jahr also wieder an derselben\u2026","rel":"","context":"In &quot;Acts&quot;","block_context":{"text":"Acts","link":"http:\/\/www.rockpixx.com\/wordpress\/category\/acts\/"},"img":{"alt_text":"United 4, 21.06.2010, Kiel, L\u00fcbzer-Park-B\u00fchne","src":"https:\/\/i0.wp.com\/www.rockpixx.com\/wordpress\/wp-content\/uploads\/2013\/01\/20100621-05-united4-Artikel.jpg?resize=350%2C200","width":350,"height":200,"srcset":"https:\/\/i0.wp.com\/www.rockpixx.com\/wordpress\/wp-content\/uploads\/2013\/01\/20100621-05-united4-Artikel.jpg?resize=350%2C200 1x, https:\/\/i0.wp.com\/www.rockpixx.com\/wordpress\/wp-content\/uploads\/2013\/01\/20100621-05-united4-Artikel.jpg?resize=525%2C300 1.5x, https:\/\/i0.wp.com\/www.rockpixx.com\/wordpress\/wp-content\/uploads\/2013\/01\/20100621-05-united4-Artikel.jpg?resize=700%2C400 2x"},"classes":[]},{"id":7946,"url":"http:\/\/www.rockpixx.com\/wordpress\/hit-radio-show-23-06-2011-kiel-lubzer-park-buhne\/","url_meta":{"origin":6703,"position":1},"title":"Hit Radio Show, 23.06.2011, Kiel, L\u00fcbzer-Park-B\u00fchne","author":"Anja","date":"23. Juni 2011","format":false,"excerpt":"Eigentlich hatte ich heute genug vom Fotografieren, aber wenn man nach einem Konzert auf der Rathausb\u00fchne dann \u00fcber den Asmus-Bremer-Platz heiml\u00e4uft, kommt man zwangsl\u00e4ufig nicht um die L\u00fcbzer-Park-B\u00fchne herum. Dieses Mal wollte ich eigentlich nur schnell in unser Kieler-Woche-Wohnzimmer zur\u00fcck und hatte schon die Kameras wieder verstaut, als ich Tina\u2026","rel":"","context":"In &quot;Acts&quot;","block_context":{"text":"Acts","link":"http:\/\/www.rockpixx.com\/wordpress\/category\/acts\/"},"img":{"alt_text":"Hit Radio Show, 23.06.2011, Kiel, L\u00fcbzer-Park-B\u00fchne","src":"https:\/\/i0.wp.com\/www.rockpixx.com\/wordpress\/wp-content\/uploads\/2013\/02\/20110623-03-hit-radio-show-Artikel.jpg?resize=350%2C200","width":350,"height":200,"srcset":"https:\/\/i0.wp.com\/www.rockpixx.com\/wordpress\/wp-content\/uploads\/2013\/02\/20110623-03-hit-radio-show-Artikel.jpg?resize=350%2C200 1x, https:\/\/i0.wp.com\/www.rockpixx.com\/wordpress\/wp-content\/uploads\/2013\/02\/20110623-03-hit-radio-show-Artikel.jpg?resize=525%2C300 1.5x, https:\/\/i0.wp.com\/www.rockpixx.com\/wordpress\/wp-content\/uploads\/2013\/02\/20110623-03-hit-radio-show-Artikel.jpg?resize=700%2C400 2x"},"classes":[]},{"id":18333,"url":"http:\/\/www.rockpixx.com\/wordpress\/nessi-22-06-2015-kieler-woche-hoern-buehne-kiel\/","url_meta":{"origin":6703,"position":2},"title":"Nessi, 22.06.2015, Kieler Woche, H\u00f6rn-B\u00fchne, Kiel","author":"Anja","date":"23. Juni 2015","format":false,"excerpt":"Angek\u00fcndigt als \u201eElektropop\u201c auf der H\u00f6rn-B\u00fchne \u2013 heute im Programm von \u201edelta radio\u201c erwartet mich\u2026 \u2026 ein leerer Platz vor der B\u00fchne. Inklusive Security und Fotograf sind ganze 22 Menschen auf dem weiten Areal anwesend \u2013 und das 15 Minuten vor Konzertbeginn. Sollte ich mich in meiner Liste f\u00fcr den\u2026","rel":"","context":"In &quot;Acts&quot;","block_context":{"text":"Acts","link":"http:\/\/www.rockpixx.com\/wordpress\/category\/acts\/"},"img":{"alt_text":"Nessi, 22.06.2015, H\u00f6rn-B\u00fchne, Kiel","src":"https:\/\/i0.wp.com\/www.rockpixx.com\/wordpress\/wp-content\/uploads\/2015\/06\/20150622-02-004_nessi_Artikel.jpg?resize=350%2C200","width":350,"height":200,"srcset":"https:\/\/i0.wp.com\/www.rockpixx.com\/wordpress\/wp-content\/uploads\/2015\/06\/20150622-02-004_nessi_Artikel.jpg?resize=350%2C200 1x, https:\/\/i0.wp.com\/www.rockpixx.com\/wordpress\/wp-content\/uploads\/2015\/06\/20150622-02-004_nessi_Artikel.jpg?resize=525%2C300 1.5x, https:\/\/i0.wp.com\/www.rockpixx.com\/wordpress\/wp-content\/uploads\/2015\/06\/20150622-02-004_nessi_Artikel.jpg?resize=700%2C400 2x"},"classes":[]},{"id":22565,"url":"http:\/\/www.rockpixx.com\/wordpress\/leony-2022\/","url_meta":{"origin":6703,"position":3},"title":"Leony, 17.06.2022, Kiel, Kieler Woche, F\u00f6rdeb\u00fchne","author":"A. Hahl","date":"18. Juni 2022","format":false,"excerpt":"Und nach 1.094 Tagen stehe ich auch endlich wieder im Graben einer B\u00fchne auf der \u201eKieler Woche\u201c: Heute stehe ich vor der F\u00f6rdeb\u00fchne und als Supportact f\u00fcr Max Giesinger steht nun Leony mit ihrer Band vor mir.","rel":"","context":"In &quot;Acts&quot;","block_context":{"text":"Acts","link":"http:\/\/www.rockpixx.com\/wordpress\/category\/acts\/"},"img":{"alt_text":"Leony, 17.06.2022, Kiel, Kieler Woche, F\u00f6rdeb\u00fchne","src":"https:\/\/i0.wp.com\/www.rockpixx.com\/wordpress\/wp-content\/uploads\/2022\/06\/20220607-1-rp-041.jpg?resize=350%2C200","width":350,"height":200,"srcset":"https:\/\/i0.wp.com\/www.rockpixx.com\/wordpress\/wp-content\/uploads\/2022\/06\/20220607-1-rp-041.jpg?resize=350%2C200 1x, https:\/\/i0.wp.com\/www.rockpixx.com\/wordpress\/wp-content\/uploads\/2022\/06\/20220607-1-rp-041.jpg?resize=525%2C300 1.5x, https:\/\/i0.wp.com\/www.rockpixx.com\/wordpress\/wp-content\/uploads\/2022\/06\/20220607-1-rp-041.jpg?resize=700%2C400 2x, https:\/\/i0.wp.com\/www.rockpixx.com\/wordpress\/wp-content\/uploads\/2022\/06\/20220607-1-rp-041.jpg?resize=1050%2C600 3x"},"classes":[]},{"id":5683,"url":"http:\/\/www.rockpixx.com\/wordpress\/pop-shop-boys-28-06-2009-kiel-holsten-park-buhne\/","url_meta":{"origin":6703,"position":4},"title":"Pop Shop Boys, 28.06.2009, Kiel, Holsten-Park-B\u00fchne","author":"Anja","date":"28. Juni 2009","format":false,"excerpt":"Da laufen Fotografin und Fotograf von rockpixx.com am letzten Tag der Kieler Woche unerkannt durch Kiel in Zivilkleidung, um einfach einmal als Touristen auch \u201edabei zu sein\u201c. Keine Kameraausr\u00fcstung dabei, einfach nur zum Abschlu\u00df einmal eine gem\u00fctliche Tour durch die kulinarischen K\u00f6stlichkeiten und nachts dann das Feuerwerk gucken \u2013 dachten\u2026","rel":"","context":"In &quot;Acts&quot;","block_context":{"text":"Acts","link":"http:\/\/www.rockpixx.com\/wordpress\/category\/acts\/"},"img":{"alt_text":"Pop Shop Boys, 28.06.2009, Kiel, Holsten-Park-B\u00fchne","src":"https:\/\/i0.wp.com\/www.rockpixx.com\/wordpress\/wp-content\/uploads\/2013\/01\/20090628-pop-shop-boys-Artikel.jpg?resize=350%2C200","width":350,"height":200,"srcset":"https:\/\/i0.wp.com\/www.rockpixx.com\/wordpress\/wp-content\/uploads\/2013\/01\/20090628-pop-shop-boys-Artikel.jpg?resize=350%2C200 1x, https:\/\/i0.wp.com\/www.rockpixx.com\/wordpress\/wp-content\/uploads\/2013\/01\/20090628-pop-shop-boys-Artikel.jpg?resize=525%2C300 1.5x, https:\/\/i0.wp.com\/www.rockpixx.com\/wordpress\/wp-content\/uploads\/2013\/01\/20090628-pop-shop-boys-Artikel.jpg?resize=700%2C400 2x"},"classes":[]},{"id":20274,"url":"http:\/\/www.rockpixx.com\/wordpress\/mallet-23-06-2016-kieler-woche-holsten-buehne-kiel\/","url_meta":{"origin":6703,"position":5},"title":"Mallet, 23.06.2016, Kieler Woche, Holsten-B\u00fchne, Kiel","author":"A. Hahl","date":"24. Juni 2016","format":false,"excerpt":"Es finden sich zwischen den ganzen gro\u00dfen und bekannten Bands und zwischen den \u201eWiederholungst\u00e4tern\u201c, die schon zu Kaisers Zeiten auf der Kieler Woche gespielt haben (und es vermutlich auch dann noch tun werden, wenn die Briten erneut EU-Mitglied sein werden, immer noch \u00fcberraschende Perlen. \u201eMallet\u201c ist so eine. Beim Warten\u2026","rel":"","context":"In &quot;Acts&quot;","block_context":{"text":"Acts","link":"http:\/\/www.rockpixx.com\/wordpress\/category\/acts\/"},"img":{"alt_text":"Mallet, 23.06.2016, Kiel, Kieler Woche, Holstenpark-B\u00fchne","src":"https:\/\/i0.wp.com\/www.rockpixx.com\/wordpress\/wp-content\/uploads\/2016\/06\/20160623-01-018.jpg?resize=350%2C200","width":350,"height":200,"srcset":"https:\/\/i0.wp.com\/www.rockpixx.com\/wordpress\/wp-content\/uploads\/2016\/06\/20160623-01-018.jpg?resize=350%2C200 1x, https:\/\/i0.wp.com\/www.rockpixx.com\/wordpress\/wp-content\/uploads\/2016\/06\/20160623-01-018.jpg?resize=525%2C300 1.5x, https:\/\/i0.wp.com\/www.rockpixx.com\/wordpress\/wp-content\/uploads\/2016\/06\/20160623-01-018.jpg?resize=700%2C400 2x"},"classes":[]}],"jetpack_sharing_enabled":true,"publishpress_future_action":{"enabled":false,"date":"2026-05-08 06:54:01","action":"change-status","newStatus":"draft","terms":[],"taxonomy":"category","extraData":[]},"publishpress_future_workflow_manual_trigger":{"enabledWorkflows":[]},"_links":{"self":[{"href":"http:\/\/www.rockpixx.com\/wordpress\/wp-json\/wp\/v2\/posts\/6703","targetHints":{"allow":["GET"]}}],"collection":[{"href":"http:\/\/www.rockpixx.com\/wordpress\/wp-json\/wp\/v2\/posts"}],"about":[{"href":"http:\/\/www.rockpixx.com\/wordpress\/wp-json\/wp\/v2\/types\/post"}],"author":[{"embeddable":true,"href":"http:\/\/www.rockpixx.com\/wordpress\/wp-json\/wp\/v2\/users\/2"}],"replies":[{"embeddable":true,"href":"http:\/\/www.rockpixx.com\/wordpress\/wp-json\/wp\/v2\/comments?post=6703"}],"version-history":[{"count":0,"href":"http:\/\/www.rockpixx.com\/wordpress\/wp-json\/wp\/v2\/posts\/6703\/revisions"}],"wp:featuredmedia":[{"embeddable":true,"href":"http:\/\/www.rockpixx.com\/wordpress\/wp-json\/wp\/v2\/media\/6704"}],"wp:attachment":[{"href":"http:\/\/www.rockpixx.com\/wordpress\/wp-json\/wp\/v2\/media?parent=6703"}],"wp:term":[{"taxonomy":"category","embeddable":true,"href":"http:\/\/www.rockpixx.com\/wordpress\/wp-json\/wp\/v2\/categories?post=6703"},{"taxonomy":"post_tag","embeddable":true,"href":"http:\/\/www.rockpixx.com\/wordpress\/wp-json\/wp\/v2\/tags?post=6703"}],"curies":[{"name":"wp","href":"https:\/\/api.w.org\/{rel}","templated":true}]}}