{"id":6719,"date":"2010-06-22T03:00:46","date_gmt":"2010-06-22T01:00:46","guid":{"rendered":"http:\/\/rockpixx.com\/wordpress\/?p=6719"},"modified":"2013-01-27T16:55:41","modified_gmt":"2013-01-27T14:55:41","slug":"fools-garden-22-06-2010-kiel-rathausbuhne","status":"publish","type":"post","link":"http:\/\/www.rockpixx.com\/wordpress\/fools-garden-22-06-2010-kiel-rathausbuhne\/","title":{"rendered":"Fools Garden, 22.06.2010, Kiel, Rathausb\u00fchne"},"content":{"rendered":"<p>\u201eLemon Tree\u201c \u2013 wer kennt diesen Song aus den Neunziger Jahren des vorigen Jahrhunderts aus dem letzten Jahrtausend nicht? \u201eFools Garden\u201c (mittlerweile ohne Apostroph) nur auf diesen Song zu reduzieren, w\u00e4re allerdings ungerecht.<!--more--> Es ist durchg\u00e4ngig sch\u00f6ne Musik, die ganz entspannt daherkommt und mich immer ein wenig vom Soundgef\u00fcge her auch an die Sechziger erinnert.<\/p>\n<p>Und so war gestern Abend auf der Rathausb\u00fchne auch eine ganz entspannte Sommernacht mit der englischsprachigen Musik von den vier Jungs aus dem Bundesland, wo man alles kann, au\u00dfer Hochdeutsch, angesagt.<\/p>\n<p style=\"text-align: right;\">Fotos:\u00a0<a href=\"mailto:info@rockpixx.com?subject=Fotos%20von%20Fools%20Garden,%20Kiel%20%E2%80%9ERathausb%C3%BChne%E2%80%9C,%2022.06.2010\">Alex<\/a>\u00a0| Text:\u00a0<a href=\"mailto:info@rockpixx.com?subject=Reviewtext%20von%20Fools%20Garden,%20Kiel%20%E2%80%9ERathausb%C3%BChne%E2%80%9C,%2022.06.2010\">Alex<\/a><\/p>\n<p style=\"text-align: left;\"><div class=\"eat-left eat-right\"><div class=\"thumbs-masonry isotope\"><div class=\"isotope-item block-2 block-h-2\"><a href=\"http:\/\/www.rockpixx.com\/wordpress\/wp-content\/uploads\/2013\/01\/20100622-03-013.jpg\" rel=\"prettyPhoto[postgal_6721]\" class=\"show-hover-link block-h-2\"\"><img decoding=\"async\" src=\"http:\/\/www.rockpixx.com\/wordpress\/wp-content\/uploads\/2013\/01\/20100622-03-013-480x400.jpg\" alt=\"Fools Garden, 22.06.2010, Kiel, Rathausb\u00fchne\"\/><span class=\"before\"><\/span><span class=\"after\"><\/span><\/a><\/div><div class=\"isotope-item block-1 block-h-1\"><a href=\"http:\/\/www.rockpixx.com\/wordpress\/wp-content\/uploads\/2013\/01\/20100622-03-016.jpg\" rel=\"prettyPhoto[postgal_6721]\" class=\"show-hover-link block-h-1\"\"><img decoding=\"async\" src=\"http:\/\/www.rockpixx.com\/wordpress\/wp-content\/uploads\/2013\/01\/20100622-03-016-480x400.jpg\" alt=\"Fools Garden, 22.06.2010, Kiel, Rathausb\u00fchne\"\/><span class=\"before\"><\/span><span class=\"after\"><\/span><\/a><\/div><div class=\"isotope-item block-1 block-h-1\"><a href=\"http:\/\/www.rockpixx.com\/wordpress\/wp-content\/uploads\/2013\/01\/20100622-03-021.jpg\" rel=\"prettyPhoto[postgal_6721]\" class=\"show-hover-link block-h-1\"\"><img decoding=\"async\" src=\"http:\/\/www.rockpixx.com\/wordpress\/wp-content\/uploads\/2013\/01\/20100622-03-021-480x400.jpg\" alt=\"Fools Garden, 22.06.2010, Kiel, Rathausb\u00fchne\"\/><span class=\"before\"><\/span><span class=\"after\"><\/span><\/a><\/div><div class=\"isotope-item block-2 block-h-2\"><a href=\"http:\/\/www.rockpixx.com\/wordpress\/wp-content\/uploads\/2013\/01\/20100622-03-030.jpg\" rel=\"prettyPhoto[postgal_6721]\" class=\"show-hover-link block-h-2\"\"><img decoding=\"async\" src=\"http:\/\/www.rockpixx.com\/wordpress\/wp-content\/uploads\/2013\/01\/20100622-03-030-480x400.jpg\" alt=\"Fools Garden, 22.06.2010, Kiel, Rathausb\u00fchne\"\/><span class=\"before\"><\/span><span class=\"after\"><\/span><\/a><\/div><div class=\"isotope-item block-1 block-h-1\"><a href=\"http:\/\/www.rockpixx.com\/wordpress\/wp-content\/uploads\/2013\/01\/20100622-03-033.jpg\" rel=\"prettyPhoto[postgal_6721]\" class=\"show-hover-link block-h-1\"\"><img decoding=\"async\" src=\"http:\/\/www.rockpixx.com\/wordpress\/wp-content\/uploads\/2013\/01\/20100622-03-033-480x400.jpg\" alt=\"Fools Garden, 22.06.2010, Kiel, Rathausb\u00fchne\"\/><span class=\"before\"><\/span><span class=\"after\"><\/span><\/a><\/div><div class=\"isotope-item block-1 block-h-1\"><a href=\"http:\/\/www.rockpixx.com\/wordpress\/wp-content\/uploads\/2013\/01\/20100622-03-038.jpg\" rel=\"prettyPhoto[postgal_6721]\" class=\"show-hover-link block-h-1\"\"><img decoding=\"async\" src=\"http:\/\/www.rockpixx.com\/wordpress\/wp-content\/uploads\/2013\/01\/20100622-03-038-480x400.jpg\" alt=\"Fools Garden, 22.06.2010, Kiel, Rathausb\u00fchne\"\/><span class=\"before\"><\/span><span class=\"after\"><\/span><\/a><\/div><div class=\"isotope-item block-2 block-h-2\"><a href=\"http:\/\/www.rockpixx.com\/wordpress\/wp-content\/uploads\/2013\/01\/20100622-03-049.jpg\" rel=\"prettyPhoto[postgal_6721]\" class=\"show-hover-link block-h-2\"\"><img decoding=\"async\" src=\"http:\/\/www.rockpixx.com\/wordpress\/wp-content\/uploads\/2013\/01\/20100622-03-049-480x400.jpg\" alt=\"Fools Garden, 22.06.2010, Kiel, Rathausb\u00fchne\"\/><span class=\"before\"><\/span><span class=\"after\"><\/span><\/a><\/div><div class=\"isotope-item block-1 block-h-1\"><a href=\"http:\/\/www.rockpixx.com\/wordpress\/wp-content\/uploads\/2013\/01\/20100622-03-050.jpg\" rel=\"prettyPhoto[postgal_6721]\" class=\"show-hover-link block-h-1\"\"><img decoding=\"async\" src=\"http:\/\/www.rockpixx.com\/wordpress\/wp-content\/uploads\/2013\/01\/20100622-03-050-480x400.jpg\" alt=\"Fools Garden, 22.06.2010, Kiel, Rathausb\u00fchne\"\/><span class=\"before\"><\/span><span class=\"after\"><\/span><\/a><\/div><div class=\"isotope-item block-1 block-h-1\"><a href=\"http:\/\/www.rockpixx.com\/wordpress\/wp-content\/uploads\/2013\/01\/20100622-03-059.jpg\" rel=\"prettyPhoto[postgal_6721]\" class=\"show-hover-link block-h-1\"\"><img decoding=\"async\" src=\"http:\/\/www.rockpixx.com\/wordpress\/wp-content\/uploads\/2013\/01\/20100622-03-059-480x400.jpg\" alt=\"Fools Garden, 22.06.2010, Kiel, Rathausb\u00fchne\"\/><span class=\"before\"><\/span><span class=\"after\"><\/span><\/a><\/div><div class=\"isotope-item block-2 block-h-2\"><a href=\"http:\/\/www.rockpixx.com\/wordpress\/wp-content\/uploads\/2013\/01\/20100622-03-066.jpg\" rel=\"prettyPhoto[postgal_6721]\" class=\"show-hover-link block-h-2\"\"><img decoding=\"async\" src=\"http:\/\/www.rockpixx.com\/wordpress\/wp-content\/uploads\/2013\/01\/20100622-03-066-480x400.jpg\" alt=\"Fools Garden, 22.06.2010, Kiel, Rathausb\u00fchne\"\/><span class=\"before\"><\/span><span class=\"after\"><\/span><\/a><\/div><\/div><\/div><\/p>\n","protected":false},"excerpt":{"rendered":"<p>\u201eLemon Tree\u201c \u2013 wer kennt diesen Song aus den Neunziger Jahren des vorigen Jahrhunderts aus <a href=\"http:\/\/www.rockpixx.com\/wordpress\/fools-garden-22-06-2010-kiel-rathausbuhne\/\">Read more<\/a><\/p>\n","protected":false},"author":2,"featured_media":6720,"comment_status":"open","ping_status":"open","sticky":false,"template":"","format":"standard","meta":{"_jetpack_memberships_contains_paid_content":false,"footnotes":"","jetpack_publicize_message":"","jetpack_publicize_feature_enabled":true,"jetpack_social_post_already_shared":true,"jetpack_social_options":{"image_generator_settings":{"template":"highway","default_image_id":0,"font":"","enabled":false},"version":2}},"categories":[34,502],"tags":[1832,133,1882,1735,138,2057],"class_list":["post-6719","post","type-post","status-publish","format-standard","has-post-thumbnail","hentry","category-acts","category-fools-garden","tag-1832","tag-festivals","tag-fools-garden","tag-kiel","tag-kieler-woche","tag-rathausbuhne"],"aioseo_notices":[],"jetpack_publicize_connections":[],"jetpack_featured_media_url":"http:\/\/www.rockpixx.com\/wordpress\/wp-content\/uploads\/2013\/01\/20100622-03-fools-garden-Artikel.jpg","jetpack-related-posts":[{"id":8434,"url":"http:\/\/www.rockpixx.com\/wordpress\/bob-geldof-16-06-2012-kiel-rathausbuhne\/","url_meta":{"origin":6719,"position":0},"title":"Bob Geldof, 16.06.2012, Kiel, Rathausb\u00fchne","author":"Anja","date":"16. Juni 2012","format":false,"excerpt":"Was soll man \u00fcber Bob Geldof noch schreiben? In seiner Fr\u00fchzeit ein (Punk-) Rocker, Hauptrolle im Film \u201eThe Wall\u201c von Pink Floyd, Organisator von BandAid, LiveAid und Live8, zweimal f\u00fcr den Friedensnobelpreis vorgeschlagen, von der Queen zum Ritter geschlagen (als geb\u00fcrtiger Ire allerding nicht berechtigt, die Anrede \u201eSir\u201c zu f\u00fchren,\u2026","rel":"","context":"In &quot;Acts&quot;","block_context":{"text":"Acts","link":"http:\/\/www.rockpixx.com\/wordpress\/category\/acts\/"},"img":{"alt_text":"Bob Geldof, 16.06.2012, Kiel, Rathausb\u00fchne","src":"https:\/\/i0.wp.com\/www.rockpixx.com\/wordpress\/wp-content\/uploads\/2013\/02\/20120616-01-bob-geldof-Artikel.jpg?resize=350%2C200","width":350,"height":200,"srcset":"https:\/\/i0.wp.com\/www.rockpixx.com\/wordpress\/wp-content\/uploads\/2013\/02\/20120616-01-bob-geldof-Artikel.jpg?resize=350%2C200 1x, https:\/\/i0.wp.com\/www.rockpixx.com\/wordpress\/wp-content\/uploads\/2013\/02\/20120616-01-bob-geldof-Artikel.jpg?resize=525%2C300 1.5x, https:\/\/i0.wp.com\/www.rockpixx.com\/wordpress\/wp-content\/uploads\/2013\/02\/20120616-01-bob-geldof-Artikel.jpg?resize=700%2C400 2x"},"classes":[]},{"id":7990,"url":"http:\/\/www.rockpixx.com\/wordpress\/brothers-in-arms-23-06-2011-kiel-rathausbuhne\/","url_meta":{"origin":6719,"position":1},"title":"Brothers in Arms, 23.06.2011, Kiel, Rathausb\u00fchne","author":"Anja","date":"23. Juni 2011","format":false,"excerpt":"Endlich schaffte ich es \u2013 die Fotografin von rockpixx.com - auch einmal, \u201eBrothers in Arms\u201c zu fotografieren. Aber als ich an der B\u00fchne ankam und die Musiker beim Soundcheck beobachtete, dachte ich der Gitarrist und S\u00e4nger schaut ja wirklich aus wie Mark Knopfler.Sp\u00e4ter w\u00e4hrend des Konzertes konnte ich mich davon\u2026","rel":"","context":"In &quot;Acts&quot;","block_context":{"text":"Acts","link":"http:\/\/www.rockpixx.com\/wordpress\/category\/acts\/"},"img":{"alt_text":"Brothers in Arms, 23.06.2011, Kiel, Rathausb\u00fchne","src":"https:\/\/i0.wp.com\/www.rockpixx.com\/wordpress\/wp-content\/uploads\/2013\/02\/20110623-06-brothers-in-arms-Artikel.jpg?resize=350%2C200","width":350,"height":200,"srcset":"https:\/\/i0.wp.com\/www.rockpixx.com\/wordpress\/wp-content\/uploads\/2013\/02\/20110623-06-brothers-in-arms-Artikel.jpg?resize=350%2C200 1x, https:\/\/i0.wp.com\/www.rockpixx.com\/wordpress\/wp-content\/uploads\/2013\/02\/20110623-06-brothers-in-arms-Artikel.jpg?resize=525%2C300 1.5x, https:\/\/i0.wp.com\/www.rockpixx.com\/wordpress\/wp-content\/uploads\/2013\/02\/20110623-06-brothers-in-arms-Artikel.jpg?resize=700%2C400 2x"},"classes":[]},{"id":7936,"url":"http:\/\/www.rockpixx.com\/wordpress\/peter-schilling-23-06-2011-kiel-rathausbuhne\/","url_meta":{"origin":6719,"position":2},"title":"Peter Schilling, 23.06.2011, Kiel, Rathausb\u00fchne","author":"Anja","date":"23. Juni 2011","format":false,"excerpt":"\u201eMajor Tom\u201c auf der Kieler Rathausb\u00fchne \u2013 und der hat gut abgehoben! Bei den Heroes der \u201eNeuen Deutschen Welle\u201c gibt es ja zwei Kategorien: Musikanten, die heute bestenfalls noch zur Er\u00f6ffnung eines neuen Baumarktes aufspielen k\u00f6nnen, und Musiker, die es immer noch bringen. Gute Beispiele f\u00fcr die zweite Kategorie waren\u2026","rel":"","context":"In &quot;Acts&quot;","block_context":{"text":"Acts","link":"http:\/\/www.rockpixx.com\/wordpress\/category\/acts\/"},"img":{"alt_text":"Peter Schilling, 23.06.2011, Kiel, Rathausb\u00fchne","src":"https:\/\/i0.wp.com\/www.rockpixx.com\/wordpress\/wp-content\/uploads\/2013\/02\/20110623-01-peter-schilling-Artikel.jpg?resize=350%2C200","width":350,"height":200,"srcset":"https:\/\/i0.wp.com\/www.rockpixx.com\/wordpress\/wp-content\/uploads\/2013\/02\/20110623-01-peter-schilling-Artikel.jpg?resize=350%2C200 1x, https:\/\/i0.wp.com\/www.rockpixx.com\/wordpress\/wp-content\/uploads\/2013\/02\/20110623-01-peter-schilling-Artikel.jpg?resize=525%2C300 1.5x, https:\/\/i0.wp.com\/www.rockpixx.com\/wordpress\/wp-content\/uploads\/2013\/02\/20110623-01-peter-schilling-Artikel.jpg?resize=700%2C400 2x"},"classes":[]},{"id":6653,"url":"http:\/\/www.rockpixx.com\/wordpress\/brothers-in-arms-21-06-2010-kiel-rathausbuhne\/","url_meta":{"origin":6719,"position":3},"title":"Brothers in Arms, 21.06.2010, Kiel, Rathausb\u00fchne","author":"Anja","date":"21. Juni 2010","format":false,"excerpt":"Zur\u00fcck zur Rathausb\u00fchne: Schon w\u00e4hrend ich zwei Stunden zuvor \u201eMr. Police\u201c ablichtete, tippte mir der freundliche Oly von \u201eBrothers in Arms\u201c von hinten auf die Schulter und sagte mir, f\u00fcr nachher ginge alles klar mit dem Fotografieren auf der B\u00fchne. Also zum wiederholten Male die Musik von \u201eDire Straits\u201c ablichten\u2026","rel":"","context":"In &quot;Acts&quot;","block_context":{"text":"Acts","link":"http:\/\/www.rockpixx.com\/wordpress\/category\/acts\/"},"img":{"alt_text":"Brothers in Arms, 21.06.2010, Kiel, Rathausb\u00fchne","src":"https:\/\/i0.wp.com\/www.rockpixx.com\/wordpress\/wp-content\/uploads\/2013\/01\/20100621-07-brothers-in-arms-Artikel.jpg?resize=350%2C200","width":350,"height":200,"srcset":"https:\/\/i0.wp.com\/www.rockpixx.com\/wordpress\/wp-content\/uploads\/2013\/01\/20100621-07-brothers-in-arms-Artikel.jpg?resize=350%2C200 1x, https:\/\/i0.wp.com\/www.rockpixx.com\/wordpress\/wp-content\/uploads\/2013\/01\/20100621-07-brothers-in-arms-Artikel.jpg?resize=525%2C300 1.5x, https:\/\/i0.wp.com\/www.rockpixx.com\/wordpress\/wp-content\/uploads\/2013\/01\/20100621-07-brothers-in-arms-Artikel.jpg?resize=700%2C400 2x"},"classes":[]},{"id":8519,"url":"http:\/\/www.rockpixx.com\/wordpress\/u2-the-tribute-18-06-2012-kiel-rathausbuhne\/","url_meta":{"origin":6719,"position":4},"title":"U2: The Tribute, 18.06.2012, Kiel, Rathausb\u00fchne","author":"Anja","date":"18. Juni 2012","format":false,"excerpt":"U2-The Tribute... da ich die Musik von U2 mag, sagte ich mir nix wie hin an die Rathausb\u00fchne - zum zweiten Mal an diesem Abend. Als die Band auf die B\u00fchne kam, dachte ich mir, die Jungs kennst du doch und nach einem Blick auf die Bassdrum war mir klar,\u2026","rel":"","context":"In &quot;Acts&quot;","block_context":{"text":"Acts","link":"http:\/\/www.rockpixx.com\/wordpress\/category\/acts\/"},"img":{"alt_text":"U2: The Tribute, 18.06.2012, Kiel, Rathausb\u00fchne","src":"https:\/\/i0.wp.com\/www.rockpixx.com\/wordpress\/wp-content\/uploads\/2013\/02\/20120618-06-u2-the-tribute-Artikel.jpg?resize=350%2C200","width":350,"height":200,"srcset":"https:\/\/i0.wp.com\/www.rockpixx.com\/wordpress\/wp-content\/uploads\/2013\/02\/20120618-06-u2-the-tribute-Artikel.jpg?resize=350%2C200 1x, https:\/\/i0.wp.com\/www.rockpixx.com\/wordpress\/wp-content\/uploads\/2013\/02\/20120618-06-u2-the-tribute-Artikel.jpg?resize=525%2C300 1.5x, https:\/\/i0.wp.com\/www.rockpixx.com\/wordpress\/wp-content\/uploads\/2013\/02\/20120618-06-u2-the-tribute-Artikel.jpg?resize=700%2C400 2x"},"classes":[]},{"id":7921,"url":"http:\/\/www.rockpixx.com\/wordpress\/andy-scotts-sweet-22-06-2011-kiel-rathausbuhne\/","url_meta":{"origin":6719,"position":5},"title":"Andy Scott&#8217;s Sweet, 22.06.2011, Kiel, Rathausb\u00fchne","author":"Anja","date":"22. Juni 2011","format":false,"excerpt":"Glamrock-Nacht an der Rathausb\u00fchne in Kiel und ich war mittendrinnen. Begeisterte Fans skandierten immer mal wieder von Blicken nach oben \u2013 \u201eH\u00e4lt das Wetter?\u201c \u2013 \u201eWir wollen Sweet! Wir wollen Sweet!\u201c. Was will man mehr als Musiker als von den Fans auf die B\u00fchne gerufen zu werden? Da kamen sie\u2026\u2026","rel":"","context":"In &quot;Acts&quot;","block_context":{"text":"Acts","link":"http:\/\/www.rockpixx.com\/wordpress\/category\/acts\/"},"img":{"alt_text":"Andy Scott's Sweet, 22.06.2011, Kiel, Rathausb\u00fchne","src":"https:\/\/i0.wp.com\/www.rockpixx.com\/wordpress\/wp-content\/uploads\/2013\/02\/20110622-02-sweet-Artikel.jpg?resize=350%2C200","width":350,"height":200,"srcset":"https:\/\/i0.wp.com\/www.rockpixx.com\/wordpress\/wp-content\/uploads\/2013\/02\/20110622-02-sweet-Artikel.jpg?resize=350%2C200 1x, https:\/\/i0.wp.com\/www.rockpixx.com\/wordpress\/wp-content\/uploads\/2013\/02\/20110622-02-sweet-Artikel.jpg?resize=525%2C300 1.5x, https:\/\/i0.wp.com\/www.rockpixx.com\/wordpress\/wp-content\/uploads\/2013\/02\/20110622-02-sweet-Artikel.jpg?resize=700%2C400 2x"},"classes":[]}],"jetpack_sharing_enabled":true,"publishpress_future_action":{"enabled":false,"date":"2026-05-07 07:47:21","action":"change-status","newStatus":"draft","terms":[],"taxonomy":"category","extraData":[]},"publishpress_future_workflow_manual_trigger":{"enabledWorkflows":[]},"_links":{"self":[{"href":"http:\/\/www.rockpixx.com\/wordpress\/wp-json\/wp\/v2\/posts\/6719","targetHints":{"allow":["GET"]}}],"collection":[{"href":"http:\/\/www.rockpixx.com\/wordpress\/wp-json\/wp\/v2\/posts"}],"about":[{"href":"http:\/\/www.rockpixx.com\/wordpress\/wp-json\/wp\/v2\/types\/post"}],"author":[{"embeddable":true,"href":"http:\/\/www.rockpixx.com\/wordpress\/wp-json\/wp\/v2\/users\/2"}],"replies":[{"embeddable":true,"href":"http:\/\/www.rockpixx.com\/wordpress\/wp-json\/wp\/v2\/comments?post=6719"}],"version-history":[{"count":0,"href":"http:\/\/www.rockpixx.com\/wordpress\/wp-json\/wp\/v2\/posts\/6719\/revisions"}],"wp:featuredmedia":[{"embeddable":true,"href":"http:\/\/www.rockpixx.com\/wordpress\/wp-json\/wp\/v2\/media\/6720"}],"wp:attachment":[{"href":"http:\/\/www.rockpixx.com\/wordpress\/wp-json\/wp\/v2\/media?parent=6719"}],"wp:term":[{"taxonomy":"category","embeddable":true,"href":"http:\/\/www.rockpixx.com\/wordpress\/wp-json\/wp\/v2\/categories?post=6719"},{"taxonomy":"post_tag","embeddable":true,"href":"http:\/\/www.rockpixx.com\/wordpress\/wp-json\/wp\/v2\/tags?post=6719"}],"curies":[{"name":"wp","href":"https:\/\/api.w.org\/{rel}","templated":true}]}}