{"id":6887,"date":"2010-06-24T03:00:49","date_gmt":"2010-06-24T01:00:49","guid":{"rendered":"http:\/\/rockpixx.com\/wordpress\/?p=6887"},"modified":"2013-01-27T16:58:08","modified_gmt":"2013-01-27T14:58:08","slug":"graumeliert-ist-zeitlos-24-06-2010-kiel-junge-buhne-ratsdienergarten","status":"publish","type":"post","link":"http:\/\/www.rockpixx.com\/wordpress\/graumeliert-ist-zeitlos-24-06-2010-kiel-junge-buhne-ratsdienergarten\/","title":{"rendered":"Graumeliert ist Zeitlos, 24.06.2010, Kiel, Junge B\u00fchne Ratsdienergarten"},"content":{"rendered":"<p>Dann also \u201eGraumeliert ist Zeitlos\u201c aus Berlin statt \u2192\u00a0<a title=\"Silbermond, 24.06.2010, Kiel, NDR-B\u00fchne\" href=\"http:\/\/rockpixx.com\/wordpress\/?p=6835\">\u201eSilbermond\u201c<\/a>. Diese Band macht Alternative Rock und die Mucke kommt recht kraftvoll und schn\u00f6rkellos daher. <!--more-->Nach all den gro\u00dfen Bands auf der Kieler Woche und den teilweise gigantischen B\u00fchnen mit ihrer gewaltigen Technik ist das auf der kleinen B\u00fchne im Ratsdienergarten einmal eine angenehme Abwechslung. Schade eigentlich, dass nur so wenig Publikum hierin findet.<\/p>\n<p style=\"text-align: right;\">Fotos:\u00a0<a href=\"mailto:info@rockpixx.com?subject=Fotos%20von%20Graumeliert%20ist%20Zeitlos,%20Kiel%20%E2%80%9EJunge%20B%C3%BChne%20Ratsdienergarten%E2%80%9C,%2024.06.2010\">Alex<\/a>\u00a0| Text:\u00a0<a href=\"mailto:info@rockpixx.com?subject=Reviewtext%20von%20Graumeliert%20ist%20Zeitlos,%20Kiel%20%E2%80%9EJunge%20B%C3%BChne%20Ratsdienergarten%E2%80%9C,%2024.06.2010\">Alex<\/a><\/p>\n<p style=\"text-align: left;\"><div class=\"eat-left eat-right\"><div class=\"thumbs-masonry isotope\"><div class=\"isotope-item block-2 block-h-2\"><a href=\"http:\/\/www.rockpixx.com\/wordpress\/wp-content\/uploads\/2013\/01\/20100624-03-001.jpg\" rel=\"prettyPhoto[postgal_6888]\" class=\"show-hover-link block-h-2\"\"><img decoding=\"async\" src=\"http:\/\/www.rockpixx.com\/wordpress\/wp-content\/uploads\/2013\/01\/20100624-03-001-480x400.jpg\" alt=\"Konzertaufnahme, Graumeliert ist Zeitlos, 24.06.2010, Kiel,  Junge B\u00fchne\"\/><span class=\"before\"><\/span><span class=\"after\"><\/span><\/a><\/div><div class=\"isotope-item block-1 block-h-1\"><a href=\"http:\/\/www.rockpixx.com\/wordpress\/wp-content\/uploads\/2013\/01\/20100624-03-003.jpg\" rel=\"prettyPhoto[postgal_6888]\" class=\"show-hover-link block-h-1\"\"><img decoding=\"async\" src=\"http:\/\/www.rockpixx.com\/wordpress\/wp-content\/uploads\/2013\/01\/20100624-03-003-480x400.jpg\" alt=\"Konzertaufnahme, Graumeliert ist Zeitlos, 24.06.2010, Kiel,  Junge B\u00fchne\"\/><span class=\"before\"><\/span><span class=\"after\"><\/span><\/a><\/div><div class=\"isotope-item block-1 block-h-1\"><a href=\"http:\/\/www.rockpixx.com\/wordpress\/wp-content\/uploads\/2013\/01\/20100624-03-006.jpg\" rel=\"prettyPhoto[postgal_6888]\" class=\"show-hover-link block-h-1\"\"><img decoding=\"async\" src=\"http:\/\/www.rockpixx.com\/wordpress\/wp-content\/uploads\/2013\/01\/20100624-03-006-480x400.jpg\" alt=\"Konzertaufnahme, Graumeliert ist Zeitlos, 24.06.2010, Kiel,  Junge B\u00fchne\"\/><span class=\"before\"><\/span><span class=\"after\"><\/span><\/a><\/div><div class=\"isotope-item block-2 block-h-2\"><a href=\"http:\/\/www.rockpixx.com\/wordpress\/wp-content\/uploads\/2013\/01\/20100624-03-011.jpg\" rel=\"prettyPhoto[postgal_6888]\" class=\"show-hover-link block-h-2\"\"><img decoding=\"async\" src=\"http:\/\/www.rockpixx.com\/wordpress\/wp-content\/uploads\/2013\/01\/20100624-03-011-480x400.jpg\" alt=\"Konzertaufnahme, Graumeliert ist Zeitlos, 24.06.2010, Kiel,  Junge B\u00fchne\"\/><span class=\"before\"><\/span><span class=\"after\"><\/span><\/a><\/div><div class=\"isotope-item block-1 block-h-1\"><a href=\"http:\/\/www.rockpixx.com\/wordpress\/wp-content\/uploads\/2013\/01\/20100624-03-017.jpg\" rel=\"prettyPhoto[postgal_6888]\" class=\"show-hover-link block-h-1\"\"><img decoding=\"async\" src=\"http:\/\/www.rockpixx.com\/wordpress\/wp-content\/uploads\/2013\/01\/20100624-03-017-480x400.jpg\" alt=\"Konzertaufnahme, Graumeliert ist Zeitlos, 24.06.2010, Kiel,  Junge B\u00fchne\"\/><span class=\"before\"><\/span><span class=\"after\"><\/span><\/a><\/div><div class=\"isotope-item block-1 block-h-1\"><a href=\"http:\/\/www.rockpixx.com\/wordpress\/wp-content\/uploads\/2013\/01\/20100624-03-019.jpg\" rel=\"prettyPhoto[postgal_6888]\" class=\"show-hover-link block-h-1\"\"><img decoding=\"async\" src=\"http:\/\/www.rockpixx.com\/wordpress\/wp-content\/uploads\/2013\/01\/20100624-03-019-480x400.jpg\" alt=\"Konzertaufnahme, Graumeliert ist Zeitlos, 24.06.2010, Kiel,  Junge B\u00fchne\"\/><span class=\"before\"><\/span><span class=\"after\"><\/span><\/a><\/div><div class=\"isotope-item block-2 block-h-2\"><a href=\"http:\/\/www.rockpixx.com\/wordpress\/wp-content\/uploads\/2013\/01\/20100624-03-028.jpg\" rel=\"prettyPhoto[postgal_6888]\" class=\"show-hover-link block-h-2\"\"><img decoding=\"async\" src=\"http:\/\/www.rockpixx.com\/wordpress\/wp-content\/uploads\/2013\/01\/20100624-03-028-480x400.jpg\" alt=\"Konzertaufnahme, Graumeliert ist Zeitlos, 24.06.2010, Kiel,  Junge B\u00fchne\"\/><span class=\"before\"><\/span><span class=\"after\"><\/span><\/a><\/div><div class=\"isotope-item block-1 block-h-1\"><a href=\"http:\/\/www.rockpixx.com\/wordpress\/wp-content\/uploads\/2013\/01\/20100624-03-034.jpg\" rel=\"prettyPhoto[postgal_6888]\" class=\"show-hover-link block-h-1\"\"><img decoding=\"async\" src=\"http:\/\/www.rockpixx.com\/wordpress\/wp-content\/uploads\/2013\/01\/20100624-03-034-480x400.jpg\" alt=\"Konzertaufnahme, Graumeliert ist Zeitlos, 24.06.2010, Kiel,  Junge B\u00fchne\"\/><span class=\"before\"><\/span><span class=\"after\"><\/span><\/a><\/div><div class=\"isotope-item block-1 block-h-1\"><a href=\"http:\/\/www.rockpixx.com\/wordpress\/wp-content\/uploads\/2013\/01\/20100624-03-039.jpg\" rel=\"prettyPhoto[postgal_6888]\" class=\"show-hover-link block-h-1\"\"><img decoding=\"async\" src=\"http:\/\/www.rockpixx.com\/wordpress\/wp-content\/uploads\/2013\/01\/20100624-03-039-480x400.jpg\" alt=\"Konzertaufnahme, Graumeliert ist Zeitlos, 24.06.2010, Kiel,  Junge B\u00fchne\"\/><span class=\"before\"><\/span><span class=\"after\"><\/span><\/a><\/div><div class=\"isotope-item block-2 block-h-2\"><a href=\"http:\/\/www.rockpixx.com\/wordpress\/wp-content\/uploads\/2013\/01\/20100624-03-048.jpg\" rel=\"prettyPhoto[postgal_6888]\" class=\"show-hover-link block-h-2\"\"><img decoding=\"async\" src=\"http:\/\/www.rockpixx.com\/wordpress\/wp-content\/uploads\/2013\/01\/20100624-03-048-480x400.jpg\" alt=\"Konzertaufnahme, Graumeliert ist Zeitlos, 24.06.2010, Kiel,  Junge B\u00fchne\"\/><span class=\"before\"><\/span><span class=\"after\"><\/span><\/a><\/div><\/div><\/div><\/p>\n","protected":false},"excerpt":{"rendered":"<p>Dann also \u201eGraumeliert ist Zeitlos\u201c aus Berlin statt \u2192\u00a0\u201eSilbermond\u201c. Diese Band macht Alternative Rock und <a href=\"http:\/\/www.rockpixx.com\/wordpress\/graumeliert-ist-zeitlos-24-06-2010-kiel-junge-buhne-ratsdienergarten\/\">Read more<\/a><\/p>\n","protected":false},"author":2,"featured_media":6889,"comment_status":"open","ping_status":"open","sticky":false,"template":"","format":"standard","meta":{"_jetpack_memberships_contains_paid_content":false,"footnotes":"","jetpack_publicize_message":"","jetpack_publicize_feature_enabled":true,"jetpack_social_post_already_shared":true,"jetpack_social_options":{"image_generator_settings":{"template":"highway","default_image_id":0,"font":"","enabled":false},"version":2}},"categories":[34,508],"tags":[1832,133,1888,815,1735],"class_list":["post-6887","post","type-post","status-publish","format-standard","has-post-thumbnail","hentry","category-acts","category-graumeliert-ist-zeitlos","tag-1832","tag-festivals","tag-graumeliert-ist-zeitlos","tag-junge-buhne-ratsdienergarten","tag-kiel"],"aioseo_notices":[],"jetpack_publicize_connections":[],"jetpack_featured_media_url":"http:\/\/www.rockpixx.com\/wordpress\/wp-content\/uploads\/2013\/01\/20100624-03-graumeliert-Artikel.jpg","jetpack-related-posts":[{"id":7692,"url":"http:\/\/www.rockpixx.com\/wordpress\/child-in-time-17-06-2011-kiel-junge-buhne-ratsdienergarten\/","url_meta":{"origin":6887,"position":0},"title":"Child in Time, 17.06.2011, Kiel, Junge B\u00fchne Ratsdienergarten","author":"Anja","date":"17. Juni 2011","format":false,"excerpt":"Auf dem Weg von \u2192 \u201eThe Hooters\u201c an der NDR-B\u00fchne zu \u2192\u00a0 \u201ePfefferminz\u201c auf der Rathausb\u00fchne f\u00fchrt mich mein Weg an der Jungen B\u00fchne Kiel vorbei \u2013 und ich h\u00f6re vertraute Kl\u00e4nge: \u201eChild in Time\u201c von \u2192 \u201eDeep Purple\u201c erklingt. Aber wie! Grund genug, f\u00fcr die f\u00fcnf Jungs von \u201eChild\u2026","rel":"","context":"In &quot;Acts&quot;","block_context":{"text":"Acts","link":"http:\/\/www.rockpixx.com\/wordpress\/category\/acts\/"},"img":{"alt_text":"Child in Time, 17.06.2011, Kiel, Junge B\u00fchne Ratsdienergarten","src":"https:\/\/i0.wp.com\/www.rockpixx.com\/wordpress\/wp-content\/uploads\/2013\/01\/20110617-09-child-in-time-Artikel.jpg?resize=350%2C200","width":350,"height":200,"srcset":"https:\/\/i0.wp.com\/www.rockpixx.com\/wordpress\/wp-content\/uploads\/2013\/01\/20110617-09-child-in-time-Artikel.jpg?resize=350%2C200 1x, https:\/\/i0.wp.com\/www.rockpixx.com\/wordpress\/wp-content\/uploads\/2013\/01\/20110617-09-child-in-time-Artikel.jpg?resize=525%2C300 1.5x, https:\/\/i0.wp.com\/www.rockpixx.com\/wordpress\/wp-content\/uploads\/2013\/01\/20110617-09-child-in-time-Artikel.jpg?resize=700%2C400 2x"},"classes":[]},{"id":8417,"url":"http:\/\/www.rockpixx.com\/wordpress\/kensington-road-15-06-2012-kiel-ndr-buhne\/","url_meta":{"origin":6887,"position":1},"title":"Kensington Road, 15.06.2012, Kiel, NDR-B\u00fchne","author":"Anja","date":"15. Juni 2012","format":false,"excerpt":"Die NDR-B\u00fchne: Freude auf gute Acts, sch\u00f6nes Licht, angenehme Security und\u2026 wieder einmal Regen! Egal, \u201eKensington Road\u201c stehen auf der B\u00fchne und es ist bestimmt nicht ihre Schuld, dass auf dem riesigen Areal in der Gr\u00f6\u00dfe von mehreren Fu\u00dfballfeldern nur gef\u00fchlte 20 Zuschauer auszumachen sind. Was da aus den Boxen\u2026","rel":"","context":"In &quot;Acts&quot;","block_context":{"text":"Acts","link":"http:\/\/www.rockpixx.com\/wordpress\/category\/acts\/"},"img":{"alt_text":"Kensington Road, 15.06.2012, Kiel, NDR-B\u00fchne","src":"https:\/\/i0.wp.com\/www.rockpixx.com\/wordpress\/wp-content\/uploads\/2013\/02\/20120615-05-kensington-road-Artikel.jpg?resize=350%2C200","width":350,"height":200,"srcset":"https:\/\/i0.wp.com\/www.rockpixx.com\/wordpress\/wp-content\/uploads\/2013\/02\/20120615-05-kensington-road-Artikel.jpg?resize=350%2C200 1x, https:\/\/i0.wp.com\/www.rockpixx.com\/wordpress\/wp-content\/uploads\/2013\/02\/20120615-05-kensington-road-Artikel.jpg?resize=525%2C300 1.5x, https:\/\/i0.wp.com\/www.rockpixx.com\/wordpress\/wp-content\/uploads\/2013\/02\/20120615-05-kensington-road-Artikel.jpg?resize=700%2C400 2x"},"classes":[]},{"id":8492,"url":"http:\/\/www.rockpixx.com\/wordpress\/luxuslarm-18-06-2012-kiel-horn-buhne\/","url_meta":{"origin":6887,"position":2},"title":"Luxusl\u00e4rm, 18.06.2012, Kiel, h\u00f6rn b\u00fchne","author":"Anja","date":"18. Juni 2012","format":false,"excerpt":"Mein erster Einsatz an der \u201eh\u00f6rn b\u00fchne\u201c in diesem Jahr \u2013 spontan f\u00e4llt auf, dass die Idee, Eintrittskarten f\u00fcr den Main-Act zu verkaufen, sich prompt auf die Zuschauerzahlen auszuwirken scheint: Es ist ziemlich leer auf dem gro\u00dfen Areal. An der Band \u201eLuxusl\u00e4rm\u201c rund um Frontfrau \u201eJini\u201c Meyer kann's jedenfalls nicht\u2026","rel":"","context":"In &quot;Acts&quot;","block_context":{"text":"Acts","link":"http:\/\/www.rockpixx.com\/wordpress\/category\/acts\/"},"img":{"alt_text":"Luxusl\u00e4rm, 18.06.2012, Kiel, h\u00f6rn b\u00fchne","src":"https:\/\/i0.wp.com\/www.rockpixx.com\/wordpress\/wp-content\/uploads\/2013\/02\/20120618-02-luxuslaerm-Artikel.jpg?resize=350%2C200","width":350,"height":200,"srcset":"https:\/\/i0.wp.com\/www.rockpixx.com\/wordpress\/wp-content\/uploads\/2013\/02\/20120618-02-luxuslaerm-Artikel.jpg?resize=350%2C200 1x, https:\/\/i0.wp.com\/www.rockpixx.com\/wordpress\/wp-content\/uploads\/2013\/02\/20120618-02-luxuslaerm-Artikel.jpg?resize=525%2C300 1.5x, https:\/\/i0.wp.com\/www.rockpixx.com\/wordpress\/wp-content\/uploads\/2013\/02\/20120618-02-luxuslaerm-Artikel.jpg?resize=700%2C400 2x"},"classes":[]},{"id":7639,"url":"http:\/\/www.rockpixx.com\/wordpress\/alive-and-kicking-17-06-2011-kiel-ndr-buhne\/","url_meta":{"origin":6887,"position":3},"title":"Alive &#038; Kicking, 17.06.2011, Kiel, NDR-B\u00fchne","author":"Anja","date":"17. Juni 2011","format":false,"excerpt":"Die \u201eKieler Woche 2011\u201c geht f\u00fcr mich dann also an der NDR-B\u00fchne mit \u201eAlive & Kicking\u201c los. Wie der Name es schon vermuten l\u00e4sst, handelt es sich bei den Musikern aus Kiel und Umgebung um eine Simple Minds-Tributeband. Der Platz vor der B\u00fchne ist leider noch sehr leer \u2013 das\u2026","rel":"","context":"In &quot;Acts&quot;","block_context":{"text":"Acts","link":"http:\/\/www.rockpixx.com\/wordpress\/category\/acts\/"},"img":{"alt_text":"Alive and Kicking, 17.06.2011, Kiel, NDR-B\u00fchne","src":"https:\/\/i0.wp.com\/www.rockpixx.com\/wordpress\/wp-content\/uploads\/2013\/01\/20110617-01-alive-and-kicking-Artikel.jpg?resize=350%2C200","width":350,"height":200,"srcset":"https:\/\/i0.wp.com\/www.rockpixx.com\/wordpress\/wp-content\/uploads\/2013\/01\/20110617-01-alive-and-kicking-Artikel.jpg?resize=350%2C200 1x, https:\/\/i0.wp.com\/www.rockpixx.com\/wordpress\/wp-content\/uploads\/2013\/01\/20110617-01-alive-and-kicking-Artikel.jpg?resize=525%2C300 1.5x, https:\/\/i0.wp.com\/www.rockpixx.com\/wordpress\/wp-content\/uploads\/2013\/01\/20110617-01-alive-and-kicking-Artikel.jpg?resize=700%2C400 2x"},"classes":[]},{"id":8991,"url":"http:\/\/www.rockpixx.com\/wordpress\/piece-road-57-01-09-2012-missunde-5-missunder-rocknacht\/","url_meta":{"origin":6887,"position":4},"title":"Piece Road 57, 01.09.2012, Missunde, 5. Missunder Rocknacht","author":"Anja","date":"1. September 2012","format":false,"excerpt":"Nach W:O:A und dem Deichbrandfestival genie\u00dfen wir es heute mal wieder, vor einer \u201ekleineren\u201c B\u00fchne zu fotografieren. Begr\u00fc\u00dft werden wir ganz lieb von Niels Nissen, den wir dann sp\u00e4ter noch auf der B\u00fchne erleben d\u00fcrfen und Thomas Jacobs \u2013 die beiden veranstalten die \u201eMissunder Rocknacht\u201c bereits in der 5. Auflage.\u2026","rel":"","context":"In &quot;Acts&quot;","block_context":{"text":"Acts","link":"http:\/\/www.rockpixx.com\/wordpress\/category\/acts\/"},"img":{"alt_text":"Piece Road 57, 01.09.2012, Missunde, 5. Missunder Rocknacht","src":"https:\/\/i0.wp.com\/www.rockpixx.com\/wordpress\/wp-content\/uploads\/2013\/02\/20120901-01-piece-road-57-Artikel.jpg?resize=350%2C200","width":350,"height":200,"srcset":"https:\/\/i0.wp.com\/www.rockpixx.com\/wordpress\/wp-content\/uploads\/2013\/02\/20120901-01-piece-road-57-Artikel.jpg?resize=350%2C200 1x, https:\/\/i0.wp.com\/www.rockpixx.com\/wordpress\/wp-content\/uploads\/2013\/02\/20120901-01-piece-road-57-Artikel.jpg?resize=525%2C300 1.5x, https:\/\/i0.wp.com\/www.rockpixx.com\/wordpress\/wp-content\/uploads\/2013\/02\/20120901-01-piece-road-57-Artikel.jpg?resize=700%2C400 2x"},"classes":[]},{"id":21834,"url":"http:\/\/www.rockpixx.com\/wordpress\/sasha-kiel-2018\/","url_meta":{"origin":6887,"position":5},"title":"Sasha 15.06.2018, H\u00f6rn-B\u00fchne, Kiel","author":"A. Hahl","date":"16. Juni 2018","format":false,"excerpt":"Aller guten Dinge sind Drei: Nach 2009 und 2015 stehe ich nun wieder ein in einem B\u00fchnengaben und lichte Sasha ab. Ok, 2011 und 2012 hatte ich schon seinen kanadischen Zwilling Dick Brave fotografiert, aber das ist eine andere Story\u2026 Nun, im Jahr 2018, ist das neue Album \u201eSchl\u00fcsselkind\u201c frisch\u2026","rel":"","context":"In &quot;Acts&quot;","block_context":{"text":"Acts","link":"http:\/\/www.rockpixx.com\/wordpress\/category\/acts\/"},"img":{"alt_text":"Sasha 15.06.2018, H\u00f6rn-B\u00fchne, Kiel","src":"https:\/\/i0.wp.com\/www.rockpixx.com\/wordpress\/wp-content\/uploads\/2018\/06\/20180615-02-057.jpg?resize=350%2C200","width":350,"height":200,"srcset":"https:\/\/i0.wp.com\/www.rockpixx.com\/wordpress\/wp-content\/uploads\/2018\/06\/20180615-02-057.jpg?resize=350%2C200 1x, https:\/\/i0.wp.com\/www.rockpixx.com\/wordpress\/wp-content\/uploads\/2018\/06\/20180615-02-057.jpg?resize=525%2C300 1.5x, https:\/\/i0.wp.com\/www.rockpixx.com\/wordpress\/wp-content\/uploads\/2018\/06\/20180615-02-057.jpg?resize=700%2C400 2x"},"classes":[]}],"jetpack_sharing_enabled":true,"publishpress_future_action":{"enabled":false,"date":"2026-05-08 08:41:37","action":"change-status","newStatus":"draft","terms":[],"taxonomy":"category","extraData":[]},"publishpress_future_workflow_manual_trigger":{"enabledWorkflows":[]},"_links":{"self":[{"href":"http:\/\/www.rockpixx.com\/wordpress\/wp-json\/wp\/v2\/posts\/6887","targetHints":{"allow":["GET"]}}],"collection":[{"href":"http:\/\/www.rockpixx.com\/wordpress\/wp-json\/wp\/v2\/posts"}],"about":[{"href":"http:\/\/www.rockpixx.com\/wordpress\/wp-json\/wp\/v2\/types\/post"}],"author":[{"embeddable":true,"href":"http:\/\/www.rockpixx.com\/wordpress\/wp-json\/wp\/v2\/users\/2"}],"replies":[{"embeddable":true,"href":"http:\/\/www.rockpixx.com\/wordpress\/wp-json\/wp\/v2\/comments?post=6887"}],"version-history":[{"count":0,"href":"http:\/\/www.rockpixx.com\/wordpress\/wp-json\/wp\/v2\/posts\/6887\/revisions"}],"wp:featuredmedia":[{"embeddable":true,"href":"http:\/\/www.rockpixx.com\/wordpress\/wp-json\/wp\/v2\/media\/6889"}],"wp:attachment":[{"href":"http:\/\/www.rockpixx.com\/wordpress\/wp-json\/wp\/v2\/media?parent=6887"}],"wp:term":[{"taxonomy":"category","embeddable":true,"href":"http:\/\/www.rockpixx.com\/wordpress\/wp-json\/wp\/v2\/categories?post=6887"},{"taxonomy":"post_tag","embeddable":true,"href":"http:\/\/www.rockpixx.com\/wordpress\/wp-json\/wp\/v2\/tags?post=6887"}],"curies":[{"name":"wp","href":"https:\/\/api.w.org\/{rel}","templated":true}]}}