{"id":6904,"date":"2010-06-24T04:00:14","date_gmt":"2010-06-24T02:00:14","guid":{"rendered":"http:\/\/rockpixx.com\/wordpress\/?p=6904"},"modified":"2013-01-27T16:58:15","modified_gmt":"2013-01-27T14:58:15","slug":"chili-con-pepper-24-06-2010-kiel-maxbuhne","status":"publish","type":"post","link":"http:\/\/www.rockpixx.com\/wordpress\/chili-con-pepper-24-06-2010-kiel-maxbuhne\/","title":{"rendered":"Chili Con Pepper, 24.06.2010, Kiel, MAXB\u00fchne"},"content":{"rendered":"<p>Und zum Ende des Abends heizte \u201eChili Con Pepper\u201c dem Publikum noch einmal ordentlich ein. Wie der Name schon vermuten l\u00e4sst, ist diese Formation eine Tributeband zum Thema \u201eRed Hot Chili Peppers\u201c. Dementsprechend ging die Post ab \u2013 sowohl auf als auch vor der B\u00fchne.<!--more--><br \/>\nDer Siedepunkt war erreicht, als die Band die Fans einlud, gemeinsam mit ihnen auf der B\u00fchne abzutoben. Obwohl die MAXB\u00fchne sehr stabil gebaut ist und auch auf festem Untergrund steht, gab es doch einige Bewegung im Geb\u00e4lk. Zum Gl\u00fcck entsch\u00e4rfte sich die Situation mit dem n\u00e4chsten Song wieder etwas.<\/p>\n<p style=\"text-align: right;\">Fotos:\u00a0<a href=\"mailto:info@rockpixx.com?subject=Fotos%20von%20Chili%20Con%20Pepper,%20Kiel%20%E2%80%9EMAXB%C3%BChne%E2%80%9C,%2024.06.2010\">Alex<\/a>,\u00a0<a href=\"mailto:a.roselt@rockpixx.com?subject=Fotos%20von%20Chili%20Con%20Pepper,%20Kiel%20%E2%80%9EMAXB%C3%BChne%E2%80%9C,%2024.06.2010\">Anja<\/a>\u00a0| Text:\u00a0<a href=\"mailto:info@rockpixx.com?subject=Reviewtext%20von%20Chili%20Con%20Pepper,%20Kiel%20%E2%80%9EMAXB%C3%BChne%E2%80%9C,%2024.06.2010\">Alex<\/a><\/p>\n<p style=\"text-align: left;\"><div class=\"eat-left eat-right\"><div class=\"thumbs-masonry isotope\"><div class=\"isotope-item block-2 block-h-2\"><a href=\"http:\/\/www.rockpixx.com\/wordpress\/wp-content\/uploads\/2013\/01\/20100624-04-037.jpg\" rel=\"prettyPhoto[postgal_6905]\" class=\"show-hover-link block-h-2\"\"><img decoding=\"async\" src=\"http:\/\/www.rockpixx.com\/wordpress\/wp-content\/uploads\/2013\/01\/20100624-04-037-480x400.jpg\" alt=\"Konzertaufnahme, Cilli con Pepper, 24.06.2010, Kiel, MAXB\u00fchne\"\/><span class=\"before\"><\/span><span class=\"after\"><\/span><\/a><\/div><div class=\"isotope-item block-1 block-h-1\"><a href=\"http:\/\/www.rockpixx.com\/wordpress\/wp-content\/uploads\/2013\/01\/20100624-04-056.jpg\" rel=\"prettyPhoto[postgal_6905]\" class=\"show-hover-link block-h-1\"\"><img decoding=\"async\" src=\"http:\/\/www.rockpixx.com\/wordpress\/wp-content\/uploads\/2013\/01\/20100624-04-056-480x400.jpg\" alt=\"Konzertaufnahme, Cilli con Pepper, 24.06.2010, Kiel, MAXB\u00fchne\"\/><span class=\"before\"><\/span><span class=\"after\"><\/span><\/a><\/div><div class=\"isotope-item block-1 block-h-1\"><a href=\"http:\/\/www.rockpixx.com\/wordpress\/wp-content\/uploads\/2013\/01\/20100624-04-071.jpg\" rel=\"prettyPhoto[postgal_6905]\" class=\"show-hover-link block-h-1\"\"><img decoding=\"async\" src=\"http:\/\/www.rockpixx.com\/wordpress\/wp-content\/uploads\/2013\/01\/20100624-04-071-480x400.jpg\" alt=\"Konzertaufnahme, Cilli con Pepper, 24.06.2010, Kiel, MAXB\u00fchne\"\/><span class=\"before\"><\/span><span class=\"after\"><\/span><\/a><\/div><div class=\"isotope-item block-2 block-h-2\"><a href=\"http:\/\/www.rockpixx.com\/wordpress\/wp-content\/uploads\/2013\/01\/20100624-04-126.jpg\" rel=\"prettyPhoto[postgal_6905]\" class=\"show-hover-link block-h-2\"\"><img decoding=\"async\" src=\"http:\/\/www.rockpixx.com\/wordpress\/wp-content\/uploads\/2013\/01\/20100624-04-126-480x400.jpg\" alt=\"Konzertaufnahme, Cilli con Pepper, 24.06.2010, Kiel, MAXB\u00fchne\"\/><span class=\"before\"><\/span><span class=\"after\"><\/span><\/a><\/div><div class=\"isotope-item block-1 block-h-1\"><a href=\"http:\/\/www.rockpixx.com\/wordpress\/wp-content\/uploads\/2013\/01\/20100624-04-171.jpg\" rel=\"prettyPhoto[postgal_6905]\" class=\"show-hover-link block-h-1\"\"><img decoding=\"async\" src=\"http:\/\/www.rockpixx.com\/wordpress\/wp-content\/uploads\/2013\/01\/20100624-04-171-480x400.jpg\" alt=\"Konzertaufnahme, Cilli con Pepper, 24.06.2010, Kiel, MAXB\u00fchne\"\/><span class=\"before\"><\/span><span class=\"after\"><\/span><\/a><\/div><div class=\"isotope-item block-1 block-h-1\"><a href=\"http:\/\/www.rockpixx.com\/wordpress\/wp-content\/uploads\/2013\/01\/20100624-04-173.jpg\" rel=\"prettyPhoto[postgal_6905]\" class=\"show-hover-link block-h-1\"\"><img decoding=\"async\" src=\"http:\/\/www.rockpixx.com\/wordpress\/wp-content\/uploads\/2013\/01\/20100624-04-173-480x400.jpg\" alt=\"Konzertaufnahme, Cilli con Pepper, 24.06.2010, Kiel, MAXB\u00fchne\"\/><span class=\"before\"><\/span><span class=\"after\"><\/span><\/a><\/div><div class=\"isotope-item block-2 block-h-2\"><a href=\"http:\/\/www.rockpixx.com\/wordpress\/wp-content\/uploads\/2013\/01\/20100624-04-201.jpg\" rel=\"prettyPhoto[postgal_6905]\" class=\"show-hover-link block-h-2\"\"><img decoding=\"async\" src=\"http:\/\/www.rockpixx.com\/wordpress\/wp-content\/uploads\/2013\/01\/20100624-04-201-480x400.jpg\" alt=\"Konzertaufnahme, Cilli con Pepper, 24.06.2010, Kiel, MAXB\u00fchne\"\/><span class=\"before\"><\/span><span class=\"after\"><\/span><\/a><\/div><div class=\"isotope-item block-1 block-h-1\"><a href=\"http:\/\/www.rockpixx.com\/wordpress\/wp-content\/uploads\/2013\/01\/20100624-04-207.jpg\" rel=\"prettyPhoto[postgal_6905]\" class=\"show-hover-link block-h-1\"\"><img decoding=\"async\" src=\"http:\/\/www.rockpixx.com\/wordpress\/wp-content\/uploads\/2013\/01\/20100624-04-207-480x400.jpg\" alt=\"Konzertaufnahme, Cilli con Pepper, 24.06.2010, Kiel, MAXB\u00fchne\"\/><span class=\"before\"><\/span><span class=\"after\"><\/span><\/a><\/div><div class=\"isotope-item block-1 block-h-1\"><a href=\"http:\/\/www.rockpixx.com\/wordpress\/wp-content\/uploads\/2013\/01\/20100624-04-217.jpg\" rel=\"prettyPhoto[postgal_6905]\" class=\"show-hover-link block-h-1\"\"><img decoding=\"async\" src=\"http:\/\/www.rockpixx.com\/wordpress\/wp-content\/uploads\/2013\/01\/20100624-04-217-480x400.jpg\" alt=\"Konzertaufnahme, Cilli con Pepper, 24.06.2010, Kiel, MAXB\u00fchne\"\/><span class=\"before\"><\/span><span class=\"after\"><\/span><\/a><\/div><div class=\"isotope-item block-2 block-h-2\"><a href=\"http:\/\/www.rockpixx.com\/wordpress\/wp-content\/uploads\/2013\/01\/20100624-04-218.jpg\" rel=\"prettyPhoto[postgal_6905]\" class=\"show-hover-link block-h-2\"\"><img decoding=\"async\" src=\"http:\/\/www.rockpixx.com\/wordpress\/wp-content\/uploads\/2013\/01\/20100624-04-218-480x400.jpg\" alt=\"Konzertaufnahme, Cilli con Pepper, 24.06.2010, Kiel, MAXB\u00fchne\"\/><span class=\"before\"><\/span><span class=\"after\"><\/span><\/a><\/div><\/div><\/div><\/p>\n","protected":false},"excerpt":{"rendered":"<p>Und zum Ende des Abends heizte \u201eChili Con Pepper\u201c dem Publikum noch einmal ordentlich ein. <a href=\"http:\/\/www.rockpixx.com\/wordpress\/chili-con-pepper-24-06-2010-kiel-maxbuhne\/\">Read more<\/a><\/p>\n","protected":false},"author":2,"featured_media":6906,"comment_status":"open","ping_status":"open","sticky":false,"template":"","format":"standard","meta":{"_jetpack_memberships_contains_paid_content":false,"footnotes":"","jetpack_publicize_message":"","jetpack_publicize_feature_enabled":true,"jetpack_social_post_already_shared":true,"jetpack_social_options":{"image_generator_settings":{"template":"highway","default_image_id":0,"font":"","enabled":false},"version":2}},"categories":[34,511,509,5],"tags":[1832,1890,133,1735,138,1743,1889],"class_list":["post-6904","post","type-post","status-publish","format-standard","has-post-thumbnail","hentry","category-acts","category-chili-con-pepper","category-red-hot-chili-peppers","category-tributebands","tag-1832","tag-chili-con-pepper","tag-festivals","tag-kiel","tag-kieler-woche","tag-maxbuhne","tag-red-hot-chili-peppers"],"aioseo_notices":[],"jetpack_publicize_connections":[],"jetpack_featured_media_url":"http:\/\/www.rockpixx.com\/wordpress\/wp-content\/uploads\/2013\/01\/20100624-04-cilli-con-pepper-Artikel.jpg","jetpack-related-posts":[{"id":7927,"url":"http:\/\/www.rockpixx.com\/wordpress\/chili-con-pepper-22-06-2011-kiel-maxbuhne\/","url_meta":{"origin":6904,"position":0},"title":"Chili Con Pepper, 22.06.2011, Kiel, MAXB\u00fchne","author":"Anja","date":"22. Juni 2011","format":false,"excerpt":"Es gibt Bands, mit denen werde ich einfach nicht so richtig warm. Das muss nicht einmal an den Musikern liegen (obwohl, den Fall hatte ich auch schon), bei \u201eChili Con Pepper\u201c liegt es definitiv an der Musik, bzw. dem, was die vier Musiker aus den Songs der \u201eRed Hot Chilli\u2026","rel":"","context":"In &quot;Acts&quot;","block_context":{"text":"Acts","link":"http:\/\/www.rockpixx.com\/wordpress\/category\/acts\/"},"img":{"alt_text":"Chili Con Pepper, 22.06.2011, Kiel, MAXB\u00fchne","src":"https:\/\/i0.wp.com\/www.rockpixx.com\/wordpress\/wp-content\/uploads\/2013\/02\/20110622-03-cilli-con-pepper-Artikel.jpg?resize=350%2C200","width":350,"height":200,"srcset":"https:\/\/i0.wp.com\/www.rockpixx.com\/wordpress\/wp-content\/uploads\/2013\/02\/20110622-03-cilli-con-pepper-Artikel.jpg?resize=350%2C200 1x, https:\/\/i0.wp.com\/www.rockpixx.com\/wordpress\/wp-content\/uploads\/2013\/02\/20110622-03-cilli-con-pepper-Artikel.jpg?resize=525%2C300 1.5x, https:\/\/i0.wp.com\/www.rockpixx.com\/wordpress\/wp-content\/uploads\/2013\/02\/20110622-03-cilli-con-pepper-Artikel.jpg?resize=700%2C400 2x"},"classes":[]},{"id":11292,"url":"http:\/\/www.rockpixx.com\/wordpress\/steamfly-29-06-2013-kiel-maxbuhne\/","url_meta":{"origin":6904,"position":1},"title":"Steamfly, 29.06.2013, Kiel, MAXB\u00fchne","author":"Anja","date":"30. Juni 2013","format":false,"excerpt":"Auf dem R\u00fcckweg von \u2192\u00a0\u201eABBA Cover\u201c an der h\u00f6rn b\u00fchne habe ich als n\u00e4chste Station dann \u201eSteamfly\u201c an der MAXB\u00fchne auf meinem Laufzettel stehen. Schon vor der Fu\u00dfg\u00e4nger\u00fcberquerung der Kaistra\u00dfe h\u00f6re ich einen ungewohnt lauten, schrillen und leicht kratzigen Sound her\u00fcberwehen. Der wird auch nicht wirklich besser, je n\u00e4her ich\u2026","rel":"","context":"In &quot;Acts&quot;","block_context":{"text":"Acts","link":"http:\/\/www.rockpixx.com\/wordpress\/category\/acts\/"},"img":{"alt_text":"","src":"https:\/\/i0.wp.com\/www.rockpixx.com\/wordpress\/wp-content\/uploads\/2013\/06\/20130629-04-031_steamfly-Artikel.jpg?resize=350%2C200","width":350,"height":200,"srcset":"https:\/\/i0.wp.com\/www.rockpixx.com\/wordpress\/wp-content\/uploads\/2013\/06\/20130629-04-031_steamfly-Artikel.jpg?resize=350%2C200 1x, https:\/\/i0.wp.com\/www.rockpixx.com\/wordpress\/wp-content\/uploads\/2013\/06\/20130629-04-031_steamfly-Artikel.jpg?resize=525%2C300 1.5x, https:\/\/i0.wp.com\/www.rockpixx.com\/wordpress\/wp-content\/uploads\/2013\/06\/20130629-04-031_steamfly-Artikel.jpg?resize=700%2C400 2x"},"classes":[]},{"id":11272,"url":"http:\/\/www.rockpixx.com\/wordpress\/coverline-28-06-2013-kiel-maxbuhne\/","url_meta":{"origin":6904,"position":2},"title":"CoverLine, 28.06.2013, Kiel, MAXB\u00fchne","author":"Anja","date":"29. Juni 2013","format":false,"excerpt":"Zum Abschluss des Abends dann noch \u201eCoverLine\u201c an der MAXB\u00fchne. Dieses Jahr feiert die Band ihr zehnj\u00e4hriges Bestehen und l\u00e4sst es daf\u00fcr auf der B\u00fchne ordentlich krachen: Jede Menge Gastmusiker geben sich die Ehre und gratulieren Andr\u00e9 und seinen Mitstreitern auf ihre pers\u00f6nliche Weise. Auch MayaMo\u00a0ist dabei und singt zwei\u2026","rel":"","context":"In &quot;Acts&quot;","block_context":{"text":"Acts","link":"http:\/\/www.rockpixx.com\/wordpress\/category\/acts\/"},"img":{"alt_text":"","src":"https:\/\/i0.wp.com\/www.rockpixx.com\/wordpress\/wp-content\/uploads\/2013\/06\/20130628-05-064_coverline-Artikel.jpg?resize=350%2C200","width":350,"height":200,"srcset":"https:\/\/i0.wp.com\/www.rockpixx.com\/wordpress\/wp-content\/uploads\/2013\/06\/20130628-05-064_coverline-Artikel.jpg?resize=350%2C200 1x, https:\/\/i0.wp.com\/www.rockpixx.com\/wordpress\/wp-content\/uploads\/2013\/06\/20130628-05-064_coverline-Artikel.jpg?resize=525%2C300 1.5x, https:\/\/i0.wp.com\/www.rockpixx.com\/wordpress\/wp-content\/uploads\/2013\/06\/20130628-05-064_coverline-Artikel.jpg?resize=700%2C400 2x"},"classes":[]},{"id":11342,"url":"http:\/\/www.rockpixx.com\/wordpress\/corporate-id-30-06-2013-kiel-maxbuhne-2\/","url_meta":{"origin":6904,"position":3},"title":"Corporate ID, 30.06.2013, Kiel, MAXB\u00fchne","author":"Anja","date":"1. Juli 2013","format":false,"excerpt":"Wenn backstage ein Monster-PickUp anrollt, bei dem man eine Leiter zum Einstieg braucht, und dieser einen Parkplatz sucht, dann wei\u00df der erfahrene MAXB\u00fchnen-Mitarbeiter, dass es in B\u00e4lde auf der B\u00fchne so richtig \u201evolles Brett\u201c geben wird und alle gemeinsam etwas \u201eauf die Ohren bekommen\u201c. So auch dieses Jahr: \u201eCorporate ID\u201c\u2026","rel":"","context":"In &quot;Acts&quot;","block_context":{"text":"Acts","link":"http:\/\/www.rockpixx.com\/wordpress\/category\/acts\/"},"img":{"alt_text":"Corporate ID, 30.06.2013, Kiel, MAXB\u00fchne","src":"https:\/\/i0.wp.com\/www.rockpixx.com\/wordpress\/wp-content\/uploads\/2013\/07\/20130630-02-008_corporate-id-Artikel.jpg?resize=350%2C200","width":350,"height":200,"srcset":"https:\/\/i0.wp.com\/www.rockpixx.com\/wordpress\/wp-content\/uploads\/2013\/07\/20130630-02-008_corporate-id-Artikel.jpg?resize=350%2C200 1x, https:\/\/i0.wp.com\/www.rockpixx.com\/wordpress\/wp-content\/uploads\/2013\/07\/20130630-02-008_corporate-id-Artikel.jpg?resize=525%2C300 1.5x, https:\/\/i0.wp.com\/www.rockpixx.com\/wordpress\/wp-content\/uploads\/2013\/07\/20130630-02-008_corporate-id-Artikel.jpg?resize=700%2C400 2x"},"classes":[]},{"id":6683,"url":"http:\/\/www.rockpixx.com\/wordpress\/ten-and-out-22-06-2010-kiel-maxbuhne\/","url_meta":{"origin":6904,"position":4},"title":"Ten and Out, 22.06.2010, Kiel, MAXB\u00fchne","author":"Anja","date":"22. Juni 2010","format":false,"excerpt":"Es ist schwierig, am fr\u00fchen Abend im Hellen die Aufgabe zu haben, die Leute auf dem relativ leeren B\u00fchnenvorplatz an der MAXB\u00fchne zum Verweilen zu bringen. Gerade, weil hier der Platz kein abgeschlossenes Areal ist, sondern weil er direkt am Bahnhof liegt und sich zudem noch auf einer der Haupt-Flanierrouten\u2026","rel":"","context":"In &quot;Acts&quot;","block_context":{"text":"Acts","link":"http:\/\/www.rockpixx.com\/wordpress\/category\/acts\/"},"img":{"alt_text":"Ten and Out, 22.06.2010, Kiel, MAXB\u00fchne","src":"https:\/\/i0.wp.com\/www.rockpixx.com\/wordpress\/wp-content\/uploads\/2013\/01\/20100622-01-ten-and-out-Artikel.jpg?resize=350%2C200","width":350,"height":200,"srcset":"https:\/\/i0.wp.com\/www.rockpixx.com\/wordpress\/wp-content\/uploads\/2013\/01\/20100622-01-ten-and-out-Artikel.jpg?resize=350%2C200 1x, https:\/\/i0.wp.com\/www.rockpixx.com\/wordpress\/wp-content\/uploads\/2013\/01\/20100622-01-ten-and-out-Artikel.jpg?resize=525%2C300 1.5x, https:\/\/i0.wp.com\/www.rockpixx.com\/wordpress\/wp-content\/uploads\/2013\/01\/20100622-01-ten-and-out-Artikel.jpg?resize=700%2C400 2x"},"classes":[]},{"id":4859,"url":"http:\/\/www.rockpixx.com\/wordpress\/drive-19-06-2009-kiel-maxbuhne\/","url_meta":{"origin":6904,"position":5},"title":"Drive!, 19.06.2009, Kiel, MAXB\u00fchne","author":"Anja","date":"19. Juni 2009","format":false,"excerpt":"Und dann war da doch noch\u2026 Richtig! Auf unserem Weg zur\u00fcck zum Auto machten wir nat\u00fcrlich den obligatorischen Stop am \u2192\u00a0letztj\u00e4hrigen \u201eZuhause\u201c, der \u201eMAX-B\u00fchne\u201c. Der gesamte Freitag steht bei allen B\u00fchnen unter dem Motto \u201eSoundcheck\u201c, da die Kieler Woche ja noch nicht offiziell begonnen hat. Dennoch l\u00e4uft eigentlich \u00fcberall schon\u2026","rel":"","context":"In &quot;Acts&quot;","block_context":{"text":"Acts","link":"http:\/\/www.rockpixx.com\/wordpress\/category\/acts\/"},"img":{"alt_text":"Drive!, 19.06.2009, Kiel, MAXB\u00fchne","src":"https:\/\/i0.wp.com\/www.rockpixx.com\/wordpress\/wp-content\/uploads\/2009\/06\/20090619-08-drive-Artikel.jpg?resize=350%2C200","width":350,"height":200,"srcset":"https:\/\/i0.wp.com\/www.rockpixx.com\/wordpress\/wp-content\/uploads\/2009\/06\/20090619-08-drive-Artikel.jpg?resize=350%2C200 1x, https:\/\/i0.wp.com\/www.rockpixx.com\/wordpress\/wp-content\/uploads\/2009\/06\/20090619-08-drive-Artikel.jpg?resize=525%2C300 1.5x, https:\/\/i0.wp.com\/www.rockpixx.com\/wordpress\/wp-content\/uploads\/2009\/06\/20090619-08-drive-Artikel.jpg?resize=700%2C400 2x"},"classes":[]}],"jetpack_sharing_enabled":true,"publishpress_future_action":{"enabled":false,"date":"2026-05-10 17:20:29","action":"change-status","newStatus":"draft","terms":[],"taxonomy":"category","extraData":[]},"publishpress_future_workflow_manual_trigger":{"enabledWorkflows":[]},"_links":{"self":[{"href":"http:\/\/www.rockpixx.com\/wordpress\/wp-json\/wp\/v2\/posts\/6904","targetHints":{"allow":["GET"]}}],"collection":[{"href":"http:\/\/www.rockpixx.com\/wordpress\/wp-json\/wp\/v2\/posts"}],"about":[{"href":"http:\/\/www.rockpixx.com\/wordpress\/wp-json\/wp\/v2\/types\/post"}],"author":[{"embeddable":true,"href":"http:\/\/www.rockpixx.com\/wordpress\/wp-json\/wp\/v2\/users\/2"}],"replies":[{"embeddable":true,"href":"http:\/\/www.rockpixx.com\/wordpress\/wp-json\/wp\/v2\/comments?post=6904"}],"version-history":[{"count":0,"href":"http:\/\/www.rockpixx.com\/wordpress\/wp-json\/wp\/v2\/posts\/6904\/revisions"}],"wp:featuredmedia":[{"embeddable":true,"href":"http:\/\/www.rockpixx.com\/wordpress\/wp-json\/wp\/v2\/media\/6906"}],"wp:attachment":[{"href":"http:\/\/www.rockpixx.com\/wordpress\/wp-json\/wp\/v2\/media?parent=6904"}],"wp:term":[{"taxonomy":"category","embeddable":true,"href":"http:\/\/www.rockpixx.com\/wordpress\/wp-json\/wp\/v2\/categories?post=6904"},{"taxonomy":"post_tag","embeddable":true,"href":"http:\/\/www.rockpixx.com\/wordpress\/wp-json\/wp\/v2\/tags?post=6904"}],"curies":[{"name":"wp","href":"https:\/\/api.w.org\/{rel}","templated":true}]}}