{"id":6997,"date":"2010-06-26T01:00:06","date_gmt":"2010-06-25T23:00:06","guid":{"rendered":"http:\/\/rockpixx.com\/wordpress\/?p=6997"},"modified":"2013-01-27T16:59:38","modified_gmt":"2013-01-27T14:59:38","slug":"duncan-townsend-26-06-2010-kiel-unser-norden-buhne","status":"publish","type":"post","link":"http:\/\/www.rockpixx.com\/wordpress\/duncan-townsend-26-06-2010-kiel-unser-norden-buhne\/","title":{"rendered":"Duncan Townsend, 26.06.2010, Kiel, Unser Norden-B\u00fchne"},"content":{"rendered":"<p>Duncan Townsend hat 2006 zusammen mit Nena \u201eCaravan of Love\u201c neu eingespielt. Diesen Song arrangierte er f\u00fcr die Show \u201e50 Jahre BRAVO\u201c. So fragte ihn der hiesige Veranstalter halt, ob er den Supportact f\u00fcr Nena an diesem Abend auf der \u201eUnser Norden-B\u00fchne\u201c an der Kieler H\u00f6rn machen w\u00fcrde. <!--more-->Zum Gl\u00fcck sagte er zu, sonst w\u00e4re sch\u00f6ne Musik an den zahlreich erschienenen Zuschauern vorbeigegangen (und der Fotograf h\u00e4tte nat\u00fcrlich auch ein paar Bilder verpasst).<\/p>\n<p>Gut gefallen hat mir, dass Duncan nach dem Auftritt in den Graben kam, Autogrammkarten und CDs verteilte und nicht m\u00fcde wurde, die zahlreichen Autogrammw\u00fcnsche zu erf\u00fcllen. Somit war f\u00fcr die zahlreichen Fans die Wartezeit bis zu Nena auch nicht mehr so lang\u2026<\/p>\n<p style=\"text-align: right;\">Fotos:\u00a0<a href=\"mailto:info@rockpixx.com?subject=Fotos%20von%20Duncan%20Townsend,%20Kiel%20%E2%80%9EUnser%20Norden-B%C3%BChne%E2%80%9C,%2026.06.2010\">Alex<\/a>\u00a0| Text:\u00a0<a href=\"mailto:info@rockpixx.com?subject=Reviewtext%20von%20Duncan%20Townsend,%20Kiel%20%E2%80%9EUnser%20Norden-B%C3%BChne%E2%80%9C,%2026.06.2010\">Alex<\/a><\/p>\n<p style=\"text-align: left;\"><div class=\"eat-left eat-right\"><div class=\"thumbs-masonry isotope\"><div class=\"isotope-item block-2 block-h-2\"><a href=\"http:\/\/www.rockpixx.com\/wordpress\/wp-content\/uploads\/2013\/01\/20100626-01-002.jpg\" rel=\"prettyPhoto[postgal_6998]\" class=\"show-hover-link block-h-2\"\"><img decoding=\"async\" src=\"http:\/\/www.rockpixx.com\/wordpress\/wp-content\/uploads\/2013\/01\/20100626-01-002-480x400.jpg\" alt=\"Duncan Townsend, 26.06.2010, Kiel, Unser Norden-B\u00fchne\"\/><span class=\"before\"><\/span><span class=\"after\"><\/span><\/a><\/div><div class=\"isotope-item block-1 block-h-1\"><a href=\"http:\/\/www.rockpixx.com\/wordpress\/wp-content\/uploads\/2013\/01\/20100626-01-005.jpg\" rel=\"prettyPhoto[postgal_6998]\" class=\"show-hover-link block-h-1\"\"><img decoding=\"async\" src=\"http:\/\/www.rockpixx.com\/wordpress\/wp-content\/uploads\/2013\/01\/20100626-01-005-480x400.jpg\" alt=\"Duncan Townsend, 26.06.2010, Kiel, Unser Norden-B\u00fchne\"\/><span class=\"before\"><\/span><span class=\"after\"><\/span><\/a><\/div><div class=\"isotope-item block-1 block-h-1\"><a href=\"http:\/\/www.rockpixx.com\/wordpress\/wp-content\/uploads\/2013\/01\/20100626-01-008.jpg\" rel=\"prettyPhoto[postgal_6998]\" class=\"show-hover-link block-h-1\"\"><img decoding=\"async\" src=\"http:\/\/www.rockpixx.com\/wordpress\/wp-content\/uploads\/2013\/01\/20100626-01-008-480x400.jpg\" alt=\"Duncan Townsend, 26.06.2010, Kiel, Unser Norden-B\u00fchne\"\/><span class=\"before\"><\/span><span class=\"after\"><\/span><\/a><\/div><div class=\"isotope-item block-2 block-h-2\"><a href=\"http:\/\/www.rockpixx.com\/wordpress\/wp-content\/uploads\/2013\/01\/20100626-01-012.jpg\" rel=\"prettyPhoto[postgal_6998]\" class=\"show-hover-link block-h-2\"\"><img decoding=\"async\" src=\"http:\/\/www.rockpixx.com\/wordpress\/wp-content\/uploads\/2013\/01\/20100626-01-012-480x400.jpg\" alt=\"Duncan Townsend, 26.06.2010, Kiel, Unser Norden-B\u00fchne\"\/><span class=\"before\"><\/span><span class=\"after\"><\/span><\/a><\/div><div class=\"isotope-item block-1 block-h-1\"><a href=\"http:\/\/www.rockpixx.com\/wordpress\/wp-content\/uploads\/2013\/01\/20100626-01-016.jpg\" rel=\"prettyPhoto[postgal_6998]\" class=\"show-hover-link block-h-1\"\"><img decoding=\"async\" src=\"http:\/\/www.rockpixx.com\/wordpress\/wp-content\/uploads\/2013\/01\/20100626-01-016-480x400.jpg\" alt=\"Duncan Townsend, 26.06.2010, Kiel, Unser Norden-B\u00fchne\"\/><span class=\"before\"><\/span><span class=\"after\"><\/span><\/a><\/div><div class=\"isotope-item block-1 block-h-1\"><a href=\"http:\/\/www.rockpixx.com\/wordpress\/wp-content\/uploads\/2013\/01\/20100626-01-024.jpg\" rel=\"prettyPhoto[postgal_6998]\" class=\"show-hover-link block-h-1\"\"><img decoding=\"async\" src=\"http:\/\/www.rockpixx.com\/wordpress\/wp-content\/uploads\/2013\/01\/20100626-01-024-480x400.jpg\" alt=\"Duncan Townsend, 26.06.2010, Kiel, Unser Norden-B\u00fchne\"\/><span class=\"before\"><\/span><span class=\"after\"><\/span><\/a><\/div><div class=\"isotope-item block-2 block-h-2\"><a href=\"http:\/\/www.rockpixx.com\/wordpress\/wp-content\/uploads\/2013\/01\/20100626-01-026.jpg\" rel=\"prettyPhoto[postgal_6998]\" class=\"show-hover-link block-h-2\"\"><img decoding=\"async\" src=\"http:\/\/www.rockpixx.com\/wordpress\/wp-content\/uploads\/2013\/01\/20100626-01-026-480x400.jpg\" alt=\"Duncan Townsend, 26.06.2010, Kiel, Unser Norden-B\u00fchne\"\/><span class=\"before\"><\/span><span class=\"after\"><\/span><\/a><\/div><div class=\"isotope-item block-1 block-h-1\"><a href=\"http:\/\/www.rockpixx.com\/wordpress\/wp-content\/uploads\/2013\/01\/20100626-01-029.jpg\" rel=\"prettyPhoto[postgal_6998]\" class=\"show-hover-link block-h-1\"\"><img decoding=\"async\" src=\"http:\/\/www.rockpixx.com\/wordpress\/wp-content\/uploads\/2013\/01\/20100626-01-029-480x400.jpg\" alt=\"Duncan Townsend, 26.06.2010, Kiel, Unser Norden-B\u00fchne\"\/><span class=\"before\"><\/span><span class=\"after\"><\/span><\/a><\/div><div class=\"isotope-item block-1 block-h-1\"><a href=\"http:\/\/www.rockpixx.com\/wordpress\/wp-content\/uploads\/2013\/01\/20100626-01-033.jpg\" rel=\"prettyPhoto[postgal_6998]\" class=\"show-hover-link block-h-1\"\"><img decoding=\"async\" src=\"http:\/\/www.rockpixx.com\/wordpress\/wp-content\/uploads\/2013\/01\/20100626-01-033-480x400.jpg\" alt=\"Duncan Townsend, 26.06.2010, Kiel, Unser Norden-B\u00fchne\"\/><span class=\"before\"><\/span><span class=\"after\"><\/span><\/a><\/div><div class=\"isotope-item block-2 block-h-2\"><a href=\"http:\/\/www.rockpixx.com\/wordpress\/wp-content\/uploads\/2013\/01\/20100626-01-040.jpg\" rel=\"prettyPhoto[postgal_6998]\" class=\"show-hover-link block-h-2\"\"><img decoding=\"async\" src=\"http:\/\/www.rockpixx.com\/wordpress\/wp-content\/uploads\/2013\/01\/20100626-01-040-480x400.jpg\" alt=\"Duncan Townsend, 26.06.2010, Kiel, Unser Norden-B\u00fchne\"\/><span class=\"before\"><\/span><span class=\"after\"><\/span><\/a><\/div><\/div><\/div><\/p>\n","protected":false},"excerpt":{"rendered":"<p>Duncan Townsend hat 2006 zusammen mit Nena \u201eCaravan of Love\u201c neu eingespielt. Diesen Song arrangierte <a href=\"http:\/\/www.rockpixx.com\/wordpress\/duncan-townsend-26-06-2010-kiel-unser-norden-buhne\/\">Read more<\/a><\/p>\n","protected":false},"author":2,"featured_media":6999,"comment_status":"open","ping_status":"open","sticky":false,"template":"","format":"standard","meta":{"_jetpack_memberships_contains_paid_content":false,"footnotes":"","jetpack_publicize_message":"","jetpack_publicize_feature_enabled":true,"jetpack_social_post_already_shared":true,"jetpack_social_options":{"image_generator_settings":{"template":"highway","default_image_id":0,"font":"","enabled":false},"version":2}},"categories":[34,1589],"tags":[1832,516,133,1735,138,328],"class_list":["post-6997","post","type-post","status-publish","format-standard","has-post-thumbnail","hentry","category-acts","category-duncan-townsend","tag-1832","tag-duncan-townsend","tag-festivals","tag-kiel","tag-kieler-woche","tag-unser-norden-buhne"],"aioseo_notices":[],"jetpack_publicize_connections":[],"jetpack_featured_media_url":"http:\/\/www.rockpixx.com\/wordpress\/wp-content\/uploads\/2013\/01\/20100626-01-dunca-townsend-Artikel.jpg","jetpack-related-posts":[{"id":7011,"url":"http:\/\/www.rockpixx.com\/wordpress\/nena-26-06-2010-kiel-unser-norden-buhne\/","url_meta":{"origin":6997,"position":0},"title":"Nena, 26.06.2010, Kiel, Unser Norden-B\u00fchne","author":"Anja","date":"26. Juni 2010","format":false,"excerpt":"Nena \u2013 die kennt wohl jeder. Was soll ich also noch schreiben? Ich k\u00f6nnte stattdessen erw\u00e4hnen, dass sie mit einer halben Stunde Versp\u00e4tung auf die B\u00fchne kam \u2013 geschenkt. Ich k\u00f6nnte erw\u00e4hnen, dass die akkreditierten Fotografen nur den ersten Song ablichten durften \u2013 auch geschenkt. Wer in knapp 4 Minuten\u2026","rel":"","context":"In &quot;Acts&quot;","block_context":{"text":"Acts","link":"http:\/\/www.rockpixx.com\/wordpress\/category\/acts\/"},"img":{"alt_text":"Nena, 26.06.2010, Kiel, Unser Norden-B\u00fchne","src":"https:\/\/i0.wp.com\/www.rockpixx.com\/wordpress\/wp-content\/uploads\/2013\/01\/20100626-02-nena-Artikel.jpg?resize=350%2C200","width":350,"height":200,"srcset":"https:\/\/i0.wp.com\/www.rockpixx.com\/wordpress\/wp-content\/uploads\/2013\/01\/20100626-02-nena-Artikel.jpg?resize=350%2C200 1x, https:\/\/i0.wp.com\/www.rockpixx.com\/wordpress\/wp-content\/uploads\/2013\/01\/20100626-02-nena-Artikel.jpg?resize=525%2C300 1.5x, https:\/\/i0.wp.com\/www.rockpixx.com\/wordpress\/wp-content\/uploads\/2013\/01\/20100626-02-nena-Artikel.jpg?resize=700%2C400 2x"},"classes":[]},{"id":6525,"url":"http:\/\/www.rockpixx.com\/wordpress\/tin-lizzy-20-06-2010-kiel-unser-norden-buhne\/","url_meta":{"origin":6997,"position":1},"title":"Tin Lizzy, 20.06.2010, Kiel, Unser Norden-B\u00fchne","author":"Anja","date":"20. Juni 2010","format":false,"excerpt":"Nach \u2192\u00a0UB40 stand auf der \u201eUnser Norden-B\u00fchne\u201c die Gruppe Tin Lizzy. Eine Kult-Partyband hier aus dem Norden. Mir fiel gleich zu Anfang positiv auf, dass die Bandmitglieder sehr gesangssicher sind. Ebenso hat mir das Zusammenspiel der Musiker auf der B\u00fchne gefallen. Keiner von ihnen stand nur steif hinter seinem Instrument\u2026","rel":"","context":"In &quot;Acts&quot;","block_context":{"text":"Acts","link":"http:\/\/www.rockpixx.com\/wordpress\/category\/acts\/"},"img":{"alt_text":"Tin Lizzy, 20.06.2010, Kiel, Unser Norden-B\u00fchne","src":"https:\/\/i0.wp.com\/www.rockpixx.com\/wordpress\/wp-content\/uploads\/2013\/01\/20100620-04-tin-lizzy-Artikel.jpg?resize=350%2C200","width":350,"height":200,"srcset":"https:\/\/i0.wp.com\/www.rockpixx.com\/wordpress\/wp-content\/uploads\/2013\/01\/20100620-04-tin-lizzy-Artikel.jpg?resize=350%2C200 1x, https:\/\/i0.wp.com\/www.rockpixx.com\/wordpress\/wp-content\/uploads\/2013\/01\/20100620-04-tin-lizzy-Artikel.jpg?resize=525%2C300 1.5x, https:\/\/i0.wp.com\/www.rockpixx.com\/wordpress\/wp-content\/uploads\/2013\/01\/20100620-04-tin-lizzy-Artikel.jpg?resize=700%2C400 2x"},"classes":[]},{"id":5482,"url":"http:\/\/www.rockpixx.com\/wordpress\/reamonn-26-06-2009-kiel-unser-norden-buhne\/","url_meta":{"origin":6997,"position":2},"title":"Reamonn, 26.06.2009, Kiel, Unser Norden-B\u00fchne","author":"Anja","date":"26. Juni 2009","format":false,"excerpt":"Der erste Act f\u00fcr den Fotografen an diesem Abend: \u201eReamonn\u201c stehen auf dem Tagesplan. Allerdings droht es schon fast daran zu scheitern, dass der Graben unerreichbar scheint: SO viele Menschen gab\u2019s die Tage noch nicht vor der \u201eUnser Norden-B\u00fchne\u201c. Egal \u2013 irgendwie gelingt es mir noch rechtzeitig (und trockenen Fu\u00dfes)\u2026","rel":"","context":"In &quot;Acts&quot;","block_context":{"text":"Acts","link":"http:\/\/www.rockpixx.com\/wordpress\/category\/acts\/"},"img":{"alt_text":"Reamonn, 26.06.2009, Kiel, Unser Norden-B\u00fchne","src":"https:\/\/i0.wp.com\/www.rockpixx.com\/wordpress\/wp-content\/uploads\/2013\/01\/20090626-01-reamonn-Artikel.jpg?resize=350%2C200","width":350,"height":200,"srcset":"https:\/\/i0.wp.com\/www.rockpixx.com\/wordpress\/wp-content\/uploads\/2013\/01\/20090626-01-reamonn-Artikel.jpg?resize=350%2C200 1x, https:\/\/i0.wp.com\/www.rockpixx.com\/wordpress\/wp-content\/uploads\/2013\/01\/20090626-01-reamonn-Artikel.jpg?resize=525%2C300 1.5x, https:\/\/i0.wp.com\/www.rockpixx.com\/wordpress\/wp-content\/uploads\/2013\/01\/20090626-01-reamonn-Artikel.jpg?resize=700%2C400 2x"},"classes":[]},{"id":8036,"url":"http:\/\/www.rockpixx.com\/wordpress\/dick-brave-and-the-backbeats-24-06-2011-kiel-unser-norden-buhne\/","url_meta":{"origin":6997,"position":3},"title":"Dick Brave and the Backbeats, 24.06.2011, Kiel, Unser Norden-B\u00fchne","author":"Anja","date":"24. Juni 2011","format":false,"excerpt":"He\u2019s back! Nach seinem Flugzeugabsturz galt er jahrelang als verschollen. Aus Respekt vor seinem Lebenswerk (und auch aus Respekt vor seinen Fans in aller Welt) wurde er offiziell nie f\u00fcr tot erkl\u00e4rt und die Ger\u00fcchte \u00fcber sein Weiterleben schossen ins Kraut. Dank jahrelanger hartn\u00e4ckiger Recherche eines MTV-Reporters konnte er schlie\u00dflich\u2026","rel":"","context":"In &quot;Acts&quot;","block_context":{"text":"Acts","link":"http:\/\/www.rockpixx.com\/wordpress\/category\/acts\/"},"img":{"alt_text":"Dick Brave and the Backbeats, 24.06.2011, Kiel, Unser Norden-B\u00fchne","src":"https:\/\/i0.wp.com\/www.rockpixx.com\/wordpress\/wp-content\/uploads\/2013\/02\/20110624-01-dick-brave-Artikel.jpg?resize=350%2C200","width":350,"height":200,"srcset":"https:\/\/i0.wp.com\/www.rockpixx.com\/wordpress\/wp-content\/uploads\/2013\/02\/20110624-01-dick-brave-Artikel.jpg?resize=350%2C200 1x, https:\/\/i0.wp.com\/www.rockpixx.com\/wordpress\/wp-content\/uploads\/2013\/02\/20110624-01-dick-brave-Artikel.jpg?resize=525%2C300 1.5x, https:\/\/i0.wp.com\/www.rockpixx.com\/wordpress\/wp-content\/uploads\/2013\/02\/20110624-01-dick-brave-Artikel.jpg?resize=700%2C400 2x"},"classes":[]},{"id":2529,"url":"http:\/\/www.rockpixx.com\/wordpress\/fury-in-the-slaughterhouse-23-06-2008-kiel-unser-norden-buhne\/","url_meta":{"origin":6997,"position":4},"title":"Fury in the Slaughterhouse, 23.06.2008, Kiel, Unser Norden-B\u00fchne","author":"Anja","date":"23. Juni 2008","format":false,"excerpt":"Super Voraussetzungen f\u00fcr einen Gig der voraussichtlichen Abschiedstournee von Fury: Open Air, taghell, kalt und heftige Windb\u00f6en \u2013 daf\u00fcr scheint die Sonne den Musikern aber genau waagerecht von vorne in die Augen\u2026 Dennoch ist eine gut vierstellige Anzahl an Besuchern da und die Musiker entt\u00e4uschen ihr norddeutsches Fanpotential auch nicht.\u00a0Licht\u2026","rel":"","context":"In &quot;Acts&quot;","block_context":{"text":"Acts","link":"http:\/\/www.rockpixx.com\/wordpress\/category\/acts\/"},"img":{"alt_text":"Fury in the Slaughterhouse, 23.06.2008, Kiel, Unser Norden-B\u00fchne","src":"https:\/\/i0.wp.com\/www.rockpixx.com\/wordpress\/wp-content\/uploads\/2008\/06\/20080623-01-fury-in-the-slaughterhouse-Artikel.jpg?resize=350%2C200","width":350,"height":200,"srcset":"https:\/\/i0.wp.com\/www.rockpixx.com\/wordpress\/wp-content\/uploads\/2008\/06\/20080623-01-fury-in-the-slaughterhouse-Artikel.jpg?resize=350%2C200 1x, https:\/\/i0.wp.com\/www.rockpixx.com\/wordpress\/wp-content\/uploads\/2008\/06\/20080623-01-fury-in-the-slaughterhouse-Artikel.jpg?resize=525%2C300 1.5x, https:\/\/i0.wp.com\/www.rockpixx.com\/wordpress\/wp-content\/uploads\/2008\/06\/20080623-01-fury-in-the-slaughterhouse-Artikel.jpg?resize=700%2C400 2x"},"classes":[]},{"id":10315,"url":"http:\/\/www.rockpixx.com\/wordpress\/kieler-woche-stars-beim-ndr\/","url_meta":{"origin":6997,"position":5},"title":"Kieler Woche: Stars beim NDR","author":"Anja","date":"16. April 2013","format":false,"excerpt":"Die Open-Air-Saison nimmt immer mehr konkrete Z\u00fcge an. Heute sind die ersten drei Main-Acts der NDR-B\u00fchne auf der Kieler Woche 2013 bekannt gegeben worden. So k\u00f6nnen sich die Fans dieses Jahr auf Michy Reincke und Friends,genauso auf Nena (\u2192 Nena 2010 auf der Kieler Woche) und auf Silbermond freuen. Text:\u2026","rel":"","context":"In &quot;2013&quot;","block_context":{"text":"2013","link":"http:\/\/www.rockpixx.com\/wordpress\/category\/backstage\/2013\/"},"img":{"alt_text":"Nena, 26.06.2010, Kiel, Unser Norden-B\u00fchne","src":"https:\/\/i0.wp.com\/www.rockpixx.com\/wordpress\/wp-content\/uploads\/2013\/01\/20100626-02-nena-Artikel.jpg?resize=350%2C200","width":350,"height":200,"srcset":"https:\/\/i0.wp.com\/www.rockpixx.com\/wordpress\/wp-content\/uploads\/2013\/01\/20100626-02-nena-Artikel.jpg?resize=350%2C200 1x, https:\/\/i0.wp.com\/www.rockpixx.com\/wordpress\/wp-content\/uploads\/2013\/01\/20100626-02-nena-Artikel.jpg?resize=525%2C300 1.5x, https:\/\/i0.wp.com\/www.rockpixx.com\/wordpress\/wp-content\/uploads\/2013\/01\/20100626-02-nena-Artikel.jpg?resize=700%2C400 2x"},"classes":[]}],"jetpack_sharing_enabled":true,"publishpress_future_action":{"enabled":false,"date":"2026-05-07 01:10:59","action":"change-status","newStatus":"draft","terms":[],"taxonomy":"category","extraData":[]},"publishpress_future_workflow_manual_trigger":{"enabledWorkflows":[]},"_links":{"self":[{"href":"http:\/\/www.rockpixx.com\/wordpress\/wp-json\/wp\/v2\/posts\/6997","targetHints":{"allow":["GET"]}}],"collection":[{"href":"http:\/\/www.rockpixx.com\/wordpress\/wp-json\/wp\/v2\/posts"}],"about":[{"href":"http:\/\/www.rockpixx.com\/wordpress\/wp-json\/wp\/v2\/types\/post"}],"author":[{"embeddable":true,"href":"http:\/\/www.rockpixx.com\/wordpress\/wp-json\/wp\/v2\/users\/2"}],"replies":[{"embeddable":true,"href":"http:\/\/www.rockpixx.com\/wordpress\/wp-json\/wp\/v2\/comments?post=6997"}],"version-history":[{"count":0,"href":"http:\/\/www.rockpixx.com\/wordpress\/wp-json\/wp\/v2\/posts\/6997\/revisions"}],"wp:featuredmedia":[{"embeddable":true,"href":"http:\/\/www.rockpixx.com\/wordpress\/wp-json\/wp\/v2\/media\/6999"}],"wp:attachment":[{"href":"http:\/\/www.rockpixx.com\/wordpress\/wp-json\/wp\/v2\/media?parent=6997"}],"wp:term":[{"taxonomy":"category","embeddable":true,"href":"http:\/\/www.rockpixx.com\/wordpress\/wp-json\/wp\/v2\/categories?post=6997"},{"taxonomy":"post_tag","embeddable":true,"href":"http:\/\/www.rockpixx.com\/wordpress\/wp-json\/wp\/v2\/tags?post=6997"}],"curies":[{"name":"wp","href":"https:\/\/api.w.org\/{rel}","templated":true}]}}