{"id":7,"date":"2004-01-03T01:00:01","date_gmt":"2004-01-02T23:00:01","guid":{"rendered":"http:\/\/rockpixx.com\/wordpress\/?p=7"},"modified":"2012-12-30T17:14:00","modified_gmt":"2012-12-30T15:14:00","slug":"abba-mania-03-01-2004-kiel-ostseehalle","status":"publish","type":"post","link":"http:\/\/www.rockpixx.com\/wordpress\/abba-mania-03-01-2004-kiel-ostseehalle\/","title":{"rendered":"ABBA-Mania, 3.01.2004, Kiel, Ostseehalle"},"content":{"rendered":"<p>Eine durchaus professionell aufgezogene \u201eTribute-Veranstaltung\u201c, die ich als zahlender\u00a0 Besucher genossen habe. <!--more-->(Ich gestehe, in meiner Jugend war ich ein begeisterter Fan von ABBA und ich mag die Musik auch heute noch.) Die Karten hatte ich mir zu Weihnachten gew\u00fcnscht und so nahm ich halt meine k\u00fcrzlich zuvor erworbene DSLR mit einem v\u00f6llig unzureichenden Tele mit ins Konzert. Witzigerweise wurde ich am Eingang nicht einmal gr\u00fcndlich gefilzt, so dass ich zu ein paar Bildern gekommen bin.<\/p>\n<p style=\"text-align: right;\">Fotos: <a href=\"mailto:info@rockpixx.com?subject=Fotos%20von%20ABBA-Mania,%20Kiel%20%E2%80%9EOstseehalle%E2%80%9C,%2003.01.2004\">Alex<\/a> | Text: <a href=\"mailto:info@rockpixx.com?subject=Reviewtext%20von%20ABBA-Mania,%20Kiel%20%E2%80%9EOstseehalle%E2%80%9C,%2003.01.2004\">Alex<\/a><\/p>\n","protected":false},"excerpt":{"rendered":"<p>Eine durchaus professionell aufgezogene \u201eTribute-Veranstaltung\u201c, die ich als zahlender\u00a0 Besucher genossen habe.<\/p>\n","protected":false},"author":1,"featured_media":3158,"comment_status":"closed","ping_status":"open","sticky":false,"template":"","format":"standard","meta":{"_jetpack_memberships_contains_paid_content":false,"footnotes":"","jetpack_publicize_message":"","jetpack_publicize_feature_enabled":true,"jetpack_social_post_already_shared":false,"jetpack_social_options":{"image_generator_settings":{"template":"highway","default_image_id":0,"font":"","enabled":false},"version":2}},"categories":[7,9,34,5],"tags":[37,1714,1717,1735,1771],"class_list":["post-7","post","type-post","status-publish","format-standard","has-post-thumbnail","hentry","category-abba","category-abba-mania","category-acts","category-tributebands","tag-37","tag-abba","tag-abba-mania","tag-kiel","tag-ostseehalle"],"aioseo_notices":[],"jetpack_publicize_connections":[],"jetpack_featured_media_url":"http:\/\/www.rockpixx.com\/wordpress\/wp-content\/uploads\/2004\/01\/20040103-abba-mania-Artikel.jpg","jetpack-related-posts":[{"id":11051,"url":"http:\/\/www.rockpixx.com\/wordpress\/abba-review-21-06-2013-kiel-maxbuhne\/","url_meta":{"origin":7,"position":0},"title":"ABBA Review, 21.06.2013, Kiel, MAXB\u00fchne","author":"Anja","date":"22. Juni 2013","format":false,"excerpt":"Aus dem CD-Player ert\u00f6nt gerade \u201eThe Visitors\u201c von ABBA, auf dem Bildschirm sehe ich: Viele bunte Lichter und eine Spiegelkugel, Kost\u00fcme mit Pailetten, Stiefel mit Plateausohlen und die schwedische Flagge \u2013 so ein Zufall aber auch! Gestern Abend waren \u201eABBA Review\u201c als Headliner auf der MAXB\u00fchne zu Gast und sie\u2026","rel":"","context":"In &quot;ABBA&quot;","block_context":{"text":"ABBA","link":"http:\/\/www.rockpixx.com\/wordpress\/category\/acts\/tributebands\/abba\/"},"img":{"alt_text":"","src":"https:\/\/i0.wp.com\/www.rockpixx.com\/wordpress\/wp-content\/uploads\/2013\/06\/20130621-09-166-1_abba-review-Artikel.jpg?resize=350%2C200","width":350,"height":200,"srcset":"https:\/\/i0.wp.com\/www.rockpixx.com\/wordpress\/wp-content\/uploads\/2013\/06\/20130621-09-166-1_abba-review-Artikel.jpg?resize=350%2C200 1x, https:\/\/i0.wp.com\/www.rockpixx.com\/wordpress\/wp-content\/uploads\/2013\/06\/20130621-09-166-1_abba-review-Artikel.jpg?resize=525%2C300 1.5x, https:\/\/i0.wp.com\/www.rockpixx.com\/wordpress\/wp-content\/uploads\/2013\/06\/20130621-09-166-1_abba-review-Artikel.jpg?resize=700%2C400 2x"},"classes":[]},{"id":7564,"url":"http:\/\/www.rockpixx.com\/wordpress\/abba-the-show-21-01-2011-kempten-bigbox\/","url_meta":{"origin":7,"position":1},"title":"ABBA The Show, 21.01.2011, Kempten, BigBOX","author":"Anja","date":"21. Januar 2011","format":false,"excerpt":"Unmittelbar nach dem Jubil\u00e4um vom vorhergehenden Wochenende noch ein bemerkenswerter Gig: Vor ziemlich genau 7 Jahren habe ich die \u2192\u00a0Vorg\u00e4ngershow \u201eABBA-Mania\u201c als ersten Gig fotografiert, der auf rockpixx.com zu sehen ist. Als bekennender ABBA-Fan freute ich mich nat\u00fcrlich sehr auf die Show. Im Gegensatz zu \u201eABBA-Mania\u201c von 2004 ist \u201eABBA\u2026","rel":"","context":"In &quot;ABBA&quot;","block_context":{"text":"ABBA","link":"http:\/\/www.rockpixx.com\/wordpress\/category\/acts\/tributebands\/abba\/"},"img":{"alt_text":"ABBA The Show, 21.01.2011, Kempten, BigBOX","src":"https:\/\/i0.wp.com\/www.rockpixx.com\/wordpress\/wp-content\/uploads\/2013\/01\/20110121-abba-the-show-Artikel.jpg?resize=350%2C200","width":350,"height":200,"srcset":"https:\/\/i0.wp.com\/www.rockpixx.com\/wordpress\/wp-content\/uploads\/2013\/01\/20110121-abba-the-show-Artikel.jpg?resize=350%2C200 1x, https:\/\/i0.wp.com\/www.rockpixx.com\/wordpress\/wp-content\/uploads\/2013\/01\/20110121-abba-the-show-Artikel.jpg?resize=525%2C300 1.5x, https:\/\/i0.wp.com\/www.rockpixx.com\/wordpress\/wp-content\/uploads\/2013\/01\/20110121-abba-the-show-Artikel.jpg?resize=700%2C400 2x"},"classes":[]},{"id":21820,"url":"http:\/\/www.rockpixx.com\/wordpress\/abba-fever-kiel\/","url_meta":{"origin":7,"position":2},"title":"ABBA Fever, 15.06.2018, Unser Norden-B\u00fchne, Kiel","author":"A. Hahl","date":"16. Juni 2018","format":false,"excerpt":"Was kaum ein Fan zu hoffen gewagt hatte \u2013 nach mehr als 35 Jahren stehen ABBA doch tats\u00e4chlich wieder zusammen im Studio und nehmen ein paar neue Songs auf. Zum Jahresende 2018 wird die Welt wissen, wie die vier Schweden, die Popgeschichte geschrieben haben, nun klingen. F\u00fcr mich eine gute\u2026","rel":"","context":"In &quot;ABBA&quot;","block_context":{"text":"ABBA","link":"http:\/\/www.rockpixx.com\/wordpress\/category\/acts\/tributebands\/abba\/"},"img":{"alt_text":"ABBA Fever, 15.06.2018, Unser Norden B\u00fchne, Kiel","src":"https:\/\/i0.wp.com\/www.rockpixx.com\/wordpress\/wp-content\/uploads\/2018\/06\/20180615-01-009.jpg?resize=350%2C200","width":350,"height":200,"srcset":"https:\/\/i0.wp.com\/www.rockpixx.com\/wordpress\/wp-content\/uploads\/2018\/06\/20180615-01-009.jpg?resize=350%2C200 1x, https:\/\/i0.wp.com\/www.rockpixx.com\/wordpress\/wp-content\/uploads\/2018\/06\/20180615-01-009.jpg?resize=525%2C300 1.5x, https:\/\/i0.wp.com\/www.rockpixx.com\/wordpress\/wp-content\/uploads\/2018\/06\/20180615-01-009.jpg?resize=700%2C400 2x"},"classes":[]},{"id":22199,"url":"http:\/\/www.rockpixx.com\/wordpress\/abba-fever-kiel-2019\/","url_meta":{"origin":7,"position":3},"title":"ABBA Fever, 21.06.2019, Unser Norden-B\u00fchne, Kiel","author":"A. Hahl","date":"22. Juni 2019","format":false,"excerpt":"Der Auftakt zur Kieler Woche 2019 gestaltet sich wie im letzten Jahr \u2013 na ja, fast: Coop geh\u00f6rt jetzt zu REWE, aber das Unser Norden-Dorf gibt es noch. Dieses liegt aber nicht mehr an der H\u00f6rn, sondern im Prinzengarten. Dort spielen wieder \u201eABBA Fever\u201c, allerdings nicht nur St\u00fccke von ABBA,\u2026","rel":"","context":"In &quot;ABBA&quot;","block_context":{"text":"ABBA","link":"http:\/\/www.rockpixx.com\/wordpress\/category\/acts\/tributebands\/abba\/"},"img":{"alt_text":"ABBA Fever, 21.06.2019, Kiel, REWE Unser Norden-B\u00fchne","src":"https:\/\/i0.wp.com\/www.rockpixx.com\/wordpress\/wp-content\/uploads\/2019\/06\/20190621-1-023.jpg?resize=350%2C200","width":350,"height":200,"srcset":"https:\/\/i0.wp.com\/www.rockpixx.com\/wordpress\/wp-content\/uploads\/2019\/06\/20190621-1-023.jpg?resize=350%2C200 1x, https:\/\/i0.wp.com\/www.rockpixx.com\/wordpress\/wp-content\/uploads\/2019\/06\/20190621-1-023.jpg?resize=525%2C300 1.5x, https:\/\/i0.wp.com\/www.rockpixx.com\/wordpress\/wp-content\/uploads\/2019\/06\/20190621-1-023.jpg?resize=700%2C400 2x"},"classes":[]},{"id":11282,"url":"http:\/\/www.rockpixx.com\/wordpress\/abba-cover-29-06-2013-kiel-horn-buhne\/","url_meta":{"origin":7,"position":4},"title":"ABBA Cover, 29.06.2013, Kiel, h\u00f6rn b\u00fchne","author":"Anja","date":"30. Juni 2013","format":false,"excerpt":"Zum zweiten Mal w\u00e4hrend dieser Kieler Woche bin ich an der h\u00f6rn b\u00fchne, \u201eABBA Cover\u201c erwarten mich dort um 19:00 Uhr. Der Platz ist unmittelbar vor Konzertbeginn noch so was von leer, da k\u00f6nnte glatt ein Jugendfu\u00dfball-Turnier stattfinden. Zum Gl\u00fcck kommen aber dann doch noch einige Zuschauer als die Musik\u2026","rel":"","context":"In &quot;ABBA&quot;","block_context":{"text":"ABBA","link":"http:\/\/www.rockpixx.com\/wordpress\/category\/acts\/tributebands\/abba\/"},"img":{"alt_text":"","src":"https:\/\/i0.wp.com\/www.rockpixx.com\/wordpress\/wp-content\/uploads\/2013\/06\/20130629-02-058_abba-cover-Artikel.jpg?resize=350%2C200","width":350,"height":200,"srcset":"https:\/\/i0.wp.com\/www.rockpixx.com\/wordpress\/wp-content\/uploads\/2013\/06\/20130629-02-058_abba-cover-Artikel.jpg?resize=350%2C200 1x, https:\/\/i0.wp.com\/www.rockpixx.com\/wordpress\/wp-content\/uploads\/2013\/06\/20130629-02-058_abba-cover-Artikel.jpg?resize=525%2C300 1.5x, https:\/\/i0.wp.com\/www.rockpixx.com\/wordpress\/wp-content\/uploads\/2013\/06\/20130629-02-058_abba-cover-Artikel.jpg?resize=700%2C400 2x"},"classes":[]},{"id":12691,"url":"http:\/\/www.rockpixx.com\/wordpress\/the-australian-pink-floyd-show-08-04-2014-kiel-ostseehalle\/","url_meta":{"origin":7,"position":5},"title":"The Australian Pink Floyd Show, 08.04.2014, Kiel, Ostseehalle","author":"admin","date":"9. April 2014","format":false,"excerpt":"So, zum zweiten Mal in diesem Jahr etwas zum Thema \u2192 \u201ePink Floyd\u201c: Nach\u00a0\u2192 \u201eEchoes\u201c in Hamburg spielen \u201eThe Australian Pink Floyd Show\u201c ihr neues Tourprogramm \u201eSet the Controls\u201c in der Kieler Ostseehalle. (Ich wei\u00df, die Halle hei\u00dft seit einiger Zeit \u201eSparkassenarena\u201c, aber so hei\u00dfen viele Veranstaltungstempel in ganz Deutschland.\u2026","rel":"","context":"In &quot;Acts&quot;","block_context":{"text":"Acts","link":"http:\/\/www.rockpixx.com\/wordpress\/category\/acts\/"},"img":{"alt_text":"The Australian Pink Floyd Show, 08.04.2014, Kiel, Sparkassenarena","src":"https:\/\/i0.wp.com\/www.rockpixx.com\/wordpress\/wp-content\/uploads\/2014\/04\/20140408-287_tapfs_Artikel.jpg?resize=350%2C200","width":350,"height":200,"srcset":"https:\/\/i0.wp.com\/www.rockpixx.com\/wordpress\/wp-content\/uploads\/2014\/04\/20140408-287_tapfs_Artikel.jpg?resize=350%2C200 1x, https:\/\/i0.wp.com\/www.rockpixx.com\/wordpress\/wp-content\/uploads\/2014\/04\/20140408-287_tapfs_Artikel.jpg?resize=525%2C300 1.5x, https:\/\/i0.wp.com\/www.rockpixx.com\/wordpress\/wp-content\/uploads\/2014\/04\/20140408-287_tapfs_Artikel.jpg?resize=700%2C400 2x"},"classes":[]}],"jetpack_sharing_enabled":true,"publishpress_future_action":{"enabled":false,"date":"2026-05-08 07:53:35","action":"change-status","newStatus":"draft","terms":[],"taxonomy":"category","extraData":[]},"publishpress_future_workflow_manual_trigger":{"enabledWorkflows":[]},"_links":{"self":[{"href":"http:\/\/www.rockpixx.com\/wordpress\/wp-json\/wp\/v2\/posts\/7","targetHints":{"allow":["GET"]}}],"collection":[{"href":"http:\/\/www.rockpixx.com\/wordpress\/wp-json\/wp\/v2\/posts"}],"about":[{"href":"http:\/\/www.rockpixx.com\/wordpress\/wp-json\/wp\/v2\/types\/post"}],"author":[{"embeddable":true,"href":"http:\/\/www.rockpixx.com\/wordpress\/wp-json\/wp\/v2\/users\/1"}],"replies":[{"embeddable":true,"href":"http:\/\/www.rockpixx.com\/wordpress\/wp-json\/wp\/v2\/comments?post=7"}],"version-history":[{"count":0,"href":"http:\/\/www.rockpixx.com\/wordpress\/wp-json\/wp\/v2\/posts\/7\/revisions"}],"wp:featuredmedia":[{"embeddable":true,"href":"http:\/\/www.rockpixx.com\/wordpress\/wp-json\/wp\/v2\/media\/3158"}],"wp:attachment":[{"href":"http:\/\/www.rockpixx.com\/wordpress\/wp-json\/wp\/v2\/media?parent=7"}],"wp:term":[{"taxonomy":"category","embeddable":true,"href":"http:\/\/www.rockpixx.com\/wordpress\/wp-json\/wp\/v2\/categories?post=7"},{"taxonomy":"post_tag","embeddable":true,"href":"http:\/\/www.rockpixx.com\/wordpress\/wp-json\/wp\/v2\/tags?post=7"}],"curies":[{"name":"wp","href":"https:\/\/api.w.org\/{rel}","templated":true}]}}