{"id":7261,"date":"2010-08-27T04:00:07","date_gmt":"2010-08-27T03:00:07","guid":{"rendered":"http:\/\/rockpixx.com\/wordpress\/?p=7261"},"modified":"2013-03-02T13:22:07","modified_gmt":"2013-03-02T12:22:07","slug":"status-quo-27-08-2010-arbon-ch-seepromenade","status":"publish","type":"post","link":"http:\/\/www.rockpixx.com\/wordpress\/status-quo-27-08-2010-arbon-ch-seepromenade\/","title":{"rendered":"Status Quo, 27.08.2010, Arbon (CH), Seepromenade"},"content":{"rendered":"<p>Der Headliner des Abends ist dann \u201eStatus Quo\u201c und was diesmal sch\u00f6n f\u00fcr die Fotografen ist, ist dass \u201eStatus Quo\u201c als einzige Band dieses Tages keine Filmaufnahmen f\u00fcr das Konzert zulassen. So befindet sich also w\u00e4hrend des Fotografierens nicht st\u00e4ndig ein Kamerawagen vor der Linse.<!--more--> Als weiteres Plus kam das Fehlen der Monitorboxen dazu. Negativ ist allerdings, dass trotz Vereinbarung \u201edie ersten drei Songs ohne Blitz, ohne Taschen und ohne Rucks\u00e4cke im Graben\u201c schon mitten im dritten Song pl\u00f6tzlich die Hand eines Securities sich auf die Frontlinse des Teles legt und der fragende Blick des Fotografens mit einem \u201edas reicht jetzt!\u201c beantwortet wird. Zum Gl\u00fcck liefern die Herren Rossi, Parfitt, Bown, Ewards und Co. von Anbeginn an eine klasse B\u00fchnenshow ab und somit bleiben f\u00fcr Fotografen und Publikum genug beeindruckende Momente \u00fcbrig.<\/p>\n<p>Anzumerken ist noch, dass uns Petrus bis jetzt sehr wohlgesonnen war, bis auf ein paar Tr\u00f6pfchen im dritten Song hier und bei BJH blieb es trocken.<\/p>\n<p style=\"text-align: right;\">Fotos:\u00a0<a href=\"mailto:info@rockpixx.com?subject=Fotos%20von%20Status%20Quo,%20Arbon%20(CH)%20%E2%80%9ESeepromenade%E2%80%9C,%2027.08.2010\">Alex<\/a>,\u00a0<a href=\"mailto:a.roselt@rockpixx.com?subject=Fotos%20von%20Status%20Quo,%20Arbon%20(CH)%20%E2%80%9ESeepromenade%E2%80%9C,%2027.08.2010\">Anja<\/a>\u00a0| Text:\u00a0<a href=\"mailto:info@rockpixx.com?subject=Reviewtext%20von%20Status%20Quo,%20Arbon%20(CH)%20%E2%80%9ESeepromenade%E2%80%9C,%2027.08.2010\">Alex<\/a><\/p>\n<p style=\"text-align: left;\"><div class=\"eat-left eat-right\"><div class=\"thumbs-masonry isotope\"><div class=\"isotope-item block-2 block-h-2\"><a href=\"http:\/\/www.rockpixx.com\/wordpress\/wp-content\/uploads\/2013\/01\/20100827-04-143.jpg\" rel=\"prettyPhoto[postgal_7262]\" class=\"show-hover-link block-h-2\"\"><img decoding=\"async\" src=\"http:\/\/www.rockpixx.com\/wordpress\/wp-content\/uploads\/2013\/01\/20100827-04-143-480x400.jpg\" alt=\"Status Quo, 27.08.2010, Arbon (CH), Seepromenade\"\/><span class=\"before\"><\/span><span class=\"after\"><\/span><\/a><\/div><div class=\"isotope-item block-1 block-h-1\"><a href=\"http:\/\/www.rockpixx.com\/wordpress\/wp-content\/uploads\/2013\/01\/20100827-04-187.jpg\" rel=\"prettyPhoto[postgal_7262]\" class=\"show-hover-link block-h-1\"\"><img decoding=\"async\" src=\"http:\/\/www.rockpixx.com\/wordpress\/wp-content\/uploads\/2013\/01\/20100827-04-187-480x400.jpg\" alt=\"Status Quo, 27.08.2010, Arbon (CH), Seepromenade\"\/><span class=\"before\"><\/span><span class=\"after\"><\/span><\/a><\/div><div class=\"isotope-item block-1 block-h-1\"><a href=\"http:\/\/www.rockpixx.com\/wordpress\/wp-content\/uploads\/2013\/01\/20100827-04-201.jpg\" rel=\"prettyPhoto[postgal_7262]\" class=\"show-hover-link block-h-1\"\"><img decoding=\"async\" src=\"http:\/\/www.rockpixx.com\/wordpress\/wp-content\/uploads\/2013\/01\/20100827-04-201-480x400.jpg\" alt=\"Status Quo, 27.08.2010, Arbon (CH), Seepromenade\"\/><span class=\"before\"><\/span><span class=\"after\"><\/span><\/a><\/div><div class=\"isotope-item block-2 block-h-2\"><a href=\"http:\/\/www.rockpixx.com\/wordpress\/wp-content\/uploads\/2013\/01\/20100827-04-300.jpg\" rel=\"prettyPhoto[postgal_7262]\" class=\"show-hover-link block-h-2\"\"><img decoding=\"async\" src=\"http:\/\/www.rockpixx.com\/wordpress\/wp-content\/uploads\/2013\/01\/20100827-04-300-480x400.jpg\" alt=\"Status Quo, 27.08.2010, Arbon (CH), Seepromenade\"\/><span class=\"before\"><\/span><span class=\"after\"><\/span><\/a><\/div><div class=\"isotope-item block-1 block-h-1\"><a href=\"http:\/\/www.rockpixx.com\/wordpress\/wp-content\/uploads\/2013\/01\/20100827-04-329.jpg\" rel=\"prettyPhoto[postgal_7262]\" class=\"show-hover-link block-h-1\"\"><img decoding=\"async\" src=\"http:\/\/www.rockpixx.com\/wordpress\/wp-content\/uploads\/2013\/01\/20100827-04-329-480x400.jpg\" alt=\"Status Quo, 27.08.2010, Arbon (CH), Seepromenade\"\/><span class=\"before\"><\/span><span class=\"after\"><\/span><\/a><\/div><div class=\"isotope-item block-1 block-h-1\"><a href=\"http:\/\/www.rockpixx.com\/wordpress\/wp-content\/uploads\/2013\/01\/20100827-04-377.jpg\" rel=\"prettyPhoto[postgal_7262]\" class=\"show-hover-link block-h-1\"\"><img decoding=\"async\" src=\"http:\/\/www.rockpixx.com\/wordpress\/wp-content\/uploads\/2013\/01\/20100827-04-377-480x400.jpg\" alt=\"Status Quo, 27.08.2010, Arbon (CH), Seepromenade\"\/><span class=\"before\"><\/span><span class=\"after\"><\/span><\/a><\/div><div class=\"isotope-item block-2 block-h-2\"><a href=\"http:\/\/www.rockpixx.com\/wordpress\/wp-content\/uploads\/2013\/01\/20100827-04-424.jpg\" rel=\"prettyPhoto[postgal_7262]\" class=\"show-hover-link block-h-2\"\"><img decoding=\"async\" src=\"http:\/\/www.rockpixx.com\/wordpress\/wp-content\/uploads\/2013\/01\/20100827-04-424-480x400.jpg\" alt=\"Status Quo, 27.08.2010, Arbon (CH), Seepromenade\"\/><span class=\"before\"><\/span><span class=\"after\"><\/span><\/a><\/div><div class=\"isotope-item block-1 block-h-1\"><a href=\"http:\/\/www.rockpixx.com\/wordpress\/wp-content\/uploads\/2013\/01\/20100827-04-426.jpg\" rel=\"prettyPhoto[postgal_7262]\" class=\"show-hover-link block-h-1\"\"><img decoding=\"async\" src=\"http:\/\/www.rockpixx.com\/wordpress\/wp-content\/uploads\/2013\/01\/20100827-04-426-480x400.jpg\" alt=\"Status Quo, 27.08.2010, Arbon (CH), Seepromenade\"\/><span class=\"before\"><\/span><span class=\"after\"><\/span><\/a><\/div><div class=\"isotope-item block-1 block-h-1\"><a href=\"http:\/\/www.rockpixx.com\/wordpress\/wp-content\/uploads\/2013\/01\/20100827-04-443.jpg\" rel=\"prettyPhoto[postgal_7262]\" class=\"show-hover-link block-h-1\"\"><img decoding=\"async\" src=\"http:\/\/www.rockpixx.com\/wordpress\/wp-content\/uploads\/2013\/01\/20100827-04-443-480x400.jpg\" alt=\"Status Quo, 27.08.2010, Arbon (CH), Seepromenade\"\/><span class=\"before\"><\/span><span class=\"after\"><\/span><\/a><\/div><div class=\"isotope-item block-2 block-h-2\"><a href=\"http:\/\/www.rockpixx.com\/wordpress\/wp-content\/uploads\/2013\/01\/20100827-04-457.jpg\" rel=\"prettyPhoto[postgal_7262]\" class=\"show-hover-link block-h-2\"\"><img decoding=\"async\" src=\"http:\/\/www.rockpixx.com\/wordpress\/wp-content\/uploads\/2013\/01\/20100827-04-457-480x400.jpg\" alt=\"Status Quo, 27.08.2010, Arbon (CH), Seepromenade\"\/><span class=\"before\"><\/span><span class=\"after\"><\/span><\/a><\/div><\/div><\/div><\/p>\n","protected":false},"excerpt":{"rendered":"<p>Der Headliner des Abends ist dann \u201eStatus Quo\u201c und was diesmal sch\u00f6n f\u00fcr die Fotografen <a href=\"http:\/\/www.rockpixx.com\/wordpress\/status-quo-27-08-2010-arbon-ch-seepromenade\/\">Read more<\/a><\/p>\n","protected":false},"author":2,"featured_media":7263,"comment_status":"open","ping_status":"open","sticky":false,"template":"","format":"standard","meta":{"_jetpack_memberships_contains_paid_content":false,"footnotes":"","jetpack_publicize_message":"","jetpack_publicize_feature_enabled":true,"jetpack_social_post_already_shared":true,"jetpack_social_options":{"image_generator_settings":{"template":"highway","default_image_id":0,"font":"","enabled":false},"version":2}},"categories":[34,421],"tags":[1832,818,913,133,819,218],"class_list":["post-7261","post","type-post","status-publish","format-standard","has-post-thumbnail","hentry","category-acts","category-status-quo","tag-1832","tag-arbon-ch","tag-arbon-summerdays-festival","tag-festivals","tag-seepromenade","tag-status-quo"],"aioseo_notices":[],"jetpack_publicize_connections":[],"jetpack_featured_media_url":"http:\/\/www.rockpixx.com\/wordpress\/wp-content\/uploads\/2013\/01\/20100827-04-status-quo-Artikel.jpg","jetpack-related-posts":[{"id":8312,"url":"http:\/\/www.rockpixx.com\/wordpress\/eric-burdon-and-the-animals-26-08-2011-arbon-ch-seepromenade\/","url_meta":{"origin":7261,"position":0},"title":"Eric Burdon and The Animals, 26.08.2011, Arbon (CH), Seepromenade","author":"Anja","date":"26. August 2011","format":false,"excerpt":"Das steht nun also eine Legende oberhalb von uns auf der B\u00fchne: Eric Burdon \u2013 im Mai 2011 70 Jahre jung geworden \u2013 und zelebriert vor einigen tausend Fans die Stationen seiner einzigartigen fast f\u00fcnfzigj\u00e4hrigen Karriere. Dass \u201eEric Burdon & The Animals\u201c auf den Plakaten steht, obwohl es \u201eThe Animals\u201c\u2026","rel":"","context":"In &quot;Acts&quot;","block_context":{"text":"Acts","link":"http:\/\/www.rockpixx.com\/wordpress\/category\/acts\/"},"img":{"alt_text":"Eric Burdon and The Animals, 26.08.2011, Arbon (CH), Seepromenade","src":"https:\/\/i0.wp.com\/www.rockpixx.com\/wordpress\/wp-content\/uploads\/2013\/02\/20110826-eric-burdon-Artikel.jpg?resize=350%2C200","width":350,"height":200,"srcset":"https:\/\/i0.wp.com\/www.rockpixx.com\/wordpress\/wp-content\/uploads\/2013\/02\/20110826-eric-burdon-Artikel.jpg?resize=350%2C200 1x, https:\/\/i0.wp.com\/www.rockpixx.com\/wordpress\/wp-content\/uploads\/2013\/02\/20110826-eric-burdon-Artikel.jpg?resize=525%2C300 1.5x, https:\/\/i0.wp.com\/www.rockpixx.com\/wordpress\/wp-content\/uploads\/2013\/02\/20110826-eric-burdon-Artikel.jpg?resize=700%2C400 2x"},"classes":[]},{"id":7227,"url":"http:\/\/www.rockpixx.com\/wordpress\/canned-heat-27-08-2010-arbon-ch-seepromenade\/","url_meta":{"origin":7261,"position":1},"title":"Canned Heat, 27.08.2010, Arbon (CH), Seepromenade","author":"Anja","date":"27. August 2010","format":false,"excerpt":"Der n\u00e4chste Gig geh\u00f6rte \u201eCanned Heat\u201c, welche ebenfalls in Woodstock gespielt haben. \u201eOn the Road again\u201c ist wohl einer ihrer bekanntesten Songs mit dem sie Ihr Konzert auch er\u00f6ffneten. Und schon hatte man das Gef\u00fchl in einem Cadillac \u00fcber die Highways zu cruisen\u2026\u00a0 Auch diese Band rockte trotz des Alters\u2026","rel":"","context":"In &quot;Acts&quot;","block_context":{"text":"Acts","link":"http:\/\/www.rockpixx.com\/wordpress\/category\/acts\/"},"img":{"alt_text":"Canned Heat, 27.08.2010, Arbon (CH), Seepromenade","src":"https:\/\/i0.wp.com\/www.rockpixx.com\/wordpress\/wp-content\/uploads\/2013\/01\/20100827-02-canned-heat-Artikel.jpg?resize=350%2C200","width":350,"height":200,"srcset":"https:\/\/i0.wp.com\/www.rockpixx.com\/wordpress\/wp-content\/uploads\/2013\/01\/20100827-02-canned-heat-Artikel.jpg?resize=350%2C200 1x, https:\/\/i0.wp.com\/www.rockpixx.com\/wordpress\/wp-content\/uploads\/2013\/01\/20100827-02-canned-heat-Artikel.jpg?resize=525%2C300 1.5x, https:\/\/i0.wp.com\/www.rockpixx.com\/wordpress\/wp-content\/uploads\/2013\/01\/20100827-02-canned-heat-Artikel.jpg?resize=700%2C400 2x"},"classes":[]},{"id":7245,"url":"http:\/\/www.rockpixx.com\/wordpress\/barclay-james-harvest-feat-les-holroyd-27-08-2010-arbon-ch-seepromenade\/","url_meta":{"origin":7261,"position":2},"title":"Barclay James Harvest feat. Les Holroyd, 27.08.2010, Arbon (CH), Seepromenade","author":"Anja","date":"27. August 2010","format":false,"excerpt":"Bislang spielte das Wetter einigerma\u00dfen mit, bei \u201eBarclay James Harvest feat. Les Holroyd\u201c sollten dann schon ein paar Tropen auf Publikum und Fotografen im Graben niedergehen. Mittlerweile ist auch deutlich zu sehen, dass der Freitag des Festivals ausverkauft ist: Zwischen zehn- und zw\u00f6lftausend Besucher sind vor der B\u00fchne guter Stimmung.\u00a0\u2026","rel":"","context":"In &quot;Acts&quot;","block_context":{"text":"Acts","link":"http:\/\/www.rockpixx.com\/wordpress\/category\/acts\/"},"img":{"alt_text":"Barclay James Harvest feat. Les Holroyd, 27.08.2010, Arbon (CH), Seepromenade","src":"https:\/\/i0.wp.com\/www.rockpixx.com\/wordpress\/wp-content\/uploads\/2013\/01\/20100827-03-bjh-Artikel.jpg?resize=350%2C200","width":350,"height":200,"srcset":"https:\/\/i0.wp.com\/www.rockpixx.com\/wordpress\/wp-content\/uploads\/2013\/01\/20100827-03-bjh-Artikel.jpg?resize=350%2C200 1x, https:\/\/i0.wp.com\/www.rockpixx.com\/wordpress\/wp-content\/uploads\/2013\/01\/20100827-03-bjh-Artikel.jpg?resize=525%2C300 1.5x, https:\/\/i0.wp.com\/www.rockpixx.com\/wordpress\/wp-content\/uploads\/2013\/01\/20100827-03-bjh-Artikel.jpg?resize=700%2C400 2x"},"classes":[]},{"id":7079,"url":"http:\/\/www.rockpixx.com\/wordpress\/ten-years-after-27-08-2010-arbon-ch-seepromenade\/","url_meta":{"origin":7261,"position":3},"title":"Ten Years After, 27.08.2010, Arbon (CH), Seepromenade","author":"Anja","date":"27. August 2010","format":false,"excerpt":"Ein Festivaltermin steht wieder einmal an. Heute f\u00fchrt er uns in die Schweiz an den Bodensee zum \u201eSummerDays-Festival\u201c in Arbon. Die Wetteraussichten lassen keine gro\u00dfe Freude bei uns aufkommen: Es gie\u00dft beim Losfahren wie aus K\u00fcbeln. Am Bodensee ist dann das Wetter allerdings etwas besser, so dass der erste von\u2026","rel":"","context":"In &quot;Acts&quot;","block_context":{"text":"Acts","link":"http:\/\/www.rockpixx.com\/wordpress\/category\/acts\/"},"img":{"alt_text":"Ten Years After, 27.08.2010, Arbon (CH), Seepromenade","src":"https:\/\/i0.wp.com\/www.rockpixx.com\/wordpress\/wp-content\/uploads\/2013\/01\/20100827-01-ten-years-after-Artikel.jpg?resize=350%2C200","width":350,"height":200,"srcset":"https:\/\/i0.wp.com\/www.rockpixx.com\/wordpress\/wp-content\/uploads\/2013\/01\/20100827-01-ten-years-after-Artikel.jpg?resize=350%2C200 1x, https:\/\/i0.wp.com\/www.rockpixx.com\/wordpress\/wp-content\/uploads\/2013\/01\/20100827-01-ten-years-after-Artikel.jpg?resize=525%2C300 1.5x, https:\/\/i0.wp.com\/www.rockpixx.com\/wordpress\/wp-content\/uploads\/2013\/01\/20100827-01-ten-years-after-Artikel.jpg?resize=700%2C400 2x"},"classes":[]},{"id":7278,"url":"http:\/\/www.rockpixx.com\/wordpress\/barock-27-08-2010-arbon-ch-seepromenade\/","url_meta":{"origin":7261,"position":4},"title":"Barock, 27.08.2010, Arbon (CH), Seepromenade","author":"Anja","date":"27. August 2010","format":false,"excerpt":"Auf das Wohlwollen von Petrus h\u00e4tten wir uns nicht komplett verlassen sollen, denn f\u00fcr den letzten Act des Abends hat er es uns versagt. Schon vor Beginn des letzen Konzertes mit \u201eBarock\u201c um Mitternacht \u00f6ffnete der Schweizer Himmel seine Schleusen. An dieser Stelle sei zu erw\u00e4hnen, dass das Publikum trotz\u2026","rel":"","context":"In &quot;AC\/DC&quot;","block_context":{"text":"AC\/DC","link":"http:\/\/www.rockpixx.com\/wordpress\/category\/acts\/tributebands\/acdc\/"},"img":{"alt_text":"Barock, 27.08.2010, Arbon (CH), Seepromenade","src":"https:\/\/i0.wp.com\/www.rockpixx.com\/wordpress\/wp-content\/uploads\/2013\/01\/20100827-05-barock-Artikel.jpg?resize=350%2C200","width":350,"height":200,"srcset":"https:\/\/i0.wp.com\/www.rockpixx.com\/wordpress\/wp-content\/uploads\/2013\/01\/20100827-05-barock-Artikel.jpg?resize=350%2C200 1x, https:\/\/i0.wp.com\/www.rockpixx.com\/wordpress\/wp-content\/uploads\/2013\/01\/20100827-05-barock-Artikel.jpg?resize=525%2C300 1.5x, https:\/\/i0.wp.com\/www.rockpixx.com\/wordpress\/wp-content\/uploads\/2013\/01\/20100827-05-barock-Artikel.jpg?resize=700%2C400 2x"},"classes":[]},{"id":1068,"url":"http:\/\/www.rockpixx.com\/wordpress\/summerdays-festival-in-arbon\/","url_meta":{"origin":7261,"position":5},"title":"Summerdays Festival in Arbon","author":"admin","date":"1. September 2011","format":false,"excerpt":"Es ist das letzte Augustwochenende und wir hoffen, dass uns das Wetter nicht im Stich l\u00e4sst. Die vorherige Woche st\u00f6hnte ganz Mitteleuropa unter der tropischen Hitze und so war f\u00fcr das Wochenende Regen angesagt. Davon lie\u00dfen wir uns nicht unterkriegen und sind am Freitag Richtung Bodensee aufgebrochen. So wie letztes\u2026","rel":"","context":"In &quot;2011&quot;","block_context":{"text":"2011","link":"http:\/\/www.rockpixx.com\/wordpress\/category\/backstage\/2011\/"},"img":{"alt_text":"Miniaturgitarren in Bregenz","src":"https:\/\/i0.wp.com\/www.rockpixx.com\/wordpress\/wp-content\/uploads\/2013\/03\/20110901-20110826-IMG_1955.jpg?resize=350%2C200","width":350,"height":200,"srcset":"https:\/\/i0.wp.com\/www.rockpixx.com\/wordpress\/wp-content\/uploads\/2013\/03\/20110901-20110826-IMG_1955.jpg?resize=350%2C200 1x, https:\/\/i0.wp.com\/www.rockpixx.com\/wordpress\/wp-content\/uploads\/2013\/03\/20110901-20110826-IMG_1955.jpg?resize=525%2C300 1.5x, https:\/\/i0.wp.com\/www.rockpixx.com\/wordpress\/wp-content\/uploads\/2013\/03\/20110901-20110826-IMG_1955.jpg?resize=700%2C400 2x"},"classes":[]}],"jetpack_sharing_enabled":true,"publishpress_future_action":{"enabled":false,"date":"2026-05-08 01:54:06","action":"change-status","newStatus":"draft","terms":[],"taxonomy":"category","extraData":[]},"publishpress_future_workflow_manual_trigger":{"enabledWorkflows":[]},"_links":{"self":[{"href":"http:\/\/www.rockpixx.com\/wordpress\/wp-json\/wp\/v2\/posts\/7261","targetHints":{"allow":["GET"]}}],"collection":[{"href":"http:\/\/www.rockpixx.com\/wordpress\/wp-json\/wp\/v2\/posts"}],"about":[{"href":"http:\/\/www.rockpixx.com\/wordpress\/wp-json\/wp\/v2\/types\/post"}],"author":[{"embeddable":true,"href":"http:\/\/www.rockpixx.com\/wordpress\/wp-json\/wp\/v2\/users\/2"}],"replies":[{"embeddable":true,"href":"http:\/\/www.rockpixx.com\/wordpress\/wp-json\/wp\/v2\/comments?post=7261"}],"version-history":[{"count":0,"href":"http:\/\/www.rockpixx.com\/wordpress\/wp-json\/wp\/v2\/posts\/7261\/revisions"}],"wp:featuredmedia":[{"embeddable":true,"href":"http:\/\/www.rockpixx.com\/wordpress\/wp-json\/wp\/v2\/media\/7263"}],"wp:attachment":[{"href":"http:\/\/www.rockpixx.com\/wordpress\/wp-json\/wp\/v2\/media?parent=7261"}],"wp:term":[{"taxonomy":"category","embeddable":true,"href":"http:\/\/www.rockpixx.com\/wordpress\/wp-json\/wp\/v2\/categories?post=7261"},{"taxonomy":"post_tag","embeddable":true,"href":"http:\/\/www.rockpixx.com\/wordpress\/wp-json\/wp\/v2\/tags?post=7261"}],"curies":[{"name":"wp","href":"https:\/\/api.w.org\/{rel}","templated":true}]}}