{"id":7278,"date":"2010-08-27T05:00:05","date_gmt":"2010-08-27T04:00:05","guid":{"rendered":"http:\/\/rockpixx.com\/wordpress\/?p=7278"},"modified":"2013-03-02T13:21:48","modified_gmt":"2013-03-02T12:21:48","slug":"barock-27-08-2010-arbon-ch-seepromenade","status":"publish","type":"post","link":"http:\/\/www.rockpixx.com\/wordpress\/barock-27-08-2010-arbon-ch-seepromenade\/","title":{"rendered":"Barock, 27.08.2010, Arbon (CH), Seepromenade"},"content":{"rendered":"<p>Auf das Wohlwollen von Petrus h\u00e4tten wir uns nicht komplett verlassen sollen, denn f\u00fcr den letzten Act des Abends hat er es uns versagt. Schon vor Beginn des letzen Konzertes mit \u201eBarock\u201c um Mitternacht \u00f6ffnete der Schweizer Himmel seine Schleusen.<!--more--> An dieser Stelle sei zu erw\u00e4hnen, dass das Publikum trotz der sp\u00e4ten Stunde und des starken Regens ausgehalten hat. Daf\u00fcr wurde es mit einer guten B\u00fchnenshow und Rockmusik vom Feinsten verw\u00f6hnt. Bei Barock stehen wir zum Fotografieren oft auf der B\u00fchne und somit zeigen wir hier wieder einmal ein paar Konzertbilder aus anderen Perspektiven.<\/p>\n<p style=\"text-align: right;\">Fotos:\u00a0<a href=\"mailto:info@rockpixx.com?subject=Fotos%20von%20Barock,%20Arbon%20(CH)%20%E2%80%9ESeepromenade%E2%80%9C,%2027.08.2010\">Alex<\/a>,\u00a0<a href=\"mailto:a.roselt@rockpixx.com?subject=Fotos%20von%20Barock,%20Arbon%20(CH)%20%E2%80%9ESeepromenade%E2%80%9C,%2027.08.2010\">Anja<\/a>\u00a0| Text:\u00a0<a href=\"mailto:info@rockpixx.com?subject=Reviewtext%20von%20Barock,%20Arbon%20(CH)%20%E2%80%9ESeepromenade%E2%80%9C,%2027.08.2010\">Alex<\/a><\/p>\n<p style=\"text-align: left;\"><div class=\"eat-left eat-right\"><div class=\"thumbs-masonry isotope\"><div class=\"isotope-item block-2 block-h-2\"><a href=\"http:\/\/www.rockpixx.com\/wordpress\/wp-content\/uploads\/2013\/01\/20100827-05-034-1.jpg\" rel=\"prettyPhoto[postgal_7277]\" class=\"show-hover-link block-h-2\"\"><img decoding=\"async\" src=\"http:\/\/www.rockpixx.com\/wordpress\/wp-content\/uploads\/2013\/01\/20100827-05-034-1-480x400.jpg\" alt=\"Konzertaufnahme, Barock, 27.08.2010, Arbon\"\/><span class=\"before\"><\/span><span class=\"after\"><\/span><\/a><\/div><div class=\"isotope-item block-1 block-h-1\"><a href=\"http:\/\/www.rockpixx.com\/wordpress\/wp-content\/uploads\/2013\/01\/20100827-05-073-1.jpg\" rel=\"prettyPhoto[postgal_7277]\" class=\"show-hover-link block-h-1\"\"><img decoding=\"async\" src=\"http:\/\/www.rockpixx.com\/wordpress\/wp-content\/uploads\/2013\/01\/20100827-05-073-1-480x400.jpg\" alt=\"Konzertaufnahme, Barock, 27.08.2010, Arbon\"\/><span class=\"before\"><\/span><span class=\"after\"><\/span><\/a><\/div><div class=\"isotope-item block-1 block-h-1\"><a href=\"http:\/\/www.rockpixx.com\/wordpress\/wp-content\/uploads\/2013\/01\/20100827-05-175-1.jpg\" rel=\"prettyPhoto[postgal_7277]\" class=\"show-hover-link block-h-1\"\"><img decoding=\"async\" src=\"http:\/\/www.rockpixx.com\/wordpress\/wp-content\/uploads\/2013\/01\/20100827-05-175-1-480x400.jpg\" alt=\"Konzertaufnahme, Barock, 27.08.2010, Arbon\"\/><span class=\"before\"><\/span><span class=\"after\"><\/span><\/a><\/div><div class=\"isotope-item block-2 block-h-2\"><a href=\"http:\/\/www.rockpixx.com\/wordpress\/wp-content\/uploads\/2013\/01\/20100827-05-228-1.jpg\" rel=\"prettyPhoto[postgal_7277]\" class=\"show-hover-link block-h-2\"\"><img decoding=\"async\" src=\"http:\/\/www.rockpixx.com\/wordpress\/wp-content\/uploads\/2013\/01\/20100827-05-228-1-480x400.jpg\" alt=\"Konzertaufnahme, Barock, 27.08.2010, Arbon\"\/><span class=\"before\"><\/span><span class=\"after\"><\/span><\/a><\/div><div class=\"isotope-item block-1 block-h-1\"><a href=\"http:\/\/www.rockpixx.com\/wordpress\/wp-content\/uploads\/2013\/01\/20100827-05-312-1.jpg\" rel=\"prettyPhoto[postgal_7277]\" class=\"show-hover-link block-h-1\"\"><img decoding=\"async\" src=\"http:\/\/www.rockpixx.com\/wordpress\/wp-content\/uploads\/2013\/01\/20100827-05-312-1-480x400.jpg\" alt=\"Konzertaufnahme, Barock, 27.08.2010, Arbon\"\/><span class=\"before\"><\/span><span class=\"after\"><\/span><\/a><\/div><div class=\"isotope-item block-1 block-h-1\"><a href=\"http:\/\/www.rockpixx.com\/wordpress\/wp-content\/uploads\/2013\/01\/20100827-05-370-1.jpg\" rel=\"prettyPhoto[postgal_7277]\" class=\"show-hover-link block-h-1\"\"><img decoding=\"async\" src=\"http:\/\/www.rockpixx.com\/wordpress\/wp-content\/uploads\/2013\/01\/20100827-05-370-1-480x400.jpg\" alt=\"Konzertaufnahme, Barock, 27.08.2010, Arbon\"\/><span class=\"before\"><\/span><span class=\"after\"><\/span><\/a><\/div><div class=\"isotope-item block-2 block-h-2\"><a href=\"http:\/\/www.rockpixx.com\/wordpress\/wp-content\/uploads\/2013\/01\/20100827-05-393-1.jpg\" rel=\"prettyPhoto[postgal_7277]\" class=\"show-hover-link block-h-2\"\"><img decoding=\"async\" src=\"http:\/\/www.rockpixx.com\/wordpress\/wp-content\/uploads\/2013\/01\/20100827-05-393-1-480x400.jpg\" alt=\"Konzertaufnahme, Barock, 27.08.2010, Arbon\"\/><span class=\"before\"><\/span><span class=\"after\"><\/span><\/a><\/div><div class=\"isotope-item block-1 block-h-1\"><a href=\"http:\/\/www.rockpixx.com\/wordpress\/wp-content\/uploads\/2013\/01\/20100827-05-424-1.jpg\" rel=\"prettyPhoto[postgal_7277]\" class=\"show-hover-link block-h-1\"\"><img decoding=\"async\" src=\"http:\/\/www.rockpixx.com\/wordpress\/wp-content\/uploads\/2013\/01\/20100827-05-424-1-480x400.jpg\" alt=\"Konzertaufnahme, Barock, 27.08.2010, Arbon\"\/><span class=\"before\"><\/span><span class=\"after\"><\/span><\/a><\/div><div class=\"isotope-item block-1 block-h-1\"><a href=\"http:\/\/www.rockpixx.com\/wordpress\/wp-content\/uploads\/2013\/01\/20100827-05-488-1.jpg\" rel=\"prettyPhoto[postgal_7277]\" class=\"show-hover-link block-h-1\"\"><img decoding=\"async\" src=\"http:\/\/www.rockpixx.com\/wordpress\/wp-content\/uploads\/2013\/01\/20100827-05-488-1-480x400.jpg\" alt=\"Konzertaufnahme, Barock, 27.08.2010, Arbon\"\/><span class=\"before\"><\/span><span class=\"after\"><\/span><\/a><\/div><div class=\"isotope-item block-2 block-h-2\"><a href=\"http:\/\/www.rockpixx.com\/wordpress\/wp-content\/uploads\/2013\/01\/20100827-05-568-1.jpg\" rel=\"prettyPhoto[postgal_7277]\" class=\"show-hover-link block-h-2\"\"><img decoding=\"async\" src=\"http:\/\/www.rockpixx.com\/wordpress\/wp-content\/uploads\/2013\/01\/20100827-05-568-1-480x400.jpg\" alt=\"Konzertaufnahme, Barock, 27.08.2010, Arbon\"\/><span class=\"before\"><\/span><span class=\"after\"><\/span><\/a><\/div><\/div><\/div><\/p>\n","protected":false},"excerpt":{"rendered":"<p>Auf das Wohlwollen von Petrus h\u00e4tten wir uns nicht komplett verlassen sollen, denn f\u00fcr den <a href=\"http:\/\/www.rockpixx.com\/wordpress\/barock-27-08-2010-arbon-ch-seepromenade\/\">Read more<\/a><\/p>\n","protected":false},"author":2,"featured_media":7280,"comment_status":"open","ping_status":"open","sticky":false,"template":"","format":"standard","meta":{"_jetpack_memberships_contains_paid_content":false,"footnotes":"","jetpack_publicize_message":"","jetpack_publicize_feature_enabled":true,"jetpack_social_post_already_shared":true,"jetpack_social_options":{"image_generator_settings":{"template":"highway","default_image_id":0,"font":"","enabled":false},"version":2}},"categories":[8,34,47,5],"tags":[1832,1716,818,913,1724,133,819],"class_list":["post-7278","post","type-post","status-publish","format-standard","has-post-thumbnail","hentry","category-acdc","category-acts","category-barock","category-tributebands","tag-1832","tag-acdc","tag-arbon-ch","tag-arbon-summerdays-festival","tag-barock","tag-festivals","tag-seepromenade"],"aioseo_notices":[],"jetpack_publicize_connections":[],"jetpack_featured_media_url":"http:\/\/www.rockpixx.com\/wordpress\/wp-content\/uploads\/2013\/01\/20100827-05-barock-Artikel.jpg","jetpack-related-posts":[{"id":8312,"url":"http:\/\/www.rockpixx.com\/wordpress\/eric-burdon-and-the-animals-26-08-2011-arbon-ch-seepromenade\/","url_meta":{"origin":7278,"position":0},"title":"Eric Burdon and The Animals, 26.08.2011, Arbon (CH), Seepromenade","author":"Anja","date":"26. August 2011","format":false,"excerpt":"Das steht nun also eine Legende oberhalb von uns auf der B\u00fchne: Eric Burdon \u2013 im Mai 2011 70 Jahre jung geworden \u2013 und zelebriert vor einigen tausend Fans die Stationen seiner einzigartigen fast f\u00fcnfzigj\u00e4hrigen Karriere. Dass \u201eEric Burdon & The Animals\u201c auf den Plakaten steht, obwohl es \u201eThe Animals\u201c\u2026","rel":"","context":"In &quot;Acts&quot;","block_context":{"text":"Acts","link":"http:\/\/www.rockpixx.com\/wordpress\/category\/acts\/"},"img":{"alt_text":"Eric Burdon and The Animals, 26.08.2011, Arbon (CH), Seepromenade","src":"https:\/\/i0.wp.com\/www.rockpixx.com\/wordpress\/wp-content\/uploads\/2013\/02\/20110826-eric-burdon-Artikel.jpg?resize=350%2C200","width":350,"height":200,"srcset":"https:\/\/i0.wp.com\/www.rockpixx.com\/wordpress\/wp-content\/uploads\/2013\/02\/20110826-eric-burdon-Artikel.jpg?resize=350%2C200 1x, https:\/\/i0.wp.com\/www.rockpixx.com\/wordpress\/wp-content\/uploads\/2013\/02\/20110826-eric-burdon-Artikel.jpg?resize=525%2C300 1.5x, https:\/\/i0.wp.com\/www.rockpixx.com\/wordpress\/wp-content\/uploads\/2013\/02\/20110826-eric-burdon-Artikel.jpg?resize=700%2C400 2x"},"classes":[]},{"id":7079,"url":"http:\/\/www.rockpixx.com\/wordpress\/ten-years-after-27-08-2010-arbon-ch-seepromenade\/","url_meta":{"origin":7278,"position":1},"title":"Ten Years After, 27.08.2010, Arbon (CH), Seepromenade","author":"Anja","date":"27. August 2010","format":false,"excerpt":"Ein Festivaltermin steht wieder einmal an. Heute f\u00fchrt er uns in die Schweiz an den Bodensee zum \u201eSummerDays-Festival\u201c in Arbon. Die Wetteraussichten lassen keine gro\u00dfe Freude bei uns aufkommen: Es gie\u00dft beim Losfahren wie aus K\u00fcbeln. Am Bodensee ist dann das Wetter allerdings etwas besser, so dass der erste von\u2026","rel":"","context":"In &quot;Acts&quot;","block_context":{"text":"Acts","link":"http:\/\/www.rockpixx.com\/wordpress\/category\/acts\/"},"img":{"alt_text":"Ten Years After, 27.08.2010, Arbon (CH), Seepromenade","src":"https:\/\/i0.wp.com\/www.rockpixx.com\/wordpress\/wp-content\/uploads\/2013\/01\/20100827-01-ten-years-after-Artikel.jpg?resize=350%2C200","width":350,"height":200,"srcset":"https:\/\/i0.wp.com\/www.rockpixx.com\/wordpress\/wp-content\/uploads\/2013\/01\/20100827-01-ten-years-after-Artikel.jpg?resize=350%2C200 1x, https:\/\/i0.wp.com\/www.rockpixx.com\/wordpress\/wp-content\/uploads\/2013\/01\/20100827-01-ten-years-after-Artikel.jpg?resize=525%2C300 1.5x, https:\/\/i0.wp.com\/www.rockpixx.com\/wordpress\/wp-content\/uploads\/2013\/01\/20100827-01-ten-years-after-Artikel.jpg?resize=700%2C400 2x"},"classes":[]},{"id":7261,"url":"http:\/\/www.rockpixx.com\/wordpress\/status-quo-27-08-2010-arbon-ch-seepromenade\/","url_meta":{"origin":7278,"position":2},"title":"Status Quo, 27.08.2010, Arbon (CH), Seepromenade","author":"Anja","date":"27. August 2010","format":false,"excerpt":"Der Headliner des Abends ist dann \u201eStatus Quo\u201c und was diesmal sch\u00f6n f\u00fcr die Fotografen ist, ist dass \u201eStatus Quo\u201c als einzige Band dieses Tages keine Filmaufnahmen f\u00fcr das Konzert zulassen. So befindet sich also w\u00e4hrend des Fotografierens nicht st\u00e4ndig ein Kamerawagen vor der Linse. Als weiteres Plus kam das\u2026","rel":"","context":"In &quot;Acts&quot;","block_context":{"text":"Acts","link":"http:\/\/www.rockpixx.com\/wordpress\/category\/acts\/"},"img":{"alt_text":"Status Quo, 27.08.2010, Arbon (CH), Seepromenade","src":"https:\/\/i0.wp.com\/www.rockpixx.com\/wordpress\/wp-content\/uploads\/2013\/01\/20100827-04-status-quo-Artikel.jpg?resize=350%2C200","width":350,"height":200,"srcset":"https:\/\/i0.wp.com\/www.rockpixx.com\/wordpress\/wp-content\/uploads\/2013\/01\/20100827-04-status-quo-Artikel.jpg?resize=350%2C200 1x, https:\/\/i0.wp.com\/www.rockpixx.com\/wordpress\/wp-content\/uploads\/2013\/01\/20100827-04-status-quo-Artikel.jpg?resize=525%2C300 1.5x, https:\/\/i0.wp.com\/www.rockpixx.com\/wordpress\/wp-content\/uploads\/2013\/01\/20100827-04-status-quo-Artikel.jpg?resize=700%2C400 2x"},"classes":[]},{"id":7245,"url":"http:\/\/www.rockpixx.com\/wordpress\/barclay-james-harvest-feat-les-holroyd-27-08-2010-arbon-ch-seepromenade\/","url_meta":{"origin":7278,"position":3},"title":"Barclay James Harvest feat. Les Holroyd, 27.08.2010, Arbon (CH), Seepromenade","author":"Anja","date":"27. August 2010","format":false,"excerpt":"Bislang spielte das Wetter einigerma\u00dfen mit, bei \u201eBarclay James Harvest feat. Les Holroyd\u201c sollten dann schon ein paar Tropen auf Publikum und Fotografen im Graben niedergehen. Mittlerweile ist auch deutlich zu sehen, dass der Freitag des Festivals ausverkauft ist: Zwischen zehn- und zw\u00f6lftausend Besucher sind vor der B\u00fchne guter Stimmung.\u00a0\u2026","rel":"","context":"In &quot;Acts&quot;","block_context":{"text":"Acts","link":"http:\/\/www.rockpixx.com\/wordpress\/category\/acts\/"},"img":{"alt_text":"Barclay James Harvest feat. Les Holroyd, 27.08.2010, Arbon (CH), Seepromenade","src":"https:\/\/i0.wp.com\/www.rockpixx.com\/wordpress\/wp-content\/uploads\/2013\/01\/20100827-03-bjh-Artikel.jpg?resize=350%2C200","width":350,"height":200,"srcset":"https:\/\/i0.wp.com\/www.rockpixx.com\/wordpress\/wp-content\/uploads\/2013\/01\/20100827-03-bjh-Artikel.jpg?resize=350%2C200 1x, https:\/\/i0.wp.com\/www.rockpixx.com\/wordpress\/wp-content\/uploads\/2013\/01\/20100827-03-bjh-Artikel.jpg?resize=525%2C300 1.5x, https:\/\/i0.wp.com\/www.rockpixx.com\/wordpress\/wp-content\/uploads\/2013\/01\/20100827-03-bjh-Artikel.jpg?resize=700%2C400 2x"},"classes":[]},{"id":7227,"url":"http:\/\/www.rockpixx.com\/wordpress\/canned-heat-27-08-2010-arbon-ch-seepromenade\/","url_meta":{"origin":7278,"position":4},"title":"Canned Heat, 27.08.2010, Arbon (CH), Seepromenade","author":"Anja","date":"27. August 2010","format":false,"excerpt":"Der n\u00e4chste Gig geh\u00f6rte \u201eCanned Heat\u201c, welche ebenfalls in Woodstock gespielt haben. \u201eOn the Road again\u201c ist wohl einer ihrer bekanntesten Songs mit dem sie Ihr Konzert auch er\u00f6ffneten. Und schon hatte man das Gef\u00fchl in einem Cadillac \u00fcber die Highways zu cruisen\u2026\u00a0 Auch diese Band rockte trotz des Alters\u2026","rel":"","context":"In &quot;Acts&quot;","block_context":{"text":"Acts","link":"http:\/\/www.rockpixx.com\/wordpress\/category\/acts\/"},"img":{"alt_text":"Canned Heat, 27.08.2010, Arbon (CH), Seepromenade","src":"https:\/\/i0.wp.com\/www.rockpixx.com\/wordpress\/wp-content\/uploads\/2013\/01\/20100827-02-canned-heat-Artikel.jpg?resize=350%2C200","width":350,"height":200,"srcset":"https:\/\/i0.wp.com\/www.rockpixx.com\/wordpress\/wp-content\/uploads\/2013\/01\/20100827-02-canned-heat-Artikel.jpg?resize=350%2C200 1x, https:\/\/i0.wp.com\/www.rockpixx.com\/wordpress\/wp-content\/uploads\/2013\/01\/20100827-02-canned-heat-Artikel.jpg?resize=525%2C300 1.5x, https:\/\/i0.wp.com\/www.rockpixx.com\/wordpress\/wp-content\/uploads\/2013\/01\/20100827-02-canned-heat-Artikel.jpg?resize=700%2C400 2x"},"classes":[]},{"id":9070,"url":"http:\/\/www.rockpixx.com\/wordpress\/barock-18-01-2013-beverungen-stadthalle\/","url_meta":{"origin":7278,"position":5},"title":"Barock, 18.01.2013, Beverungen, Stadthalle","author":"Anja","date":"18. Januar 2013","format":false,"excerpt":"Dann machen wir das doch jetzt mal im Telegrammstil: Barock, Folge 29\u2026\u00a0 Anreise: gut\u2026 hinter der Halle die erste \u00dcberraschung: da parkt ein 40t Sattelschlepper\u2026 Show: erstmals sehen wir die neuen Kanonen (wenn auch aus Platzgr\u00fcnden nur vier St\u00fcck aufgebaut sind), Barock zelebriert 2013 \u201e40 years of AC\/DC\u201c\u2026 Nebel: fast\u2026","rel":"","context":"In &quot;AC\/DC&quot;","block_context":{"text":"AC\/DC","link":"http:\/\/www.rockpixx.com\/wordpress\/category\/acts\/tributebands\/acdc\/"},"img":{"alt_text":"Barock, 18.01.2013, Beverungen, Stadthalle","src":"https:\/\/i0.wp.com\/www.rockpixx.com\/wordpress\/wp-content\/uploads\/2013\/02\/20130118-03-barock-Artikel.jpg?resize=350%2C200","width":350,"height":200,"srcset":"https:\/\/i0.wp.com\/www.rockpixx.com\/wordpress\/wp-content\/uploads\/2013\/02\/20130118-03-barock-Artikel.jpg?resize=350%2C200 1x, https:\/\/i0.wp.com\/www.rockpixx.com\/wordpress\/wp-content\/uploads\/2013\/02\/20130118-03-barock-Artikel.jpg?resize=525%2C300 1.5x, https:\/\/i0.wp.com\/www.rockpixx.com\/wordpress\/wp-content\/uploads\/2013\/02\/20130118-03-barock-Artikel.jpg?resize=700%2C400 2x"},"classes":[]}],"jetpack_sharing_enabled":true,"publishpress_future_action":{"enabled":false,"date":"2026-05-08 01:53:49","action":"change-status","newStatus":"draft","terms":[],"taxonomy":"category","extraData":[]},"publishpress_future_workflow_manual_trigger":{"enabledWorkflows":[]},"_links":{"self":[{"href":"http:\/\/www.rockpixx.com\/wordpress\/wp-json\/wp\/v2\/posts\/7278","targetHints":{"allow":["GET"]}}],"collection":[{"href":"http:\/\/www.rockpixx.com\/wordpress\/wp-json\/wp\/v2\/posts"}],"about":[{"href":"http:\/\/www.rockpixx.com\/wordpress\/wp-json\/wp\/v2\/types\/post"}],"author":[{"embeddable":true,"href":"http:\/\/www.rockpixx.com\/wordpress\/wp-json\/wp\/v2\/users\/2"}],"replies":[{"embeddable":true,"href":"http:\/\/www.rockpixx.com\/wordpress\/wp-json\/wp\/v2\/comments?post=7278"}],"version-history":[{"count":0,"href":"http:\/\/www.rockpixx.com\/wordpress\/wp-json\/wp\/v2\/posts\/7278\/revisions"}],"wp:featuredmedia":[{"embeddable":true,"href":"http:\/\/www.rockpixx.com\/wordpress\/wp-json\/wp\/v2\/media\/7280"}],"wp:attachment":[{"href":"http:\/\/www.rockpixx.com\/wordpress\/wp-json\/wp\/v2\/media?parent=7278"}],"wp:term":[{"taxonomy":"category","embeddable":true,"href":"http:\/\/www.rockpixx.com\/wordpress\/wp-json\/wp\/v2\/categories?post=7278"},{"taxonomy":"post_tag","embeddable":true,"href":"http:\/\/www.rockpixx.com\/wordpress\/wp-json\/wp\/v2\/tags?post=7278"}],"curies":[{"name":"wp","href":"https:\/\/api.w.org\/{rel}","templated":true}]}}