{"id":7309,"date":"2010-11-05T02:00:08","date_gmt":"2010-11-05T00:00:08","guid":{"rendered":"http:\/\/rockpixx.com\/wordpress\/?p=7309"},"modified":"2013-01-27T19:25:27","modified_gmt":"2013-01-27T17:25:27","slug":"tarja-turunen-05-11-2010-kempten-bigbox","status":"publish","type":"post","link":"http:\/\/www.rockpixx.com\/wordpress\/tarja-turunen-05-11-2010-kempten-bigbox\/","title":{"rendered":"Tarja Turunen, 05.11.2010, Kempten, BigBOX"},"content":{"rendered":"<p>\u2026 und dann kam Sie: Tarja Turunen, Ex-Frontfrau von \u201eNightwish\u201c und das Stimmwunder des \u201eOpera Metal\u201c aus Finnland.<br \/>\nSeit diversen Jahren wandelt sie ja mittlerweile auf Solopfaden und das macht sie richtig gut. Es ist beeindruckend zu h\u00f6ren, wie eine ausgebildete Sopranistin sich gegen\u00fcber gewaltigen Songgewittern aus Gitarre und Drums zu behaupten wei\u00df.<!--more-->Kommt dann noch eine sympathische aber pr\u00e4sente B\u00fchnenperfomance dazu &#8211; gepaart mit interessanter Garderobe und gutem Aussehen, dann k\u00f6nnte der Fotograf richtig gl\u00fccklich sein.<\/p>\n<p>Und warum nun Konjunktiv und \u201ek\u00f6nnte\u201c? Ganz einfach: Wenn selbst der vorherige Act \u201eEisbrecher\u201c einen der vier Follower nutzen darf, dann bleibt es mir ein R\u00e4tsel, wieso bei Tarja die Frontlights so dunkelrot bis dunkelorange bzw. magenta gewesen sind. Selten ein so sch\u00f6nes aber fotografisch grenzwertiges Licht erlebt!<\/p>\n<p style=\"text-align: right;\">Fotos:\u00a0<a href=\"mailto:info@rockpixx.com?subject=Fotos%20von%20Tarja%20Turunen,%20Kempten%20%E2%80%9EBigBOX%E2%80%9C,%2005.11.2010\">Alex<\/a>\u00a0| Text:\u00a0<a href=\"mailto:info@rockpixx.com?subject=Reviewtext%20von%20Tarja%20Turunen,%20Kempten%20%E2%80%9EBigBOX%E2%80%9C,%2005.11.2010\">Alex<\/a><\/p>\n<p style=\"text-align: left;\"><div class=\"eat-left eat-right\"><div class=\"thumbs-masonry isotope\"><div class=\"isotope-item block-2 block-h-2\"><a href=\"http:\/\/www.rockpixx.com\/wordpress\/wp-content\/uploads\/2013\/01\/20101105-02-086-2.jpg\" rel=\"prettyPhoto[postgal_7308]\" class=\"show-hover-link block-h-2\"\"><img decoding=\"async\" src=\"http:\/\/www.rockpixx.com\/wordpress\/wp-content\/uploads\/2013\/01\/20101105-02-086-2-480x400.jpg\" alt=\"Konzertaufnahme, Tarja Turunen, 05.11.2010, Kempten, bigBOX\"\/><span class=\"before\"><\/span><span class=\"after\"><\/span><\/a><\/div><div class=\"isotope-item block-1 block-h-1\"><a href=\"http:\/\/www.rockpixx.com\/wordpress\/wp-content\/uploads\/2013\/01\/20101105-02-151.jpg\" rel=\"prettyPhoto[postgal_7308]\" class=\"show-hover-link block-h-1\"\"><img decoding=\"async\" src=\"http:\/\/www.rockpixx.com\/wordpress\/wp-content\/uploads\/2013\/01\/20101105-02-151-480x400.jpg\" alt=\"Konzertaufnahme, Tarja Turunen, 05.11.2010, Kempten, bigBOX\"\/><span class=\"before\"><\/span><span class=\"after\"><\/span><\/a><\/div><div class=\"isotope-item block-1 block-h-1\"><a href=\"http:\/\/www.rockpixx.com\/wordpress\/wp-content\/uploads\/2013\/01\/20101105-02-242.jpg\" rel=\"prettyPhoto[postgal_7308]\" class=\"show-hover-link block-h-1\"\"><img decoding=\"async\" src=\"http:\/\/www.rockpixx.com\/wordpress\/wp-content\/uploads\/2013\/01\/20101105-02-242-480x400.jpg\" alt=\"Konzertaufnahme, Tarja Turunen, 05.11.2010, Kempten, bigBOX\"\/><span class=\"before\"><\/span><span class=\"after\"><\/span><\/a><\/div><div class=\"isotope-item block-2 block-h-2\"><a href=\"http:\/\/www.rockpixx.com\/wordpress\/wp-content\/uploads\/2013\/01\/20101105-02-277.jpg\" rel=\"prettyPhoto[postgal_7308]\" class=\"show-hover-link block-h-2\"\"><img decoding=\"async\" src=\"http:\/\/www.rockpixx.com\/wordpress\/wp-content\/uploads\/2013\/01\/20101105-02-277-480x400.jpg\" alt=\"Konzertaufnahme, Tarja Turunen, 05.11.2010, Kempten, bigBOX\"\/><span class=\"before\"><\/span><span class=\"after\"><\/span><\/a><\/div><div class=\"isotope-item block-1 block-h-1\"><a href=\"http:\/\/www.rockpixx.com\/wordpress\/wp-content\/uploads\/2013\/01\/20101105-02-301.jpg\" rel=\"prettyPhoto[postgal_7308]\" class=\"show-hover-link block-h-1\"\"><img decoding=\"async\" src=\"http:\/\/www.rockpixx.com\/wordpress\/wp-content\/uploads\/2013\/01\/20101105-02-301-480x400.jpg\" alt=\"Konzertaufnahme, Tarja Turunen, 05.11.2010, Kempten, bigBOX\"\/><span class=\"before\"><\/span><span class=\"after\"><\/span><\/a><\/div><div class=\"isotope-item block-1 block-h-1\"><a href=\"http:\/\/www.rockpixx.com\/wordpress\/wp-content\/uploads\/2013\/01\/20101105-02-309.jpg\" rel=\"prettyPhoto[postgal_7308]\" class=\"show-hover-link block-h-1\"\"><img decoding=\"async\" src=\"http:\/\/www.rockpixx.com\/wordpress\/wp-content\/uploads\/2013\/01\/20101105-02-309-480x400.jpg\" alt=\"Konzertaufnahme, Tarja Turunen, 05.11.2010, Kempten, bigBOX\"\/><span class=\"before\"><\/span><span class=\"after\"><\/span><\/a><\/div><div class=\"isotope-item block-2 block-h-2\"><a href=\"http:\/\/www.rockpixx.com\/wordpress\/wp-content\/uploads\/2013\/01\/20101105-02-316.jpg\" rel=\"prettyPhoto[postgal_7308]\" class=\"show-hover-link block-h-2\"\"><img decoding=\"async\" src=\"http:\/\/www.rockpixx.com\/wordpress\/wp-content\/uploads\/2013\/01\/20101105-02-316-480x400.jpg\" alt=\"Konzertaufnahme, Tarja Turunen, 05.11.2010, Kempten, bigBOX\"\/><span class=\"before\"><\/span><span class=\"after\"><\/span><\/a><\/div><div class=\"isotope-item block-1 block-h-1\"><a href=\"http:\/\/www.rockpixx.com\/wordpress\/wp-content\/uploads\/2013\/01\/20101105-02-322.jpg\" rel=\"prettyPhoto[postgal_7308]\" class=\"show-hover-link block-h-1\"\"><img decoding=\"async\" src=\"http:\/\/www.rockpixx.com\/wordpress\/wp-content\/uploads\/2013\/01\/20101105-02-322-480x400.jpg\" alt=\"Konzertaufnahme, Tarja Turunen, 05.11.2010, Kempten, bigBOX\"\/><span class=\"before\"><\/span><span class=\"after\"><\/span><\/a><\/div><div class=\"isotope-item block-1 block-h-1\"><a href=\"http:\/\/www.rockpixx.com\/wordpress\/wp-content\/uploads\/2013\/01\/20101105-02-346-2.jpg\" rel=\"prettyPhoto[postgal_7308]\" class=\"show-hover-link block-h-1\"\"><img decoding=\"async\" src=\"http:\/\/www.rockpixx.com\/wordpress\/wp-content\/uploads\/2013\/01\/20101105-02-346-2-480x400.jpg\" alt=\"Konzertaufnahme, Tarja Turunen, 05.11.2010, Kempten, bigBOX\"\/><span class=\"before\"><\/span><span class=\"after\"><\/span><\/a><\/div><div class=\"isotope-item block-2 block-h-2\"><a href=\"http:\/\/www.rockpixx.com\/wordpress\/wp-content\/uploads\/2013\/01\/20101105-02-398.jpg\" rel=\"prettyPhoto[postgal_7308]\" class=\"show-hover-link block-h-2\"\"><img decoding=\"async\" src=\"http:\/\/www.rockpixx.com\/wordpress\/wp-content\/uploads\/2013\/01\/20101105-02-398-480x400.jpg\" alt=\"Konzertaufnahme, Tarja Turunen, 05.11.2010, Kempten, bigBOX\"\/><span class=\"before\"><\/span><span class=\"after\"><\/span><\/a><\/div><\/div><\/div><\/p>\n","protected":false},"excerpt":{"rendered":"<p>\u2026 und dann kam Sie: Tarja Turunen, Ex-Frontfrau von \u201eNightwish\u201c und das Stimmwunder des \u201eOpera <a href=\"http:\/\/www.rockpixx.com\/wordpress\/tarja-turunen-05-11-2010-kempten-bigbox\/\">Read more<\/a><\/p>\n","protected":false},"author":2,"featured_media":7310,"comment_status":"open","ping_status":"open","sticky":false,"template":"","format":"standard","meta":{"_jetpack_memberships_contains_paid_content":false,"footnotes":"","jetpack_publicize_message":"","jetpack_publicize_feature_enabled":true,"jetpack_social_post_already_shared":true,"jetpack_social_options":{"image_generator_settings":{"template":"highway","default_image_id":0,"font":"","enabled":false},"version":2}},"categories":[34,1626],"tags":[1832,344,343,821],"class_list":["post-7309","post","type-post","status-publish","format-standard","has-post-thumbnail","hentry","category-acts","category-tarja-turunen","tag-1832","tag-bigbox","tag-kempten","tag-taja-turunen"],"aioseo_notices":[],"jetpack_publicize_connections":[],"jetpack_featured_media_url":"http:\/\/www.rockpixx.com\/wordpress\/wp-content\/uploads\/2013\/01\/20101105-02-tarja-turunen-Artikel.jpg","jetpack-related-posts":[{"id":12003,"url":"http:\/\/www.rockpixx.com\/wordpress\/nightwish-03-08-2013-wacken-woa-2013\/","url_meta":{"origin":7309,"position":0},"title":"Nightwish, 03.08.2013, Wacken, W:O:A 2013","author":"admin","date":"8. August 2013","format":false,"excerpt":"\u2192 Tarja Turunen hatte ich ja schon 2010 in Kempten zusammen mit \u2192 Alice Cooper fotografiert. Und Tarja hatte mir damals ausnehmend gut gefallen. Warum ich Tarja hier so lobe und was das alles mit \u201eNightwish\u201c zu tun hat? Na ja, dr\u00fccken wir es einmal so aus: Es ist in\u2026","rel":"","context":"In &quot;Acts&quot;","block_context":{"text":"Acts","link":"http:\/\/www.rockpixx.com\/wordpress\/category\/acts\/"},"img":{"alt_text":"Nightwish, W:O:A 2013, 03.08.2013, Wacken","src":"https:\/\/i0.wp.com\/www.rockpixx.com\/wordpress\/wp-content\/uploads\/2013\/08\/20130803-06-013_nightwish-Artikel.jpg?resize=350%2C200","width":350,"height":200,"srcset":"https:\/\/i0.wp.com\/www.rockpixx.com\/wordpress\/wp-content\/uploads\/2013\/08\/20130803-06-013_nightwish-Artikel.jpg?resize=350%2C200 1x, https:\/\/i0.wp.com\/www.rockpixx.com\/wordpress\/wp-content\/uploads\/2013\/08\/20130803-06-013_nightwish-Artikel.jpg?resize=525%2C300 1.5x, https:\/\/i0.wp.com\/www.rockpixx.com\/wordpress\/wp-content\/uploads\/2013\/08\/20130803-06-013_nightwish-Artikel.jpg?resize=700%2C400 2x"},"classes":[]},{"id":14005,"url":"http:\/\/www.rockpixx.com\/wordpress\/vertical-blinds-06-06-2014-kiel-schaubude\/","url_meta":{"origin":7309,"position":1},"title":"Vertical Blinds, 06.06.2014, Kiel, Schaubude","author":"admin","date":"7. Juni 2014","format":false,"excerpt":"Hatte ich \u2192 vor knapp zwei Wochen noch davon geschrieben, dass alle Bandmitglieder von \u201eVertical Blinds\u201c offensichtlich von einem ausgefuchsten Tetris-Spieler auf der B\u00fchne der R\u00e4ucherei untergebracht worden waren, so muss ich f\u00fcr den heutigen Auftritt konstatieren: Das muss nun der Tetris-Meister aller Klassen gewesen sein. Die B\u00fchne \u2013 und\u2026","rel":"","context":"In &quot;Acts&quot;","block_context":{"text":"Acts","link":"http:\/\/www.rockpixx.com\/wordpress\/category\/acts\/"},"img":{"alt_text":"Vertical Blinds, 06.06.2014, Kiel, Schaubude","src":"https:\/\/i0.wp.com\/www.rockpixx.com\/wordpress\/wp-content\/uploads\/2014\/06\/20140606-01-070.jpg?resize=350%2C200","width":350,"height":200,"srcset":"https:\/\/i0.wp.com\/www.rockpixx.com\/wordpress\/wp-content\/uploads\/2014\/06\/20140606-01-070.jpg?resize=350%2C200 1x, https:\/\/i0.wp.com\/www.rockpixx.com\/wordpress\/wp-content\/uploads\/2014\/06\/20140606-01-070.jpg?resize=525%2C300 1.5x, https:\/\/i0.wp.com\/www.rockpixx.com\/wordpress\/wp-content\/uploads\/2014\/06\/20140606-01-070.jpg?resize=700%2C400 2x"},"classes":[]},{"id":1039,"url":"http:\/\/www.rockpixx.com\/wordpress\/nachbetrachtung-hahlfoto-de-und-ausblick\/","url_meta":{"origin":7309,"position":2},"title":"Nachbetrachtung, hahlfoto.de und Ausblick","author":"admin","date":"23. November 2010","format":false,"excerpt":"Moin, was gab es in der letzten Zeit Spannendes zu vermelden und was kommt demn\u00e4chst? Im September und Oktober haben wir keine Konzerte fotografiert, daf\u00fcr standen zu viele andere Projekte auf der Tagesordnung. Eines davon ist sogar ein Eigenes gewesen: Nach langer Zeit haben wir endlich einmal einen Relaunch unserer\u2026","rel":"","context":"In &quot;2010&quot;","block_context":{"text":"2010","link":"http:\/\/www.rockpixx.com\/wordpress\/category\/backstage\/2010\/"},"img":{"alt_text":"hahlfoto.de","src":"https:\/\/i0.wp.com\/www.rockpixx.com\/wordpress\/wp-content\/uploads\/2010\/11\/2011123-hahlfoto.jpg?resize=350%2C200","width":350,"height":200,"srcset":"https:\/\/i0.wp.com\/www.rockpixx.com\/wordpress\/wp-content\/uploads\/2010\/11\/2011123-hahlfoto.jpg?resize=350%2C200 1x, https:\/\/i0.wp.com\/www.rockpixx.com\/wordpress\/wp-content\/uploads\/2010\/11\/2011123-hahlfoto.jpg?resize=525%2C300 1.5x, https:\/\/i0.wp.com\/www.rockpixx.com\/wordpress\/wp-content\/uploads\/2010\/11\/2011123-hahlfoto.jpg?resize=700%2C400 2x"},"classes":[]},{"id":20584,"url":"http:\/\/www.rockpixx.com\/wordpress\/helvetica-16-07-2016-devilish-night-2-roxy-flensburg\/","url_meta":{"origin":7309,"position":3},"title":"Helvetica, 16.07.2016, Devilish Night 2, Roxy, Flensburg","author":"A. Hahl","date":"18. Juli 2016","format":false,"excerpt":"\u201eHelvetica\u201c aus Hamburg steht als letzte Band des Abends auf der B\u00fchne \u2013 drau\u00dfen graut bereits der Morgen. Ich bin vorab schon vorsichtig optimistisch bez\u00fcglich eines guten Ausklanges der Nacht, steht doch ein Keyboard-Rack auf der B\u00fchne. Und dann kommt SIE im schicken Outfit auf die B\u00fchne, \u00f6ffnet ihren Mund\u2026","rel":"","context":"In &quot;Acts&quot;","block_context":{"text":"Acts","link":"http:\/\/www.rockpixx.com\/wordpress\/category\/acts\/"},"img":{"alt_text":"Helvetica, 16.07.2016, Flensburg, Develish Night 2, Roxy","src":"https:\/\/i0.wp.com\/www.rockpixx.com\/wordpress\/wp-content\/uploads\/2016\/07\/20160716-09-044.jpg?resize=350%2C200","width":350,"height":200,"srcset":"https:\/\/i0.wp.com\/www.rockpixx.com\/wordpress\/wp-content\/uploads\/2016\/07\/20160716-09-044.jpg?resize=350%2C200 1x, https:\/\/i0.wp.com\/www.rockpixx.com\/wordpress\/wp-content\/uploads\/2016\/07\/20160716-09-044.jpg?resize=525%2C300 1.5x, https:\/\/i0.wp.com\/www.rockpixx.com\/wordpress\/wp-content\/uploads\/2016\/07\/20160716-09-044.jpg?resize=700%2C400 2x"},"classes":[]},{"id":17573,"url":"http:\/\/www.rockpixx.com\/wordpress\/firth-of-drangiss-20-03-2015-baltic-open-air-warm-up-schleswig\/","url_meta":{"origin":7309,"position":4},"title":"Firth of Drangiss, 20.03.2015, Baltic Open Air Warm Up, Schleswig","author":"Anja","date":"21. M\u00e4rz 2015","format":false,"excerpt":"\u201eFemale fronted Powermetal aus Kiel mit progressive Einfl\u00fcssen\u201c \u2013 ich habe mich ja schon h\u00e4ufig \u00fcber Pressetext-Prosa am\u00fcsiert, das ist jetzt ein Zitat aus dem unersch\u00f6pflichen Bereich der Moderatoren-Prosa. Wie sich die Dinge doch gleichen. \u201eFirth of Drangiss\u201c das sind 6 Musiker und eine Frontfrau. Ihre Musik und die Texte\u2026","rel":"","context":"In &quot;Acts&quot;","block_context":{"text":"Acts","link":"http:\/\/www.rockpixx.com\/wordpress\/category\/acts\/"},"img":{"alt_text":"Firth of Drangiss, BOA WarmUp, Schleswig, 20.03.2015","src":"https:\/\/i0.wp.com\/www.rockpixx.com\/wordpress\/wp-content\/uploads\/2015\/03\/20150320-07-014_firth-of-drangiss_Artikel.jpg?resize=350%2C200","width":350,"height":200,"srcset":"https:\/\/i0.wp.com\/www.rockpixx.com\/wordpress\/wp-content\/uploads\/2015\/03\/20150320-07-014_firth-of-drangiss_Artikel.jpg?resize=350%2C200 1x, https:\/\/i0.wp.com\/www.rockpixx.com\/wordpress\/wp-content\/uploads\/2015\/03\/20150320-07-014_firth-of-drangiss_Artikel.jpg?resize=525%2C300 1.5x, https:\/\/i0.wp.com\/www.rockpixx.com\/wordpress\/wp-content\/uploads\/2015\/03\/20150320-07-014_firth-of-drangiss_Artikel.jpg?resize=700%2C400 2x"},"classes":[]},{"id":11965,"url":"http:\/\/www.rockpixx.com\/wordpress\/doro-02-08-2013-wacken-woa-2013\/","url_meta":{"origin":7309,"position":5},"title":"Doro, 02.08.2013, Wacken, W:O:A 2013","author":"Anja","date":"6. August 2013","format":false,"excerpt":"Doro Pesch komponiert ja nicht nur die Hymnen f\u00fcr Ihre Freundin die Boxerin Regina Halmich, sondern ist nat\u00fcrlich auch so etwas wie die \u201eMetal-Queen\u201c in der gesamten Szene. In diesem Jahr begeht sie ihr 30-j\u00e4hriges B\u00fchnenjubil\u00e4um und so etwas will nat\u00fcrlich standesgem\u00e4\u00df in Wacken zelebriert werden. Also st\u00fcrmt sie nach\u2026","rel":"","context":"In &quot;Acts&quot;","block_context":{"text":"Acts","link":"http:\/\/www.rockpixx.com\/wordpress\/category\/acts\/"},"img":{"alt_text":"","src":"https:\/\/i0.wp.com\/www.rockpixx.com\/wordpress\/wp-content\/uploads\/2013\/08\/20130802-06-387_doro.jpg?resize=350%2C200","width":350,"height":200,"srcset":"https:\/\/i0.wp.com\/www.rockpixx.com\/wordpress\/wp-content\/uploads\/2013\/08\/20130802-06-387_doro.jpg?resize=350%2C200 1x, https:\/\/i0.wp.com\/www.rockpixx.com\/wordpress\/wp-content\/uploads\/2013\/08\/20130802-06-387_doro.jpg?resize=525%2C300 1.5x, https:\/\/i0.wp.com\/www.rockpixx.com\/wordpress\/wp-content\/uploads\/2013\/08\/20130802-06-387_doro.jpg?resize=700%2C400 2x"},"classes":[]}],"jetpack_sharing_enabled":true,"publishpress_future_action":{"enabled":false,"date":"2026-05-06 15:01:56","action":"change-status","newStatus":"draft","terms":[],"taxonomy":"category","extraData":[]},"publishpress_future_workflow_manual_trigger":{"enabledWorkflows":[]},"_links":{"self":[{"href":"http:\/\/www.rockpixx.com\/wordpress\/wp-json\/wp\/v2\/posts\/7309","targetHints":{"allow":["GET"]}}],"collection":[{"href":"http:\/\/www.rockpixx.com\/wordpress\/wp-json\/wp\/v2\/posts"}],"about":[{"href":"http:\/\/www.rockpixx.com\/wordpress\/wp-json\/wp\/v2\/types\/post"}],"author":[{"embeddable":true,"href":"http:\/\/www.rockpixx.com\/wordpress\/wp-json\/wp\/v2\/users\/2"}],"replies":[{"embeddable":true,"href":"http:\/\/www.rockpixx.com\/wordpress\/wp-json\/wp\/v2\/comments?post=7309"}],"version-history":[{"count":0,"href":"http:\/\/www.rockpixx.com\/wordpress\/wp-json\/wp\/v2\/posts\/7309\/revisions"}],"wp:featuredmedia":[{"embeddable":true,"href":"http:\/\/www.rockpixx.com\/wordpress\/wp-json\/wp\/v2\/media\/7310"}],"wp:attachment":[{"href":"http:\/\/www.rockpixx.com\/wordpress\/wp-json\/wp\/v2\/media?parent=7309"}],"wp:term":[{"taxonomy":"category","embeddable":true,"href":"http:\/\/www.rockpixx.com\/wordpress\/wp-json\/wp\/v2\/categories?post=7309"},{"taxonomy":"post_tag","embeddable":true,"href":"http:\/\/www.rockpixx.com\/wordpress\/wp-json\/wp\/v2\/tags?post=7309"}],"curies":[{"name":"wp","href":"https:\/\/api.w.org\/{rel}","templated":true}]}}