{"id":7326,"date":"2010-11-05T03:00:25","date_gmt":"2010-11-05T01:00:25","guid":{"rendered":"http:\/\/rockpixx.com\/wordpress\/?p=7326"},"modified":"2013-01-27T21:02:14","modified_gmt":"2013-01-27T19:02:14","slug":"alice-cooper-05-11-2010-kempten-bigbox","status":"publish","type":"post","link":"http:\/\/www.rockpixx.com\/wordpress\/alice-cooper-05-11-2010-kempten-bigbox\/","title":{"rendered":"Alice Cooper, 05.11.2010, Kempten, BigBOX"},"content":{"rendered":"<p>Kaum ist \u201eSchools&#8216; out\u201c verklungen, da beginnt auch schon der Ernst des Lebens \u2013 und der sieht bei Alice Cooper in seiner \u201eTheatre of Death\u201c-Tour wie folgt aus:<\/p>\n<p>Nach dem Enthaupten des in eine Zwangsjacke gesteckten Protagonisten mittels Guillotine folgt die Verabreichung einer gewaltigen Menge Gift mittels einer \u00fcberdimensionalen Spritze zu den Kl\u00e4ngen von \u201ePoison\u201c.<!--more--> Zur Aufmunterung (und nach ein paar kleineren B\u00fchnenmorden) gibt&#8217;s dann noch den Tod durch Erh\u00e4ngen, bevor kurz vor dem Finale Furioso die Eiserne Jungfrau auch noch einmal zum Einsatz kommt\u2026<\/p>\n<p>Fazit: Der Mann hat&#8217;s immer noch drauf. Selten so gut unterhalten worden, selten so gutes Licht bei einer solch theatralischen Rockshow gehabt und selten so sehr viel st\u00e4rkere Ohrenst\u00f6psel gew\u00fcnscht.<\/p>\n<p style=\"text-align: right;\">Fotos: <a href=\"mailto:info@rockpixx.com?subject=Fotos%20von%20Alice%20Cooper,%20Kempten%20%E2%80%9EBigBOX%E2%80%9C,%2005.11.2010\">Alex<\/a> | Text: <a href=\"mailto:info@rockpixx.com?subject=Reviewtext%20von%20Alice%20Cooper,%20Kempten%20%E2%80%9EBigBOX%E2%80%9C,%2005.11.2010\">Alex<\/a><\/p>\n<p style=\"text-align: left;\"><div class=\"eat-left eat-right\"><div class=\"thumbs-masonry isotope\"><div class=\"isotope-item block-2 block-h-2\"><a href=\"http:\/\/www.rockpixx.com\/wordpress\/wp-content\/uploads\/2013\/01\/20101105-03-313.jpg\" rel=\"prettyPhoto[postgal_7325]\" class=\"show-hover-link block-h-2\"\"><img decoding=\"async\" src=\"http:\/\/www.rockpixx.com\/wordpress\/wp-content\/uploads\/2013\/01\/20101105-03-313-480x400.jpg\" alt=\"Konzertaufnahme, Alice Cooper, 05.11.2010, Kempten, bigBOX\"\/><span class=\"before\"><\/span><span class=\"after\"><\/span><\/a><\/div><div class=\"isotope-item block-1 block-h-1\"><a href=\"http:\/\/www.rockpixx.com\/wordpress\/wp-content\/uploads\/2013\/01\/20101105-03-607.jpg\" rel=\"prettyPhoto[postgal_7325]\" class=\"show-hover-link block-h-1\"\"><img decoding=\"async\" src=\"http:\/\/www.rockpixx.com\/wordpress\/wp-content\/uploads\/2013\/01\/20101105-03-607-480x400.jpg\" alt=\"Konzertaufnahme, Alice Cooper, 05.11.2010, Kempten, bigBOX\"\/><span class=\"before\"><\/span><span class=\"after\"><\/span><\/a><\/div><div class=\"isotope-item block-1 block-h-1\"><a href=\"http:\/\/www.rockpixx.com\/wordpress\/wp-content\/uploads\/2013\/01\/20101105-03-536.jpg\" rel=\"prettyPhoto[postgal_7325]\" class=\"show-hover-link block-h-1\"\"><img decoding=\"async\" src=\"http:\/\/www.rockpixx.com\/wordpress\/wp-content\/uploads\/2013\/01\/20101105-03-536-480x400.jpg\" alt=\"Konzertaufnahme, Alice Cooper, 05.11.2010, Kempten, bigBOX\"\/><span class=\"before\"><\/span><span class=\"after\"><\/span><\/a><\/div><div class=\"isotope-item block-2 block-h-2\"><a href=\"http:\/\/www.rockpixx.com\/wordpress\/wp-content\/uploads\/2013\/01\/20101105-03-477.jpg\" rel=\"prettyPhoto[postgal_7325]\" class=\"show-hover-link block-h-2\"\"><img decoding=\"async\" src=\"http:\/\/www.rockpixx.com\/wordpress\/wp-content\/uploads\/2013\/01\/20101105-03-477-480x400.jpg\" alt=\"Konzertaufnahme, Alice Cooper, 05.11.2010, Kempten, bigBOX\"\/><span class=\"before\"><\/span><span class=\"after\"><\/span><\/a><\/div><div class=\"isotope-item block-1 block-h-1\"><a href=\"http:\/\/www.rockpixx.com\/wordpress\/wp-content\/uploads\/2013\/01\/20101105-03-462.jpg\" rel=\"prettyPhoto[postgal_7325]\" class=\"show-hover-link block-h-1\"\"><img decoding=\"async\" src=\"http:\/\/www.rockpixx.com\/wordpress\/wp-content\/uploads\/2013\/01\/20101105-03-462-480x400.jpg\" alt=\"Konzertaufnahme, Alice Cooper, 05.11.2010, Kempten, bigBOX\"\/><span class=\"before\"><\/span><span class=\"after\"><\/span><\/a><\/div><div class=\"isotope-item block-1 block-h-1\"><a href=\"http:\/\/www.rockpixx.com\/wordpress\/wp-content\/uploads\/2013\/01\/20101105-03-428.jpg\" rel=\"prettyPhoto[postgal_7325]\" class=\"show-hover-link block-h-1\"\"><img decoding=\"async\" src=\"http:\/\/www.rockpixx.com\/wordpress\/wp-content\/uploads\/2013\/01\/20101105-03-428-480x400.jpg\" alt=\"Konzertaufnahme, Alice Cooper, 05.11.2010, Kempten, bigBOX\"\/><span class=\"before\"><\/span><span class=\"after\"><\/span><\/a><\/div><div class=\"isotope-item block-2 block-h-2\"><a href=\"http:\/\/www.rockpixx.com\/wordpress\/wp-content\/uploads\/2013\/01\/20101105-03-380.jpg\" rel=\"prettyPhoto[postgal_7325]\" class=\"show-hover-link block-h-2\"\"><img decoding=\"async\" src=\"http:\/\/www.rockpixx.com\/wordpress\/wp-content\/uploads\/2013\/01\/20101105-03-380-480x400.jpg\" alt=\"Konzertaufnahme, Alice Cooper, 05.11.2010, Kempten, bigBOX\"\/><span class=\"before\"><\/span><span class=\"after\"><\/span><\/a><\/div><div class=\"isotope-item block-1 block-h-1\"><a href=\"http:\/\/www.rockpixx.com\/wordpress\/wp-content\/uploads\/2013\/01\/20101105-03-374.jpg\" rel=\"prettyPhoto[postgal_7325]\" class=\"show-hover-link block-h-1\"\"><img decoding=\"async\" src=\"http:\/\/www.rockpixx.com\/wordpress\/wp-content\/uploads\/2013\/01\/20101105-03-374-480x400.jpg\" alt=\"Konzertaufnahme, Alice Cooper, 05.11.2010, Kempten, bigBOX\"\/><span class=\"before\"><\/span><span class=\"after\"><\/span><\/a><\/div><div class=\"isotope-item block-1 block-h-1\"><a href=\"http:\/\/www.rockpixx.com\/wordpress\/wp-content\/uploads\/2013\/01\/20101105-03-348.jpg\" rel=\"prettyPhoto[postgal_7325]\" class=\"show-hover-link block-h-1\"\"><img decoding=\"async\" src=\"http:\/\/www.rockpixx.com\/wordpress\/wp-content\/uploads\/2013\/01\/20101105-03-348-480x400.jpg\" alt=\"Konzertaufnahme, Alice Cooper, 05.11.2010, Kempten, bigBOX\"\/><span class=\"before\"><\/span><span class=\"after\"><\/span><\/a><\/div><div class=\"isotope-item block-2 block-h-2\"><a href=\"http:\/\/www.rockpixx.com\/wordpress\/wp-content\/uploads\/2013\/01\/20101105-03-316.jpg\" rel=\"prettyPhoto[postgal_7325]\" class=\"show-hover-link block-h-2\"\"><img decoding=\"async\" src=\"http:\/\/www.rockpixx.com\/wordpress\/wp-content\/uploads\/2013\/01\/20101105-03-316-480x400.jpg\" alt=\"Konzertaufnahme, Alice Cooper, 05.11.2010, Kempten, bigBOX\"\/><span class=\"before\"><\/span><span class=\"after\"><\/span><\/a><\/div><div class=\"isotope-item block-1 block-h-1\"><a href=\"http:\/\/www.rockpixx.com\/wordpress\/wp-content\/uploads\/2013\/01\/20101105-03-034.jpg\" rel=\"prettyPhoto[postgal_7325]\" class=\"show-hover-link block-h-1\"\"><img decoding=\"async\" src=\"http:\/\/www.rockpixx.com\/wordpress\/wp-content\/uploads\/2013\/01\/20101105-03-034-480x400.jpg\" alt=\"Konzertaufnahme, Alice Cooper, 05.11.2010, Kempten, bigBOX\"\/><span class=\"before\"><\/span><span class=\"after\"><\/span><\/a><\/div><div class=\"isotope-item block-1 block-h-1\"><a href=\"http:\/\/www.rockpixx.com\/wordpress\/wp-content\/uploads\/2013\/01\/20101105-03-234.jpg\" rel=\"prettyPhoto[postgal_7325]\" class=\"show-hover-link block-h-1\"\"><img decoding=\"async\" src=\"http:\/\/www.rockpixx.com\/wordpress\/wp-content\/uploads\/2013\/01\/20101105-03-234-480x400.jpg\" alt=\"Konzertaufnahme, Alice Cooper, 05.11.2010, Kempten, bigBOX\"\/><span class=\"before\"><\/span><span class=\"after\"><\/span><\/a><\/div><div class=\"isotope-item block-2 block-h-2\"><a href=\"http:\/\/www.rockpixx.com\/wordpress\/wp-content\/uploads\/2013\/01\/20101105-03-212.jpg\" rel=\"prettyPhoto[postgal_7325]\" class=\"show-hover-link block-h-2\"\"><img decoding=\"async\" src=\"http:\/\/www.rockpixx.com\/wordpress\/wp-content\/uploads\/2013\/01\/20101105-03-212-480x400.jpg\" alt=\"Konzertaufnahme, Alice Cooper, 05.11.2010, Kempten, bigBOX\"\/><span class=\"before\"><\/span><span class=\"after\"><\/span><\/a><\/div><div class=\"isotope-item block-1 block-h-1\"><a href=\"http:\/\/www.rockpixx.com\/wordpress\/wp-content\/uploads\/2013\/01\/20101105-03-123.jpg\" rel=\"prettyPhoto[postgal_7325]\" class=\"show-hover-link block-h-1\"\"><img decoding=\"async\" src=\"http:\/\/www.rockpixx.com\/wordpress\/wp-content\/uploads\/2013\/01\/20101105-03-123-480x400.jpg\" alt=\"Konzertaufnahme, Alice Cooper, 05.11.2010, Kempten, bigBOX\"\/><span class=\"before\"><\/span><span class=\"after\"><\/span><\/a><\/div><div class=\"isotope-item block-1 block-h-1\"><a href=\"http:\/\/www.rockpixx.com\/wordpress\/wp-content\/uploads\/2013\/01\/20101105-03-119.jpg\" rel=\"prettyPhoto[postgal_7325]\" class=\"show-hover-link block-h-1\"\"><img decoding=\"async\" src=\"http:\/\/www.rockpixx.com\/wordpress\/wp-content\/uploads\/2013\/01\/20101105-03-119-480x400.jpg\" alt=\"Konzertaufnahme, Alice Cooper, 05.11.2010, Kempten, bigBOX\"\/><span class=\"before\"><\/span><span class=\"after\"><\/span><\/a><\/div><div class=\"isotope-item block-2 block-h-2\"><a href=\"http:\/\/www.rockpixx.com\/wordpress\/wp-content\/uploads\/2013\/01\/20101105-03-114.jpg\" rel=\"prettyPhoto[postgal_7325]\" class=\"show-hover-link block-h-2\"\"><img decoding=\"async\" src=\"http:\/\/www.rockpixx.com\/wordpress\/wp-content\/uploads\/2013\/01\/20101105-03-114-480x400.jpg\" alt=\"Konzertaufnahme, Alice Cooper, 05.11.2010, Kempten, bigBOX\"\/><span class=\"before\"><\/span><span class=\"after\"><\/span><\/a><\/div><div class=\"isotope-item block-1 block-h-1\"><a href=\"http:\/\/www.rockpixx.com\/wordpress\/wp-content\/uploads\/2013\/01\/20101105-03-108.jpg\" rel=\"prettyPhoto[postgal_7325]\" class=\"show-hover-link block-h-1\"\"><img decoding=\"async\" src=\"http:\/\/www.rockpixx.com\/wordpress\/wp-content\/uploads\/2013\/01\/20101105-03-108-480x400.jpg\" alt=\"Konzertaufnahme, Alice Cooper, 05.11.2010, Kempten, bigBOX\"\/><span class=\"before\"><\/span><span class=\"after\"><\/span><\/a><\/div><div class=\"isotope-item block-1 block-h-1\"><a href=\"http:\/\/www.rockpixx.com\/wordpress\/wp-content\/uploads\/2013\/01\/20101105-03-099.jpg\" rel=\"prettyPhoto[postgal_7325]\" class=\"show-hover-link block-h-1\"\"><img decoding=\"async\" src=\"http:\/\/www.rockpixx.com\/wordpress\/wp-content\/uploads\/2013\/01\/20101105-03-099-480x400.jpg\" alt=\"Konzertaufnahme, Alice Cooper, 05.11.2010, Kempten, bigBOX\"\/><span class=\"before\"><\/span><span class=\"after\"><\/span><\/a><\/div><div class=\"isotope-item block-2 block-h-2\"><a href=\"http:\/\/www.rockpixx.com\/wordpress\/wp-content\/uploads\/2013\/01\/20101105-03-077.jpg\" rel=\"prettyPhoto[postgal_7325]\" class=\"show-hover-link block-h-2\"\"><img decoding=\"async\" src=\"http:\/\/www.rockpixx.com\/wordpress\/wp-content\/uploads\/2013\/01\/20101105-03-077-480x400.jpg\" alt=\"Konzertaufnahme, Alice Cooper, 05.11.2010, Kempten, bigBOX\"\/><span class=\"before\"><\/span><span class=\"after\"><\/span><\/a><\/div><div class=\"isotope-item block-1 block-h-1\"><a href=\"http:\/\/www.rockpixx.com\/wordpress\/wp-content\/uploads\/2013\/01\/20101105-03-051.jpg\" rel=\"prettyPhoto[postgal_7325]\" class=\"show-hover-link block-h-1\"\"><img decoding=\"async\" src=\"http:\/\/www.rockpixx.com\/wordpress\/wp-content\/uploads\/2013\/01\/20101105-03-051-480x400.jpg\" alt=\"Konzertaufnahme, Alice Cooper, 05.11.2010, Kempten, bigBOX\"\/><span class=\"before\"><\/span><span class=\"after\"><\/span><\/a><\/div><\/div><\/div><\/p>\n","protected":false},"excerpt":{"rendered":"<p>Kaum ist \u201eSchools&#8216; out\u201c verklungen, da beginnt auch schon der Ernst des Lebens \u2013 und <a href=\"http:\/\/www.rockpixx.com\/wordpress\/alice-cooper-05-11-2010-kempten-bigbox\/\">Read more<\/a><\/p>\n","protected":false},"author":2,"featured_media":7327,"comment_status":"open","ping_status":"open","sticky":false,"template":"","format":"standard","meta":{"_jetpack_memberships_contains_paid_content":false,"footnotes":"","jetpack_publicize_message":"","jetpack_publicize_feature_enabled":true,"jetpack_social_post_already_shared":true,"jetpack_social_options":{"image_generator_settings":{"template":"highway","default_image_id":0,"font":"","enabled":false},"version":2}},"categories":[34,1565],"tags":[1832,1899,344,343],"class_list":["post-7326","post","type-post","status-publish","format-standard","has-post-thumbnail","hentry","category-acts","category-alice-cooper","tag-1832","tag-alice-cooper","tag-bigbox","tag-kempten"],"aioseo_notices":[],"jetpack_publicize_connections":[],"jetpack_featured_media_url":"http:\/\/www.rockpixx.com\/wordpress\/wp-content\/uploads\/2013\/01\/20101105-03-alice-cooper-Artikel.jpg","jetpack-related-posts":[{"id":12000,"url":"http:\/\/www.rockpixx.com\/wordpress\/alice-cooper-03-08-2013-wacken-woa-2013\/","url_meta":{"origin":7326,"position":0},"title":"Alice Cooper, 03.08.2013, Wacken, W:O:A 2013","author":"admin","date":"8. August 2013","format":false,"excerpt":"Auch wieder einmal in Wacken und erneut \u2013 nach \u2192 Kempten 2010 \u2013 vor unseren Kameras, der \u201enetteste Kinderschreck, den es gibt\u201c: Alice Cooper. Ein Funkenregen l\u00e4utet den Auftritt ein und durch die L\u00fccke in der Mitte kommt der Meister auf die B\u00fchne \u2013 stilgerecht in einem rot-schwarz gestreiften Frack\u2026","rel":"","context":"In &quot;Acts&quot;","block_context":{"text":"Acts","link":"http:\/\/www.rockpixx.com\/wordpress\/category\/acts\/"},"img":{"alt_text":"Alice Cooper, W:O:A 2013, 03.08.2013, Wacken","src":"https:\/\/i0.wp.com\/www.rockpixx.com\/wordpress\/wp-content\/uploads\/2013\/08\/20130803-05-054_alice-cooper-Artikel.jpg?resize=350%2C200","width":350,"height":200,"srcset":"https:\/\/i0.wp.com\/www.rockpixx.com\/wordpress\/wp-content\/uploads\/2013\/08\/20130803-05-054_alice-cooper-Artikel.jpg?resize=350%2C200 1x, https:\/\/i0.wp.com\/www.rockpixx.com\/wordpress\/wp-content\/uploads\/2013\/08\/20130803-05-054_alice-cooper-Artikel.jpg?resize=525%2C300 1.5x, https:\/\/i0.wp.com\/www.rockpixx.com\/wordpress\/wp-content\/uploads\/2013\/08\/20130803-05-054_alice-cooper-Artikel.jpg?resize=700%2C400 2x"},"classes":[]},{"id":7294,"url":"http:\/\/www.rockpixx.com\/wordpress\/eisbrecher-05-11-2010-kempten-bigbox\/","url_meta":{"origin":7326,"position":1},"title":"Eisbrecher, 05.11.2010, Kempten, BigBOX","author":"Anja","date":"5. November 2010","format":false,"excerpt":"\u201eLet me see your powerfucking hands in the Luft!\u201c So klingt es, wenn Frontmann \u201eAlexx\u201c Wesselsky von \u201eEisbrecher\u201c - dem geneigten TV-Konsumenten auch als \u201eDer Checker\u201c auf DMAX bekannt \u2013 das Publikum animiert mitzumachen. Dabei war das eigentlich gar nicht notwendig, denn \u201eNeue Deutsche H\u00e4rte\u201c kam auch als Supportact f\u00fcr\u2026","rel":"","context":"In &quot;Acts&quot;","block_context":{"text":"Acts","link":"http:\/\/www.rockpixx.com\/wordpress\/category\/acts\/"},"img":{"alt_text":"Eisbrecher, 05.11.2010, Kempten, BigBOX","src":"https:\/\/i0.wp.com\/www.rockpixx.com\/wordpress\/wp-content\/uploads\/2013\/01\/20101105-01-eisbrecher-Artikel.jpg?resize=350%2C200","width":350,"height":200,"srcset":"https:\/\/i0.wp.com\/www.rockpixx.com\/wordpress\/wp-content\/uploads\/2013\/01\/20101105-01-eisbrecher-Artikel.jpg?resize=350%2C200 1x, https:\/\/i0.wp.com\/www.rockpixx.com\/wordpress\/wp-content\/uploads\/2013\/01\/20101105-01-eisbrecher-Artikel.jpg?resize=525%2C300 1.5x, https:\/\/i0.wp.com\/www.rockpixx.com\/wordpress\/wp-content\/uploads\/2013\/01\/20101105-01-eisbrecher-Artikel.jpg?resize=700%2C400 2x"},"classes":[]},{"id":22096,"url":"http:\/\/www.rockpixx.com\/wordpress\/wsy-29-12-2018-kempten\/","url_meta":{"origin":7326,"position":2},"title":"We Salute You, 29.12.2018, Kempten, bigBOX Allg\u00e4u","author":"A. Hahl","date":"5. Januar 2019","format":false,"excerpt":"Ein Jahr ist es her, dass wir zum ersten Mal \u201eWe Salute You\u201c auf der B\u00fchne anl\u00e4sslich Ihres Premieren-Konzertes in Roxheim erleben konnten. Heute befinden wir uns in Kempten im Allg\u00e4u und wir wissen von diversen Gigs aus der Vergangenheit, dass es hier eine gro\u00dfe AC\/DC-Fan-Gemeinde gibt. Gespannt sind wir\u2026","rel":"","context":"In &quot;AC\/DC&quot;","block_context":{"text":"AC\/DC","link":"http:\/\/www.rockpixx.com\/wordpress\/category\/acts\/tributebands\/acdc\/"},"img":{"alt_text":"We Salute You, 29.12.2018, Kempten, BigBOX","src":"https:\/\/i0.wp.com\/www.rockpixx.com\/wordpress\/wp-content\/uploads\/2019\/01\/20181229-097.jpg?resize=350%2C200","width":350,"height":200,"srcset":"https:\/\/i0.wp.com\/www.rockpixx.com\/wordpress\/wp-content\/uploads\/2019\/01\/20181229-097.jpg?resize=350%2C200 1x, https:\/\/i0.wp.com\/www.rockpixx.com\/wordpress\/wp-content\/uploads\/2019\/01\/20181229-097.jpg?resize=525%2C300 1.5x, https:\/\/i0.wp.com\/www.rockpixx.com\/wordpress\/wp-content\/uploads\/2019\/01\/20181229-097.jpg?resize=700%2C400 2x"},"classes":[]},{"id":8316,"url":"http:\/\/www.rockpixx.com\/wordpress\/chris-de-burgh-15-09-2011-kempten-bigbox\/","url_meta":{"origin":7326,"position":3},"title":"Chris de Burgh, 15.09.2011, Kempten, BigBOX","author":"Anja","date":"15. September 2011","format":false,"excerpt":"Chris de Burgh macht sich mit seiner Band zum zweiten Teil seiner \u201eMoonfleet-Tour 2011\u201c durch Europa auf. Stand er am Abend zuvor noch in Warschau auf der B\u00fchne, so kann er heute Abend auf eine gut gef\u00fcllte und bestuhlte BigBOX in Kempten blicken. Die Fotografen werden vorher zwei Mal wie\u2026","rel":"","context":"In &quot;Acts&quot;","block_context":{"text":"Acts","link":"http:\/\/www.rockpixx.com\/wordpress\/category\/acts\/"},"img":{"alt_text":"Chris de Burgh, 15.09.2011, Kempten, BigBOX","src":"https:\/\/i0.wp.com\/www.rockpixx.com\/wordpress\/wp-content\/uploads\/2013\/02\/20110915-chris-de-burgh-Artikel.jpg?resize=350%2C200","width":350,"height":200,"srcset":"https:\/\/i0.wp.com\/www.rockpixx.com\/wordpress\/wp-content\/uploads\/2013\/02\/20110915-chris-de-burgh-Artikel.jpg?resize=350%2C200 1x, https:\/\/i0.wp.com\/www.rockpixx.com\/wordpress\/wp-content\/uploads\/2013\/02\/20110915-chris-de-burgh-Artikel.jpg?resize=525%2C300 1.5x, https:\/\/i0.wp.com\/www.rockpixx.com\/wordpress\/wp-content\/uploads\/2013\/02\/20110915-chris-de-burgh-Artikel.jpg?resize=700%2C400 2x"},"classes":[]},{"id":22841,"url":"http:\/\/www.rockpixx.com\/wordpress\/wsy-19-01-2024-kempten-bigbox\/","url_meta":{"origin":7326,"position":4},"title":"We Salute You, 19.01.2024, Kempten, bigBOX Allg\u00e4u","author":"A. Hahl","date":"22. Januar 2024","format":false,"excerpt":"Mit dem Ausscheiden von Baba Hail zum Ende Mai 2024 hat die Band einen neuen Bassisten \u2013 Dieter Fleischer \u2013 gefunden, der am 19.01.2024 erstmals dem Publikum zum Jahresauftakt-Konzert in der bigBOX in Kempten vorgestellt werden sollte. Zus\u00e4tzlich hatte die Band in den vergangenen Wochen und Monaten viel Zeit und\u2026","rel":"","context":"In &quot;AC\/DC&quot;","block_context":{"text":"AC\/DC","link":"http:\/\/www.rockpixx.com\/wordpress\/category\/acts\/tributebands\/acdc\/"},"img":{"alt_text":"We Salute You, 19.01.2024, Kempten, bigBOX","src":"https:\/\/i0.wp.com\/www.rockpixx.com\/wordpress\/wp-content\/uploads\/2024\/01\/20240119-rp-071-Verbessert-RR.jpg?resize=350%2C200","width":350,"height":200,"srcset":"https:\/\/i0.wp.com\/www.rockpixx.com\/wordpress\/wp-content\/uploads\/2024\/01\/20240119-rp-071-Verbessert-RR.jpg?resize=350%2C200 1x, https:\/\/i0.wp.com\/www.rockpixx.com\/wordpress\/wp-content\/uploads\/2024\/01\/20240119-rp-071-Verbessert-RR.jpg?resize=525%2C300 1.5x, https:\/\/i0.wp.com\/www.rockpixx.com\/wordpress\/wp-content\/uploads\/2024\/01\/20240119-rp-071-Verbessert-RR.jpg?resize=700%2C400 2x, https:\/\/i0.wp.com\/www.rockpixx.com\/wordpress\/wp-content\/uploads\/2024\/01\/20240119-rp-071-Verbessert-RR.jpg?resize=1050%2C600 3x"},"classes":[]},{"id":7564,"url":"http:\/\/www.rockpixx.com\/wordpress\/abba-the-show-21-01-2011-kempten-bigbox\/","url_meta":{"origin":7326,"position":5},"title":"ABBA The Show, 21.01.2011, Kempten, BigBOX","author":"Anja","date":"21. Januar 2011","format":false,"excerpt":"Unmittelbar nach dem Jubil\u00e4um vom vorhergehenden Wochenende noch ein bemerkenswerter Gig: Vor ziemlich genau 7 Jahren habe ich die \u2192\u00a0Vorg\u00e4ngershow \u201eABBA-Mania\u201c als ersten Gig fotografiert, der auf rockpixx.com zu sehen ist. Als bekennender ABBA-Fan freute ich mich nat\u00fcrlich sehr auf die Show. Im Gegensatz zu \u201eABBA-Mania\u201c von 2004 ist \u201eABBA\u2026","rel":"","context":"In &quot;ABBA&quot;","block_context":{"text":"ABBA","link":"http:\/\/www.rockpixx.com\/wordpress\/category\/acts\/tributebands\/abba\/"},"img":{"alt_text":"ABBA The Show, 21.01.2011, Kempten, BigBOX","src":"https:\/\/i0.wp.com\/www.rockpixx.com\/wordpress\/wp-content\/uploads\/2013\/01\/20110121-abba-the-show-Artikel.jpg?resize=350%2C200","width":350,"height":200,"srcset":"https:\/\/i0.wp.com\/www.rockpixx.com\/wordpress\/wp-content\/uploads\/2013\/01\/20110121-abba-the-show-Artikel.jpg?resize=350%2C200 1x, https:\/\/i0.wp.com\/www.rockpixx.com\/wordpress\/wp-content\/uploads\/2013\/01\/20110121-abba-the-show-Artikel.jpg?resize=525%2C300 1.5x, https:\/\/i0.wp.com\/www.rockpixx.com\/wordpress\/wp-content\/uploads\/2013\/01\/20110121-abba-the-show-Artikel.jpg?resize=700%2C400 2x"},"classes":[]}],"jetpack_sharing_enabled":true,"publishpress_future_action":{"enabled":false,"date":"2026-05-07 07:46:02","action":"change-status","newStatus":"draft","terms":[],"taxonomy":"category","extraData":[]},"publishpress_future_workflow_manual_trigger":{"enabledWorkflows":[]},"_links":{"self":[{"href":"http:\/\/www.rockpixx.com\/wordpress\/wp-json\/wp\/v2\/posts\/7326","targetHints":{"allow":["GET"]}}],"collection":[{"href":"http:\/\/www.rockpixx.com\/wordpress\/wp-json\/wp\/v2\/posts"}],"about":[{"href":"http:\/\/www.rockpixx.com\/wordpress\/wp-json\/wp\/v2\/types\/post"}],"author":[{"embeddable":true,"href":"http:\/\/www.rockpixx.com\/wordpress\/wp-json\/wp\/v2\/users\/2"}],"replies":[{"embeddable":true,"href":"http:\/\/www.rockpixx.com\/wordpress\/wp-json\/wp\/v2\/comments?post=7326"}],"version-history":[{"count":0,"href":"http:\/\/www.rockpixx.com\/wordpress\/wp-json\/wp\/v2\/posts\/7326\/revisions"}],"wp:featuredmedia":[{"embeddable":true,"href":"http:\/\/www.rockpixx.com\/wordpress\/wp-json\/wp\/v2\/media\/7327"}],"wp:attachment":[{"href":"http:\/\/www.rockpixx.com\/wordpress\/wp-json\/wp\/v2\/media?parent=7326"}],"wp:term":[{"taxonomy":"category","embeddable":true,"href":"http:\/\/www.rockpixx.com\/wordpress\/wp-json\/wp\/v2\/categories?post=7326"},{"taxonomy":"post_tag","embeddable":true,"href":"http:\/\/www.rockpixx.com\/wordpress\/wp-json\/wp\/v2\/tags?post=7326"}],"curies":[{"name":"wp","href":"https:\/\/api.w.org\/{rel}","templated":true}]}}