{"id":7410,"date":"2010-12-09T01:00:04","date_gmt":"2010-12-08T23:00:04","guid":{"rendered":"http:\/\/rockpixx.com\/wordpress\/?p=7410"},"modified":"2013-05-02T23:34:16","modified_gmt":"2013-05-02T22:34:16","slug":"charlie-siem-09-12-2010-munchen-olympiahalle","status":"publish","type":"post","link":"http:\/\/www.rockpixx.com\/wordpress\/charlie-siem-09-12-2010-munchen-olympiahalle\/","title":{"rendered":"Charlie Siem, 09.12.2010, M\u00fcnchen, Olympiahalle"},"content":{"rendered":"<p>Die Olympiahalle in M\u00fcnchen ist dunkel, \u201eAn der sch\u00f6nen blauen Donau\u201c mit \u201eIl Novecento\u201c und dem Chor \u201eFine Fleur\u201c ist gelaufen und\u2026<\/p>\n<p>Moment\u2026 Walzerkl\u00e4nge, rezensiert bei rockpixx.com?<\/p>\n<p>Ach so, \u201eNokia Night of the Proms\u201c!<!--more--><\/p>\n<p>Also: Halle dunkel, alle Follower mitten ins Publikum und pl\u00f6tzlich ert\u00f6nt Paganini und der Shooting-Star an der Violine himself legt im Scheinwerferkegel gleich so richtig los. Nigel Kennedy hat&#8217;s vor vielen Jahren vorgemacht und Charlie Siem steht ihm in nichts nach (ok, er sieht vielleicht ein wenig braver aus).<\/p>\n<p>Noch mehrere Male kommt er an diesem Abend in wechselnder Garderobe auf die B\u00fchne und stellt sein gro\u00dfartiges K\u00f6nnen unter Beweis. Das Publikum dankt&#8217;s ihm und ein gro\u00dfartiger Show-Abend hat begonnen\u2026<\/p>\n<p style=\"text-align: right;\">Fotos: <a href=\"mailto:info@rockpixx.com?subject=Fotos%20von%20Charlie%20Siem,%20M%C3%BCnchen%20%E2%80%9EOlympiahalle%E2%80%9C,%2009.12.2010\">Alex<\/a> | Text: <a href=\"mailto:info@rockpixx.com?subject=Reviewtext%20von%20Charlie%20Siem,%20M%C3%BCnchen%20%E2%80%9EOlympiahalle%E2%80%9C,%2009.12.2010\">Alex<\/a><\/p>\n<p style=\"text-align: left;\"><div class=\"eat-left eat-right\"><div class=\"thumbs-masonry isotope\"><div class=\"isotope-item block-2 block-h-2\"><a href=\"http:\/\/www.rockpixx.com\/wordpress\/wp-content\/uploads\/2013\/01\/20101209-01-004.jpg\" rel=\"prettyPhoto[postgal_7408]\" class=\"show-hover-link block-h-2\"\"><img decoding=\"async\" src=\"http:\/\/www.rockpixx.com\/wordpress\/wp-content\/uploads\/2013\/01\/20101209-01-004-480x400.jpg\" alt=\"Charlie Siem, 09.12.2010, M\u00fcnchen, Olympiahalle\"\/><span class=\"before\"><\/span><span class=\"after\"><\/span><\/a><\/div><div class=\"isotope-item block-1 block-h-1\"><a href=\"http:\/\/www.rockpixx.com\/wordpress\/wp-content\/uploads\/2013\/01\/20101209-01-007.jpg\" rel=\"prettyPhoto[postgal_7408]\" class=\"show-hover-link block-h-1\"\"><img decoding=\"async\" src=\"http:\/\/www.rockpixx.com\/wordpress\/wp-content\/uploads\/2013\/01\/20101209-01-007-480x397.jpg\" alt=\"Charlie Siem, 09.12.2010, M\u00fcnchen, Olympiahalle\"\/><span class=\"before\"><\/span><span class=\"after\"><\/span><\/a><\/div><div class=\"isotope-item block-1 block-h-1\"><a href=\"http:\/\/www.rockpixx.com\/wordpress\/wp-content\/uploads\/2013\/01\/20101209-01-019.jpg\" rel=\"prettyPhoto[postgal_7408]\" class=\"show-hover-link block-h-1\"\"><img decoding=\"async\" src=\"http:\/\/www.rockpixx.com\/wordpress\/wp-content\/uploads\/2013\/01\/20101209-01-019-480x400.jpg\" alt=\"Charlie Siem, 09.12.2010, M\u00fcnchen, Olympiahalle\"\/><span class=\"before\"><\/span><span class=\"after\"><\/span><\/a><\/div><div class=\"isotope-item block-2 block-h-2\"><a href=\"http:\/\/www.rockpixx.com\/wordpress\/wp-content\/uploads\/2013\/01\/20101209-01-023.jpg\" rel=\"prettyPhoto[postgal_7408]\" class=\"show-hover-link block-h-2\"\"><img decoding=\"async\" src=\"http:\/\/www.rockpixx.com\/wordpress\/wp-content\/uploads\/2013\/01\/20101209-01-023-480x400.jpg\" alt=\"Charlie Siem, 09.12.2010, M\u00fcnchen, Olympiahalle\"\/><span class=\"before\"><\/span><span class=\"after\"><\/span><\/a><\/div><div class=\"isotope-item block-1 block-h-1\"><a href=\"http:\/\/www.rockpixx.com\/wordpress\/wp-content\/uploads\/2013\/01\/20101209-01-030.jpg\" rel=\"prettyPhoto[postgal_7408]\" class=\"show-hover-link block-h-1\"\"><img decoding=\"async\" src=\"http:\/\/www.rockpixx.com\/wordpress\/wp-content\/uploads\/2013\/01\/20101209-01-030-480x400.jpg\" alt=\"Charlie Siem, 09.12.2010, M\u00fcnchen, Olympiahalle\"\/><span class=\"before\"><\/span><span class=\"after\"><\/span><\/a><\/div><div class=\"isotope-item block-1 block-h-1\"><a href=\"http:\/\/www.rockpixx.com\/wordpress\/wp-content\/uploads\/2013\/01\/20101209-01-037.jpg\" rel=\"prettyPhoto[postgal_7408]\" class=\"show-hover-link block-h-1\"\"><img decoding=\"async\" src=\"http:\/\/www.rockpixx.com\/wordpress\/wp-content\/uploads\/2013\/01\/20101209-01-037-480x399.jpg\" alt=\"Charlie Siem, 09.12.2010, M\u00fcnchen, Olympiahalle\"\/><span class=\"before\"><\/span><span class=\"after\"><\/span><\/a><\/div><div class=\"isotope-item block-2 block-h-2\"><a href=\"http:\/\/www.rockpixx.com\/wordpress\/wp-content\/uploads\/2013\/01\/20101209-01-045.jpg\" rel=\"prettyPhoto[postgal_7408]\" class=\"show-hover-link block-h-2\"\"><img decoding=\"async\" src=\"http:\/\/www.rockpixx.com\/wordpress\/wp-content\/uploads\/2013\/01\/20101209-01-045-480x400.jpg\" alt=\"Charlie Siem, 09.12.2010, M\u00fcnchen, Olympiahalle\"\/><span class=\"before\"><\/span><span class=\"after\"><\/span><\/a><\/div><div class=\"isotope-item block-1 block-h-1\"><a href=\"http:\/\/www.rockpixx.com\/wordpress\/wp-content\/uploads\/2013\/01\/20101209-01-058.jpg\" rel=\"prettyPhoto[postgal_7408]\" class=\"show-hover-link block-h-1\"\"><img decoding=\"async\" src=\"http:\/\/www.rockpixx.com\/wordpress\/wp-content\/uploads\/2013\/01\/20101209-01-058-480x400.jpg\" alt=\"Charlie Siem, 09.12.2010, M\u00fcnchen, Olympiahalle\"\/><span class=\"before\"><\/span><span class=\"after\"><\/span><\/a><\/div><div class=\"isotope-item block-1 block-h-1\"><a href=\"http:\/\/www.rockpixx.com\/wordpress\/wp-content\/uploads\/2013\/01\/20101209-01-069.jpg\" rel=\"prettyPhoto[postgal_7408]\" class=\"show-hover-link block-h-1\"\"><img decoding=\"async\" src=\"http:\/\/www.rockpixx.com\/wordpress\/wp-content\/uploads\/2013\/01\/20101209-01-069-480x400.jpg\" alt=\"Charlie Siem, 09.12.2010, M\u00fcnchen, Olympiahalle\"\/><span class=\"before\"><\/span><span class=\"after\"><\/span><\/a><\/div><div class=\"isotope-item block-2 block-h-2\"><a href=\"http:\/\/www.rockpixx.com\/wordpress\/wp-content\/uploads\/2013\/01\/20101209-01-072.jpg\" rel=\"prettyPhoto[postgal_7408]\" class=\"show-hover-link block-h-2\"\"><img decoding=\"async\" src=\"http:\/\/www.rockpixx.com\/wordpress\/wp-content\/uploads\/2013\/01\/20101209-01-072-480x400.jpg\" alt=\"Charlie Siem, 09.12.2010, M\u00fcnchen, Olympiahalle\"\/><span class=\"before\"><\/span><span class=\"after\"><\/span><\/a><\/div><\/div><\/div><\/p>\n","protected":false},"excerpt":{"rendered":"<p>Die Olympiahalle in M\u00fcnchen ist dunkel, \u201eAn der sch\u00f6nen blauen Donau\u201c mit \u201eIl Novecento\u201c und <a href=\"http:\/\/www.rockpixx.com\/wordpress\/charlie-siem-09-12-2010-munchen-olympiahalle\/\">Read more<\/a><\/p>\n","protected":false},"author":2,"featured_media":7411,"comment_status":"open","ping_status":"open","sticky":false,"template":"","format":"standard","meta":{"_jetpack_memberships_contains_paid_content":false,"footnotes":"","jetpack_publicize_message":"","jetpack_publicize_feature_enabled":true,"jetpack_social_post_already_shared":true,"jetpack_social_options":{"image_generator_settings":{"template":"highway","default_image_id":0,"font":"","enabled":false},"version":2}},"categories":[34,1576],"tags":[1832,527,352,159,797],"class_list":["post-7410","post","type-post","status-publish","format-standard","has-post-thumbnail","hentry","category-acts","category-charlie-siem","tag-1832","tag-charlie-siem","tag-munchen","tag-night-of-the-proms","tag-olympiahalle"],"aioseo_notices":[],"jetpack_publicize_connections":[],"jetpack_featured_media_url":"http:\/\/www.rockpixx.com\/wordpress\/wp-content\/uploads\/2013\/01\/20101209-01-charlie-siem-Artikel.jpg","jetpack-related-posts":[{"id":7454,"url":"http:\/\/www.rockpixx.com\/wordpress\/john-miles-09-12-2010-munchen-olympiahalle\/","url_meta":{"origin":7410,"position":0},"title":"John Miles, 09.12.2010, M\u00fcnchen, Olympiahalle","author":"Anja","date":"9. Dezember 2010","format":false,"excerpt":"Er geh\u00f6rt zur Night of the Proms einfach dazu und erst recht sein Megahit \u201eMusic\u201c: Die Rede ist nat\u00fcrlich von John Miles. Bevor er aber im zweiten Teil des Programmes \u201eMusic\u201c am wei\u00dfen Fl\u00fcgel intonierte, wagte er sich auf fremdes Terrain: Zuerst \u2013 begleitet von \u2192\u00a0Charlie Siem \u2013 gab es\u2026","rel":"","context":"In &quot;Acts&quot;","block_context":{"text":"Acts","link":"http:\/\/www.rockpixx.com\/wordpress\/category\/acts\/"},"img":{"alt_text":"John Miles, 09.12.2010, M\u00fcnchen, Olympiahalle","src":"https:\/\/i0.wp.com\/www.rockpixx.com\/wordpress\/wp-content\/uploads\/2013\/01\/20101209-04-john-miles-Artikel.jpg?resize=350%2C200","width":350,"height":200,"srcset":"https:\/\/i0.wp.com\/www.rockpixx.com\/wordpress\/wp-content\/uploads\/2013\/01\/20101209-04-john-miles-Artikel.jpg?resize=350%2C200 1x, https:\/\/i0.wp.com\/www.rockpixx.com\/wordpress\/wp-content\/uploads\/2013\/01\/20101209-04-john-miles-Artikel.jpg?resize=525%2C300 1.5x, https:\/\/i0.wp.com\/www.rockpixx.com\/wordpress\/wp-content\/uploads\/2013\/01\/20101209-04-john-miles-Artikel.jpg?resize=700%2C400 2x"},"classes":[]},{"id":8334,"url":"http:\/\/www.rockpixx.com\/wordpress\/john-miles-08-12-2011-munchen-olympiahalle\/","url_meta":{"origin":7410,"position":1},"title":"John Miles, 08.12.2011, M\u00fcnchen, Olympiahalle","author":"Anja","date":"8. Dezember 2011","format":false,"excerpt":"Auf ein paar Dinge kann man sich bei der \u201eNight of the Proms\u201c eigentlich immer verlassen: Egal, wie der Sponsor hei\u00dft (momentan ist es \u201eAIDA\u201c), die Pressebetreuung durch Michael Kunert und sein Team ist vorbildlich, das Licht w\u00e4hrend der Show ist auch immer wieder neu und spannend designed und durchweg\u2026","rel":"","context":"In &quot;Acts&quot;","block_context":{"text":"Acts","link":"http:\/\/www.rockpixx.com\/wordpress\/category\/acts\/"},"img":{"alt_text":"John Miles, 08.12.2011, M\u00fcnchen, Olympiahalle","src":"https:\/\/i0.wp.com\/www.rockpixx.com\/wordpress\/wp-content\/uploads\/2013\/02\/20111208-1-john-miles-Artikel.jpg?resize=350%2C200","width":350,"height":200,"srcset":"https:\/\/i0.wp.com\/www.rockpixx.com\/wordpress\/wp-content\/uploads\/2013\/02\/20111208-1-john-miles-Artikel.jpg?resize=350%2C200 1x, https:\/\/i0.wp.com\/www.rockpixx.com\/wordpress\/wp-content\/uploads\/2013\/02\/20111208-1-john-miles-Artikel.jpg?resize=525%2C300 1.5x, https:\/\/i0.wp.com\/www.rockpixx.com\/wordpress\/wp-content\/uploads\/2013\/02\/20111208-1-john-miles-Artikel.jpg?resize=700%2C400 2x"},"classes":[]},{"id":8351,"url":"http:\/\/www.rockpixx.com\/wordpress\/chic-feat-nile-rodgers-08-12-2011-munchen-olympiahalle\/","url_meta":{"origin":7410,"position":2},"title":"Chic feat. Nile Rodgers, 08.12.2011, M\u00fcnchen, Olympiahalle","author":"Anja","date":"8. Dezember 2011","format":false,"excerpt":"Und der Spa\u00df ging noch vor der Pause weiter: Funkige Discokl\u00e4nge wummerten durch die Olympiahalle in M\u00fcnchen und Erinnerungen an die sp\u00e4ten Siebziger und das legend\u00e4re \u201eStudio 54\u201c in New York wurden wach. Da vorne auf der B\u00fchne stand ein Herr im Anzug mit zwei Begleits\u00e4ngerinnen, h\u00e4mmerte auf seiner Gitarre\u2026","rel":"","context":"In &quot;Acts&quot;","block_context":{"text":"Acts","link":"http:\/\/www.rockpixx.com\/wordpress\/category\/acts\/"},"img":{"alt_text":"Chic feat. Nile Rodgers, 08.12.2011, M\u00fcnchen, Olympiahalle","src":"https:\/\/i0.wp.com\/www.rockpixx.com\/wordpress\/wp-content\/uploads\/2013\/02\/20111208-4-chic-Artikel.jpg?resize=350%2C200","width":350,"height":200,"srcset":"https:\/\/i0.wp.com\/www.rockpixx.com\/wordpress\/wp-content\/uploads\/2013\/02\/20111208-4-chic-Artikel.jpg?resize=350%2C200 1x, https:\/\/i0.wp.com\/www.rockpixx.com\/wordpress\/wp-content\/uploads\/2013\/02\/20111208-4-chic-Artikel.jpg?resize=525%2C300 1.5x, https:\/\/i0.wp.com\/www.rockpixx.com\/wordpress\/wp-content\/uploads\/2013\/02\/20111208-4-chic-Artikel.jpg?resize=700%2C400 2x"},"classes":[]},{"id":6004,"url":"http:\/\/www.rockpixx.com\/wordpress\/john-miles-10-12-2009-munchen-olympiahalle\/","url_meta":{"origin":7410,"position":3},"title":"John Miles, 10.12.2009, M\u00fcnchen, Olympiahalle","author":"Anja","date":"10. Dezember 2009","format":false,"excerpt":"Und abschlie\u00dfend noch eine Legende: Wer kennt nicht \u201eMusic\u201c von John Miles? Wollte man seine ganzen Beteiligungen an Produktionen anderer Stars aufz\u00e4hlen, dann br\u00e4uchte man sehr viel Platz. Ebenso legend\u00e4r ist mittlerweile sein Mitwirken an der \u201eNokia Night of the Proms\u201c, die er seit vielen Jahren als Mastermind begleitet. Neben\u2026","rel":"","context":"In &quot;Acts&quot;","block_context":{"text":"Acts","link":"http:\/\/www.rockpixx.com\/wordpress\/category\/acts\/"},"img":{"alt_text":"John Miles, 10.12.2009, M\u00fcnchen, Olympiahalle","src":"https:\/\/i0.wp.com\/www.rockpixx.com\/wordpress\/wp-content\/uploads\/2013\/01\/20091210-6-john-miles-Artikel.jpg?resize=350%2C200","width":350,"height":200,"srcset":"https:\/\/i0.wp.com\/www.rockpixx.com\/wordpress\/wp-content\/uploads\/2013\/01\/20091210-6-john-miles-Artikel.jpg?resize=350%2C200 1x, https:\/\/i0.wp.com\/www.rockpixx.com\/wordpress\/wp-content\/uploads\/2013\/01\/20091210-6-john-miles-Artikel.jpg?resize=525%2C300 1.5x, https:\/\/i0.wp.com\/www.rockpixx.com\/wordpress\/wp-content\/uploads\/2013\/01\/20091210-6-john-miles-Artikel.jpg?resize=700%2C400 2x"},"classes":[]},{"id":5935,"url":"http:\/\/www.rockpixx.com\/wordpress\/christina-sturmer-10-12-2009-munchen-olympiahalle\/","url_meta":{"origin":7410,"position":4},"title":"Christina St\u00fcrmer, 10.12.2009, M\u00fcnchen, Olympiahalle","author":"Anja","date":"10. Dezember 2009","format":false,"excerpt":"In den s\u00fcdlicheren Gefilden Deutschlands ist die \u00d6sterreicherin Christina St\u00fcrmer in den Airplay-Charts der Radiosender Dauergast. Mittlerweile d\u00fcrfte sie auch im weiteren deutschsprachigen Sendegebiet einen gro\u00dfen Bekanntheitsgrad erreicht haben - immerhin verkauft sie seit Jahren richtig viele Platten. Ihre Musik kommt auch live sehr gut r\u00fcber, die Stimme schafft es\u2026","rel":"","context":"In &quot;Acts&quot;","block_context":{"text":"Acts","link":"http:\/\/www.rockpixx.com\/wordpress\/category\/acts\/"},"img":{"alt_text":"Christina St\u00fcrmer, 10.12.2009, M\u00fcnchen, Olympiahalle","src":"https:\/\/i0.wp.com\/www.rockpixx.com\/wordpress\/wp-content\/uploads\/2013\/01\/20091210-2-christina-stuermer-Artikel.jpg?resize=350%2C200","width":350,"height":200,"srcset":"https:\/\/i0.wp.com\/www.rockpixx.com\/wordpress\/wp-content\/uploads\/2013\/01\/20091210-2-christina-stuermer-Artikel.jpg?resize=350%2C200 1x, https:\/\/i0.wp.com\/www.rockpixx.com\/wordpress\/wp-content\/uploads\/2013\/01\/20091210-2-christina-stuermer-Artikel.jpg?resize=525%2C300 1.5x, https:\/\/i0.wp.com\/www.rockpixx.com\/wordpress\/wp-content\/uploads\/2013\/01\/20091210-2-christina-stuermer-Artikel.jpg?resize=700%2C400 2x"},"classes":[]},{"id":7424,"url":"http:\/\/www.rockpixx.com\/wordpress\/boy-george-09-12-2010-munchen-olympiahalle\/","url_meta":{"origin":7410,"position":5},"title":"Boy George, 09.12.2010, M\u00fcnchen, Olympiahalle","author":"Anja","date":"9. Dezember 2010","format":false,"excerpt":"Bevor \u201eDo you really want to hurt me\u201c als zweiter Song unter dem gr\u00fcnen Hut hervor erklang, blieb f\u00fcr die Zuschauer erst einmal Zeit, kr\u00e4ftig Luft zu holen\u2026 Wer noch aus den Achtzigern des letzten Jahrhunderts ein Bild von Boy George und eine bestimmte Stimme in seinen Erinnerungen hatte, der\u2026","rel":"","context":"In &quot;Acts&quot;","block_context":{"text":"Acts","link":"http:\/\/www.rockpixx.com\/wordpress\/category\/acts\/"},"img":{"alt_text":"Boy George, 09.12.2010, M\u00fcnchen, Olympiahalle","src":"https:\/\/i0.wp.com\/www.rockpixx.com\/wordpress\/wp-content\/uploads\/2013\/01\/20101209-02-boy-george-Artikel.jpg?resize=350%2C200","width":350,"height":200,"srcset":"https:\/\/i0.wp.com\/www.rockpixx.com\/wordpress\/wp-content\/uploads\/2013\/01\/20101209-02-boy-george-Artikel.jpg?resize=350%2C200 1x, https:\/\/i0.wp.com\/www.rockpixx.com\/wordpress\/wp-content\/uploads\/2013\/01\/20101209-02-boy-george-Artikel.jpg?resize=525%2C300 1.5x, https:\/\/i0.wp.com\/www.rockpixx.com\/wordpress\/wp-content\/uploads\/2013\/01\/20101209-02-boy-george-Artikel.jpg?resize=700%2C400 2x"},"classes":[]}],"jetpack_sharing_enabled":true,"publishpress_future_action":{"enabled":false,"date":"2026-05-07 09:02:19","action":"change-status","newStatus":"draft","terms":[],"taxonomy":"category","extraData":[]},"publishpress_future_workflow_manual_trigger":{"enabledWorkflows":[]},"_links":{"self":[{"href":"http:\/\/www.rockpixx.com\/wordpress\/wp-json\/wp\/v2\/posts\/7410","targetHints":{"allow":["GET"]}}],"collection":[{"href":"http:\/\/www.rockpixx.com\/wordpress\/wp-json\/wp\/v2\/posts"}],"about":[{"href":"http:\/\/www.rockpixx.com\/wordpress\/wp-json\/wp\/v2\/types\/post"}],"author":[{"embeddable":true,"href":"http:\/\/www.rockpixx.com\/wordpress\/wp-json\/wp\/v2\/users\/2"}],"replies":[{"embeddable":true,"href":"http:\/\/www.rockpixx.com\/wordpress\/wp-json\/wp\/v2\/comments?post=7410"}],"version-history":[{"count":0,"href":"http:\/\/www.rockpixx.com\/wordpress\/wp-json\/wp\/v2\/posts\/7410\/revisions"}],"wp:featuredmedia":[{"embeddable":true,"href":"http:\/\/www.rockpixx.com\/wordpress\/wp-json\/wp\/v2\/media\/7411"}],"wp:attachment":[{"href":"http:\/\/www.rockpixx.com\/wordpress\/wp-json\/wp\/v2\/media?parent=7410"}],"wp:term":[{"taxonomy":"category","embeddable":true,"href":"http:\/\/www.rockpixx.com\/wordpress\/wp-json\/wp\/v2\/categories?post=7410"},{"taxonomy":"post_tag","embeddable":true,"href":"http:\/\/www.rockpixx.com\/wordpress\/wp-json\/wp\/v2\/tags?post=7410"}],"curies":[{"name":"wp","href":"https:\/\/api.w.org\/{rel}","templated":true}]}}