{"id":7484,"date":"2010-12-09T06:00:18","date_gmt":"2010-12-09T04:00:18","guid":{"rendered":"http:\/\/rockpixx.com\/wordpress\/?p=7484"},"modified":"2013-01-27T23:26:50","modified_gmt":"2013-01-27T21:26:50","slug":"cliff-richard-09-12-2010-munchen-olympiahalle","status":"publish","type":"post","link":"http:\/\/www.rockpixx.com\/wordpress\/cliff-richard-09-12-2010-munchen-olympiahalle\/","title":{"rendered":"Cliff Richard, 09.12.2010, M\u00fcnchen, Olympiahalle"},"content":{"rendered":"<p>Zu guter Letzt dann Sir Cliff Richard! Mittlerweile auch schon 70 Lenze \u201ejung\u201c kann er nat\u00fcrlich aus einem reichhaltigen Fundus an Hits und Evergreens aus sechs Jahrzehnten Teilnahme am Rock&#8217;n&#8217;Roll-Zirkus sch\u00f6pfen. Und das tat er auch gleich zu Beginn seines Auftrittes mit einem Medley seiner bekanntesten Songs \u2013 inklusive \u201eRote Lippen soll man k\u00fcssen\u201c.<!--more--><\/p>\n<p>Fazit: Bei g\u00fcnstiger Beleuchtung wirkt er optisch immer noch recht frisch, die Pr\u00e4senz auf der B\u00fchne ist immer noch recht dynamisch und ausdrucksstark und seine Stimme kann sich auch durchaus noch h\u00f6ren lassen.<\/p>\n<p>Und ja: Ich habe mich gefreut, dass er auch \u201eWe don&#8217;t talk anymore\u201c gesungen hat\u2026<\/p>\n<p style=\"text-align: right;\">Fotos: <a href=\"mailto:info@rockpixx.com?subject=Fotos%20von%20Cliff%20Richard,%20M%C3%BCnchen%20%E2%80%9EOlympiahalle%E2%80%9C,%2009.12.2010\">Alex<\/a> | Text: <a href=\"mailto:info@rockpixx.com?subject=Reviewtext%20von%20Cliff%20Richard,%20M%C3%BCnchen%20%E2%80%9EOlympiahalle%E2%80%9C,%2009.12.2010\">Alex<\/a><\/p>\n<p style=\"text-align: left;\"><div class=\"eat-left eat-right\"><div class=\"thumbs-masonry isotope\"><div class=\"isotope-item block-2 block-h-2\"><a href=\"http:\/\/www.rockpixx.com\/wordpress\/wp-content\/uploads\/2013\/01\/20101209-06-079.jpg\" rel=\"prettyPhoto[postgal_7483]\" class=\"show-hover-link block-h-2\"\"><img decoding=\"async\" src=\"http:\/\/www.rockpixx.com\/wordpress\/wp-content\/uploads\/2013\/01\/20101209-06-079-480x400.jpg\" alt=\"Konzertaufnahme, Cliff Richard, 09.12.2010, M\u00fcnchen, Olympiahalle\"\/><span class=\"before\"><\/span><span class=\"after\"><\/span><\/a><\/div><div class=\"isotope-item block-1 block-h-1\"><a href=\"http:\/\/www.rockpixx.com\/wordpress\/wp-content\/uploads\/2013\/01\/20101209-06-120.jpg\" rel=\"prettyPhoto[postgal_7483]\" class=\"show-hover-link block-h-1\"\"><img decoding=\"async\" src=\"http:\/\/www.rockpixx.com\/wordpress\/wp-content\/uploads\/2013\/01\/20101209-06-120-480x400.jpg\" alt=\"Konzertaufnahme, Cliff Richard, 09.12.2010, M\u00fcnchen, Olympiahalle\"\/><span class=\"before\"><\/span><span class=\"after\"><\/span><\/a><\/div><div class=\"isotope-item block-1 block-h-1\"><a href=\"http:\/\/www.rockpixx.com\/wordpress\/wp-content\/uploads\/2013\/01\/20101209-06-122.jpg\" rel=\"prettyPhoto[postgal_7483]\" class=\"show-hover-link block-h-1\"\"><img decoding=\"async\" src=\"http:\/\/www.rockpixx.com\/wordpress\/wp-content\/uploads\/2013\/01\/20101209-06-122-480x400.jpg\" alt=\"Konzertaufnahme, Cliff Richard, 09.12.2010, M\u00fcnchen, Olympiahalle\"\/><span class=\"before\"><\/span><span class=\"after\"><\/span><\/a><\/div><div class=\"isotope-item block-2 block-h-2\"><a href=\"http:\/\/www.rockpixx.com\/wordpress\/wp-content\/uploads\/2013\/01\/20101209-06-132.jpg\" rel=\"prettyPhoto[postgal_7483]\" class=\"show-hover-link block-h-2\"\"><img decoding=\"async\" src=\"http:\/\/www.rockpixx.com\/wordpress\/wp-content\/uploads\/2013\/01\/20101209-06-132-480x400.jpg\" alt=\"Konzertaufnahme, Cliff Richard, 09.12.2010, M\u00fcnchen, Olympiahalle\"\/><span class=\"before\"><\/span><span class=\"after\"><\/span><\/a><\/div><div class=\"isotope-item block-1 block-h-1\"><a href=\"http:\/\/www.rockpixx.com\/wordpress\/wp-content\/uploads\/2013\/01\/20101209-06-137.jpg\" rel=\"prettyPhoto[postgal_7483]\" class=\"show-hover-link block-h-1\"\"><img decoding=\"async\" src=\"http:\/\/www.rockpixx.com\/wordpress\/wp-content\/uploads\/2013\/01\/20101209-06-137-480x400.jpg\" alt=\"Konzertaufnahme, Cliff Richard, 09.12.2010, M\u00fcnchen, Olympiahalle\"\/><span class=\"before\"><\/span><span class=\"after\"><\/span><\/a><\/div><div class=\"isotope-item block-1 block-h-1\"><a href=\"http:\/\/www.rockpixx.com\/wordpress\/wp-content\/uploads\/2013\/01\/20101209-06-139.jpg\" rel=\"prettyPhoto[postgal_7483]\" class=\"show-hover-link block-h-1\"\"><img decoding=\"async\" src=\"http:\/\/www.rockpixx.com\/wordpress\/wp-content\/uploads\/2013\/01\/20101209-06-139-480x400.jpg\" alt=\"Konzertaufnahme, Cliff Richard, 09.12.2010, M\u00fcnchen, Olympiahalle\"\/><span class=\"before\"><\/span><span class=\"after\"><\/span><\/a><\/div><div class=\"isotope-item block-2 block-h-2\"><a href=\"http:\/\/www.rockpixx.com\/wordpress\/wp-content\/uploads\/2013\/01\/20101209-06-147.jpg\" rel=\"prettyPhoto[postgal_7483]\" class=\"show-hover-link block-h-2\"\"><img decoding=\"async\" src=\"http:\/\/www.rockpixx.com\/wordpress\/wp-content\/uploads\/2013\/01\/20101209-06-147-480x400.jpg\" alt=\"Konzertaufnahme, Cliff Richard, 09.12.2010, M\u00fcnchen, Olympiahalle\"\/><span class=\"before\"><\/span><span class=\"after\"><\/span><\/a><\/div><div class=\"isotope-item block-1 block-h-1\"><a href=\"http:\/\/www.rockpixx.com\/wordpress\/wp-content\/uploads\/2013\/01\/20101209-06-172.jpg\" rel=\"prettyPhoto[postgal_7483]\" class=\"show-hover-link block-h-1\"\"><img decoding=\"async\" src=\"http:\/\/www.rockpixx.com\/wordpress\/wp-content\/uploads\/2013\/01\/20101209-06-172-480x400.jpg\" alt=\"Konzertaufnahme, Cliff Richard, 09.12.2010, M\u00fcnchen, Olympiahalle\"\/><span class=\"before\"><\/span><span class=\"after\"><\/span><\/a><\/div><div class=\"isotope-item block-1 block-h-1\"><a href=\"http:\/\/www.rockpixx.com\/wordpress\/wp-content\/uploads\/2013\/01\/20101209-06-196.jpg\" rel=\"prettyPhoto[postgal_7483]\" class=\"show-hover-link block-h-1\"\"><img decoding=\"async\" src=\"http:\/\/www.rockpixx.com\/wordpress\/wp-content\/uploads\/2013\/01\/20101209-06-196-480x400.jpg\" alt=\"Konzertaufnahme, Cliff Richard, 09.12.2010, M\u00fcnchen, Olympiahalle\"\/><span class=\"before\"><\/span><span class=\"after\"><\/span><\/a><\/div><div class=\"isotope-item block-2 block-h-2\"><a href=\"http:\/\/www.rockpixx.com\/wordpress\/wp-content\/uploads\/2013\/01\/20101209-06-200.jpg\" rel=\"prettyPhoto[postgal_7483]\" class=\"show-hover-link block-h-2\"\"><img decoding=\"async\" src=\"http:\/\/www.rockpixx.com\/wordpress\/wp-content\/uploads\/2013\/01\/20101209-06-200-480x400.jpg\" alt=\"Konzertaufnahme, Cliff Richard, 09.12.2010, M\u00fcnchen, Olympiahalle\"\/><span class=\"before\"><\/span><span class=\"after\"><\/span><\/a><\/div><\/div><\/div><\/p>\n<p style=\"text-align: left;\">\n","protected":false},"excerpt":{"rendered":"<p>Zu guter Letzt dann Sir Cliff Richard! Mittlerweile auch schon 70 Lenze \u201ejung\u201c kann er <a href=\"http:\/\/www.rockpixx.com\/wordpress\/cliff-richard-09-12-2010-munchen-olympiahalle\/\">Read more<\/a><\/p>\n","protected":false},"author":2,"featured_media":7485,"comment_status":"open","ping_status":"open","sticky":false,"template":"","format":"standard","meta":{"_jetpack_memberships_contains_paid_content":false,"footnotes":"","jetpack_publicize_message":"","jetpack_publicize_feature_enabled":true,"jetpack_social_post_already_shared":true,"jetpack_social_options":{"image_generator_settings":{"template":"highway","default_image_id":0,"font":"","enabled":false},"version":2}},"categories":[34,1583],"tags":[1832,531,352,159,797],"class_list":["post-7484","post","type-post","status-publish","format-standard","has-post-thumbnail","hentry","category-acts","category-cliff-richard","tag-1832","tag-cliff-richard","tag-munchen","tag-night-of-the-proms","tag-olympiahalle"],"aioseo_notices":[],"jetpack_publicize_connections":[],"jetpack_featured_media_url":"http:\/\/www.rockpixx.com\/wordpress\/wp-content\/uploads\/2013\/01\/20101209-06-cliff-richard-Artikel.jpg","jetpack-related-posts":[{"id":8334,"url":"http:\/\/www.rockpixx.com\/wordpress\/john-miles-08-12-2011-munchen-olympiahalle\/","url_meta":{"origin":7484,"position":0},"title":"John Miles, 08.12.2011, M\u00fcnchen, Olympiahalle","author":"Anja","date":"8. Dezember 2011","format":false,"excerpt":"Auf ein paar Dinge kann man sich bei der \u201eNight of the Proms\u201c eigentlich immer verlassen: Egal, wie der Sponsor hei\u00dft (momentan ist es \u201eAIDA\u201c), die Pressebetreuung durch Michael Kunert und sein Team ist vorbildlich, das Licht w\u00e4hrend der Show ist auch immer wieder neu und spannend designed und durchweg\u2026","rel":"","context":"In &quot;Acts&quot;","block_context":{"text":"Acts","link":"http:\/\/www.rockpixx.com\/wordpress\/category\/acts\/"},"img":{"alt_text":"John Miles, 08.12.2011, M\u00fcnchen, Olympiahalle","src":"https:\/\/i0.wp.com\/www.rockpixx.com\/wordpress\/wp-content\/uploads\/2013\/02\/20111208-1-john-miles-Artikel.jpg?resize=350%2C200","width":350,"height":200,"srcset":"https:\/\/i0.wp.com\/www.rockpixx.com\/wordpress\/wp-content\/uploads\/2013\/02\/20111208-1-john-miles-Artikel.jpg?resize=350%2C200 1x, https:\/\/i0.wp.com\/www.rockpixx.com\/wordpress\/wp-content\/uploads\/2013\/02\/20111208-1-john-miles-Artikel.jpg?resize=525%2C300 1.5x, https:\/\/i0.wp.com\/www.rockpixx.com\/wordpress\/wp-content\/uploads\/2013\/02\/20111208-1-john-miles-Artikel.jpg?resize=700%2C400 2x"},"classes":[]},{"id":7366,"url":"http:\/\/www.rockpixx.com\/wordpress\/deep-purple-19-11-2010-munchen-olympiahalle\/","url_meta":{"origin":7484,"position":1},"title":"Deep Purple, 19.11.2010, M\u00fcnchen, Olympiahalle","author":"Anja","date":"19. November 2010","format":false,"excerpt":"Wenn man den Begriff \u201eRock-Urgesteine\u201c benutzt, dann fallen einem nat\u00fcrlich fr\u00fcher oder sp\u00e4ter auch \u201eDeep Purple\u201c ein \u2013 egal, in welcher der vielen Besetzungen in der mittlerweile mehrere Dekaden andauernden Karriere dieser Band. Nun begaben sich also die Herren Gillan, Morse, Glover, Airey und Paice zum zweiten Mal vor die\u2026","rel":"","context":"In &quot;Acts&quot;","block_context":{"text":"Acts","link":"http:\/\/www.rockpixx.com\/wordpress\/category\/acts\/"},"img":{"alt_text":"Deep Purple, 19.11.2010, M\u00fcnchen, Olympiahalle","src":"https:\/\/i0.wp.com\/www.rockpixx.com\/wordpress\/wp-content\/uploads\/2013\/01\/20101119-02-deep-purple-Artikel.jpg?resize=350%2C200","width":350,"height":200,"srcset":"https:\/\/i0.wp.com\/www.rockpixx.com\/wordpress\/wp-content\/uploads\/2013\/01\/20101119-02-deep-purple-Artikel.jpg?resize=350%2C200 1x, https:\/\/i0.wp.com\/www.rockpixx.com\/wordpress\/wp-content\/uploads\/2013\/01\/20101119-02-deep-purple-Artikel.jpg?resize=525%2C300 1.5x, https:\/\/i0.wp.com\/www.rockpixx.com\/wordpress\/wp-content\/uploads\/2013\/01\/20101119-02-deep-purple-Artikel.jpg?resize=700%2C400 2x"},"classes":[]},{"id":6004,"url":"http:\/\/www.rockpixx.com\/wordpress\/john-miles-10-12-2009-munchen-olympiahalle\/","url_meta":{"origin":7484,"position":2},"title":"John Miles, 10.12.2009, M\u00fcnchen, Olympiahalle","author":"Anja","date":"10. Dezember 2009","format":false,"excerpt":"Und abschlie\u00dfend noch eine Legende: Wer kennt nicht \u201eMusic\u201c von John Miles? Wollte man seine ganzen Beteiligungen an Produktionen anderer Stars aufz\u00e4hlen, dann br\u00e4uchte man sehr viel Platz. Ebenso legend\u00e4r ist mittlerweile sein Mitwirken an der \u201eNokia Night of the Proms\u201c, die er seit vielen Jahren als Mastermind begleitet. Neben\u2026","rel":"","context":"In &quot;Acts&quot;","block_context":{"text":"Acts","link":"http:\/\/www.rockpixx.com\/wordpress\/category\/acts\/"},"img":{"alt_text":"John Miles, 10.12.2009, M\u00fcnchen, Olympiahalle","src":"https:\/\/i0.wp.com\/www.rockpixx.com\/wordpress\/wp-content\/uploads\/2013\/01\/20091210-6-john-miles-Artikel.jpg?resize=350%2C200","width":350,"height":200,"srcset":"https:\/\/i0.wp.com\/www.rockpixx.com\/wordpress\/wp-content\/uploads\/2013\/01\/20091210-6-john-miles-Artikel.jpg?resize=350%2C200 1x, https:\/\/i0.wp.com\/www.rockpixx.com\/wordpress\/wp-content\/uploads\/2013\/01\/20091210-6-john-miles-Artikel.jpg?resize=525%2C300 1.5x, https:\/\/i0.wp.com\/www.rockpixx.com\/wordpress\/wp-content\/uploads\/2013\/01\/20091210-6-john-miles-Artikel.jpg?resize=700%2C400 2x"},"classes":[]},{"id":7424,"url":"http:\/\/www.rockpixx.com\/wordpress\/boy-george-09-12-2010-munchen-olympiahalle\/","url_meta":{"origin":7484,"position":3},"title":"Boy George, 09.12.2010, M\u00fcnchen, Olympiahalle","author":"Anja","date":"9. Dezember 2010","format":false,"excerpt":"Bevor \u201eDo you really want to hurt me\u201c als zweiter Song unter dem gr\u00fcnen Hut hervor erklang, blieb f\u00fcr die Zuschauer erst einmal Zeit, kr\u00e4ftig Luft zu holen\u2026 Wer noch aus den Achtzigern des letzten Jahrhunderts ein Bild von Boy George und eine bestimmte Stimme in seinen Erinnerungen hatte, der\u2026","rel":"","context":"In &quot;Acts&quot;","block_context":{"text":"Acts","link":"http:\/\/www.rockpixx.com\/wordpress\/category\/acts\/"},"img":{"alt_text":"Boy George, 09.12.2010, M\u00fcnchen, Olympiahalle","src":"https:\/\/i0.wp.com\/www.rockpixx.com\/wordpress\/wp-content\/uploads\/2013\/01\/20101209-02-boy-george-Artikel.jpg?resize=350%2C200","width":350,"height":200,"srcset":"https:\/\/i0.wp.com\/www.rockpixx.com\/wordpress\/wp-content\/uploads\/2013\/01\/20101209-02-boy-george-Artikel.jpg?resize=350%2C200 1x, https:\/\/i0.wp.com\/www.rockpixx.com\/wordpress\/wp-content\/uploads\/2013\/01\/20101209-02-boy-george-Artikel.jpg?resize=525%2C300 1.5x, https:\/\/i0.wp.com\/www.rockpixx.com\/wordpress\/wp-content\/uploads\/2013\/01\/20101209-02-boy-george-Artikel.jpg?resize=700%2C400 2x"},"classes":[]},{"id":8323,"url":"http:\/\/www.rockpixx.com\/wordpress\/marillion-11-11-2011-munchen-circus-krone\/","url_meta":{"origin":7484,"position":4},"title":"Marillion, 11.11.2011, M\u00fcnchen, Circus Krone","author":"Anja","date":"11. November 2011","format":false,"excerpt":"Alle Jahre wieder\u2026 treffen wir in M\u00fcnchen Marillion. So auch in diesem Jahr \u2013 allerdings weder in der Olympiahalle noch im \u201eBackstage\u201c, sondern im altehrw\u00fcrdigen \u201eCircus Krone\u201c. Dort waren wir ja auch schon einige Male zu Gast. Tja, was soll ich noch \u00fcber Steve Hogarth schreiben? Seine Performance beeindruckt mich\u2026","rel":"","context":"In &quot;Acts&quot;","block_context":{"text":"Acts","link":"http:\/\/www.rockpixx.com\/wordpress\/category\/acts\/"},"img":{"alt_text":"Marillion, 11.11.2011, M\u00fcnchen, Circus Krone","src":"https:\/\/i0.wp.com\/www.rockpixx.com\/wordpress\/wp-content\/uploads\/2013\/02\/20111111-1-marillion-Artikel.jpg?resize=350%2C200","width":350,"height":200,"srcset":"https:\/\/i0.wp.com\/www.rockpixx.com\/wordpress\/wp-content\/uploads\/2013\/02\/20111111-1-marillion-Artikel.jpg?resize=350%2C200 1x, https:\/\/i0.wp.com\/www.rockpixx.com\/wordpress\/wp-content\/uploads\/2013\/02\/20111111-1-marillion-Artikel.jpg?resize=525%2C300 1.5x, https:\/\/i0.wp.com\/www.rockpixx.com\/wordpress\/wp-content\/uploads\/2013\/02\/20111111-1-marillion-Artikel.jpg?resize=700%2C400 2x"},"classes":[]},{"id":7454,"url":"http:\/\/www.rockpixx.com\/wordpress\/john-miles-09-12-2010-munchen-olympiahalle\/","url_meta":{"origin":7484,"position":5},"title":"John Miles, 09.12.2010, M\u00fcnchen, Olympiahalle","author":"Anja","date":"9. Dezember 2010","format":false,"excerpt":"Er geh\u00f6rt zur Night of the Proms einfach dazu und erst recht sein Megahit \u201eMusic\u201c: Die Rede ist nat\u00fcrlich von John Miles. Bevor er aber im zweiten Teil des Programmes \u201eMusic\u201c am wei\u00dfen Fl\u00fcgel intonierte, wagte er sich auf fremdes Terrain: Zuerst \u2013 begleitet von \u2192\u00a0Charlie Siem \u2013 gab es\u2026","rel":"","context":"In &quot;Acts&quot;","block_context":{"text":"Acts","link":"http:\/\/www.rockpixx.com\/wordpress\/category\/acts\/"},"img":{"alt_text":"John Miles, 09.12.2010, M\u00fcnchen, Olympiahalle","src":"https:\/\/i0.wp.com\/www.rockpixx.com\/wordpress\/wp-content\/uploads\/2013\/01\/20101209-04-john-miles-Artikel.jpg?resize=350%2C200","width":350,"height":200,"srcset":"https:\/\/i0.wp.com\/www.rockpixx.com\/wordpress\/wp-content\/uploads\/2013\/01\/20101209-04-john-miles-Artikel.jpg?resize=350%2C200 1x, https:\/\/i0.wp.com\/www.rockpixx.com\/wordpress\/wp-content\/uploads\/2013\/01\/20101209-04-john-miles-Artikel.jpg?resize=525%2C300 1.5x, https:\/\/i0.wp.com\/www.rockpixx.com\/wordpress\/wp-content\/uploads\/2013\/01\/20101209-04-john-miles-Artikel.jpg?resize=700%2C400 2x"},"classes":[]}],"jetpack_sharing_enabled":true,"publishpress_future_action":{"enabled":false,"date":"2026-05-06 09:50:04","action":"change-status","newStatus":"draft","terms":[],"taxonomy":"category","extraData":[]},"publishpress_future_workflow_manual_trigger":{"enabledWorkflows":[]},"_links":{"self":[{"href":"http:\/\/www.rockpixx.com\/wordpress\/wp-json\/wp\/v2\/posts\/7484","targetHints":{"allow":["GET"]}}],"collection":[{"href":"http:\/\/www.rockpixx.com\/wordpress\/wp-json\/wp\/v2\/posts"}],"about":[{"href":"http:\/\/www.rockpixx.com\/wordpress\/wp-json\/wp\/v2\/types\/post"}],"author":[{"embeddable":true,"href":"http:\/\/www.rockpixx.com\/wordpress\/wp-json\/wp\/v2\/users\/2"}],"replies":[{"embeddable":true,"href":"http:\/\/www.rockpixx.com\/wordpress\/wp-json\/wp\/v2\/comments?post=7484"}],"version-history":[{"count":0,"href":"http:\/\/www.rockpixx.com\/wordpress\/wp-json\/wp\/v2\/posts\/7484\/revisions"}],"wp:featuredmedia":[{"embeddable":true,"href":"http:\/\/www.rockpixx.com\/wordpress\/wp-json\/wp\/v2\/media\/7485"}],"wp:attachment":[{"href":"http:\/\/www.rockpixx.com\/wordpress\/wp-json\/wp\/v2\/media?parent=7484"}],"wp:term":[{"taxonomy":"category","embeddable":true,"href":"http:\/\/www.rockpixx.com\/wordpress\/wp-json\/wp\/v2\/categories?post=7484"},{"taxonomy":"post_tag","embeddable":true,"href":"http:\/\/www.rockpixx.com\/wordpress\/wp-json\/wp\/v2\/tags?post=7484"}],"curies":[{"name":"wp","href":"https:\/\/api.w.org\/{rel}","templated":true}]}}