{"id":7551,"date":"2011-01-15T01:00:32","date_gmt":"2011-01-14T23:00:32","guid":{"rendered":"http:\/\/rockpixx.com\/wordpress\/?p=7551"},"modified":"2013-02-01T22:24:57","modified_gmt":"2013-02-01T20:24:57","slug":"the-jones-15-01-2011-soest-stadthalle","status":"publish","type":"post","link":"http:\/\/www.rockpixx.com\/wordpress\/the-jones-15-01-2011-soest-stadthalle\/","title":{"rendered":"The Jones, 15.01.2011, Soest, Stadthalle"},"content":{"rendered":"<p>Und dann sind wir wieder in Soest! Das ist \u2013 neben der MAXB\u00fchne in Kiel \u2013 mittlerweile unsere zweitliebste Location. Zum Einen sind hier die Fans in der schon seit Wochen ausverkauften Stadthalle wirklich au\u00dfergew\u00f6hnlich und zum Anderen f\u00fchlt man sich beim Team um Rainer Renneke fast wie zu Hause: <!--more-->Was dieses mal an Catering aufgeboten worden ist, das verdient (mindestens) vier Sterne \u2013 Kompliment daf\u00fcr und ein gro\u00dfes Dankesch\u00f6n f\u00fcr das herzliche Willkommen und die tolle Betreuung.<\/p>\n<p>Doch der Reihe nach: Der Tag f\u00e4ngt eingentlich nicht so toll an: Auf meinem rechten gro\u00dfen Zeh ist eine Beule, die da definitiv nicht hingeh\u00f6rt \u2013 das Absperrgitter aus Beverungen l\u00e4sst immer noch gr\u00fc\u00dfen. Laufen ist in geschlossenen Schuhen nicht wirklich prickelnd. Zudem macht mir meine eine Kamera ein wenig Sorgen, ist sie doch am Vortag in Beverungen aus ca. 1,20 m H\u00f6he auf den Hallenboden geknallt. Egal, gestern Abend funktionierte sie noch, warum sollte es heute Abend also anders sein? Zudem steht heute der zweite Tag unseres Workshops an, Ausf\u00e4lle von Fotograf\/Referent und Material werden nicht geduldet.<\/p>\n<p>Zum Gig: Den Opener machen \u201eThe Jones\u201c. Als \u201elocal heroes\u201c spielen sie bei typischem Licht f\u00fcr Support-Acts rockige Nummern aus den Charts der (gef\u00fchlt) letzten 300 Jahre und das machen sie richtig gut. Alles kommt sehr melodisch und energiegeladen daher, daran ist zu einem gro\u00dfen Anteil die schmucke S\u00e4ngerin nicht ganz unschuldig. Mit einem Wort: Gef\u00e4llt!<\/p>\n<p style=\"text-align: right;\">Fotos: <a href=\"mailto:info@rockpixx.com?subject=Fotos%20von%20The%20Jones,%20Soest%20%E2%80%9EStadthalle%E2%80%9C,%2015.01.2011\">Alex<\/a> | Text: <a href=\"mailto:info@rockpixx.com?subject=Reviewtext%20von%20The%20Jones,%20Soest%20%E2%80%9EStadthalle%E2%80%9C,%2015.01.2011\">Alex<\/a><\/p>\n<p>[slideshow id=8]<\/p>\n","protected":false},"excerpt":{"rendered":"<p>Und dann sind wir wieder in Soest! Das ist \u2013 neben der MAXB\u00fchne in Kiel <a href=\"http:\/\/www.rockpixx.com\/wordpress\/the-jones-15-01-2011-soest-stadthalle\/\">Read more<\/a><\/p>\n","protected":false},"author":2,"featured_media":7552,"comment_status":"open","ping_status":"open","sticky":false,"template":"","format":"standard","meta":{"_jetpack_memberships_contains_paid_content":false,"footnotes":"","jetpack_publicize_message":"","jetpack_publicize_feature_enabled":true,"jetpack_social_post_already_shared":true,"jetpack_social_options":{"image_generator_settings":{"template":"highway","default_image_id":0,"font":"","enabled":false},"version":2}},"categories":[34,534],"tags":[1733,363,360,825],"class_list":["post-7551","post","type-post","status-publish","format-standard","has-post-thumbnail","hentry","category-acts","category-the-jones","tag-1733","tag-soest","tag-stadthalle","tag-the-jones-2"],"aioseo_notices":[],"jetpack_publicize_connections":[],"jetpack_featured_media_url":"http:\/\/www.rockpixx.com\/wordpress\/wp-content\/uploads\/2013\/01\/20110115-01-the-jones-Artikel.jpg","jetpack-related-posts":[{"id":7556,"url":"http:\/\/www.rockpixx.com\/wordpress\/barock-15-01-2011-soest-stadthalle\/","url_meta":{"origin":7551,"position":0},"title":"Barock, 15.01.2011, Soest, Stadthalle","author":"Anja","date":"15. Januar 2011","format":false,"excerpt":"Ein Doppel-Jubil\u00e4um! Dieser Gig ist etwas ganz Besonderes: Es ist der 20. Gig mit \u201eBarock\u201c und es ist (lt. unserer offiziellen Z\u00e4hlung) der 250. Gig auf rockpixx.com. Lassen wir es also die Kanonen knallen und schauen den Jungs dabei zu, wie sie auf der B\u00fchne ein showtechnisches Feuerwerk abbrannten. Trotz\u2026","rel":"","context":"In &quot;AC\/DC&quot;","block_context":{"text":"AC\/DC","link":"http:\/\/www.rockpixx.com\/wordpress\/category\/acts\/tributebands\/acdc\/"},"img":{"alt_text":"Barock, 15.01.2011, Soest, Stadthalle","src":"https:\/\/i0.wp.com\/www.rockpixx.com\/wordpress\/wp-content\/uploads\/2013\/01\/20110115-02-barock-Artikel.jpg?resize=350%2C200","width":350,"height":200,"srcset":"https:\/\/i0.wp.com\/www.rockpixx.com\/wordpress\/wp-content\/uploads\/2013\/01\/20110115-02-barock-Artikel.jpg?resize=350%2C200 1x, https:\/\/i0.wp.com\/www.rockpixx.com\/wordpress\/wp-content\/uploads\/2013\/01\/20110115-02-barock-Artikel.jpg?resize=525%2C300 1.5x, https:\/\/i0.wp.com\/www.rockpixx.com\/wordpress\/wp-content\/uploads\/2013\/01\/20110115-02-barock-Artikel.jpg?resize=700%2C400 2x"},"classes":[]},{"id":1758,"url":"http:\/\/www.rockpixx.com\/wordpress\/barock-19-01-2008-soest-stadthalle\/","url_meta":{"origin":7551,"position":1},"title":"Barock, 19.01.2008, Soest, Stadthalle","author":"Anja","date":"19. Januar 2008","format":false,"excerpt":"Stadthalle Soest \u2013 ausverkauft, gut 1.500 begeisterte Zuschauer. Weniger begeistert sind die Musiker beim Soundcheck, ist doch der f\u00fcr den B\u00fchnensound zust\u00e4ndige Techniker absolut nicht in der Lage, einen vern\u00fcnftigen Monitoring-Sound hinzubekommen. Das f\u00fchrt zu sehr angespannten Mienen aller Beteiligten beim Soundcheck\u2026 Letztendlich klappt's doch irgendwie und die Show geht\u2026","rel":"","context":"In &quot;AC\/DC&quot;","block_context":{"text":"AC\/DC","link":"http:\/\/www.rockpixx.com\/wordpress\/category\/acts\/tributebands\/acdc\/"},"img":{"alt_text":"Barock, 19.01.2008, Soest, Stadthalle","src":"https:\/\/i0.wp.com\/www.rockpixx.com\/wordpress\/wp-content\/uploads\/2008\/01\/20080119-barock-Artikel.jpg?resize=350%2C200","width":350,"height":200,"srcset":"https:\/\/i0.wp.com\/www.rockpixx.com\/wordpress\/wp-content\/uploads\/2008\/01\/20080119-barock-Artikel.jpg?resize=350%2C200 1x, https:\/\/i0.wp.com\/www.rockpixx.com\/wordpress\/wp-content\/uploads\/2008\/01\/20080119-barock-Artikel.jpg?resize=525%2C300 1.5x, https:\/\/i0.wp.com\/www.rockpixx.com\/wordpress\/wp-content\/uploads\/2008\/01\/20080119-barock-Artikel.jpg?resize=700%2C400 2x"},"classes":[]},{"id":9076,"url":"http:\/\/www.rockpixx.com\/wordpress\/elektroboys-soest-stadthalle-19-01-2013\/","url_meta":{"origin":7551,"position":2},"title":"Elektroboys, Soest, Stadthalle, 19.01.2013","author":"Anja","date":"19. Januar 2013","format":false,"excerpt":"Am Abend zuvor konnten wir ja schon in Beverungen an der \u201eWeltpremiere\u201c des zum Quartett mutierten Terzetts \u201eElektroboys\u201c teilhaben und waren angenehm \u00fcberrascht. Dieser gute Eindruck hat sich nun in Soest in der schon seit Monaten ausverkauften Stadthalle fortgesetzt, verfestigt und best\u00e4tigt. Die B\u00fchnenpr\u00e4senz der Elektroboys ist wesentlich dynamischer geworden\u2026","rel":"","context":"In &quot;Acts&quot;","block_context":{"text":"Acts","link":"http:\/\/www.rockpixx.com\/wordpress\/category\/acts\/"},"img":{"alt_text":"Elektroboys, Soest \u201eStadthalle\u201c, 19.01.2013","src":"https:\/\/i0.wp.com\/www.rockpixx.com\/wordpress\/wp-content\/uploads\/2013\/02\/20130119-01-elektroboys-Artikel.jpg?resize=350%2C200","width":350,"height":200,"srcset":"https:\/\/i0.wp.com\/www.rockpixx.com\/wordpress\/wp-content\/uploads\/2013\/02\/20130119-01-elektroboys-Artikel.jpg?resize=350%2C200 1x, https:\/\/i0.wp.com\/www.rockpixx.com\/wordpress\/wp-content\/uploads\/2013\/02\/20130119-01-elektroboys-Artikel.jpg?resize=525%2C300 1.5x, https:\/\/i0.wp.com\/www.rockpixx.com\/wordpress\/wp-content\/uploads\/2013\/02\/20130119-01-elektroboys-Artikel.jpg?resize=700%2C400 2x"},"classes":[]},{"id":8390,"url":"http:\/\/www.rockpixx.com\/wordpress\/rock-ignition-21-01-2012-soest-stadthalle\/","url_meta":{"origin":7551,"position":3},"title":"Rock Ignition, 21.01.2012, Soest, Stadthalle","author":"Anja","date":"21. Januar 2012","format":false,"excerpt":"Am n\u00e4chsten Mittag bin ich dann nach einer erfreulich unproblematischen und relativ kurzen Anreise wieder einmal in \u2192\u00a0Soest. Die dortige Stadthalle ist schon seit Wochen ausverkauft und los geht\u2019s an diesem Abend mit dem Supportact \u201eRock Ignition\u201c. Es stehen zwei schmucke S\u00e4ngerinnen auf der B\u00fchne, die von drei m\u00e4nnlichen Musikern\u2026","rel":"","context":"In &quot;Acts&quot;","block_context":{"text":"Acts","link":"http:\/\/www.rockpixx.com\/wordpress\/category\/acts\/"},"img":{"alt_text":"Rock Ignition, 21.01.2012, Soest, Stadthalle","src":"https:\/\/i0.wp.com\/www.rockpixx.com\/wordpress\/wp-content\/uploads\/2013\/02\/20120121-01-rock-ignition-Artikel.jpg?resize=350%2C200","width":350,"height":200,"srcset":"https:\/\/i0.wp.com\/www.rockpixx.com\/wordpress\/wp-content\/uploads\/2013\/02\/20120121-01-rock-ignition-Artikel.jpg?resize=350%2C200 1x, https:\/\/i0.wp.com\/www.rockpixx.com\/wordpress\/wp-content\/uploads\/2013\/02\/20120121-01-rock-ignition-Artikel.jpg?resize=525%2C300 1.5x, https:\/\/i0.wp.com\/www.rockpixx.com\/wordpress\/wp-content\/uploads\/2013\/02\/20120121-01-rock-ignition-Artikel.jpg?resize=700%2C400 2x"},"classes":[]},{"id":9087,"url":"http:\/\/www.rockpixx.com\/wordpress\/barock-19-01-2013-soest-stadthalle\/","url_meta":{"origin":7551,"position":4},"title":"Barock, 19.01.2013, Soest, Stadthalle","author":"Anja","date":"19. Januar 2013","format":false,"excerpt":"Bevor wir nun also bei Barock aus dem Graben der proppenvollen und seit Monaten ausverkauften Soester Stadthalle erstmals die acht Kanonen in Aktion erleben konnten, war erst einmal Warten angesagt\u2026 Was war geschehen? Ein Stromausfall auf der B\u00fchne lie\u00df zuvor die Elektroboys still und im Halbdunkel stehen, so dass eine\u2026","rel":"","context":"In &quot;AC\/DC&quot;","block_context":{"text":"AC\/DC","link":"http:\/\/www.rockpixx.com\/wordpress\/category\/acts\/tributebands\/acdc\/"},"img":{"alt_text":"Barock, 19.01.2013, Soest, Stadthalle","src":"https:\/\/i0.wp.com\/www.rockpixx.com\/wordpress\/wp-content\/uploads\/2013\/02\/20130119-02-barock-Artikel.jpg?resize=350%2C200","width":350,"height":200,"srcset":"https:\/\/i0.wp.com\/www.rockpixx.com\/wordpress\/wp-content\/uploads\/2013\/02\/20130119-02-barock-Artikel.jpg?resize=350%2C200 1x, https:\/\/i0.wp.com\/www.rockpixx.com\/wordpress\/wp-content\/uploads\/2013\/02\/20130119-02-barock-Artikel.jpg?resize=525%2C300 1.5x, https:\/\/i0.wp.com\/www.rockpixx.com\/wordpress\/wp-content\/uploads\/2013\/02\/20130119-02-barock-Artikel.jpg?resize=700%2C400 2x"},"classes":[]},{"id":6099,"url":"http:\/\/www.rockpixx.com\/wordpress\/elektroboys-16-01-2010-soest-stadthalle\/","url_meta":{"origin":7551,"position":5},"title":"Elektroboys, 16.01.2010, Soest, Stadthalle","author":"Anja","date":"16. Januar 2010","format":false,"excerpt":"Auch am zweiten Abend spielten die \u201eElektroboys\u201c vor \u2192\u00a0\u201eBarock\u201c \u2013 dieses Mal in der schon traditionell ausverkauften Stadthalle von Soest. Und weil zum Gig vom Vortag schon alles das geschreiben worden ist, was auch hier stehen k\u00f6nnte, gibt's gleich nur die Bilder. Fotos: Alex | Text: Alex","rel":"","context":"In &quot;Acts&quot;","block_context":{"text":"Acts","link":"http:\/\/www.rockpixx.com\/wordpress\/category\/acts\/"},"img":{"alt_text":"Elektroboys, 16.01.2010, Soest, Stadthalle","src":"https:\/\/i0.wp.com\/www.rockpixx.com\/wordpress\/wp-content\/uploads\/2010\/01\/20100116-01-elektroboys-Artikel.jpg?resize=350%2C200","width":350,"height":200,"srcset":"https:\/\/i0.wp.com\/www.rockpixx.com\/wordpress\/wp-content\/uploads\/2010\/01\/20100116-01-elektroboys-Artikel.jpg?resize=350%2C200 1x, https:\/\/i0.wp.com\/www.rockpixx.com\/wordpress\/wp-content\/uploads\/2010\/01\/20100116-01-elektroboys-Artikel.jpg?resize=525%2C300 1.5x, https:\/\/i0.wp.com\/www.rockpixx.com\/wordpress\/wp-content\/uploads\/2010\/01\/20100116-01-elektroboys-Artikel.jpg?resize=700%2C400 2x"},"classes":[]}],"jetpack_sharing_enabled":true,"publishpress_future_action":{"enabled":false,"date":"2026-05-08 16:56:10","action":"change-status","newStatus":"draft","terms":[],"taxonomy":"category","extraData":[]},"publishpress_future_workflow_manual_trigger":{"enabledWorkflows":[]},"_links":{"self":[{"href":"http:\/\/www.rockpixx.com\/wordpress\/wp-json\/wp\/v2\/posts\/7551","targetHints":{"allow":["GET"]}}],"collection":[{"href":"http:\/\/www.rockpixx.com\/wordpress\/wp-json\/wp\/v2\/posts"}],"about":[{"href":"http:\/\/www.rockpixx.com\/wordpress\/wp-json\/wp\/v2\/types\/post"}],"author":[{"embeddable":true,"href":"http:\/\/www.rockpixx.com\/wordpress\/wp-json\/wp\/v2\/users\/2"}],"replies":[{"embeddable":true,"href":"http:\/\/www.rockpixx.com\/wordpress\/wp-json\/wp\/v2\/comments?post=7551"}],"version-history":[{"count":0,"href":"http:\/\/www.rockpixx.com\/wordpress\/wp-json\/wp\/v2\/posts\/7551\/revisions"}],"wp:featuredmedia":[{"embeddable":true,"href":"http:\/\/www.rockpixx.com\/wordpress\/wp-json\/wp\/v2\/media\/7552"}],"wp:attachment":[{"href":"http:\/\/www.rockpixx.com\/wordpress\/wp-json\/wp\/v2\/media?parent=7551"}],"wp:term":[{"taxonomy":"category","embeddable":true,"href":"http:\/\/www.rockpixx.com\/wordpress\/wp-json\/wp\/v2\/categories?post=7551"},{"taxonomy":"post_tag","embeddable":true,"href":"http:\/\/www.rockpixx.com\/wordpress\/wp-json\/wp\/v2\/tags?post=7551"}],"curies":[{"name":"wp","href":"https:\/\/api.w.org\/{rel}","templated":true}]}}