{"id":7556,"date":"2011-01-15T02:00:38","date_gmt":"2011-01-15T00:00:38","guid":{"rendered":"http:\/\/rockpixx.com\/wordpress\/?p=7556"},"modified":"2013-02-01T22:26:30","modified_gmt":"2013-02-01T20:26:30","slug":"barock-15-01-2011-soest-stadthalle","status":"publish","type":"post","link":"http:\/\/www.rockpixx.com\/wordpress\/barock-15-01-2011-soest-stadthalle\/","title":{"rendered":"Barock, 15.01.2011, Soest, Stadthalle"},"content":{"rendered":"<p><strong>Ein Doppel-Jubil\u00e4um!<\/strong><\/p>\n<p>Dieser Gig ist etwas ganz Besonderes: Es ist der 20. Gig mit \u201eBarock\u201c und es ist (lt. unserer offiziellen Z\u00e4hlung) der 250. Gig auf rockpixx.com.<\/p>\n<p>Lassen wir es also die Kanonen knallen und schauen den Jungs dabei zu, wie sie auf der B\u00fchne ein showtechnisches Feuerwerk abbrannten. <!--more-->Trotz leichter Stimmprobleme von Grant w\u00e4hrend der ersten drei Songs trug ihn das Publikum durch den Rest der famosen Show. Das war einer der besten Gigs, die wir bis dato fotografiert haben. Danke ans Publikum in Soest, danke an die gesamte Crew von \u201eBarock\u201c f\u00fcr viele Jahre der guten Zusammenarbeit und ein ganz besonderes \u201eDankesch\u00f6n\u201c an die Besucher von rockpixx.com. Ohne Euch w\u00fcrde es uns nicht geben.<\/p>\n<p>Wir machen weiter \u2013 versprochen!<\/p>\n<p style=\"text-align: right;\">Fotos: <a href=\"mailto:info@rockpixx.com?subject=Fotos%20von%20Barock,%20Soest%20%E2%80%9EStadthalle%E2%80%9C,%2015.01.2011\">Alex<\/a> | Text: <a href=\"mailto:info@rockpixx.com?subject=Reviewtext%20von%20Barock,%20Soest%20%E2%80%9EStadthalle%E2%80%9C,%2015.01.2011\">Alex<\/a><\/p>\n<p>&nbsp;<\/p>\n<p>[slideshow id=9]<\/p>\n","protected":false},"excerpt":{"rendered":"<p>Ein Doppel-Jubil\u00e4um! Dieser Gig ist etwas ganz Besonderes: Es ist der 20. Gig mit \u201eBarock\u201c <a href=\"http:\/\/www.rockpixx.com\/wordpress\/barock-15-01-2011-soest-stadthalle\/\">Read more<\/a><\/p>\n","protected":false},"author":2,"featured_media":7557,"comment_status":"open","ping_status":"open","sticky":false,"template":"","format":"standard","meta":{"_jetpack_memberships_contains_paid_content":false,"footnotes":"","jetpack_publicize_message":"","jetpack_publicize_feature_enabled":true,"jetpack_social_post_already_shared":true,"jetpack_social_options":{"image_generator_settings":{"template":"highway","default_image_id":0,"font":"","enabled":false},"version":2}},"categories":[8,34,47,5],"tags":[1733,1716,1724,363,360],"class_list":["post-7556","post","type-post","status-publish","format-standard","has-post-thumbnail","hentry","category-acdc","category-acts","category-barock","category-tributebands","tag-1733","tag-acdc","tag-barock","tag-soest","tag-stadthalle"],"aioseo_notices":[],"jetpack_publicize_connections":[],"jetpack_featured_media_url":"http:\/\/www.rockpixx.com\/wordpress\/wp-content\/uploads\/2013\/01\/20110115-02-barock-Artikel.jpg","jetpack-related-posts":[{"id":4352,"url":"http:\/\/www.rockpixx.com\/wordpress\/barock-17-01-2009-soest-stadthalle-2\/","url_meta":{"origin":7556,"position":0},"title":"Barock, 17.01.2009, Soest, Stadthalle","author":"Anja","date":"17. Januar 2009","format":false,"excerpt":"Weiter gings zwei Tage sp\u00e4ter in der schon ein paar Wochen vorher (traditionell) ausverkauften Stadthalle in Soest\u2026 Wieder mit beiden S\u00e4ngern im Doppelpack, dieses Mal bestritt \u201eBon Scott\u201c das erste Set. Auf einer gro\u00dfen B\u00fchne wie dort kommt die Show von Barock nat\u00fcrlich noch besser zur Geltung und auch lichttechnisch\u2026","rel":"","context":"In &quot;AC\/DC&quot;","block_context":{"text":"AC\/DC","link":"http:\/\/www.rockpixx.com\/wordpress\/category\/acts\/tributebands\/acdc\/"},"img":{"alt_text":"Barock, 17.01.2009, Soest, Stadthalle","src":"https:\/\/i0.wp.com\/www.rockpixx.com\/wordpress\/wp-content\/uploads\/2013\/01\/20090117-barock-Artikel.jpg?resize=350%2C200","width":350,"height":200,"srcset":"https:\/\/i0.wp.com\/www.rockpixx.com\/wordpress\/wp-content\/uploads\/2013\/01\/20090117-barock-Artikel.jpg?resize=350%2C200 1x, https:\/\/i0.wp.com\/www.rockpixx.com\/wordpress\/wp-content\/uploads\/2013\/01\/20090117-barock-Artikel.jpg?resize=525%2C300 1.5x, https:\/\/i0.wp.com\/www.rockpixx.com\/wordpress\/wp-content\/uploads\/2013\/01\/20090117-barock-Artikel.jpg?resize=700%2C400 2x"},"classes":[]},{"id":9087,"url":"http:\/\/www.rockpixx.com\/wordpress\/barock-19-01-2013-soest-stadthalle\/","url_meta":{"origin":7556,"position":1},"title":"Barock, 19.01.2013, Soest, Stadthalle","author":"Anja","date":"19. Januar 2013","format":false,"excerpt":"Bevor wir nun also bei Barock aus dem Graben der proppenvollen und seit Monaten ausverkauften Soester Stadthalle erstmals die acht Kanonen in Aktion erleben konnten, war erst einmal Warten angesagt\u2026 Was war geschehen? Ein Stromausfall auf der B\u00fchne lie\u00df zuvor die Elektroboys still und im Halbdunkel stehen, so dass eine\u2026","rel":"","context":"In &quot;AC\/DC&quot;","block_context":{"text":"AC\/DC","link":"http:\/\/www.rockpixx.com\/wordpress\/category\/acts\/tributebands\/acdc\/"},"img":{"alt_text":"Barock, 19.01.2013, Soest, Stadthalle","src":"https:\/\/i0.wp.com\/www.rockpixx.com\/wordpress\/wp-content\/uploads\/2013\/02\/20130119-02-barock-Artikel.jpg?resize=350%2C200","width":350,"height":200,"srcset":"https:\/\/i0.wp.com\/www.rockpixx.com\/wordpress\/wp-content\/uploads\/2013\/02\/20130119-02-barock-Artikel.jpg?resize=350%2C200 1x, https:\/\/i0.wp.com\/www.rockpixx.com\/wordpress\/wp-content\/uploads\/2013\/02\/20130119-02-barock-Artikel.jpg?resize=525%2C300 1.5x, https:\/\/i0.wp.com\/www.rockpixx.com\/wordpress\/wp-content\/uploads\/2013\/02\/20130119-02-barock-Artikel.jpg?resize=700%2C400 2x"},"classes":[]},{"id":1758,"url":"http:\/\/www.rockpixx.com\/wordpress\/barock-19-01-2008-soest-stadthalle\/","url_meta":{"origin":7556,"position":2},"title":"Barock, 19.01.2008, Soest, Stadthalle","author":"Anja","date":"19. Januar 2008","format":false,"excerpt":"Stadthalle Soest \u2013 ausverkauft, gut 1.500 begeisterte Zuschauer. Weniger begeistert sind die Musiker beim Soundcheck, ist doch der f\u00fcr den B\u00fchnensound zust\u00e4ndige Techniker absolut nicht in der Lage, einen vern\u00fcnftigen Monitoring-Sound hinzubekommen. Das f\u00fchrt zu sehr angespannten Mienen aller Beteiligten beim Soundcheck\u2026 Letztendlich klappt's doch irgendwie und die Show geht\u2026","rel":"","context":"In &quot;AC\/DC&quot;","block_context":{"text":"AC\/DC","link":"http:\/\/www.rockpixx.com\/wordpress\/category\/acts\/tributebands\/acdc\/"},"img":{"alt_text":"Barock, 19.01.2008, Soest, Stadthalle","src":"https:\/\/i0.wp.com\/www.rockpixx.com\/wordpress\/wp-content\/uploads\/2008\/01\/20080119-barock-Artikel.jpg?resize=350%2C200","width":350,"height":200,"srcset":"https:\/\/i0.wp.com\/www.rockpixx.com\/wordpress\/wp-content\/uploads\/2008\/01\/20080119-barock-Artikel.jpg?resize=350%2C200 1x, https:\/\/i0.wp.com\/www.rockpixx.com\/wordpress\/wp-content\/uploads\/2008\/01\/20080119-barock-Artikel.jpg?resize=525%2C300 1.5x, https:\/\/i0.wp.com\/www.rockpixx.com\/wordpress\/wp-content\/uploads\/2008\/01\/20080119-barock-Artikel.jpg?resize=700%2C400 2x"},"classes":[]},{"id":8396,"url":"http:\/\/www.rockpixx.com\/wordpress\/barock-21-01-2012-soest-stadthalle\/","url_meta":{"origin":7556,"position":3},"title":"Barock, 21.01.2012, Soest, Stadthalle","author":"Anja","date":"21. Januar 2012","format":false,"excerpt":"Und dann wieder die winterliche Kult-Veranstaltung in der Soester Stadthalle: Barock! Ausverkauft wie immer in den letzten Jahren und ein begeistertes Publikum, welches schon ab dem ersten Song (dieses Mal \u201eThunderstruck\u201c) voll mitgeht. Auch hier gab es wieder ein geteiltes Set: Grant Foster aus London er\u00f6ffnete als Brian Johnson den\u2026","rel":"","context":"In &quot;AC\/DC&quot;","block_context":{"text":"AC\/DC","link":"http:\/\/www.rockpixx.com\/wordpress\/category\/acts\/tributebands\/acdc\/"},"img":{"alt_text":"Barock, 21.01.2012, Soest, Stadthalle","src":"https:\/\/i0.wp.com\/www.rockpixx.com\/wordpress\/wp-content\/uploads\/2013\/02\/20120121-02-barock-Artikel.jpg?resize=350%2C200","width":350,"height":200,"srcset":"https:\/\/i0.wp.com\/www.rockpixx.com\/wordpress\/wp-content\/uploads\/2013\/02\/20120121-02-barock-Artikel.jpg?resize=350%2C200 1x, https:\/\/i0.wp.com\/www.rockpixx.com\/wordpress\/wp-content\/uploads\/2013\/02\/20120121-02-barock-Artikel.jpg?resize=525%2C300 1.5x, https:\/\/i0.wp.com\/www.rockpixx.com\/wordpress\/wp-content\/uploads\/2013\/02\/20120121-02-barock-Artikel.jpg?resize=700%2C400 2x"},"classes":[]},{"id":6084,"url":"http:\/\/www.rockpixx.com\/wordpress\/barock-15-01-2010-beverungen-stadthalle\/","url_meta":{"origin":7556,"position":4},"title":"Barock, 15.01.2010, Beverungen, Stadthalle","author":"Anja","date":"15. Januar 2010","format":false,"excerpt":"Mein Start ins Jahr 2010 beginnt mit einem Teilst\u00fcck der diesj\u00e4hrigen Wintertour von \u201eBarock\u201c. Die Stadthalle von Beverungen ist restlos ausverkauft, die letzten spontanen Besucher erhalten an der Abendkasse noch \u201eNotkarten\u201c und nach den \u201eElektroboys\u201c geht's dann los. Zwei \u00c4nderungen fallen auf: Erstens ist das Intro jetzt nicht mehr von\u2026","rel":"","context":"In &quot;AC\/DC&quot;","block_context":{"text":"AC\/DC","link":"http:\/\/www.rockpixx.com\/wordpress\/category\/acts\/tributebands\/acdc\/"},"img":{"alt_text":"Barock, 15.01.2010, Beverungen, Stadthalle","src":"https:\/\/i0.wp.com\/www.rockpixx.com\/wordpress\/wp-content\/uploads\/2013\/01\/20100115-02-barock-Artikel.jpg?resize=350%2C200","width":350,"height":200,"srcset":"https:\/\/i0.wp.com\/www.rockpixx.com\/wordpress\/wp-content\/uploads\/2013\/01\/20100115-02-barock-Artikel.jpg?resize=350%2C200 1x, https:\/\/i0.wp.com\/www.rockpixx.com\/wordpress\/wp-content\/uploads\/2013\/01\/20100115-02-barock-Artikel.jpg?resize=525%2C300 1.5x, https:\/\/i0.wp.com\/www.rockpixx.com\/wordpress\/wp-content\/uploads\/2013\/01\/20100115-02-barock-Artikel.jpg?resize=700%2C400 2x"},"classes":[]},{"id":6115,"url":"http:\/\/www.rockpixx.com\/wordpress\/barock-16-01-2010-soest-stadthalle\/","url_meta":{"origin":7556,"position":5},"title":"Barock, 16.01.2010, Soest, Stadthalle","author":"Anja","date":"16. Januar 2010","format":false,"excerpt":"Ich habe schon viele Gigs von \u201eBarock\u201c fotografiert, aber noch nie die rote Uniform von \u201eAngus\u201c vor den Kameras gehabt \u2013 bis zu diesem Datum. Mir gef\u00e4llt sie deutlich besser als die beiden anderen und auch die jeweilige Gitarre kommt dadurch besser zur Geltung. Da dieses Mal das Frontlicht auch\u2026","rel":"","context":"In &quot;AC\/DC&quot;","block_context":{"text":"AC\/DC","link":"http:\/\/www.rockpixx.com\/wordpress\/category\/acts\/tributebands\/acdc\/"},"img":{"alt_text":"Barock, 16.01.2010, Soest, Stadthalle","src":"https:\/\/i0.wp.com\/www.rockpixx.com\/wordpress\/wp-content\/uploads\/2013\/01\/20100116-02-barock-Artikel.jpg?resize=350%2C200","width":350,"height":200,"srcset":"https:\/\/i0.wp.com\/www.rockpixx.com\/wordpress\/wp-content\/uploads\/2013\/01\/20100116-02-barock-Artikel.jpg?resize=350%2C200 1x, https:\/\/i0.wp.com\/www.rockpixx.com\/wordpress\/wp-content\/uploads\/2013\/01\/20100116-02-barock-Artikel.jpg?resize=525%2C300 1.5x, https:\/\/i0.wp.com\/www.rockpixx.com\/wordpress\/wp-content\/uploads\/2013\/01\/20100116-02-barock-Artikel.jpg?resize=700%2C400 2x"},"classes":[]}],"jetpack_sharing_enabled":true,"publishpress_future_action":{"enabled":false,"date":"2026-05-08 15:27:41","action":"change-status","newStatus":"draft","terms":[],"taxonomy":"category","extraData":[]},"publishpress_future_workflow_manual_trigger":{"enabledWorkflows":[]},"_links":{"self":[{"href":"http:\/\/www.rockpixx.com\/wordpress\/wp-json\/wp\/v2\/posts\/7556","targetHints":{"allow":["GET"]}}],"collection":[{"href":"http:\/\/www.rockpixx.com\/wordpress\/wp-json\/wp\/v2\/posts"}],"about":[{"href":"http:\/\/www.rockpixx.com\/wordpress\/wp-json\/wp\/v2\/types\/post"}],"author":[{"embeddable":true,"href":"http:\/\/www.rockpixx.com\/wordpress\/wp-json\/wp\/v2\/users\/2"}],"replies":[{"embeddable":true,"href":"http:\/\/www.rockpixx.com\/wordpress\/wp-json\/wp\/v2\/comments?post=7556"}],"version-history":[{"count":0,"href":"http:\/\/www.rockpixx.com\/wordpress\/wp-json\/wp\/v2\/posts\/7556\/revisions"}],"wp:featuredmedia":[{"embeddable":true,"href":"http:\/\/www.rockpixx.com\/wordpress\/wp-json\/wp\/v2\/media\/7557"}],"wp:attachment":[{"href":"http:\/\/www.rockpixx.com\/wordpress\/wp-json\/wp\/v2\/media?parent=7556"}],"wp:term":[{"taxonomy":"category","embeddable":true,"href":"http:\/\/www.rockpixx.com\/wordpress\/wp-json\/wp\/v2\/categories?post=7556"},{"taxonomy":"post_tag","embeddable":true,"href":"http:\/\/www.rockpixx.com\/wordpress\/wp-json\/wp\/v2\/tags?post=7556"}],"curies":[{"name":"wp","href":"https:\/\/api.w.org\/{rel}","templated":true}]}}