{"id":7598,"date":"2011-04-20T01:00:49","date_gmt":"2011-04-20T00:00:49","guid":{"rendered":"http:\/\/rockpixx.com\/wordpress\/?p=7598"},"modified":"2019-10-09T18:01:59","modified_gmt":"2019-10-09T17:01:59","slug":"brit-floyd-20-04-2011-london-gb-royal-albert-hall","status":"publish","type":"post","link":"http:\/\/www.rockpixx.com\/wordpress\/brit-floyd-20-04-2011-london-gb-royal-albert-hall\/","title":{"rendered":"Brit Floyd, 20.04.2011, London (GB), Royal Albert Hall"},"content":{"rendered":"<p>Ein altehrw\u00fcrdiger Ort, an dem Pink Floyd irgendwann einmal ein lebenslanges Auftrittsverbot kassierten, weil Ihre Pyros einen Teil der Vorh\u00e4nge abfackelten: The Royal Albert Hall im noblen Londoner Stadtteil Kensington. Das war also nun mein Revier, um eine Show von \u201eBrit Floyd \u2013 The British Pink Floyd Show\u201c abzulichten.<!--more--><\/p>\n<p>Nachdem vor einiger Zeit ein Gutteil der Musiker rund um Mastermind Damian Darlington von \u2192\u00a0<a title=\"The Australian Pink Floyd Show\" href=\"http:\/\/rockpixx.com\/wordpress\/?cat=536\">\u201eThe Australian Pink Floyd Show\u201c<\/a> abgewandert und das britische Pendant auf die Beine gestellt hatte, war ich auf den direkten Vergleich gespannt, da ich die \u2192\u00a0<a title=\"The Australian Pink Floyd Show, 16.02.2011, Kempten, BigBOX\" href=\"http:\/\/rockpixx.com\/wordpress\/?p=7569\">\u201eAussiefloyds\u201c bereits im Februar 2011<\/a> vor den Kameras gehabt hatte\u2026<\/p>\n<p>Meine Erwartungen wurden nicht entt\u00e4uscht: Da hat jemand f\u00fcr eine nahezu perfekte Produktion richtig viel Geld in die Hand genommen und dieses Geld auch gut verwendet: Spektakul\u00e4res Licht, ein Sound, bei dem jedes einzelne Instrument und jede Stimme mit geschlossenen Augen dem jeweiligen Standort auf der gigantischen B\u00fchne jederzeit zuzuordnen ist (wenn vielleicht auch ein wenig laut), richtig gute Musiker, die Songs teilweise n\u00e4her am (Vinyl-) Original spielen als die originalen Pink Floyd es auf ihrer letzten Tour 1996 zustande brachten (so geschehen bei <i>\u201eAstronomy Domine\u201c<\/i>), sehr originalgetreue Vocals und ein mehrstimmiger Gesang, der in seiner Form an die sch\u00f6nsten Harmonien von David Gilmuor und Richard Wright selig erinnert. Dazu noch vier Backgrounds\u00e4ngerinnen, von denen eine (Jacquie Williams) besonders heraussticht, da sie die Parts von David Gilmour bei <i>\u201eMother\u201c<\/i> singt und ein aufblasbares Schwein, welches bei <i>\u201ePigs (Three Different Ones)\u201c<\/i> dem Originalschwein ebenfalls zum Verwechseln \u00e4hnlich sieht \u2013 alles das gepaart mit den \u00fcblichen Massen an Moving Heads, \u201eMr. Screen\u201c und neuen aber dennoch vertrauten und gleichsam behutsam entstaubten Filmen begeisterte die (gesch\u00e4tzten) gut 8.000 Zuschauer (fast komplett ausverkauft) von der ersten Minute an.<\/p>\n<p>Mein Fazit: Wer als Pink Floyd Fan noch keine Karte f\u00fcr die im Herbst anstehende Europa-Tournee hat, der sollte ganz schnell sein Sparschwein f\u00fcttern, damit es rechtzeitig schlachtreif ist. Diese Show wird eigentlich nur noch von den originalen Pink Floyd in Teilbereichen \u00fcbertroffen. Und da die Originale nie wieder auf einer B\u00fchne stehen werden (bzw. k\u00f6nnen) gibt es zur Zeit nichts Besseres auf Europas B\u00fchnen zu erleben!<\/p>\n<p style=\"text-align: right;\">Fotos: <a href=\"mailto:info@rockpixx.com?subject=Fotos%20von%20Brit%20Floyd,%20London%20%28GB%29%20%E2%80%9ERoyal%20Albert%20Hall%E2%80%9C,%2020.04.2011\">Alex<\/a> | Text: <a href=\"mailto:info@rockpixx.com?subject=Reviewtext%20von%20Brit%20Floyd,%20London%20%28GB%29%20%E2%80%9ERoyal%20Albert%20Hall%E2%80%9C,%2020.04.2011\">Alex<\/a><\/p>\n<p>\u00a0<\/p>\n<p>\u00a0<\/p>\n\n\n<div class=\"wp-block-jetpack-tiled-gallery aligncenter is-style-rectangular\"><div class=\"tiled-gallery__gallery\"><div class=\"tiled-gallery__row\"><div class=\"tiled-gallery__col\"><figure class=\"tiled-gallery__item\"><img decoding=\"async\" data-attachment-id=\"22342\" data-permalink=\"http:\/\/www.rockpixx.com\/wordpress\/brit-floyd-20-04-2011-royal-albert-hall-london-22\/\" data-orig-file=\"http:\/\/www.rockpixx.com\/wordpress\/wp-content\/uploads\/2019\/10\/20110420-155.jpg\" data-orig-size=\"1000,667\" data-comments-opened=\"0\" data-image-meta=\"{&quot;aperture&quot;:&quot;0&quot;,&quot;credit&quot;:&quot;rockpixx.com | A. Hahl&quot;,&quot;camera&quot;:&quot;&quot;,&quot;caption&quot;:&quot;Brit Floyd, 20.04.2011, Royal Albert Hall, London&quot;,&quot;created_timestamp&quot;:&quot;1303330955&quot;,&quot;copyright&quot;:&quot;rockpixx.com | A. Hahl&quot;,&quot;focal_length&quot;:&quot;0&quot;,&quot;iso&quot;:&quot;0&quot;,&quot;shutter_speed&quot;:&quot;0&quot;,&quot;title&quot;:&quot;Brit Floyd, 20.04.2011, Royal Albert Hall, London&quot;,&quot;orientation&quot;:&quot;0&quot;}\" data-image-title=\"Brit Floyd, 20.04.2011, Royal Albert Hall, London\" data-image-description=\"\" data-image-caption=\"&lt;p&gt;Brit Floyd, 20.04.2011, Royal Albert Hall, London&lt;\/p&gt;\n\" data-large-file=\"http:\/\/www.rockpixx.com\/wordpress\/wp-content\/uploads\/2019\/10\/20110420-155.jpg\" data-attachment-id=\"22342\" data-permalink=\"http:\/\/www.rockpixx.com\/wordpress\/brit-floyd-20-04-2011-royal-albert-hall-london-22\/\" data-orig-file=\"http:\/\/www.rockpixx.com\/wordpress\/wp-content\/uploads\/2019\/10\/20110420-155.jpg\" data-orig-size=\"1000,667\" data-comments-opened=\"0\" data-image-meta=\"{&quot;aperture&quot;:&quot;0&quot;,&quot;credit&quot;:&quot;rockpixx.com | A. Hahl&quot;,&quot;camera&quot;:&quot;&quot;,&quot;caption&quot;:&quot;Brit Floyd, 20.04.2011, Royal Albert Hall, London&quot;,&quot;created_timestamp&quot;:&quot;1303330955&quot;,&quot;copyright&quot;:&quot;rockpixx.com | A. Hahl&quot;,&quot;focal_length&quot;:&quot;0&quot;,&quot;iso&quot;:&quot;0&quot;,&quot;shutter_speed&quot;:&quot;0&quot;,&quot;title&quot;:&quot;Brit Floyd, 20.04.2011, Royal Albert Hall, London&quot;,&quot;orientation&quot;:&quot;0&quot;}\" data-image-title=\"Brit Floyd, 20.04.2011, Royal Albert Hall, London\" data-image-description=\"\" data-image-caption=\"&lt;p&gt;Brit Floyd, 20.04.2011, Royal Albert Hall, London&lt;\/p&gt;\n\" data-large-file=\"http:\/\/www.rockpixx.com\/wordpress\/wp-content\/uploads\/2019\/10\/20110420-155.jpg\" role=\"button\" tabindex=\"0\" aria-label=\"Bild\u00a01 von 21 im Vollbildmodus \u00f6ffnen\"srcset=\"https:\/\/i1.wp.com\/www.rockpixx.com\/wordpress\/wp-content\/uploads\/2019\/10\/20110420-155.jpg?strip=info&#038;w=600 600w,https:\/\/i1.wp.com\/www.rockpixx.com\/wordpress\/wp-content\/uploads\/2019\/10\/20110420-155.jpg?strip=info&#038;w=900 900w,https:\/\/i1.wp.com\/www.rockpixx.com\/wordpress\/wp-content\/uploads\/2019\/10\/20110420-155.jpg?strip=info&#038;w=1000 1000w\" alt=\"\" data-height=\"667\" data-id=\"22342\" data-link=\"http:\/\/www.rockpixx.com\/wordpress\/brit-floyd-20-04-2011-royal-albert-hall-london-22\/\" data-url=\"http:\/\/www.rockpixx.com\/wordpress\/wp-content\/uploads\/2019\/10\/20110420-155.jpg\" data-width=\"1000\" src=\"https:\/\/i1.wp.com\/www.rockpixx.com\/wordpress\/wp-content\/uploads\/2019\/10\/20110420-155.jpg\"\/><\/figure><\/div><div class=\"tiled-gallery__col\"><figure class=\"tiled-gallery__item\"><img decoding=\"async\" data-attachment-id=\"22322\" data-permalink=\"http:\/\/www.rockpixx.com\/wordpress\/brit-floyd-20-04-2011-royal-albert-hall-london-2\/\" data-orig-file=\"http:\/\/www.rockpixx.com\/wordpress\/wp-content\/uploads\/2019\/10\/20110420-012.jpg\" data-orig-size=\"1000,667\" data-comments-opened=\"0\" data-image-meta=\"{&quot;aperture&quot;:&quot;0&quot;,&quot;credit&quot;:&quot;rockpixx.com | A. Hahl&quot;,&quot;camera&quot;:&quot;&quot;,&quot;caption&quot;:&quot;Brit Floyd, 20.04.2011, Royal Albert Hall, London&quot;,&quot;created_timestamp&quot;:&quot;1303330274&quot;,&quot;copyright&quot;:&quot;rockpixx.com | A. Hahl&quot;,&quot;focal_length&quot;:&quot;0&quot;,&quot;iso&quot;:&quot;0&quot;,&quot;shutter_speed&quot;:&quot;0&quot;,&quot;title&quot;:&quot;Brit Floyd, 20.04.2011, Royal Albert Hall, London&quot;,&quot;orientation&quot;:&quot;0&quot;}\" data-image-title=\"Brit Floyd, 20.04.2011, Royal Albert Hall, London\" data-image-description=\"\" data-image-caption=\"&lt;p&gt;Brit Floyd, 20.04.2011, Royal Albert Hall, London&lt;\/p&gt;\n\" data-large-file=\"http:\/\/www.rockpixx.com\/wordpress\/wp-content\/uploads\/2019\/10\/20110420-012.jpg\" data-attachment-id=\"22322\" data-permalink=\"http:\/\/www.rockpixx.com\/wordpress\/brit-floyd-20-04-2011-royal-albert-hall-london-2\/\" data-orig-file=\"http:\/\/www.rockpixx.com\/wordpress\/wp-content\/uploads\/2019\/10\/20110420-012.jpg\" data-orig-size=\"1000,667\" data-comments-opened=\"0\" data-image-meta=\"{&quot;aperture&quot;:&quot;0&quot;,&quot;credit&quot;:&quot;rockpixx.com | A. Hahl&quot;,&quot;camera&quot;:&quot;&quot;,&quot;caption&quot;:&quot;Brit Floyd, 20.04.2011, Royal Albert Hall, London&quot;,&quot;created_timestamp&quot;:&quot;1303330274&quot;,&quot;copyright&quot;:&quot;rockpixx.com | A. Hahl&quot;,&quot;focal_length&quot;:&quot;0&quot;,&quot;iso&quot;:&quot;0&quot;,&quot;shutter_speed&quot;:&quot;0&quot;,&quot;title&quot;:&quot;Brit Floyd, 20.04.2011, Royal Albert Hall, London&quot;,&quot;orientation&quot;:&quot;0&quot;}\" data-image-title=\"Brit Floyd, 20.04.2011, Royal Albert Hall, London\" data-image-description=\"\" data-image-caption=\"&lt;p&gt;Brit Floyd, 20.04.2011, Royal Albert Hall, London&lt;\/p&gt;\n\" data-large-file=\"http:\/\/www.rockpixx.com\/wordpress\/wp-content\/uploads\/2019\/10\/20110420-012.jpg\" role=\"button\" tabindex=\"0\" aria-label=\"Bild\u00a02 von 21 im Vollbildmodus \u00f6ffnen\"srcset=\"https:\/\/i2.wp.com\/www.rockpixx.com\/wordpress\/wp-content\/uploads\/2019\/10\/20110420-012.jpg?strip=info&#038;w=600 600w,https:\/\/i2.wp.com\/www.rockpixx.com\/wordpress\/wp-content\/uploads\/2019\/10\/20110420-012.jpg?strip=info&#038;w=900 900w,https:\/\/i2.wp.com\/www.rockpixx.com\/wordpress\/wp-content\/uploads\/2019\/10\/20110420-012.jpg?strip=info&#038;w=1000 1000w\" alt=\"\" data-height=\"667\" data-id=\"22322\" data-link=\"http:\/\/www.rockpixx.com\/wordpress\/brit-floyd-20-04-2011-royal-albert-hall-london-2\/\" data-url=\"http:\/\/www.rockpixx.com\/wordpress\/wp-content\/uploads\/2019\/10\/20110420-012.jpg\" data-width=\"1000\" src=\"https:\/\/i2.wp.com\/www.rockpixx.com\/wordpress\/wp-content\/uploads\/2019\/10\/20110420-012.jpg\"\/><\/figure><figure class=\"tiled-gallery__item\"><img decoding=\"async\" data-attachment-id=\"22341\" data-permalink=\"http:\/\/www.rockpixx.com\/wordpress\/brit-floyd-20-04-2011-royal-albert-hall-london-21\/\" data-orig-file=\"http:\/\/www.rockpixx.com\/wordpress\/wp-content\/uploads\/2019\/10\/20110420-153.jpg\" data-orig-size=\"1000,667\" data-comments-opened=\"0\" data-image-meta=\"{&quot;aperture&quot;:&quot;0&quot;,&quot;credit&quot;:&quot;rockpixx.com | A. Hahl&quot;,&quot;camera&quot;:&quot;&quot;,&quot;caption&quot;:&quot;Brit Floyd, 20.04.2011, Royal Albert Hall, London&quot;,&quot;created_timestamp&quot;:&quot;1303330945&quot;,&quot;copyright&quot;:&quot;rockpixx.com | A. Hahl&quot;,&quot;focal_length&quot;:&quot;0&quot;,&quot;iso&quot;:&quot;0&quot;,&quot;shutter_speed&quot;:&quot;0&quot;,&quot;title&quot;:&quot;Brit Floyd, 20.04.2011, Royal Albert Hall, London&quot;,&quot;orientation&quot;:&quot;0&quot;}\" data-image-title=\"Brit Floyd, 20.04.2011, Royal Albert Hall, London\" data-image-description=\"\" data-image-caption=\"&lt;p&gt;Brit Floyd, 20.04.2011, Royal Albert Hall, London&lt;\/p&gt;\n\" data-large-file=\"http:\/\/www.rockpixx.com\/wordpress\/wp-content\/uploads\/2019\/10\/20110420-153.jpg\" data-attachment-id=\"22341\" data-permalink=\"http:\/\/www.rockpixx.com\/wordpress\/brit-floyd-20-04-2011-royal-albert-hall-london-21\/\" data-orig-file=\"http:\/\/www.rockpixx.com\/wordpress\/wp-content\/uploads\/2019\/10\/20110420-153.jpg\" data-orig-size=\"1000,667\" data-comments-opened=\"0\" data-image-meta=\"{&quot;aperture&quot;:&quot;0&quot;,&quot;credit&quot;:&quot;rockpixx.com | A. Hahl&quot;,&quot;camera&quot;:&quot;&quot;,&quot;caption&quot;:&quot;Brit Floyd, 20.04.2011, Royal Albert Hall, London&quot;,&quot;created_timestamp&quot;:&quot;1303330945&quot;,&quot;copyright&quot;:&quot;rockpixx.com | A. Hahl&quot;,&quot;focal_length&quot;:&quot;0&quot;,&quot;iso&quot;:&quot;0&quot;,&quot;shutter_speed&quot;:&quot;0&quot;,&quot;title&quot;:&quot;Brit Floyd, 20.04.2011, Royal Albert Hall, London&quot;,&quot;orientation&quot;:&quot;0&quot;}\" data-image-title=\"Brit Floyd, 20.04.2011, Royal Albert Hall, London\" data-image-description=\"\" data-image-caption=\"&lt;p&gt;Brit Floyd, 20.04.2011, Royal Albert Hall, London&lt;\/p&gt;\n\" data-large-file=\"http:\/\/www.rockpixx.com\/wordpress\/wp-content\/uploads\/2019\/10\/20110420-153.jpg\" role=\"button\" tabindex=\"0\" aria-label=\"Bild\u00a03 von 21 im Vollbildmodus \u00f6ffnen\"srcset=\"https:\/\/i1.wp.com\/www.rockpixx.com\/wordpress\/wp-content\/uploads\/2019\/10\/20110420-153.jpg?strip=info&#038;w=600 600w,https:\/\/i1.wp.com\/www.rockpixx.com\/wordpress\/wp-content\/uploads\/2019\/10\/20110420-153.jpg?strip=info&#038;w=900 900w,https:\/\/i1.wp.com\/www.rockpixx.com\/wordpress\/wp-content\/uploads\/2019\/10\/20110420-153.jpg?strip=info&#038;w=1000 1000w\" alt=\"\" data-height=\"667\" data-id=\"22341\" data-link=\"http:\/\/www.rockpixx.com\/wordpress\/brit-floyd-20-04-2011-royal-albert-hall-london-21\/\" data-url=\"http:\/\/www.rockpixx.com\/wordpress\/wp-content\/uploads\/2019\/10\/20110420-153.jpg\" data-width=\"1000\" src=\"https:\/\/i1.wp.com\/www.rockpixx.com\/wordpress\/wp-content\/uploads\/2019\/10\/20110420-153.jpg\"\/><\/figure><\/div><\/div><div class=\"tiled-gallery__row\"><div class=\"tiled-gallery__col\"><figure class=\"tiled-gallery__item\"><img decoding=\"async\" data-attachment-id=\"22340\" data-permalink=\"http:\/\/www.rockpixx.com\/wordpress\/brit-floyd-20-04-2011-royal-albert-hall-london-20\/\" data-orig-file=\"http:\/\/www.rockpixx.com\/wordpress\/wp-content\/uploads\/2019\/10\/20110420-148.jpg\" data-orig-size=\"1000,667\" data-comments-opened=\"0\" data-image-meta=\"{&quot;aperture&quot;:&quot;0&quot;,&quot;credit&quot;:&quot;rockpixx.com | A. Hahl&quot;,&quot;camera&quot;:&quot;&quot;,&quot;caption&quot;:&quot;Brit Floyd, 20.04.2011, Royal Albert Hall, London&quot;,&quot;created_timestamp&quot;:&quot;1303330513&quot;,&quot;copyright&quot;:&quot;rockpixx.com | A. Hahl&quot;,&quot;focal_length&quot;:&quot;0&quot;,&quot;iso&quot;:&quot;0&quot;,&quot;shutter_speed&quot;:&quot;0&quot;,&quot;title&quot;:&quot;Brit Floyd, 20.04.2011, Royal Albert Hall, London&quot;,&quot;orientation&quot;:&quot;0&quot;}\" data-image-title=\"Brit Floyd, 20.04.2011, Royal Albert Hall, London\" data-image-description=\"\" data-image-caption=\"&lt;p&gt;Brit Floyd, 20.04.2011, Royal Albert Hall, London&lt;\/p&gt;\n\" data-large-file=\"http:\/\/www.rockpixx.com\/wordpress\/wp-content\/uploads\/2019\/10\/20110420-148.jpg\" data-attachment-id=\"22340\" data-permalink=\"http:\/\/www.rockpixx.com\/wordpress\/brit-floyd-20-04-2011-royal-albert-hall-london-20\/\" data-orig-file=\"http:\/\/www.rockpixx.com\/wordpress\/wp-content\/uploads\/2019\/10\/20110420-148.jpg\" data-orig-size=\"1000,667\" data-comments-opened=\"0\" data-image-meta=\"{&quot;aperture&quot;:&quot;0&quot;,&quot;credit&quot;:&quot;rockpixx.com | A. Hahl&quot;,&quot;camera&quot;:&quot;&quot;,&quot;caption&quot;:&quot;Brit Floyd, 20.04.2011, Royal Albert Hall, London&quot;,&quot;created_timestamp&quot;:&quot;1303330513&quot;,&quot;copyright&quot;:&quot;rockpixx.com | A. Hahl&quot;,&quot;focal_length&quot;:&quot;0&quot;,&quot;iso&quot;:&quot;0&quot;,&quot;shutter_speed&quot;:&quot;0&quot;,&quot;title&quot;:&quot;Brit Floyd, 20.04.2011, Royal Albert Hall, London&quot;,&quot;orientation&quot;:&quot;0&quot;}\" data-image-title=\"Brit Floyd, 20.04.2011, Royal Albert Hall, London\" data-image-description=\"\" data-image-caption=\"&lt;p&gt;Brit Floyd, 20.04.2011, Royal Albert Hall, London&lt;\/p&gt;\n\" data-large-file=\"http:\/\/www.rockpixx.com\/wordpress\/wp-content\/uploads\/2019\/10\/20110420-148.jpg\" role=\"button\" tabindex=\"0\" aria-label=\"Bild\u00a04 von 21 im Vollbildmodus \u00f6ffnen\"srcset=\"https:\/\/i1.wp.com\/www.rockpixx.com\/wordpress\/wp-content\/uploads\/2019\/10\/20110420-148.jpg?strip=info&#038;w=600 600w,https:\/\/i1.wp.com\/www.rockpixx.com\/wordpress\/wp-content\/uploads\/2019\/10\/20110420-148.jpg?strip=info&#038;w=900 900w,https:\/\/i1.wp.com\/www.rockpixx.com\/wordpress\/wp-content\/uploads\/2019\/10\/20110420-148.jpg?strip=info&#038;w=1000 1000w\" alt=\"\" data-height=\"667\" data-id=\"22340\" data-link=\"http:\/\/www.rockpixx.com\/wordpress\/brit-floyd-20-04-2011-royal-albert-hall-london-20\/\" data-url=\"http:\/\/www.rockpixx.com\/wordpress\/wp-content\/uploads\/2019\/10\/20110420-148.jpg\" data-width=\"1000\" src=\"https:\/\/i1.wp.com\/www.rockpixx.com\/wordpress\/wp-content\/uploads\/2019\/10\/20110420-148.jpg\"\/><\/figure><\/div><div class=\"tiled-gallery__col\"><figure class=\"tiled-gallery__item\"><img decoding=\"async\" data-attachment-id=\"22339\" data-permalink=\"http:\/\/www.rockpixx.com\/wordpress\/brit-floyd-20-04-2011-royal-albert-hall-london-19\/\" data-orig-file=\"http:\/\/www.rockpixx.com\/wordpress\/wp-content\/uploads\/2019\/10\/20110420-145.jpg\" data-orig-size=\"1000,667\" data-comments-opened=\"0\" data-image-meta=\"{&quot;aperture&quot;:&quot;0&quot;,&quot;credit&quot;:&quot;rockpixx.com | A. Hahl&quot;,&quot;camera&quot;:&quot;&quot;,&quot;caption&quot;:&quot;Brit Floyd, 20.04.2011, Royal Albert Hall, London&quot;,&quot;created_timestamp&quot;:&quot;1303330504&quot;,&quot;copyright&quot;:&quot;rockpixx.com | A. Hahl&quot;,&quot;focal_length&quot;:&quot;0&quot;,&quot;iso&quot;:&quot;0&quot;,&quot;shutter_speed&quot;:&quot;0&quot;,&quot;title&quot;:&quot;Brit Floyd, 20.04.2011, Royal Albert Hall, London&quot;,&quot;orientation&quot;:&quot;0&quot;}\" data-image-title=\"Brit Floyd, 20.04.2011, Royal Albert Hall, London\" data-image-description=\"\" data-image-caption=\"&lt;p&gt;Brit Floyd, 20.04.2011, Royal Albert Hall, London&lt;\/p&gt;\n\" data-large-file=\"http:\/\/www.rockpixx.com\/wordpress\/wp-content\/uploads\/2019\/10\/20110420-145.jpg\" data-attachment-id=\"22339\" data-permalink=\"http:\/\/www.rockpixx.com\/wordpress\/brit-floyd-20-04-2011-royal-albert-hall-london-19\/\" data-orig-file=\"http:\/\/www.rockpixx.com\/wordpress\/wp-content\/uploads\/2019\/10\/20110420-145.jpg\" data-orig-size=\"1000,667\" data-comments-opened=\"0\" data-image-meta=\"{&quot;aperture&quot;:&quot;0&quot;,&quot;credit&quot;:&quot;rockpixx.com | A. Hahl&quot;,&quot;camera&quot;:&quot;&quot;,&quot;caption&quot;:&quot;Brit Floyd, 20.04.2011, Royal Albert Hall, London&quot;,&quot;created_timestamp&quot;:&quot;1303330504&quot;,&quot;copyright&quot;:&quot;rockpixx.com | A. Hahl&quot;,&quot;focal_length&quot;:&quot;0&quot;,&quot;iso&quot;:&quot;0&quot;,&quot;shutter_speed&quot;:&quot;0&quot;,&quot;title&quot;:&quot;Brit Floyd, 20.04.2011, Royal Albert Hall, London&quot;,&quot;orientation&quot;:&quot;0&quot;}\" data-image-title=\"Brit Floyd, 20.04.2011, Royal Albert Hall, London\" data-image-description=\"\" data-image-caption=\"&lt;p&gt;Brit Floyd, 20.04.2011, Royal Albert Hall, London&lt;\/p&gt;\n\" data-large-file=\"http:\/\/www.rockpixx.com\/wordpress\/wp-content\/uploads\/2019\/10\/20110420-145.jpg\" role=\"button\" tabindex=\"0\" aria-label=\"Bild\u00a05 von 21 im Vollbildmodus \u00f6ffnen\"srcset=\"https:\/\/i2.wp.com\/www.rockpixx.com\/wordpress\/wp-content\/uploads\/2019\/10\/20110420-145.jpg?strip=info&#038;w=600 600w,https:\/\/i2.wp.com\/www.rockpixx.com\/wordpress\/wp-content\/uploads\/2019\/10\/20110420-145.jpg?strip=info&#038;w=900 900w,https:\/\/i2.wp.com\/www.rockpixx.com\/wordpress\/wp-content\/uploads\/2019\/10\/20110420-145.jpg?strip=info&#038;w=1000 1000w\" alt=\"\" data-height=\"667\" data-id=\"22339\" data-link=\"http:\/\/www.rockpixx.com\/wordpress\/brit-floyd-20-04-2011-royal-albert-hall-london-19\/\" data-url=\"http:\/\/www.rockpixx.com\/wordpress\/wp-content\/uploads\/2019\/10\/20110420-145.jpg\" data-width=\"1000\" src=\"https:\/\/i2.wp.com\/www.rockpixx.com\/wordpress\/wp-content\/uploads\/2019\/10\/20110420-145.jpg\"\/><\/figure><\/div><div class=\"tiled-gallery__col\"><figure class=\"tiled-gallery__item\"><img decoding=\"async\" data-attachment-id=\"22338\" data-permalink=\"http:\/\/www.rockpixx.com\/wordpress\/brit-floyd-20-04-2011-royal-albert-hall-london-18\/\" data-orig-file=\"http:\/\/www.rockpixx.com\/wordpress\/wp-content\/uploads\/2019\/10\/20110420-140.jpg\" data-orig-size=\"1000,667\" data-comments-opened=\"0\" data-image-meta=\"{&quot;aperture&quot;:&quot;0&quot;,&quot;credit&quot;:&quot;rockpixx.com | A. Hahl&quot;,&quot;camera&quot;:&quot;&quot;,&quot;caption&quot;:&quot;Brit Floyd, 20.04.2011, Royal Albert Hall, London&quot;,&quot;created_timestamp&quot;:&quot;1303330417&quot;,&quot;copyright&quot;:&quot;rockpixx.com | A. Hahl&quot;,&quot;focal_length&quot;:&quot;0&quot;,&quot;iso&quot;:&quot;0&quot;,&quot;shutter_speed&quot;:&quot;0&quot;,&quot;title&quot;:&quot;Brit Floyd, 20.04.2011, Royal Albert Hall, London&quot;,&quot;orientation&quot;:&quot;0&quot;}\" data-image-title=\"Brit Floyd, 20.04.2011, Royal Albert Hall, London\" data-image-description=\"\" data-image-caption=\"&lt;p&gt;Brit Floyd, 20.04.2011, Royal Albert Hall, London&lt;\/p&gt;\n\" data-large-file=\"http:\/\/www.rockpixx.com\/wordpress\/wp-content\/uploads\/2019\/10\/20110420-140.jpg\" data-attachment-id=\"22338\" data-permalink=\"http:\/\/www.rockpixx.com\/wordpress\/brit-floyd-20-04-2011-royal-albert-hall-london-18\/\" data-orig-file=\"http:\/\/www.rockpixx.com\/wordpress\/wp-content\/uploads\/2019\/10\/20110420-140.jpg\" data-orig-size=\"1000,667\" data-comments-opened=\"0\" data-image-meta=\"{&quot;aperture&quot;:&quot;0&quot;,&quot;credit&quot;:&quot;rockpixx.com | A. Hahl&quot;,&quot;camera&quot;:&quot;&quot;,&quot;caption&quot;:&quot;Brit Floyd, 20.04.2011, Royal Albert Hall, London&quot;,&quot;created_timestamp&quot;:&quot;1303330417&quot;,&quot;copyright&quot;:&quot;rockpixx.com | A. Hahl&quot;,&quot;focal_length&quot;:&quot;0&quot;,&quot;iso&quot;:&quot;0&quot;,&quot;shutter_speed&quot;:&quot;0&quot;,&quot;title&quot;:&quot;Brit Floyd, 20.04.2011, Royal Albert Hall, London&quot;,&quot;orientation&quot;:&quot;0&quot;}\" data-image-title=\"Brit Floyd, 20.04.2011, Royal Albert Hall, London\" data-image-description=\"\" data-image-caption=\"&lt;p&gt;Brit Floyd, 20.04.2011, Royal Albert Hall, London&lt;\/p&gt;\n\" data-large-file=\"http:\/\/www.rockpixx.com\/wordpress\/wp-content\/uploads\/2019\/10\/20110420-140.jpg\" role=\"button\" tabindex=\"0\" aria-label=\"Bild\u00a06 von 21 im Vollbildmodus \u00f6ffnen\"srcset=\"https:\/\/i2.wp.com\/www.rockpixx.com\/wordpress\/wp-content\/uploads\/2019\/10\/20110420-140.jpg?strip=info&#038;w=600 600w,https:\/\/i2.wp.com\/www.rockpixx.com\/wordpress\/wp-content\/uploads\/2019\/10\/20110420-140.jpg?strip=info&#038;w=900 900w,https:\/\/i2.wp.com\/www.rockpixx.com\/wordpress\/wp-content\/uploads\/2019\/10\/20110420-140.jpg?strip=info&#038;w=1000 1000w\" alt=\"\" data-height=\"667\" data-id=\"22338\" data-link=\"http:\/\/www.rockpixx.com\/wordpress\/brit-floyd-20-04-2011-royal-albert-hall-london-18\/\" data-url=\"http:\/\/www.rockpixx.com\/wordpress\/wp-content\/uploads\/2019\/10\/20110420-140.jpg\" data-width=\"1000\" src=\"https:\/\/i2.wp.com\/www.rockpixx.com\/wordpress\/wp-content\/uploads\/2019\/10\/20110420-140.jpg\"\/><\/figure><\/div><\/div><div class=\"tiled-gallery__row\"><div class=\"tiled-gallery__col\"><figure class=\"tiled-gallery__item\"><img decoding=\"async\" data-attachment-id=\"22337\" data-permalink=\"http:\/\/www.rockpixx.com\/wordpress\/brit-floyd-20-04-2011-royal-albert-hall-london-17\/\" data-orig-file=\"http:\/\/www.rockpixx.com\/wordpress\/wp-content\/uploads\/2019\/10\/20110420-135.jpg\" data-orig-size=\"1000,667\" data-comments-opened=\"0\" data-image-meta=\"{&quot;aperture&quot;:&quot;0&quot;,&quot;credit&quot;:&quot;rockpixx.com | A. Hahl&quot;,&quot;camera&quot;:&quot;&quot;,&quot;caption&quot;:&quot;Brit Floyd, 20.04.2011, Royal Albert Hall, London&quot;,&quot;created_timestamp&quot;:&quot;1303330293&quot;,&quot;copyright&quot;:&quot;rockpixx.com | A. Hahl&quot;,&quot;focal_length&quot;:&quot;0&quot;,&quot;iso&quot;:&quot;0&quot;,&quot;shutter_speed&quot;:&quot;0&quot;,&quot;title&quot;:&quot;Brit Floyd, 20.04.2011, Royal Albert Hall, London&quot;,&quot;orientation&quot;:&quot;0&quot;}\" data-image-title=\"Brit Floyd, 20.04.2011, Royal Albert Hall, London\" data-image-description=\"\" data-image-caption=\"&lt;p&gt;Brit Floyd, 20.04.2011, Royal Albert Hall, London&lt;\/p&gt;\n\" data-large-file=\"http:\/\/www.rockpixx.com\/wordpress\/wp-content\/uploads\/2019\/10\/20110420-135.jpg\" data-attachment-id=\"22337\" data-permalink=\"http:\/\/www.rockpixx.com\/wordpress\/brit-floyd-20-04-2011-royal-albert-hall-london-17\/\" data-orig-file=\"http:\/\/www.rockpixx.com\/wordpress\/wp-content\/uploads\/2019\/10\/20110420-135.jpg\" data-orig-size=\"1000,667\" data-comments-opened=\"0\" data-image-meta=\"{&quot;aperture&quot;:&quot;0&quot;,&quot;credit&quot;:&quot;rockpixx.com | A. Hahl&quot;,&quot;camera&quot;:&quot;&quot;,&quot;caption&quot;:&quot;Brit Floyd, 20.04.2011, Royal Albert Hall, London&quot;,&quot;created_timestamp&quot;:&quot;1303330293&quot;,&quot;copyright&quot;:&quot;rockpixx.com | A. Hahl&quot;,&quot;focal_length&quot;:&quot;0&quot;,&quot;iso&quot;:&quot;0&quot;,&quot;shutter_speed&quot;:&quot;0&quot;,&quot;title&quot;:&quot;Brit Floyd, 20.04.2011, Royal Albert Hall, London&quot;,&quot;orientation&quot;:&quot;0&quot;}\" data-image-title=\"Brit Floyd, 20.04.2011, Royal Albert Hall, London\" data-image-description=\"\" data-image-caption=\"&lt;p&gt;Brit Floyd, 20.04.2011, Royal Albert Hall, London&lt;\/p&gt;\n\" data-large-file=\"http:\/\/www.rockpixx.com\/wordpress\/wp-content\/uploads\/2019\/10\/20110420-135.jpg\" role=\"button\" tabindex=\"0\" aria-label=\"Bild\u00a07 von 21 im Vollbildmodus \u00f6ffnen\"srcset=\"https:\/\/i2.wp.com\/www.rockpixx.com\/wordpress\/wp-content\/uploads\/2019\/10\/20110420-135.jpg?strip=info&#038;w=600 600w,https:\/\/i2.wp.com\/www.rockpixx.com\/wordpress\/wp-content\/uploads\/2019\/10\/20110420-135.jpg?strip=info&#038;w=900 900w,https:\/\/i2.wp.com\/www.rockpixx.com\/wordpress\/wp-content\/uploads\/2019\/10\/20110420-135.jpg?strip=info&#038;w=1000 1000w\" alt=\"\" data-height=\"667\" data-id=\"22337\" data-link=\"http:\/\/www.rockpixx.com\/wordpress\/brit-floyd-20-04-2011-royal-albert-hall-london-17\/\" data-url=\"http:\/\/www.rockpixx.com\/wordpress\/wp-content\/uploads\/2019\/10\/20110420-135.jpg\" data-width=\"1000\" src=\"https:\/\/i2.wp.com\/www.rockpixx.com\/wordpress\/wp-content\/uploads\/2019\/10\/20110420-135.jpg\"\/><\/figure><figure class=\"tiled-gallery__item\"><img decoding=\"async\" data-attachment-id=\"22336\" data-permalink=\"http:\/\/www.rockpixx.com\/wordpress\/brit-floyd-20-04-2011-royal-albert-hall-london-16\/\" data-orig-file=\"http:\/\/www.rockpixx.com\/wordpress\/wp-content\/uploads\/2019\/10\/20110420-124.jpg\" data-orig-size=\"1000,667\" data-comments-opened=\"0\" data-image-meta=\"{&quot;aperture&quot;:&quot;0&quot;,&quot;credit&quot;:&quot;rockpixx.com | A. Hahl&quot;,&quot;camera&quot;:&quot;&quot;,&quot;caption&quot;:&quot;Brit Floyd, 20.04.2011, Royal Albert Hall, London&quot;,&quot;created_timestamp&quot;:&quot;1303330017&quot;,&quot;copyright&quot;:&quot;rockpixx.com | A. Hahl&quot;,&quot;focal_length&quot;:&quot;0&quot;,&quot;iso&quot;:&quot;0&quot;,&quot;shutter_speed&quot;:&quot;0&quot;,&quot;title&quot;:&quot;Brit Floyd, 20.04.2011, Royal Albert Hall, London&quot;,&quot;orientation&quot;:&quot;0&quot;}\" data-image-title=\"Brit Floyd, 20.04.2011, Royal Albert Hall, London\" data-image-description=\"\" data-image-caption=\"&lt;p&gt;Brit Floyd, 20.04.2011, Royal Albert Hall, London&lt;\/p&gt;\n\" data-large-file=\"http:\/\/www.rockpixx.com\/wordpress\/wp-content\/uploads\/2019\/10\/20110420-124.jpg\" data-attachment-id=\"22336\" data-permalink=\"http:\/\/www.rockpixx.com\/wordpress\/brit-floyd-20-04-2011-royal-albert-hall-london-16\/\" data-orig-file=\"http:\/\/www.rockpixx.com\/wordpress\/wp-content\/uploads\/2019\/10\/20110420-124.jpg\" data-orig-size=\"1000,667\" data-comments-opened=\"0\" data-image-meta=\"{&quot;aperture&quot;:&quot;0&quot;,&quot;credit&quot;:&quot;rockpixx.com | A. Hahl&quot;,&quot;camera&quot;:&quot;&quot;,&quot;caption&quot;:&quot;Brit Floyd, 20.04.2011, Royal Albert Hall, London&quot;,&quot;created_timestamp&quot;:&quot;1303330017&quot;,&quot;copyright&quot;:&quot;rockpixx.com | A. Hahl&quot;,&quot;focal_length&quot;:&quot;0&quot;,&quot;iso&quot;:&quot;0&quot;,&quot;shutter_speed&quot;:&quot;0&quot;,&quot;title&quot;:&quot;Brit Floyd, 20.04.2011, Royal Albert Hall, London&quot;,&quot;orientation&quot;:&quot;0&quot;}\" data-image-title=\"Brit Floyd, 20.04.2011, Royal Albert Hall, London\" data-image-description=\"\" data-image-caption=\"&lt;p&gt;Brit Floyd, 20.04.2011, Royal Albert Hall, London&lt;\/p&gt;\n\" data-large-file=\"http:\/\/www.rockpixx.com\/wordpress\/wp-content\/uploads\/2019\/10\/20110420-124.jpg\" role=\"button\" tabindex=\"0\" aria-label=\"Bild\u00a08 von 21 im Vollbildmodus \u00f6ffnen\"srcset=\"https:\/\/i1.wp.com\/www.rockpixx.com\/wordpress\/wp-content\/uploads\/2019\/10\/20110420-124.jpg?strip=info&#038;w=600 600w,https:\/\/i1.wp.com\/www.rockpixx.com\/wordpress\/wp-content\/uploads\/2019\/10\/20110420-124.jpg?strip=info&#038;w=900 900w,https:\/\/i1.wp.com\/www.rockpixx.com\/wordpress\/wp-content\/uploads\/2019\/10\/20110420-124.jpg?strip=info&#038;w=1000 1000w\" alt=\"\" data-height=\"667\" data-id=\"22336\" data-link=\"http:\/\/www.rockpixx.com\/wordpress\/brit-floyd-20-04-2011-royal-albert-hall-london-16\/\" data-url=\"http:\/\/www.rockpixx.com\/wordpress\/wp-content\/uploads\/2019\/10\/20110420-124.jpg\" data-width=\"1000\" src=\"https:\/\/i1.wp.com\/www.rockpixx.com\/wordpress\/wp-content\/uploads\/2019\/10\/20110420-124.jpg\"\/><\/figure><\/div><div class=\"tiled-gallery__col\"><figure class=\"tiled-gallery__item\"><img decoding=\"async\" data-attachment-id=\"22335\" data-permalink=\"http:\/\/www.rockpixx.com\/wordpress\/brit-floyd-20-04-2011-royal-albert-hall-london-15\/\" data-orig-file=\"http:\/\/www.rockpixx.com\/wordpress\/wp-content\/uploads\/2019\/10\/20110420-108.jpg\" data-orig-size=\"1000,667\" data-comments-opened=\"0\" data-image-meta=\"{&quot;aperture&quot;:&quot;0&quot;,&quot;credit&quot;:&quot;rockpixx.com | A. Hahl&quot;,&quot;camera&quot;:&quot;&quot;,&quot;caption&quot;:&quot;Brit Floyd, 20.04.2011, Royal Albert Hall, London&quot;,&quot;created_timestamp&quot;:&quot;1303331220&quot;,&quot;copyright&quot;:&quot;rockpixx.com | A. Hahl&quot;,&quot;focal_length&quot;:&quot;0&quot;,&quot;iso&quot;:&quot;0&quot;,&quot;shutter_speed&quot;:&quot;0&quot;,&quot;title&quot;:&quot;Brit Floyd, 20.04.2011, Royal Albert Hall, London&quot;,&quot;orientation&quot;:&quot;0&quot;}\" data-image-title=\"Brit Floyd, 20.04.2011, Royal Albert Hall, London\" data-image-description=\"\" data-image-caption=\"&lt;p&gt;Brit Floyd, 20.04.2011, Royal Albert Hall, London&lt;\/p&gt;\n\" data-large-file=\"http:\/\/www.rockpixx.com\/wordpress\/wp-content\/uploads\/2019\/10\/20110420-108.jpg\" data-attachment-id=\"22335\" data-permalink=\"http:\/\/www.rockpixx.com\/wordpress\/brit-floyd-20-04-2011-royal-albert-hall-london-15\/\" data-orig-file=\"http:\/\/www.rockpixx.com\/wordpress\/wp-content\/uploads\/2019\/10\/20110420-108.jpg\" data-orig-size=\"1000,667\" data-comments-opened=\"0\" data-image-meta=\"{&quot;aperture&quot;:&quot;0&quot;,&quot;credit&quot;:&quot;rockpixx.com | A. Hahl&quot;,&quot;camera&quot;:&quot;&quot;,&quot;caption&quot;:&quot;Brit Floyd, 20.04.2011, Royal Albert Hall, London&quot;,&quot;created_timestamp&quot;:&quot;1303331220&quot;,&quot;copyright&quot;:&quot;rockpixx.com | A. Hahl&quot;,&quot;focal_length&quot;:&quot;0&quot;,&quot;iso&quot;:&quot;0&quot;,&quot;shutter_speed&quot;:&quot;0&quot;,&quot;title&quot;:&quot;Brit Floyd, 20.04.2011, Royal Albert Hall, London&quot;,&quot;orientation&quot;:&quot;0&quot;}\" data-image-title=\"Brit Floyd, 20.04.2011, Royal Albert Hall, London\" data-image-description=\"\" data-image-caption=\"&lt;p&gt;Brit Floyd, 20.04.2011, Royal Albert Hall, London&lt;\/p&gt;\n\" data-large-file=\"http:\/\/www.rockpixx.com\/wordpress\/wp-content\/uploads\/2019\/10\/20110420-108.jpg\" role=\"button\" tabindex=\"0\" aria-label=\"Bild\u00a09 von 21 im Vollbildmodus \u00f6ffnen\"srcset=\"https:\/\/i1.wp.com\/www.rockpixx.com\/wordpress\/wp-content\/uploads\/2019\/10\/20110420-108.jpg?strip=info&#038;w=600 600w,https:\/\/i1.wp.com\/www.rockpixx.com\/wordpress\/wp-content\/uploads\/2019\/10\/20110420-108.jpg?strip=info&#038;w=900 900w,https:\/\/i1.wp.com\/www.rockpixx.com\/wordpress\/wp-content\/uploads\/2019\/10\/20110420-108.jpg?strip=info&#038;w=1000 1000w\" alt=\"\" data-height=\"667\" data-id=\"22335\" data-link=\"http:\/\/www.rockpixx.com\/wordpress\/brit-floyd-20-04-2011-royal-albert-hall-london-15\/\" data-url=\"http:\/\/www.rockpixx.com\/wordpress\/wp-content\/uploads\/2019\/10\/20110420-108.jpg\" data-width=\"1000\" src=\"https:\/\/i1.wp.com\/www.rockpixx.com\/wordpress\/wp-content\/uploads\/2019\/10\/20110420-108.jpg\"\/><\/figure><\/div><\/div><div class=\"tiled-gallery__row\"><div class=\"tiled-gallery__col\"><figure class=\"tiled-gallery__item\"><img decoding=\"async\" data-attachment-id=\"22334\" data-permalink=\"http:\/\/www.rockpixx.com\/wordpress\/brit-floyd-20-04-2011-royal-albert-hall-london-14\/\" data-orig-file=\"http:\/\/www.rockpixx.com\/wordpress\/wp-content\/uploads\/2019\/10\/20110420-091.jpg\" data-orig-size=\"1000,667\" data-comments-opened=\"0\" data-image-meta=\"{&quot;aperture&quot;:&quot;0&quot;,&quot;credit&quot;:&quot;rockpixx.com | A. Hahl&quot;,&quot;camera&quot;:&quot;&quot;,&quot;caption&quot;:&quot;Brit Floyd, 20.04.2011, Royal Albert Hall, London&quot;,&quot;created_timestamp&quot;:&quot;1303330940&quot;,&quot;copyright&quot;:&quot;rockpixx.com | A. Hahl&quot;,&quot;focal_length&quot;:&quot;0&quot;,&quot;iso&quot;:&quot;0&quot;,&quot;shutter_speed&quot;:&quot;0&quot;,&quot;title&quot;:&quot;Brit Floyd, 20.04.2011, Royal Albert Hall, London&quot;,&quot;orientation&quot;:&quot;0&quot;}\" data-image-title=\"Brit Floyd, 20.04.2011, Royal Albert Hall, London\" data-image-description=\"\" data-image-caption=\"&lt;p&gt;Brit Floyd, 20.04.2011, Royal Albert Hall, London&lt;\/p&gt;\n\" data-large-file=\"http:\/\/www.rockpixx.com\/wordpress\/wp-content\/uploads\/2019\/10\/20110420-091.jpg\" data-attachment-id=\"22334\" data-permalink=\"http:\/\/www.rockpixx.com\/wordpress\/brit-floyd-20-04-2011-royal-albert-hall-london-14\/\" data-orig-file=\"http:\/\/www.rockpixx.com\/wordpress\/wp-content\/uploads\/2019\/10\/20110420-091.jpg\" data-orig-size=\"1000,667\" data-comments-opened=\"0\" data-image-meta=\"{&quot;aperture&quot;:&quot;0&quot;,&quot;credit&quot;:&quot;rockpixx.com | A. Hahl&quot;,&quot;camera&quot;:&quot;&quot;,&quot;caption&quot;:&quot;Brit Floyd, 20.04.2011, Royal Albert Hall, London&quot;,&quot;created_timestamp&quot;:&quot;1303330940&quot;,&quot;copyright&quot;:&quot;rockpixx.com | A. Hahl&quot;,&quot;focal_length&quot;:&quot;0&quot;,&quot;iso&quot;:&quot;0&quot;,&quot;shutter_speed&quot;:&quot;0&quot;,&quot;title&quot;:&quot;Brit Floyd, 20.04.2011, Royal Albert Hall, London&quot;,&quot;orientation&quot;:&quot;0&quot;}\" data-image-title=\"Brit Floyd, 20.04.2011, Royal Albert Hall, London\" data-image-description=\"\" data-image-caption=\"&lt;p&gt;Brit Floyd, 20.04.2011, Royal Albert Hall, London&lt;\/p&gt;\n\" data-large-file=\"http:\/\/www.rockpixx.com\/wordpress\/wp-content\/uploads\/2019\/10\/20110420-091.jpg\" role=\"button\" tabindex=\"0\" aria-label=\"Bild\u00a010 von 21 im Vollbildmodus \u00f6ffnen\"srcset=\"https:\/\/i2.wp.com\/www.rockpixx.com\/wordpress\/wp-content\/uploads\/2019\/10\/20110420-091.jpg?strip=info&#038;w=600 600w,https:\/\/i2.wp.com\/www.rockpixx.com\/wordpress\/wp-content\/uploads\/2019\/10\/20110420-091.jpg?strip=info&#038;w=900 900w,https:\/\/i2.wp.com\/www.rockpixx.com\/wordpress\/wp-content\/uploads\/2019\/10\/20110420-091.jpg?strip=info&#038;w=1000 1000w\" alt=\"\" data-height=\"667\" data-id=\"22334\" data-link=\"http:\/\/www.rockpixx.com\/wordpress\/brit-floyd-20-04-2011-royal-albert-hall-london-14\/\" data-url=\"http:\/\/www.rockpixx.com\/wordpress\/wp-content\/uploads\/2019\/10\/20110420-091.jpg\" data-width=\"1000\" src=\"https:\/\/i2.wp.com\/www.rockpixx.com\/wordpress\/wp-content\/uploads\/2019\/10\/20110420-091.jpg\"\/><\/figure><\/div><div class=\"tiled-gallery__col\"><figure class=\"tiled-gallery__item\"><img decoding=\"async\" data-attachment-id=\"22333\" data-permalink=\"http:\/\/www.rockpixx.com\/wordpress\/brit-floyd-20-04-2011-royal-albert-hall-london-13\/\" data-orig-file=\"http:\/\/www.rockpixx.com\/wordpress\/wp-content\/uploads\/2019\/10\/20110420-088.jpg\" data-orig-size=\"1000,667\" data-comments-opened=\"0\" data-image-meta=\"{&quot;aperture&quot;:&quot;0&quot;,&quot;credit&quot;:&quot;rockpixx.com | A. Hahl&quot;,&quot;camera&quot;:&quot;&quot;,&quot;caption&quot;:&quot;Brit Floyd, 20.04.2011, Royal Albert Hall, London&quot;,&quot;created_timestamp&quot;:&quot;1303330714&quot;,&quot;copyright&quot;:&quot;rockpixx.com | A. Hahl&quot;,&quot;focal_length&quot;:&quot;0&quot;,&quot;iso&quot;:&quot;0&quot;,&quot;shutter_speed&quot;:&quot;0&quot;,&quot;title&quot;:&quot;Brit Floyd, 20.04.2011, Royal Albert Hall, London&quot;,&quot;orientation&quot;:&quot;0&quot;}\" data-image-title=\"Brit Floyd, 20.04.2011, Royal Albert Hall, London\" data-image-description=\"\" data-image-caption=\"&lt;p&gt;Brit Floyd, 20.04.2011, Royal Albert Hall, London&lt;\/p&gt;\n\" data-large-file=\"http:\/\/www.rockpixx.com\/wordpress\/wp-content\/uploads\/2019\/10\/20110420-088.jpg\" data-attachment-id=\"22333\" data-permalink=\"http:\/\/www.rockpixx.com\/wordpress\/brit-floyd-20-04-2011-royal-albert-hall-london-13\/\" data-orig-file=\"http:\/\/www.rockpixx.com\/wordpress\/wp-content\/uploads\/2019\/10\/20110420-088.jpg\" data-orig-size=\"1000,667\" data-comments-opened=\"0\" data-image-meta=\"{&quot;aperture&quot;:&quot;0&quot;,&quot;credit&quot;:&quot;rockpixx.com | A. Hahl&quot;,&quot;camera&quot;:&quot;&quot;,&quot;caption&quot;:&quot;Brit Floyd, 20.04.2011, Royal Albert Hall, London&quot;,&quot;created_timestamp&quot;:&quot;1303330714&quot;,&quot;copyright&quot;:&quot;rockpixx.com | A. Hahl&quot;,&quot;focal_length&quot;:&quot;0&quot;,&quot;iso&quot;:&quot;0&quot;,&quot;shutter_speed&quot;:&quot;0&quot;,&quot;title&quot;:&quot;Brit Floyd, 20.04.2011, Royal Albert Hall, London&quot;,&quot;orientation&quot;:&quot;0&quot;}\" data-image-title=\"Brit Floyd, 20.04.2011, Royal Albert Hall, London\" data-image-description=\"\" data-image-caption=\"&lt;p&gt;Brit Floyd, 20.04.2011, Royal Albert Hall, London&lt;\/p&gt;\n\" data-large-file=\"http:\/\/www.rockpixx.com\/wordpress\/wp-content\/uploads\/2019\/10\/20110420-088.jpg\" role=\"button\" tabindex=\"0\" aria-label=\"Bild\u00a011 von 21 im Vollbildmodus \u00f6ffnen\"srcset=\"https:\/\/i1.wp.com\/www.rockpixx.com\/wordpress\/wp-content\/uploads\/2019\/10\/20110420-088.jpg?strip=info&#038;w=600 600w,https:\/\/i1.wp.com\/www.rockpixx.com\/wordpress\/wp-content\/uploads\/2019\/10\/20110420-088.jpg?strip=info&#038;w=900 900w,https:\/\/i1.wp.com\/www.rockpixx.com\/wordpress\/wp-content\/uploads\/2019\/10\/20110420-088.jpg?strip=info&#038;w=1000 1000w\" alt=\"\" data-height=\"667\" data-id=\"22333\" data-link=\"http:\/\/www.rockpixx.com\/wordpress\/brit-floyd-20-04-2011-royal-albert-hall-london-13\/\" data-url=\"http:\/\/www.rockpixx.com\/wordpress\/wp-content\/uploads\/2019\/10\/20110420-088.jpg\" data-width=\"1000\" src=\"https:\/\/i1.wp.com\/www.rockpixx.com\/wordpress\/wp-content\/uploads\/2019\/10\/20110420-088.jpg\"\/><\/figure><\/div><\/div><div class=\"tiled-gallery__row\"><div class=\"tiled-gallery__col\"><figure class=\"tiled-gallery__item\"><img decoding=\"async\" data-attachment-id=\"22332\" data-permalink=\"http:\/\/www.rockpixx.com\/wordpress\/brit-floyd-20-04-2011-royal-albert-hall-london-12\/\" data-orig-file=\"http:\/\/www.rockpixx.com\/wordpress\/wp-content\/uploads\/2019\/10\/20110420-071.jpg\" data-orig-size=\"1000,667\" data-comments-opened=\"0\" data-image-meta=\"{&quot;aperture&quot;:&quot;0&quot;,&quot;credit&quot;:&quot;rockpixx.com | A. Hahl&quot;,&quot;camera&quot;:&quot;&quot;,&quot;caption&quot;:&quot;Brit Floyd, 20.04.2011, Royal Albert Hall, London&quot;,&quot;created_timestamp&quot;:&quot;1303330025&quot;,&quot;copyright&quot;:&quot;rockpixx.com | A. Hahl&quot;,&quot;focal_length&quot;:&quot;0&quot;,&quot;iso&quot;:&quot;0&quot;,&quot;shutter_speed&quot;:&quot;0&quot;,&quot;title&quot;:&quot;Brit Floyd, 20.04.2011, Royal Albert Hall, London&quot;,&quot;orientation&quot;:&quot;0&quot;}\" data-image-title=\"Brit Floyd, 20.04.2011, Royal Albert Hall, London\" data-image-description=\"\" data-image-caption=\"&lt;p&gt;Brit Floyd, 20.04.2011, Royal Albert Hall, London&lt;\/p&gt;\n\" data-large-file=\"http:\/\/www.rockpixx.com\/wordpress\/wp-content\/uploads\/2019\/10\/20110420-071.jpg\" data-attachment-id=\"22332\" data-permalink=\"http:\/\/www.rockpixx.com\/wordpress\/brit-floyd-20-04-2011-royal-albert-hall-london-12\/\" data-orig-file=\"http:\/\/www.rockpixx.com\/wordpress\/wp-content\/uploads\/2019\/10\/20110420-071.jpg\" data-orig-size=\"1000,667\" data-comments-opened=\"0\" data-image-meta=\"{&quot;aperture&quot;:&quot;0&quot;,&quot;credit&quot;:&quot;rockpixx.com | A. Hahl&quot;,&quot;camera&quot;:&quot;&quot;,&quot;caption&quot;:&quot;Brit Floyd, 20.04.2011, Royal Albert Hall, London&quot;,&quot;created_timestamp&quot;:&quot;1303330025&quot;,&quot;copyright&quot;:&quot;rockpixx.com | A. Hahl&quot;,&quot;focal_length&quot;:&quot;0&quot;,&quot;iso&quot;:&quot;0&quot;,&quot;shutter_speed&quot;:&quot;0&quot;,&quot;title&quot;:&quot;Brit Floyd, 20.04.2011, Royal Albert Hall, London&quot;,&quot;orientation&quot;:&quot;0&quot;}\" data-image-title=\"Brit Floyd, 20.04.2011, Royal Albert Hall, London\" data-image-description=\"\" data-image-caption=\"&lt;p&gt;Brit Floyd, 20.04.2011, Royal Albert Hall, London&lt;\/p&gt;\n\" data-large-file=\"http:\/\/www.rockpixx.com\/wordpress\/wp-content\/uploads\/2019\/10\/20110420-071.jpg\" role=\"button\" tabindex=\"0\" aria-label=\"Bild\u00a012 von 21 im Vollbildmodus \u00f6ffnen\"srcset=\"https:\/\/i1.wp.com\/www.rockpixx.com\/wordpress\/wp-content\/uploads\/2019\/10\/20110420-071.jpg?strip=info&#038;w=600 600w,https:\/\/i1.wp.com\/www.rockpixx.com\/wordpress\/wp-content\/uploads\/2019\/10\/20110420-071.jpg?strip=info&#038;w=900 900w,https:\/\/i1.wp.com\/www.rockpixx.com\/wordpress\/wp-content\/uploads\/2019\/10\/20110420-071.jpg?strip=info&#038;w=1000 1000w\" alt=\"\" data-height=\"667\" data-id=\"22332\" data-link=\"http:\/\/www.rockpixx.com\/wordpress\/brit-floyd-20-04-2011-royal-albert-hall-london-12\/\" data-url=\"http:\/\/www.rockpixx.com\/wordpress\/wp-content\/uploads\/2019\/10\/20110420-071.jpg\" data-width=\"1000\" src=\"https:\/\/i1.wp.com\/www.rockpixx.com\/wordpress\/wp-content\/uploads\/2019\/10\/20110420-071.jpg\"\/><\/figure><\/div><div class=\"tiled-gallery__col\"><figure class=\"tiled-gallery__item\"><img decoding=\"async\" data-attachment-id=\"22331\" data-permalink=\"http:\/\/www.rockpixx.com\/wordpress\/brit-floyd-20-04-2011-royal-albert-hall-london-11\/\" data-orig-file=\"http:\/\/www.rockpixx.com\/wordpress\/wp-content\/uploads\/2019\/10\/20110420-070.jpg\" data-orig-size=\"1000,667\" data-comments-opened=\"0\" data-image-meta=\"{&quot;aperture&quot;:&quot;0&quot;,&quot;credit&quot;:&quot;rockpixx.com | A. Hahl&quot;,&quot;camera&quot;:&quot;&quot;,&quot;caption&quot;:&quot;Brit Floyd, 20.04.2011, Royal Albert Hall, London&quot;,&quot;created_timestamp&quot;:&quot;1303330007&quot;,&quot;copyright&quot;:&quot;rockpixx.com | A. Hahl&quot;,&quot;focal_length&quot;:&quot;0&quot;,&quot;iso&quot;:&quot;0&quot;,&quot;shutter_speed&quot;:&quot;0&quot;,&quot;title&quot;:&quot;Brit Floyd, 20.04.2011, Royal Albert Hall, London&quot;,&quot;orientation&quot;:&quot;0&quot;}\" data-image-title=\"Brit Floyd, 20.04.2011, Royal Albert Hall, London\" data-image-description=\"\" data-image-caption=\"&lt;p&gt;Brit Floyd, 20.04.2011, Royal Albert Hall, London&lt;\/p&gt;\n\" data-large-file=\"http:\/\/www.rockpixx.com\/wordpress\/wp-content\/uploads\/2019\/10\/20110420-070.jpg\" data-attachment-id=\"22331\" data-permalink=\"http:\/\/www.rockpixx.com\/wordpress\/brit-floyd-20-04-2011-royal-albert-hall-london-11\/\" data-orig-file=\"http:\/\/www.rockpixx.com\/wordpress\/wp-content\/uploads\/2019\/10\/20110420-070.jpg\" data-orig-size=\"1000,667\" data-comments-opened=\"0\" data-image-meta=\"{&quot;aperture&quot;:&quot;0&quot;,&quot;credit&quot;:&quot;rockpixx.com | A. Hahl&quot;,&quot;camera&quot;:&quot;&quot;,&quot;caption&quot;:&quot;Brit Floyd, 20.04.2011, Royal Albert Hall, London&quot;,&quot;created_timestamp&quot;:&quot;1303330007&quot;,&quot;copyright&quot;:&quot;rockpixx.com | A. Hahl&quot;,&quot;focal_length&quot;:&quot;0&quot;,&quot;iso&quot;:&quot;0&quot;,&quot;shutter_speed&quot;:&quot;0&quot;,&quot;title&quot;:&quot;Brit Floyd, 20.04.2011, Royal Albert Hall, London&quot;,&quot;orientation&quot;:&quot;0&quot;}\" data-image-title=\"Brit Floyd, 20.04.2011, Royal Albert Hall, London\" data-image-description=\"\" data-image-caption=\"&lt;p&gt;Brit Floyd, 20.04.2011, Royal Albert Hall, London&lt;\/p&gt;\n\" data-large-file=\"http:\/\/www.rockpixx.com\/wordpress\/wp-content\/uploads\/2019\/10\/20110420-070.jpg\" role=\"button\" tabindex=\"0\" aria-label=\"Bild\u00a013 von 21 im Vollbildmodus \u00f6ffnen\"srcset=\"https:\/\/i0.wp.com\/www.rockpixx.com\/wordpress\/wp-content\/uploads\/2019\/10\/20110420-070.jpg?strip=info&#038;w=600 600w,https:\/\/i0.wp.com\/www.rockpixx.com\/wordpress\/wp-content\/uploads\/2019\/10\/20110420-070.jpg?strip=info&#038;w=900 900w,https:\/\/i0.wp.com\/www.rockpixx.com\/wordpress\/wp-content\/uploads\/2019\/10\/20110420-070.jpg?strip=info&#038;w=1000 1000w\" alt=\"\" data-height=\"667\" data-id=\"22331\" data-link=\"http:\/\/www.rockpixx.com\/wordpress\/brit-floyd-20-04-2011-royal-albert-hall-london-11\/\" data-url=\"http:\/\/www.rockpixx.com\/wordpress\/wp-content\/uploads\/2019\/10\/20110420-070.jpg\" data-width=\"1000\" src=\"https:\/\/i0.wp.com\/www.rockpixx.com\/wordpress\/wp-content\/uploads\/2019\/10\/20110420-070.jpg\"\/><\/figure><figure class=\"tiled-gallery__item\"><img decoding=\"async\" data-attachment-id=\"22330\" data-permalink=\"http:\/\/www.rockpixx.com\/wordpress\/brit-floyd-20-04-2011-royal-albert-hall-london-10\/\" data-orig-file=\"http:\/\/www.rockpixx.com\/wordpress\/wp-content\/uploads\/2019\/10\/20110420-069.jpg\" data-orig-size=\"1000,667\" data-comments-opened=\"0\" data-image-meta=\"{&quot;aperture&quot;:&quot;0&quot;,&quot;credit&quot;:&quot;rockpixx.com | A. Hahl&quot;,&quot;camera&quot;:&quot;&quot;,&quot;caption&quot;:&quot;Brit Floyd, 20.04.2011, Royal Albert Hall, London&quot;,&quot;created_timestamp&quot;:&quot;1303329994&quot;,&quot;copyright&quot;:&quot;rockpixx.com | A. Hahl&quot;,&quot;focal_length&quot;:&quot;0&quot;,&quot;iso&quot;:&quot;0&quot;,&quot;shutter_speed&quot;:&quot;0&quot;,&quot;title&quot;:&quot;Brit Floyd, 20.04.2011, Royal Albert Hall, London&quot;,&quot;orientation&quot;:&quot;0&quot;}\" data-image-title=\"Brit Floyd, 20.04.2011, Royal Albert Hall, London\" data-image-description=\"\" data-image-caption=\"&lt;p&gt;Brit Floyd, 20.04.2011, Royal Albert Hall, London&lt;\/p&gt;\n\" data-large-file=\"http:\/\/www.rockpixx.com\/wordpress\/wp-content\/uploads\/2019\/10\/20110420-069.jpg\" data-attachment-id=\"22330\" data-permalink=\"http:\/\/www.rockpixx.com\/wordpress\/brit-floyd-20-04-2011-royal-albert-hall-london-10\/\" data-orig-file=\"http:\/\/www.rockpixx.com\/wordpress\/wp-content\/uploads\/2019\/10\/20110420-069.jpg\" data-orig-size=\"1000,667\" data-comments-opened=\"0\" data-image-meta=\"{&quot;aperture&quot;:&quot;0&quot;,&quot;credit&quot;:&quot;rockpixx.com | A. Hahl&quot;,&quot;camera&quot;:&quot;&quot;,&quot;caption&quot;:&quot;Brit Floyd, 20.04.2011, Royal Albert Hall, London&quot;,&quot;created_timestamp&quot;:&quot;1303329994&quot;,&quot;copyright&quot;:&quot;rockpixx.com | A. Hahl&quot;,&quot;focal_length&quot;:&quot;0&quot;,&quot;iso&quot;:&quot;0&quot;,&quot;shutter_speed&quot;:&quot;0&quot;,&quot;title&quot;:&quot;Brit Floyd, 20.04.2011, Royal Albert Hall, London&quot;,&quot;orientation&quot;:&quot;0&quot;}\" data-image-title=\"Brit Floyd, 20.04.2011, Royal Albert Hall, London\" data-image-description=\"\" data-image-caption=\"&lt;p&gt;Brit Floyd, 20.04.2011, Royal Albert Hall, London&lt;\/p&gt;\n\" data-large-file=\"http:\/\/www.rockpixx.com\/wordpress\/wp-content\/uploads\/2019\/10\/20110420-069.jpg\" role=\"button\" tabindex=\"0\" aria-label=\"Bild\u00a014 von 21 im Vollbildmodus \u00f6ffnen\"srcset=\"https:\/\/i0.wp.com\/www.rockpixx.com\/wordpress\/wp-content\/uploads\/2019\/10\/20110420-069.jpg?strip=info&#038;w=600 600w,https:\/\/i0.wp.com\/www.rockpixx.com\/wordpress\/wp-content\/uploads\/2019\/10\/20110420-069.jpg?strip=info&#038;w=900 900w,https:\/\/i0.wp.com\/www.rockpixx.com\/wordpress\/wp-content\/uploads\/2019\/10\/20110420-069.jpg?strip=info&#038;w=1000 1000w\" alt=\"\" data-height=\"667\" data-id=\"22330\" data-link=\"http:\/\/www.rockpixx.com\/wordpress\/brit-floyd-20-04-2011-royal-albert-hall-london-10\/\" data-url=\"http:\/\/www.rockpixx.com\/wordpress\/wp-content\/uploads\/2019\/10\/20110420-069.jpg\" data-width=\"1000\" src=\"https:\/\/i0.wp.com\/www.rockpixx.com\/wordpress\/wp-content\/uploads\/2019\/10\/20110420-069.jpg\"\/><\/figure><\/div><\/div><div class=\"tiled-gallery__row\"><div class=\"tiled-gallery__col\"><figure class=\"tiled-gallery__item\"><img decoding=\"async\" data-attachment-id=\"22329\" data-permalink=\"http:\/\/www.rockpixx.com\/wordpress\/brit-floyd-20-04-2011-royal-albert-hall-london-9\/\" data-orig-file=\"http:\/\/www.rockpixx.com\/wordpress\/wp-content\/uploads\/2019\/10\/20110420-066.jpg\" data-orig-size=\"1000,667\" data-comments-opened=\"0\" data-image-meta=\"{&quot;aperture&quot;:&quot;0&quot;,&quot;credit&quot;:&quot;rockpixx.com | A. Hahl&quot;,&quot;camera&quot;:&quot;&quot;,&quot;caption&quot;:&quot;Brit Floyd, 20.04.2011, Royal Albert Hall, London&quot;,&quot;created_timestamp&quot;:&quot;1303329946&quot;,&quot;copyright&quot;:&quot;rockpixx.com | A. Hahl&quot;,&quot;focal_length&quot;:&quot;0&quot;,&quot;iso&quot;:&quot;0&quot;,&quot;shutter_speed&quot;:&quot;0&quot;,&quot;title&quot;:&quot;Brit Floyd, 20.04.2011, Royal Albert Hall, London&quot;,&quot;orientation&quot;:&quot;0&quot;}\" data-image-title=\"Brit Floyd, 20.04.2011, Royal Albert Hall, London\" data-image-description=\"\" data-image-caption=\"&lt;p&gt;Brit Floyd, 20.04.2011, Royal Albert Hall, London&lt;\/p&gt;\n\" data-large-file=\"http:\/\/www.rockpixx.com\/wordpress\/wp-content\/uploads\/2019\/10\/20110420-066.jpg\" data-attachment-id=\"22329\" data-permalink=\"http:\/\/www.rockpixx.com\/wordpress\/brit-floyd-20-04-2011-royal-albert-hall-london-9\/\" data-orig-file=\"http:\/\/www.rockpixx.com\/wordpress\/wp-content\/uploads\/2019\/10\/20110420-066.jpg\" data-orig-size=\"1000,667\" data-comments-opened=\"0\" data-image-meta=\"{&quot;aperture&quot;:&quot;0&quot;,&quot;credit&quot;:&quot;rockpixx.com | A. Hahl&quot;,&quot;camera&quot;:&quot;&quot;,&quot;caption&quot;:&quot;Brit Floyd, 20.04.2011, Royal Albert Hall, London&quot;,&quot;created_timestamp&quot;:&quot;1303329946&quot;,&quot;copyright&quot;:&quot;rockpixx.com | A. Hahl&quot;,&quot;focal_length&quot;:&quot;0&quot;,&quot;iso&quot;:&quot;0&quot;,&quot;shutter_speed&quot;:&quot;0&quot;,&quot;title&quot;:&quot;Brit Floyd, 20.04.2011, Royal Albert Hall, London&quot;,&quot;orientation&quot;:&quot;0&quot;}\" data-image-title=\"Brit Floyd, 20.04.2011, Royal Albert Hall, London\" data-image-description=\"\" data-image-caption=\"&lt;p&gt;Brit Floyd, 20.04.2011, Royal Albert Hall, London&lt;\/p&gt;\n\" data-large-file=\"http:\/\/www.rockpixx.com\/wordpress\/wp-content\/uploads\/2019\/10\/20110420-066.jpg\" role=\"button\" tabindex=\"0\" aria-label=\"Bild\u00a015 von 21 im Vollbildmodus \u00f6ffnen\"srcset=\"https:\/\/i2.wp.com\/www.rockpixx.com\/wordpress\/wp-content\/uploads\/2019\/10\/20110420-066.jpg?strip=info&#038;w=600 600w,https:\/\/i2.wp.com\/www.rockpixx.com\/wordpress\/wp-content\/uploads\/2019\/10\/20110420-066.jpg?strip=info&#038;w=900 900w,https:\/\/i2.wp.com\/www.rockpixx.com\/wordpress\/wp-content\/uploads\/2019\/10\/20110420-066.jpg?strip=info&#038;w=1000 1000w\" alt=\"\" data-height=\"667\" data-id=\"22329\" data-link=\"http:\/\/www.rockpixx.com\/wordpress\/brit-floyd-20-04-2011-royal-albert-hall-london-9\/\" data-url=\"http:\/\/www.rockpixx.com\/wordpress\/wp-content\/uploads\/2019\/10\/20110420-066.jpg\" data-width=\"1000\" src=\"https:\/\/i2.wp.com\/www.rockpixx.com\/wordpress\/wp-content\/uploads\/2019\/10\/20110420-066.jpg\"\/><\/figure><\/div><div class=\"tiled-gallery__col\"><figure class=\"tiled-gallery__item\"><img decoding=\"async\" data-attachment-id=\"22328\" data-permalink=\"http:\/\/www.rockpixx.com\/wordpress\/brit-floyd-20-04-2011-royal-albert-hall-london-8\/\" data-orig-file=\"http:\/\/www.rockpixx.com\/wordpress\/wp-content\/uploads\/2019\/10\/20110420-055.jpg\" data-orig-size=\"1000,667\" data-comments-opened=\"0\" data-image-meta=\"{&quot;aperture&quot;:&quot;0&quot;,&quot;credit&quot;:&quot;rockpixx.com | A. Hahl&quot;,&quot;camera&quot;:&quot;&quot;,&quot;caption&quot;:&quot;Brit Floyd, 20.04.2011, Royal Albert Hall, London&quot;,&quot;created_timestamp&quot;:&quot;1303331229&quot;,&quot;copyright&quot;:&quot;rockpixx.com | A. Hahl&quot;,&quot;focal_length&quot;:&quot;0&quot;,&quot;iso&quot;:&quot;0&quot;,&quot;shutter_speed&quot;:&quot;0&quot;,&quot;title&quot;:&quot;Brit Floyd, 20.04.2011, Royal Albert Hall, London&quot;,&quot;orientation&quot;:&quot;0&quot;}\" data-image-title=\"Brit Floyd, 20.04.2011, Royal Albert Hall, London\" data-image-description=\"\" data-image-caption=\"&lt;p&gt;Brit Floyd, 20.04.2011, Royal Albert Hall, London&lt;\/p&gt;\n\" data-large-file=\"http:\/\/www.rockpixx.com\/wordpress\/wp-content\/uploads\/2019\/10\/20110420-055.jpg\" data-attachment-id=\"22328\" data-permalink=\"http:\/\/www.rockpixx.com\/wordpress\/brit-floyd-20-04-2011-royal-albert-hall-london-8\/\" data-orig-file=\"http:\/\/www.rockpixx.com\/wordpress\/wp-content\/uploads\/2019\/10\/20110420-055.jpg\" data-orig-size=\"1000,667\" data-comments-opened=\"0\" data-image-meta=\"{&quot;aperture&quot;:&quot;0&quot;,&quot;credit&quot;:&quot;rockpixx.com | A. Hahl&quot;,&quot;camera&quot;:&quot;&quot;,&quot;caption&quot;:&quot;Brit Floyd, 20.04.2011, Royal Albert Hall, London&quot;,&quot;created_timestamp&quot;:&quot;1303331229&quot;,&quot;copyright&quot;:&quot;rockpixx.com | A. Hahl&quot;,&quot;focal_length&quot;:&quot;0&quot;,&quot;iso&quot;:&quot;0&quot;,&quot;shutter_speed&quot;:&quot;0&quot;,&quot;title&quot;:&quot;Brit Floyd, 20.04.2011, Royal Albert Hall, London&quot;,&quot;orientation&quot;:&quot;0&quot;}\" data-image-title=\"Brit Floyd, 20.04.2011, Royal Albert Hall, London\" data-image-description=\"\" data-image-caption=\"&lt;p&gt;Brit Floyd, 20.04.2011, Royal Albert Hall, London&lt;\/p&gt;\n\" data-large-file=\"http:\/\/www.rockpixx.com\/wordpress\/wp-content\/uploads\/2019\/10\/20110420-055.jpg\" role=\"button\" tabindex=\"0\" aria-label=\"Bild\u00a016 von 21 im Vollbildmodus \u00f6ffnen\"srcset=\"https:\/\/i2.wp.com\/www.rockpixx.com\/wordpress\/wp-content\/uploads\/2019\/10\/20110420-055.jpg?strip=info&#038;w=600 600w,https:\/\/i2.wp.com\/www.rockpixx.com\/wordpress\/wp-content\/uploads\/2019\/10\/20110420-055.jpg?strip=info&#038;w=900 900w,https:\/\/i2.wp.com\/www.rockpixx.com\/wordpress\/wp-content\/uploads\/2019\/10\/20110420-055.jpg?strip=info&#038;w=1000 1000w\" alt=\"\" data-height=\"667\" data-id=\"22328\" data-link=\"http:\/\/www.rockpixx.com\/wordpress\/brit-floyd-20-04-2011-royal-albert-hall-london-8\/\" data-url=\"http:\/\/www.rockpixx.com\/wordpress\/wp-content\/uploads\/2019\/10\/20110420-055.jpg\" data-width=\"1000\" src=\"https:\/\/i2.wp.com\/www.rockpixx.com\/wordpress\/wp-content\/uploads\/2019\/10\/20110420-055.jpg\"\/><\/figure><\/div><div class=\"tiled-gallery__col\"><figure class=\"tiled-gallery__item\"><img decoding=\"async\" data-attachment-id=\"22327\" data-permalink=\"http:\/\/www.rockpixx.com\/wordpress\/brit-floyd-20-04-2011-royal-albert-hall-london-7\/\" data-orig-file=\"http:\/\/www.rockpixx.com\/wordpress\/wp-content\/uploads\/2019\/10\/20110420-047.jpg\" data-orig-size=\"1000,667\" data-comments-opened=\"0\" data-image-meta=\"{&quot;aperture&quot;:&quot;0&quot;,&quot;credit&quot;:&quot;rockpixx.com | A. Hahl&quot;,&quot;camera&quot;:&quot;&quot;,&quot;caption&quot;:&quot;Brit Floyd, 20.04.2011, Royal Albert Hall, London&quot;,&quot;created_timestamp&quot;:&quot;1303331050&quot;,&quot;copyright&quot;:&quot;rockpixx.com | A. Hahl&quot;,&quot;focal_length&quot;:&quot;0&quot;,&quot;iso&quot;:&quot;0&quot;,&quot;shutter_speed&quot;:&quot;0&quot;,&quot;title&quot;:&quot;Brit Floyd, 20.04.2011, Royal Albert Hall, London&quot;,&quot;orientation&quot;:&quot;0&quot;}\" data-image-title=\"Brit Floyd, 20.04.2011, Royal Albert Hall, London\" data-image-description=\"\" data-image-caption=\"&lt;p&gt;Brit Floyd, 20.04.2011, Royal Albert Hall, London&lt;\/p&gt;\n\" data-large-file=\"http:\/\/www.rockpixx.com\/wordpress\/wp-content\/uploads\/2019\/10\/20110420-047.jpg\" data-attachment-id=\"22327\" data-permalink=\"http:\/\/www.rockpixx.com\/wordpress\/brit-floyd-20-04-2011-royal-albert-hall-london-7\/\" data-orig-file=\"http:\/\/www.rockpixx.com\/wordpress\/wp-content\/uploads\/2019\/10\/20110420-047.jpg\" data-orig-size=\"1000,667\" data-comments-opened=\"0\" data-image-meta=\"{&quot;aperture&quot;:&quot;0&quot;,&quot;credit&quot;:&quot;rockpixx.com | A. Hahl&quot;,&quot;camera&quot;:&quot;&quot;,&quot;caption&quot;:&quot;Brit Floyd, 20.04.2011, Royal Albert Hall, London&quot;,&quot;created_timestamp&quot;:&quot;1303331050&quot;,&quot;copyright&quot;:&quot;rockpixx.com | A. Hahl&quot;,&quot;focal_length&quot;:&quot;0&quot;,&quot;iso&quot;:&quot;0&quot;,&quot;shutter_speed&quot;:&quot;0&quot;,&quot;title&quot;:&quot;Brit Floyd, 20.04.2011, Royal Albert Hall, London&quot;,&quot;orientation&quot;:&quot;0&quot;}\" data-image-title=\"Brit Floyd, 20.04.2011, Royal Albert Hall, London\" data-image-description=\"\" data-image-caption=\"&lt;p&gt;Brit Floyd, 20.04.2011, Royal Albert Hall, London&lt;\/p&gt;\n\" data-large-file=\"http:\/\/www.rockpixx.com\/wordpress\/wp-content\/uploads\/2019\/10\/20110420-047.jpg\" role=\"button\" tabindex=\"0\" aria-label=\"Bild\u00a017 von 21 im Vollbildmodus \u00f6ffnen\"srcset=\"https:\/\/i2.wp.com\/www.rockpixx.com\/wordpress\/wp-content\/uploads\/2019\/10\/20110420-047.jpg?strip=info&#038;w=600 600w,https:\/\/i2.wp.com\/www.rockpixx.com\/wordpress\/wp-content\/uploads\/2019\/10\/20110420-047.jpg?strip=info&#038;w=900 900w,https:\/\/i2.wp.com\/www.rockpixx.com\/wordpress\/wp-content\/uploads\/2019\/10\/20110420-047.jpg?strip=info&#038;w=1000 1000w\" alt=\"\" data-height=\"667\" data-id=\"22327\" data-link=\"http:\/\/www.rockpixx.com\/wordpress\/brit-floyd-20-04-2011-royal-albert-hall-london-7\/\" data-url=\"http:\/\/www.rockpixx.com\/wordpress\/wp-content\/uploads\/2019\/10\/20110420-047.jpg\" data-width=\"1000\" src=\"https:\/\/i2.wp.com\/www.rockpixx.com\/wordpress\/wp-content\/uploads\/2019\/10\/20110420-047.jpg\"\/><\/figure><\/div><\/div><div class=\"tiled-gallery__row\"><div class=\"tiled-gallery__col\"><figure class=\"tiled-gallery__item\"><img decoding=\"async\" data-attachment-id=\"22326\" data-permalink=\"http:\/\/www.rockpixx.com\/wordpress\/brit-floyd-20-04-2011-royal-albert-hall-london-6\/\" data-orig-file=\"http:\/\/www.rockpixx.com\/wordpress\/wp-content\/uploads\/2019\/10\/20110420-043.jpg\" data-orig-size=\"1000,667\" data-comments-opened=\"0\" data-image-meta=\"{&quot;aperture&quot;:&quot;0&quot;,&quot;credit&quot;:&quot;rockpixx.com | A. Hahl&quot;,&quot;camera&quot;:&quot;&quot;,&quot;caption&quot;:&quot;Brit Floyd, 20.04.2011, Royal Albert Hall, London&quot;,&quot;created_timestamp&quot;:&quot;1303330749&quot;,&quot;copyright&quot;:&quot;rockpixx.com | A. Hahl&quot;,&quot;focal_length&quot;:&quot;0&quot;,&quot;iso&quot;:&quot;0&quot;,&quot;shutter_speed&quot;:&quot;0&quot;,&quot;title&quot;:&quot;Brit Floyd, 20.04.2011, Royal Albert Hall, London&quot;,&quot;orientation&quot;:&quot;0&quot;}\" data-image-title=\"Brit Floyd, 20.04.2011, Royal Albert Hall, London\" data-image-description=\"\" data-image-caption=\"&lt;p&gt;Brit Floyd, 20.04.2011, Royal Albert Hall, London&lt;\/p&gt;\n\" data-large-file=\"http:\/\/www.rockpixx.com\/wordpress\/wp-content\/uploads\/2019\/10\/20110420-043.jpg\" data-attachment-id=\"22326\" data-permalink=\"http:\/\/www.rockpixx.com\/wordpress\/brit-floyd-20-04-2011-royal-albert-hall-london-6\/\" data-orig-file=\"http:\/\/www.rockpixx.com\/wordpress\/wp-content\/uploads\/2019\/10\/20110420-043.jpg\" data-orig-size=\"1000,667\" data-comments-opened=\"0\" data-image-meta=\"{&quot;aperture&quot;:&quot;0&quot;,&quot;credit&quot;:&quot;rockpixx.com | A. Hahl&quot;,&quot;camera&quot;:&quot;&quot;,&quot;caption&quot;:&quot;Brit Floyd, 20.04.2011, Royal Albert Hall, London&quot;,&quot;created_timestamp&quot;:&quot;1303330749&quot;,&quot;copyright&quot;:&quot;rockpixx.com | A. Hahl&quot;,&quot;focal_length&quot;:&quot;0&quot;,&quot;iso&quot;:&quot;0&quot;,&quot;shutter_speed&quot;:&quot;0&quot;,&quot;title&quot;:&quot;Brit Floyd, 20.04.2011, Royal Albert Hall, London&quot;,&quot;orientation&quot;:&quot;0&quot;}\" data-image-title=\"Brit Floyd, 20.04.2011, Royal Albert Hall, London\" data-image-description=\"\" data-image-caption=\"&lt;p&gt;Brit Floyd, 20.04.2011, Royal Albert Hall, London&lt;\/p&gt;\n\" data-large-file=\"http:\/\/www.rockpixx.com\/wordpress\/wp-content\/uploads\/2019\/10\/20110420-043.jpg\" role=\"button\" tabindex=\"0\" aria-label=\"Bild\u00a018 von 21 im Vollbildmodus \u00f6ffnen\"srcset=\"https:\/\/i1.wp.com\/www.rockpixx.com\/wordpress\/wp-content\/uploads\/2019\/10\/20110420-043.jpg?strip=info&#038;w=600 600w,https:\/\/i1.wp.com\/www.rockpixx.com\/wordpress\/wp-content\/uploads\/2019\/10\/20110420-043.jpg?strip=info&#038;w=900 900w,https:\/\/i1.wp.com\/www.rockpixx.com\/wordpress\/wp-content\/uploads\/2019\/10\/20110420-043.jpg?strip=info&#038;w=1000 1000w\" alt=\"\" data-height=\"667\" data-id=\"22326\" data-link=\"http:\/\/www.rockpixx.com\/wordpress\/brit-floyd-20-04-2011-royal-albert-hall-london-6\/\" data-url=\"http:\/\/www.rockpixx.com\/wordpress\/wp-content\/uploads\/2019\/10\/20110420-043.jpg\" data-width=\"1000\" src=\"https:\/\/i1.wp.com\/www.rockpixx.com\/wordpress\/wp-content\/uploads\/2019\/10\/20110420-043.jpg\"\/><\/figure><\/div><div class=\"tiled-gallery__col\"><figure class=\"tiled-gallery__item\"><img decoding=\"async\" data-attachment-id=\"22325\" data-permalink=\"http:\/\/www.rockpixx.com\/wordpress\/brit-floyd-20-04-2011-royal-albert-hall-london-5\/\" data-orig-file=\"http:\/\/www.rockpixx.com\/wordpress\/wp-content\/uploads\/2019\/10\/20110420-040.jpg\" data-orig-size=\"1000,667\" data-comments-opened=\"0\" data-image-meta=\"{&quot;aperture&quot;:&quot;0&quot;,&quot;credit&quot;:&quot;rockpixx.com | A. Hahl&quot;,&quot;camera&quot;:&quot;&quot;,&quot;caption&quot;:&quot;Brit Floyd, 20.04.2011, Royal Albert Hall, London&quot;,&quot;created_timestamp&quot;:&quot;1303330739&quot;,&quot;copyright&quot;:&quot;rockpixx.com | A. Hahl&quot;,&quot;focal_length&quot;:&quot;0&quot;,&quot;iso&quot;:&quot;0&quot;,&quot;shutter_speed&quot;:&quot;0&quot;,&quot;title&quot;:&quot;Brit Floyd, 20.04.2011, Royal Albert Hall, London&quot;,&quot;orientation&quot;:&quot;0&quot;}\" data-image-title=\"Brit Floyd, 20.04.2011, Royal Albert Hall, London\" data-image-description=\"\" data-image-caption=\"&lt;p&gt;Brit Floyd, 20.04.2011, Royal Albert Hall, London&lt;\/p&gt;\n\" data-large-file=\"http:\/\/www.rockpixx.com\/wordpress\/wp-content\/uploads\/2019\/10\/20110420-040.jpg\" data-attachment-id=\"22325\" data-permalink=\"http:\/\/www.rockpixx.com\/wordpress\/brit-floyd-20-04-2011-royal-albert-hall-london-5\/\" data-orig-file=\"http:\/\/www.rockpixx.com\/wordpress\/wp-content\/uploads\/2019\/10\/20110420-040.jpg\" data-orig-size=\"1000,667\" data-comments-opened=\"0\" data-image-meta=\"{&quot;aperture&quot;:&quot;0&quot;,&quot;credit&quot;:&quot;rockpixx.com | A. Hahl&quot;,&quot;camera&quot;:&quot;&quot;,&quot;caption&quot;:&quot;Brit Floyd, 20.04.2011, Royal Albert Hall, London&quot;,&quot;created_timestamp&quot;:&quot;1303330739&quot;,&quot;copyright&quot;:&quot;rockpixx.com | A. Hahl&quot;,&quot;focal_length&quot;:&quot;0&quot;,&quot;iso&quot;:&quot;0&quot;,&quot;shutter_speed&quot;:&quot;0&quot;,&quot;title&quot;:&quot;Brit Floyd, 20.04.2011, Royal Albert Hall, London&quot;,&quot;orientation&quot;:&quot;0&quot;}\" data-image-title=\"Brit Floyd, 20.04.2011, Royal Albert Hall, London\" data-image-description=\"\" data-image-caption=\"&lt;p&gt;Brit Floyd, 20.04.2011, Royal Albert Hall, London&lt;\/p&gt;\n\" data-large-file=\"http:\/\/www.rockpixx.com\/wordpress\/wp-content\/uploads\/2019\/10\/20110420-040.jpg\" role=\"button\" tabindex=\"0\" aria-label=\"Bild\u00a019 von 21 im Vollbildmodus \u00f6ffnen\"srcset=\"https:\/\/i2.wp.com\/www.rockpixx.com\/wordpress\/wp-content\/uploads\/2019\/10\/20110420-040.jpg?strip=info&#038;w=600 600w,https:\/\/i2.wp.com\/www.rockpixx.com\/wordpress\/wp-content\/uploads\/2019\/10\/20110420-040.jpg?strip=info&#038;w=900 900w,https:\/\/i2.wp.com\/www.rockpixx.com\/wordpress\/wp-content\/uploads\/2019\/10\/20110420-040.jpg?strip=info&#038;w=1000 1000w\" alt=\"\" data-height=\"667\" data-id=\"22325\" data-link=\"http:\/\/www.rockpixx.com\/wordpress\/brit-floyd-20-04-2011-royal-albert-hall-london-5\/\" data-url=\"http:\/\/www.rockpixx.com\/wordpress\/wp-content\/uploads\/2019\/10\/20110420-040.jpg\" data-width=\"1000\" src=\"https:\/\/i2.wp.com\/www.rockpixx.com\/wordpress\/wp-content\/uploads\/2019\/10\/20110420-040.jpg\"\/><\/figure><\/div><div class=\"tiled-gallery__col\"><figure class=\"tiled-gallery__item\"><img decoding=\"async\" data-attachment-id=\"22324\" data-permalink=\"http:\/\/www.rockpixx.com\/wordpress\/brit-floyd-20-04-2011-royal-albert-hall-london-4\/\" data-orig-file=\"http:\/\/www.rockpixx.com\/wordpress\/wp-content\/uploads\/2019\/10\/20110420-034.jpg\" data-orig-size=\"1000,667\" data-comments-opened=\"0\" data-image-meta=\"{&quot;aperture&quot;:&quot;0&quot;,&quot;credit&quot;:&quot;rockpixx.com | A. Hahl&quot;,&quot;camera&quot;:&quot;&quot;,&quot;caption&quot;:&quot;Brit Floyd, 20.04.2011, Royal Albert Hall, London&quot;,&quot;created_timestamp&quot;:&quot;1303330699&quot;,&quot;copyright&quot;:&quot;rockpixx.com | A. Hahl&quot;,&quot;focal_length&quot;:&quot;0&quot;,&quot;iso&quot;:&quot;0&quot;,&quot;shutter_speed&quot;:&quot;0&quot;,&quot;title&quot;:&quot;Brit Floyd, 20.04.2011, Royal Albert Hall, London&quot;,&quot;orientation&quot;:&quot;0&quot;}\" data-image-title=\"Brit Floyd, 20.04.2011, Royal Albert Hall, London\" data-image-description=\"\" data-image-caption=\"&lt;p&gt;Brit Floyd, 20.04.2011, Royal Albert Hall, London&lt;\/p&gt;\n\" data-large-file=\"http:\/\/www.rockpixx.com\/wordpress\/wp-content\/uploads\/2019\/10\/20110420-034.jpg\" data-attachment-id=\"22324\" data-permalink=\"http:\/\/www.rockpixx.com\/wordpress\/brit-floyd-20-04-2011-royal-albert-hall-london-4\/\" data-orig-file=\"http:\/\/www.rockpixx.com\/wordpress\/wp-content\/uploads\/2019\/10\/20110420-034.jpg\" data-orig-size=\"1000,667\" data-comments-opened=\"0\" data-image-meta=\"{&quot;aperture&quot;:&quot;0&quot;,&quot;credit&quot;:&quot;rockpixx.com | A. Hahl&quot;,&quot;camera&quot;:&quot;&quot;,&quot;caption&quot;:&quot;Brit Floyd, 20.04.2011, Royal Albert Hall, London&quot;,&quot;created_timestamp&quot;:&quot;1303330699&quot;,&quot;copyright&quot;:&quot;rockpixx.com | A. Hahl&quot;,&quot;focal_length&quot;:&quot;0&quot;,&quot;iso&quot;:&quot;0&quot;,&quot;shutter_speed&quot;:&quot;0&quot;,&quot;title&quot;:&quot;Brit Floyd, 20.04.2011, Royal Albert Hall, London&quot;,&quot;orientation&quot;:&quot;0&quot;}\" data-image-title=\"Brit Floyd, 20.04.2011, Royal Albert Hall, London\" data-image-description=\"\" data-image-caption=\"&lt;p&gt;Brit Floyd, 20.04.2011, Royal Albert Hall, London&lt;\/p&gt;\n\" data-large-file=\"http:\/\/www.rockpixx.com\/wordpress\/wp-content\/uploads\/2019\/10\/20110420-034.jpg\" role=\"button\" tabindex=\"0\" aria-label=\"Bild\u00a020 von 21 im Vollbildmodus \u00f6ffnen\"srcset=\"https:\/\/i0.wp.com\/www.rockpixx.com\/wordpress\/wp-content\/uploads\/2019\/10\/20110420-034.jpg?strip=info&#038;w=600 600w,https:\/\/i0.wp.com\/www.rockpixx.com\/wordpress\/wp-content\/uploads\/2019\/10\/20110420-034.jpg?strip=info&#038;w=900 900w,https:\/\/i0.wp.com\/www.rockpixx.com\/wordpress\/wp-content\/uploads\/2019\/10\/20110420-034.jpg?strip=info&#038;w=1000 1000w\" alt=\"\" data-height=\"667\" data-id=\"22324\" data-link=\"http:\/\/www.rockpixx.com\/wordpress\/brit-floyd-20-04-2011-royal-albert-hall-london-4\/\" data-url=\"http:\/\/www.rockpixx.com\/wordpress\/wp-content\/uploads\/2019\/10\/20110420-034.jpg\" data-width=\"1000\" src=\"https:\/\/i0.wp.com\/www.rockpixx.com\/wordpress\/wp-content\/uploads\/2019\/10\/20110420-034.jpg\"\/><\/figure><\/div><div class=\"tiled-gallery__col\"><figure class=\"tiled-gallery__item\"><img decoding=\"async\" data-attachment-id=\"22323\" data-permalink=\"http:\/\/www.rockpixx.com\/wordpress\/brit-floyd-20-04-2011-royal-albert-hall-london-3\/\" data-orig-file=\"http:\/\/www.rockpixx.com\/wordpress\/wp-content\/uploads\/2019\/10\/20110420-024.jpg\" data-orig-size=\"1000,667\" data-comments-opened=\"0\" data-image-meta=\"{&quot;aperture&quot;:&quot;0&quot;,&quot;credit&quot;:&quot;rockpixx.com | A. Hahl&quot;,&quot;camera&quot;:&quot;&quot;,&quot;caption&quot;:&quot;Brit Floyd, 20.04.2011, Royal Albert Hall, London&quot;,&quot;created_timestamp&quot;:&quot;1303330616&quot;,&quot;copyright&quot;:&quot;rockpixx.com | A. Hahl&quot;,&quot;focal_length&quot;:&quot;0&quot;,&quot;iso&quot;:&quot;0&quot;,&quot;shutter_speed&quot;:&quot;0&quot;,&quot;title&quot;:&quot;Brit Floyd, 20.04.2011, Royal Albert Hall, London&quot;,&quot;orientation&quot;:&quot;0&quot;}\" data-image-title=\"Brit Floyd, 20.04.2011, Royal Albert Hall, London\" data-image-description=\"\" data-image-caption=\"&lt;p&gt;Brit Floyd, 20.04.2011, Royal Albert Hall, London&lt;\/p&gt;\n\" data-large-file=\"http:\/\/www.rockpixx.com\/wordpress\/wp-content\/uploads\/2019\/10\/20110420-024.jpg\" data-attachment-id=\"22323\" data-permalink=\"http:\/\/www.rockpixx.com\/wordpress\/brit-floyd-20-04-2011-royal-albert-hall-london-3\/\" data-orig-file=\"http:\/\/www.rockpixx.com\/wordpress\/wp-content\/uploads\/2019\/10\/20110420-024.jpg\" data-orig-size=\"1000,667\" data-comments-opened=\"0\" data-image-meta=\"{&quot;aperture&quot;:&quot;0&quot;,&quot;credit&quot;:&quot;rockpixx.com | A. Hahl&quot;,&quot;camera&quot;:&quot;&quot;,&quot;caption&quot;:&quot;Brit Floyd, 20.04.2011, Royal Albert Hall, London&quot;,&quot;created_timestamp&quot;:&quot;1303330616&quot;,&quot;copyright&quot;:&quot;rockpixx.com | A. Hahl&quot;,&quot;focal_length&quot;:&quot;0&quot;,&quot;iso&quot;:&quot;0&quot;,&quot;shutter_speed&quot;:&quot;0&quot;,&quot;title&quot;:&quot;Brit Floyd, 20.04.2011, Royal Albert Hall, London&quot;,&quot;orientation&quot;:&quot;0&quot;}\" data-image-title=\"Brit Floyd, 20.04.2011, Royal Albert Hall, London\" data-image-description=\"\" data-image-caption=\"&lt;p&gt;Brit Floyd, 20.04.2011, Royal Albert Hall, London&lt;\/p&gt;\n\" data-large-file=\"http:\/\/www.rockpixx.com\/wordpress\/wp-content\/uploads\/2019\/10\/20110420-024.jpg\" role=\"button\" tabindex=\"0\" aria-label=\"Bild\u00a021 von 21 im Vollbildmodus \u00f6ffnen\"srcset=\"https:\/\/i1.wp.com\/www.rockpixx.com\/wordpress\/wp-content\/uploads\/2019\/10\/20110420-024.jpg?strip=info&#038;w=600 600w,https:\/\/i1.wp.com\/www.rockpixx.com\/wordpress\/wp-content\/uploads\/2019\/10\/20110420-024.jpg?strip=info&#038;w=900 900w,https:\/\/i1.wp.com\/www.rockpixx.com\/wordpress\/wp-content\/uploads\/2019\/10\/20110420-024.jpg?strip=info&#038;w=1000 1000w\" alt=\"\" data-height=\"667\" data-id=\"22323\" data-link=\"http:\/\/www.rockpixx.com\/wordpress\/brit-floyd-20-04-2011-royal-albert-hall-london-3\/\" data-url=\"http:\/\/www.rockpixx.com\/wordpress\/wp-content\/uploads\/2019\/10\/20110420-024.jpg\" data-width=\"1000\" src=\"https:\/\/i1.wp.com\/www.rockpixx.com\/wordpress\/wp-content\/uploads\/2019\/10\/20110420-024.jpg\"\/><\/figure><\/div><\/div><\/div><\/div>\n","protected":false},"excerpt":{"rendered":"<p>Ein altehrw\u00fcrdiger Ort, an dem Pink Floyd irgendwann einmal ein lebenslanges Auftrittsverbot kassierten, weil Ihre <a href=\"http:\/\/www.rockpixx.com\/wordpress\/brit-floyd-20-04-2011-london-gb-royal-albert-hall\/\">Read more<\/a><\/p>\n","protected":false},"author":2,"featured_media":7599,"comment_status":"open","ping_status":"open","sticky":false,"template":"","format":"standard","meta":{"_jetpack_memberships_contains_paid_content":false,"footnotes":"","jetpack_publicize_message":"","jetpack_publicize_feature_enabled":true,"jetpack_social_post_already_shared":true,"jetpack_social_options":{"image_generator_settings":{"template":"highway","default_image_id":0,"font":"","enabled":false},"version":2}},"categories":[34,538,117,5],"tags":[1733,1907,202,1732,830],"class_list":["post-7598","post","type-post","status-publish","format-standard","has-post-thumbnail","hentry","category-acts","category-brit-floyd","category-pink-floyd","category-tributebands","tag-1733","tag-brit-floyd","tag-london-gb","tag-pink-floyd","tag-royal-albert-hall"],"aioseo_notices":[],"jetpack_publicize_connections":[],"jetpack_featured_media_url":"http:\/\/www.rockpixx.com\/wordpress\/wp-content\/uploads\/2013\/01\/20110420-brit-floyd-Artikel.jpg","jetpack-related-posts":[{"id":8320,"url":"http:\/\/www.rockpixx.com\/wordpress\/brit-floyd-29-10-2011-munchen-kleine-olympiahalle\/","url_meta":{"origin":7598,"position":0},"title":"Brit Floyd, 29.10.2011, M\u00fcnchen, Kleine Olympiahalle","author":"Anja","date":"29. Oktober 2011","format":false,"excerpt":"Kaum aus dem Urlaub zur\u00fcck, gibt's schon wieder einen Leckerbissen: Zum zweiten Mal in diesem Jahr habe ich \u201eBrit Floyd\u201c vor den Kameras, dieses Mal allerdings nicht in \u2192\u00a0London's ehrw\u00fcrdiger Royal Albert Hall, sondern in der (neuen) \u201eKleinen Olympiahalle\u201c in M\u00fcnchen. Und das ist sogar f\u00fcr uns noch eine Premiere:\u2026","rel":"","context":"In &quot;Acts&quot;","block_context":{"text":"Acts","link":"http:\/\/www.rockpixx.com\/wordpress\/category\/acts\/"},"img":{"alt_text":"Brit Floyd, 29.10.2011, M\u00fcnchen, Kleine Olympiahalle","src":"https:\/\/i0.wp.com\/www.rockpixx.com\/wordpress\/wp-content\/uploads\/2013\/02\/20111029-brit-floyd-Artikel.jpg?resize=350%2C200","width":350,"height":200,"srcset":"https:\/\/i0.wp.com\/www.rockpixx.com\/wordpress\/wp-content\/uploads\/2013\/02\/20111029-brit-floyd-Artikel.jpg?resize=350%2C200 1x, https:\/\/i0.wp.com\/www.rockpixx.com\/wordpress\/wp-content\/uploads\/2013\/02\/20111029-brit-floyd-Artikel.jpg?resize=525%2C300 1.5x, https:\/\/i0.wp.com\/www.rockpixx.com\/wordpress\/wp-content\/uploads\/2013\/02\/20111029-brit-floyd-Artikel.jpg?resize=700%2C400 2x"},"classes":[]},{"id":7993,"url":"http:\/\/www.rockpixx.com\/wordpress\/speak-to-me-23-06-2011-kiel-maxbuhne\/","url_meta":{"origin":7598,"position":1},"title":"speak to me, 23.06.2011, Kiel, MAXB\u00fchne","author":"Anja","date":"23. Juni 2011","format":false,"excerpt":"So\u2026 also wieder einmal eine Pink Floyd-Tributeband, dieses Mal sechs local heroes von \u201espeak to me\u201c. Zugegeben, nach den Acts von \u2192\u00a0 \u201eThe Australian Pink Floyd Show in Kempten\u201c vom Februar dieses Jahres und vor allem nach \u2192\u00a0 \u201eBrit Floyd\u201c im April in der Londoner Royal Albert Hall bin ich\u2026","rel":"","context":"In &quot;Acts&quot;","block_context":{"text":"Acts","link":"http:\/\/www.rockpixx.com\/wordpress\/category\/acts\/"},"img":{"alt_text":"speak to me, 23.06.2011, Kiel, MAXB\u00fchne","src":"https:\/\/i0.wp.com\/www.rockpixx.com\/wordpress\/wp-content\/uploads\/2013\/02\/20110623-07-speak-to-me-Artikel.jpg?resize=350%2C200","width":350,"height":200,"srcset":"https:\/\/i0.wp.com\/www.rockpixx.com\/wordpress\/wp-content\/uploads\/2013\/02\/20110623-07-speak-to-me-Artikel.jpg?resize=350%2C200 1x, https:\/\/i0.wp.com\/www.rockpixx.com\/wordpress\/wp-content\/uploads\/2013\/02\/20110623-07-speak-to-me-Artikel.jpg?resize=525%2C300 1.5x, https:\/\/i0.wp.com\/www.rockpixx.com\/wordpress\/wp-content\/uploads\/2013\/02\/20110623-07-speak-to-me-Artikel.jpg?resize=700%2C400 2x"},"classes":[]},{"id":1044,"url":"http:\/\/www.rockpixx.com\/wordpress\/london-tag-2\/","url_meta":{"origin":7598,"position":2},"title":"London, Tag 2","author":"admin","date":"22. April 2011","format":false,"excerpt":"So\u2026 der erste volle Tag in London steht an und mit gepacktem Rucksack (Kameras f\u00fcr das Konzert am Abend) geht's mit dem Vorortzug und anschlie\u00dfend mit der Tube in die City. Die Royal Albert Hall ist schnell gefunden \u2013 somit steht dem abendlichen Konzert keine lange Sucherei im Weg. Auf\u2026","rel":"","context":"In &quot;2011&quot;","block_context":{"text":"2011","link":"http:\/\/www.rockpixx.com\/wordpress\/category\/backstage\/2011\/"},"img":{"alt_text":"London 2011, Royal Albert Hall","src":"https:\/\/i0.wp.com\/www.rockpixx.com\/wordpress\/wp-content\/uploads\/2011\/04\/20110420-012-rah.jpg?resize=350%2C200","width":350,"height":200,"srcset":"https:\/\/i0.wp.com\/www.rockpixx.com\/wordpress\/wp-content\/uploads\/2011\/04\/20110420-012-rah.jpg?resize=350%2C200 1x, https:\/\/i0.wp.com\/www.rockpixx.com\/wordpress\/wp-content\/uploads\/2011\/04\/20110420-012-rah.jpg?resize=525%2C300 1.5x, https:\/\/i0.wp.com\/www.rockpixx.com\/wordpress\/wp-content\/uploads\/2011\/04\/20110420-012-rah.jpg?resize=700%2C400 2x"},"classes":[]},{"id":1043,"url":"http:\/\/www.rockpixx.com\/wordpress\/london-tag-1\/","url_meta":{"origin":7598,"position":3},"title":"London, Tag 1","author":"admin","date":"19. April 2011","format":false,"excerpt":"Moin, so, heute ging's also nach London, wo morgen Abend \u201eBrit Floyd\u201c in der Royal Albert Hall vor meine Kameras geraten werden. Hinflug war ganz entspannt von M\u00fcnchen mit KLM via Amsterdam. Schiphol ist allerdings ein lustiger Flughafen. Ankommen, aussteigen, raus aus dem Transitbereich. Auf Etage 1 einmal das gesamte\u2026","rel":"","context":"In &quot;2011&quot;","block_context":{"text":"2011","link":"http:\/\/www.rockpixx.com\/wordpress\/category\/backstage\/2011\/"},"img":{"alt_text":"","src":"","width":0,"height":0},"classes":[]},{"id":10268,"url":"http:\/\/www.rockpixx.com\/wordpress\/vor-dem-konzert-brit-floyd-munchen-29-10-2011\/","url_meta":{"origin":7598,"position":4},"title":"Vor dem Konzert (Brit Floyd, M\u00fcnchen 29.10.2011)","author":"admin","date":"28. M\u00e4rz 2013","format":false,"excerpt":"Wir sind ja sehr oft vor dem eigentlichen Konzertbeginn schon in den Hallen oder auf dem Gel\u00e4nde. Auch wenn es backstage mitunter interessant ist, mit den Musikern noch ein paar Worte zu wechseln, so sollte stets bedacht werden, dass diese oftmals aber auch die \u201eRuhe vor dem Sturm\u201c brauchen, um\u2026","rel":"","context":"In &quot;2013&quot;","block_context":{"text":"2013","link":"http:\/\/www.rockpixx.com\/wordpress\/category\/backstage\/2013\/"},"img":{"alt_text":"Brit Floyd, 29.10.2011, M\u00fcnchen, Kleine Olympiahalle","src":"https:\/\/i0.wp.com\/www.rockpixx.com\/wordpress\/wp-content\/uploads\/2013\/03\/20111029-020.jpg?resize=350%2C200","width":350,"height":200,"srcset":"https:\/\/i0.wp.com\/www.rockpixx.com\/wordpress\/wp-content\/uploads\/2013\/03\/20111029-020.jpg?resize=350%2C200 1x, https:\/\/i0.wp.com\/www.rockpixx.com\/wordpress\/wp-content\/uploads\/2013\/03\/20111029-020.jpg?resize=525%2C300 1.5x, https:\/\/i0.wp.com\/www.rockpixx.com\/wordpress\/wp-content\/uploads\/2013\/03\/20111029-020.jpg?resize=700%2C400 2x"},"classes":[]},{"id":1074,"url":"http:\/\/www.rockpixx.com\/wordpress\/das-war-2011\/","url_meta":{"origin":7598,"position":5},"title":"Das war 2011","author":"admin","date":"29. Dezember 2011","format":false,"excerpt":"Ein ereignisreiches Jahr neigt sich dem Ende zu. Es war f\u00fcr uns das Jahr, in dem wir die bisher meisten Acts fotografiert haben: Erstmals haben wir die Hunderter-Marke mit insgesamt 116 Acts geknackt! In der Gesamtheit ist ja alles auf \u2192 rockpixx.com nachzulesen \u2013 hier soll dagegen unser pers\u00f6nliches Fazit\u2026","rel":"","context":"In &quot;2011&quot;","block_context":{"text":"2011","link":"http:\/\/www.rockpixx.com\/wordpress\/category\/backstage\/2011\/"},"img":{"alt_text":"Konzertposter 2011","src":"https:\/\/i0.wp.com\/www.rockpixx.com\/wordpress\/wp-content\/uploads\/2013\/03\/20111229-Konzerte-2011-100x70.jpg?resize=350%2C200","width":350,"height":200,"srcset":"https:\/\/i0.wp.com\/www.rockpixx.com\/wordpress\/wp-content\/uploads\/2013\/03\/20111229-Konzerte-2011-100x70.jpg?resize=350%2C200 1x, https:\/\/i0.wp.com\/www.rockpixx.com\/wordpress\/wp-content\/uploads\/2013\/03\/20111229-Konzerte-2011-100x70.jpg?resize=525%2C300 1.5x, https:\/\/i0.wp.com\/www.rockpixx.com\/wordpress\/wp-content\/uploads\/2013\/03\/20111229-Konzerte-2011-100x70.jpg?resize=700%2C400 2x"},"classes":[]}],"jetpack_sharing_enabled":true,"publishpress_future_action":{"enabled":false,"date":"2026-05-07 10:40:32","action":"change-status","newStatus":"draft","terms":[],"taxonomy":"category","extraData":[]},"publishpress_future_workflow_manual_trigger":{"enabledWorkflows":[]},"_links":{"self":[{"href":"http:\/\/www.rockpixx.com\/wordpress\/wp-json\/wp\/v2\/posts\/7598","targetHints":{"allow":["GET"]}}],"collection":[{"href":"http:\/\/www.rockpixx.com\/wordpress\/wp-json\/wp\/v2\/posts"}],"about":[{"href":"http:\/\/www.rockpixx.com\/wordpress\/wp-json\/wp\/v2\/types\/post"}],"author":[{"embeddable":true,"href":"http:\/\/www.rockpixx.com\/wordpress\/wp-json\/wp\/v2\/users\/2"}],"replies":[{"embeddable":true,"href":"http:\/\/www.rockpixx.com\/wordpress\/wp-json\/wp\/v2\/comments?post=7598"}],"version-history":[{"count":3,"href":"http:\/\/www.rockpixx.com\/wordpress\/wp-json\/wp\/v2\/posts\/7598\/revisions"}],"predecessor-version":[{"id":22346,"href":"http:\/\/www.rockpixx.com\/wordpress\/wp-json\/wp\/v2\/posts\/7598\/revisions\/22346"}],"wp:featuredmedia":[{"embeddable":true,"href":"http:\/\/www.rockpixx.com\/wordpress\/wp-json\/wp\/v2\/media\/7599"}],"wp:attachment":[{"href":"http:\/\/www.rockpixx.com\/wordpress\/wp-json\/wp\/v2\/media?parent=7598"}],"wp:term":[{"taxonomy":"category","embeddable":true,"href":"http:\/\/www.rockpixx.com\/wordpress\/wp-json\/wp\/v2\/categories?post=7598"},{"taxonomy":"post_tag","embeddable":true,"href":"http:\/\/www.rockpixx.com\/wordpress\/wp-json\/wp\/v2\/tags?post=7598"}],"curies":[{"name":"wp","href":"https:\/\/api.w.org\/{rel}","templated":true}]}}