{"id":7602,"date":"2011-04-24T01:00:50","date_gmt":"2011-04-23T23:00:50","guid":{"rendered":"http:\/\/rockpixx.com\/wordpress\/?p=7602"},"modified":"2013-02-01T22:39:54","modified_gmt":"2013-02-01T20:39:54","slug":"kissin-dynamite-24-04-2011-senden-burgerhaus","status":"publish","type":"post","link":"http:\/\/www.rockpixx.com\/wordpress\/kissin-dynamite-24-04-2011-senden-burgerhaus\/","title":{"rendered":"Kissin&#8216; Dynamite, 24.04.2011, Senden, B\u00fcrgerhaus"},"content":{"rendered":"<p>\u201eKissin&#8216; Dynamite\u201c hei\u00dfen die 5 Musiker, die heute den Support f\u00fcr Barock im B\u00fcrgerhaus in Senden machen. Erster optischer Eindruck noch vor dem Soundcheck: Da werden etliche weibliche Fans heute abend aber lecker Metaller zu sehen bekommen. <!--more-->(Und der erste Eindruck verst\u00e4rkte sich noch um Einiges, als die Musiker dann b\u00fchnengerecht gestylt aus der Garderobe neben uns kamen\u2026)<\/p>\n<p>W\u00e4hrend des fulminanten Auftrittes stand nat\u00fcrlich das neue Album der Band \u2013 \u201eAddicted to Metal\u201c im (akustischen) Mittelpunkt der Show; eigentlich nur noch getopt von den optischen Reizen: Einer beeindruckenden Garderobe und einer nicht enden wollenden Abfolge von spektakul\u00e4ren Posen rundeten das Gesamtkunstwerk gelungen ab. Die Musik war \u00fcbrigens auch nicht von schlechten Eltern. Ganz bestimmt werden wir diese Band noch einmal fotografieren, wir sind der Meinung, dass \u201eKissin&#8216; Dynamite\u201c live auf jeden Fall einen Besuch wert sind.<\/p>\n<p style=\"text-align: right;\">Fotos: <a href=\"mailto:info@rockpixx.com?subject=Fotos%20von%20Kissin%27%20Dynamite,%20Senden%20%E2%80%9EB%C3%BCrgerhaus%E2%80%9C,%2024.04.2011\">Alex<\/a> | Text: <a href=\"mailto:info@rockpixx.com?subject=Reviewtext%20von%20Kissin%27%20Dynamite,%20Senden%20%E2%80%9EB%C3%BCrgerhaus%E2%80%9C,%2024.04.2011\">Alex<\/a><\/p>\n<p>&nbsp;<\/p>\n<p>[slideshow id=17]<\/p>\n","protected":false},"excerpt":{"rendered":"<p>\u201eKissin&#8216; Dynamite\u201c hei\u00dfen die 5 Musiker, die heute den Support f\u00fcr Barock im B\u00fcrgerhaus in <a href=\"http:\/\/www.rockpixx.com\/wordpress\/kissin-dynamite-24-04-2011-senden-burgerhaus\/\">Read more<\/a><\/p>\n","protected":false},"author":2,"featured_media":7603,"comment_status":"open","ping_status":"open","sticky":false,"template":"","format":"standard","meta":{"_jetpack_memberships_contains_paid_content":false,"footnotes":"","jetpack_publicize_message":"","jetpack_publicize_feature_enabled":true,"jetpack_social_post_already_shared":true,"jetpack_social_options":{"image_generator_settings":{"template":"highway","default_image_id":0,"font":"","enabled":false},"version":2}},"categories":[34,539],"tags":[1733,362,1909,278],"class_list":["post-7602","post","type-post","status-publish","format-standard","has-post-thumbnail","hentry","category-acts","category-kissin-dynamite","tag-1733","tag-burgerhaus","tag-kissin-dynamite","tag-senden"],"aioseo_notices":[],"jetpack_publicize_connections":[],"jetpack_featured_media_url":"http:\/\/www.rockpixx.com\/wordpress\/wp-content\/uploads\/2013\/01\/20110424-01-kissin-dynamite-Artikel.jpg","jetpack-related-posts":[{"id":10227,"url":"http:\/\/www.rockpixx.com\/wordpress\/kissin-dynamite-hannes-braun-jim-muller-flensburg-flensburg-unplugged-22-03-2013\/","url_meta":{"origin":7602,"position":0},"title":"Kissin&#8216; Dynamite (Hannes Braun, Jim M\u00fcller), Flensburg, flensburg unplugged, 22.03.2013","author":"Anja","date":"24. M\u00e4rz 2013","format":false,"excerpt":"Als n\u00e4chstes stehen alte Bekannte von uns auf der\u00a0\u2192 \u201eflensburg unplugged\u201c B\u00fchne: Hannes Braun und Jim M\u00fcller, die K\u00f6pfe von \u2192 \u201eKissin' Dynamite\u201c, sind zur Zeit in Flensburg, um bei\u00a0\u00a0Elephant-Music ihr viertes Album einzuspielen. Obwohl die beiden \u201eStuttgarter Gew\u00e4chse\u201c sind, verbindet sie mit Flensburg die Studio-Arbeit an Ihren Alben und\u2026","rel":"","context":"In &quot;Acts&quot;","block_context":{"text":"Acts","link":"http:\/\/www.rockpixx.com\/wordpress\/category\/acts\/"},"img":{"alt_text":"Kssin Dynamite","src":"https:\/\/i0.wp.com\/www.rockpixx.com\/wordpress\/wp-content\/uploads\/2013\/03\/20130322-08-kissin-dynamite-Artikel.jpg?resize=350%2C200","width":350,"height":200,"srcset":"https:\/\/i0.wp.com\/www.rockpixx.com\/wordpress\/wp-content\/uploads\/2013\/03\/20130322-08-kissin-dynamite-Artikel.jpg?resize=350%2C200 1x, https:\/\/i0.wp.com\/www.rockpixx.com\/wordpress\/wp-content\/uploads\/2013\/03\/20130322-08-kissin-dynamite-Artikel.jpg?resize=525%2C300 1.5x, https:\/\/i0.wp.com\/www.rockpixx.com\/wordpress\/wp-content\/uploads\/2013\/03\/20130322-08-kissin-dynamite-Artikel.jpg?resize=700%2C400 2x"},"classes":[]},{"id":1754,"url":"http:\/\/www.rockpixx.com\/wordpress\/barock-05-01-2008-senden-burgerhaus\/","url_meta":{"origin":7602,"position":1},"title":"Barock, 05.01.2008, Senden, B\u00fcrgerhaus","author":"admin","date":"5. Januar 2008","format":false,"excerpt":"Wieder eine Stadthalle, diese gef\u00fcllt mit mehr als 900 Zusehern und eine nervige Anreise im dicksten Winter-R\u00fcckreise-Ferienende-Verkehr. Egal, das Konzert war gut \u2013 auch wenn ich dieses Mal fast den kompletten Gig auf und nicht vor der B\u00fchne verbracht habe. Von daher haben die meisten der hier gezeigten Bilder auch\u2026","rel":"","context":"In &quot;AC\/DC&quot;","block_context":{"text":"AC\/DC","link":"http:\/\/www.rockpixx.com\/wordpress\/category\/acts\/tributebands\/acdc\/"},"img":{"alt_text":"Barock, 05.01.2008, Senden, B\u00fcrgerhaus","src":"https:\/\/i0.wp.com\/www.rockpixx.com\/wordpress\/wp-content\/uploads\/2008\/01\/20080105-barock-Artikel.jpg?resize=350%2C200","width":350,"height":200,"srcset":"https:\/\/i0.wp.com\/www.rockpixx.com\/wordpress\/wp-content\/uploads\/2008\/01\/20080105-barock-Artikel.jpg?resize=350%2C200 1x, https:\/\/i0.wp.com\/www.rockpixx.com\/wordpress\/wp-content\/uploads\/2008\/01\/20080105-barock-Artikel.jpg?resize=525%2C300 1.5x, https:\/\/i0.wp.com\/www.rockpixx.com\/wordpress\/wp-content\/uploads\/2008\/01\/20080105-barock-Artikel.jpg?resize=700%2C400 2x"},"classes":[]},{"id":21173,"url":"http:\/\/www.rockpixx.com\/wordpress\/kissin-time-19-06-2017-kiel-radio-bob-rockcamp\/","url_meta":{"origin":7602,"position":2},"title":"Kissin\u2018 Time, 19.06.2017, Kiel, Radio BOB! Rockcamp","author":"A. Hahl","date":"20. Juni 2017","format":false,"excerpt":"\u2026 und noch eine Tributeband zum Thema \u201eKISS\u201c. Das ist ja nicht so einfach: Mit Schminke und an die Originale angelehnten Kost\u00fcmen und Instrumenten ist es nicht getan. Es muss auch musikalisch und von der gesamten Show her passen. Und da gibt es schon Unterschiede, wie wir im Laufe der\u2026","rel":"","context":"In &quot;Acts&quot;","block_context":{"text":"Acts","link":"http:\/\/www.rockpixx.com\/wordpress\/category\/acts\/"},"img":{"alt_text":"Kissin' Time, 19.06.2017, Kiel, Radio BOB! Rockcamp","src":"https:\/\/i0.wp.com\/www.rockpixx.com\/wordpress\/wp-content\/uploads\/2017\/06\/20170619-01-022.jpg?resize=350%2C200","width":350,"height":200,"srcset":"https:\/\/i0.wp.com\/www.rockpixx.com\/wordpress\/wp-content\/uploads\/2017\/06\/20170619-01-022.jpg?resize=350%2C200 1x, https:\/\/i0.wp.com\/www.rockpixx.com\/wordpress\/wp-content\/uploads\/2017\/06\/20170619-01-022.jpg?resize=525%2C300 1.5x, https:\/\/i0.wp.com\/www.rockpixx.com\/wordpress\/wp-content\/uploads\/2017\/06\/20170619-01-022.jpg?resize=700%2C400 2x"},"classes":[]},{"id":7607,"url":"http:\/\/www.rockpixx.com\/wordpress\/barock-24-04-2011-senden-burgerhaus\/","url_meta":{"origin":7602,"position":3},"title":"Barock, 24.04.2011, Senden, B\u00fcrgerhaus","author":"Anja","date":"24. April 2011","format":false,"excerpt":"Bis dato unser k\u00fcrzestes Review: Sehr viel Drive: Band, Show, Sound und Licht. Deutlich weniger Drive: Gro\u00dfe Teile des Publikums. Fotos: Alex, Anja | Text: Alex \u00a0 [slideshow id=18]","rel":"","context":"In &quot;AC\/DC&quot;","block_context":{"text":"AC\/DC","link":"http:\/\/www.rockpixx.com\/wordpress\/category\/acts\/tributebands\/acdc\/"},"img":{"alt_text":"Barock, 24.04.2011, Senden, B\u00fcrgerhaus","src":"https:\/\/i0.wp.com\/www.rockpixx.com\/wordpress\/wp-content\/uploads\/2013\/01\/20110424-02-barock-Artikel.jpg?resize=350%2C200","width":350,"height":200,"srcset":"https:\/\/i0.wp.com\/www.rockpixx.com\/wordpress\/wp-content\/uploads\/2013\/01\/20110424-02-barock-Artikel.jpg?resize=350%2C200 1x, https:\/\/i0.wp.com\/www.rockpixx.com\/wordpress\/wp-content\/uploads\/2013\/01\/20110424-02-barock-Artikel.jpg?resize=525%2C300 1.5x, https:\/\/i0.wp.com\/www.rockpixx.com\/wordpress\/wp-content\/uploads\/2013\/01\/20110424-02-barock-Artikel.jpg?resize=700%2C400 2x"},"classes":[]},{"id":8297,"url":"http:\/\/www.rockpixx.com\/wordpress\/merqury-19-08-2011-coburg-schlossplatz\/","url_meta":{"origin":7602,"position":4},"title":"MerQury, 19.08.2011, Coburg, Schlossplatz","author":"Anja","date":"19. August 2011","format":false,"excerpt":"Coburg, Schlossplatz. Hatte es am Nachmittag wenige Kilometer weiter noch unwetterartige Regenf\u00e4lle gegeben, so erwartet mich hier der Beginn einer wunderbaren Sommernacht. Erster Eindruck von der B\u00fchne: \u201eSch\u2026 ist die hoch! Das wird nix mit Bildern von vorne.\u201c Ok, erst einmal backstage orientieren gehen\u2026 Und w\u00e4hrend ich mich noch am\u2026","rel":"","context":"In &quot;Acts&quot;","block_context":{"text":"Acts","link":"http:\/\/www.rockpixx.com\/wordpress\/category\/acts\/"},"img":{"alt_text":"MerQury, 19.08.2011, Coburg, Schlossplatz","src":"https:\/\/i0.wp.com\/www.rockpixx.com\/wordpress\/wp-content\/uploads\/2013\/02\/20110819-merqury-Artikel.jpg?resize=350%2C200","width":350,"height":200,"srcset":"https:\/\/i0.wp.com\/www.rockpixx.com\/wordpress\/wp-content\/uploads\/2013\/02\/20110819-merqury-Artikel.jpg?resize=350%2C200 1x, https:\/\/i0.wp.com\/www.rockpixx.com\/wordpress\/wp-content\/uploads\/2013\/02\/20110819-merqury-Artikel.jpg?resize=525%2C300 1.5x, https:\/\/i0.wp.com\/www.rockpixx.com\/wordpress\/wp-content\/uploads\/2013\/02\/20110819-merqury-Artikel.jpg?resize=700%2C400 2x"},"classes":[]},{"id":10191,"url":"http:\/\/www.rockpixx.com\/wordpress\/flensburg-unplugged-flensburg-azf-22-03-2013\/","url_meta":{"origin":7602,"position":5},"title":"flensburg unplugged, Flensburg, AZF, 22.03.2013","author":"Anja","date":"24. M\u00e4rz 2013","format":false,"excerpt":"Das f\u00fcnfte \u201eflensburg unplugged\u201c erlebte an diesem Abend nach f\u00fcnf Jahren Pause eine Neuauflage. Begleitet vom 16-k\u00f6pfigen \u201eFlensburg Acoustic Orchestra\u201c stellten 10 K\u00fcnstler der Region ihre eigenen Songs \u2013 neu arrangiert und unplugged vor. Stop, ich muss mich korrigieren \u2013 leider musste Bj\u00f6rn Both seinen Auftritt absagen. F\u00fcr den K\u00fcnstler\u2026","rel":"","context":"In &quot;2013&quot;","block_context":{"text":"2013","link":"http:\/\/www.rockpixx.com\/wordpress\/category\/backstage\/2013\/"},"img":{"alt_text":"flensburg unplugged 22.03.2013","src":"https:\/\/i0.wp.com\/www.rockpixx.com\/wordpress\/wp-content\/uploads\/2013\/03\/20130324_20130322-00-020.jpg?resize=350%2C200","width":350,"height":200,"srcset":"https:\/\/i0.wp.com\/www.rockpixx.com\/wordpress\/wp-content\/uploads\/2013\/03\/20130324_20130322-00-020.jpg?resize=350%2C200 1x, https:\/\/i0.wp.com\/www.rockpixx.com\/wordpress\/wp-content\/uploads\/2013\/03\/20130324_20130322-00-020.jpg?resize=525%2C300 1.5x, https:\/\/i0.wp.com\/www.rockpixx.com\/wordpress\/wp-content\/uploads\/2013\/03\/20130324_20130322-00-020.jpg?resize=700%2C400 2x"},"classes":[]}],"jetpack_sharing_enabled":true,"publishpress_future_action":{"enabled":false,"date":"2026-05-07 10:18:29","action":"change-status","newStatus":"draft","terms":[],"taxonomy":"category","extraData":[]},"publishpress_future_workflow_manual_trigger":{"enabledWorkflows":[]},"_links":{"self":[{"href":"http:\/\/www.rockpixx.com\/wordpress\/wp-json\/wp\/v2\/posts\/7602","targetHints":{"allow":["GET"]}}],"collection":[{"href":"http:\/\/www.rockpixx.com\/wordpress\/wp-json\/wp\/v2\/posts"}],"about":[{"href":"http:\/\/www.rockpixx.com\/wordpress\/wp-json\/wp\/v2\/types\/post"}],"author":[{"embeddable":true,"href":"http:\/\/www.rockpixx.com\/wordpress\/wp-json\/wp\/v2\/users\/2"}],"replies":[{"embeddable":true,"href":"http:\/\/www.rockpixx.com\/wordpress\/wp-json\/wp\/v2\/comments?post=7602"}],"version-history":[{"count":0,"href":"http:\/\/www.rockpixx.com\/wordpress\/wp-json\/wp\/v2\/posts\/7602\/revisions"}],"wp:featuredmedia":[{"embeddable":true,"href":"http:\/\/www.rockpixx.com\/wordpress\/wp-json\/wp\/v2\/media\/7603"}],"wp:attachment":[{"href":"http:\/\/www.rockpixx.com\/wordpress\/wp-json\/wp\/v2\/media?parent=7602"}],"wp:term":[{"taxonomy":"category","embeddable":true,"href":"http:\/\/www.rockpixx.com\/wordpress\/wp-json\/wp\/v2\/categories?post=7602"},{"taxonomy":"post_tag","embeddable":true,"href":"http:\/\/www.rockpixx.com\/wordpress\/wp-json\/wp\/v2\/tags?post=7602"}],"curies":[{"name":"wp","href":"https:\/\/api.w.org\/{rel}","templated":true}]}}