{"id":7639,"date":"2011-06-17T01:00:06","date_gmt":"2011-06-16T23:00:06","guid":{"rendered":"http:\/\/rockpixx.com\/wordpress\/?p=7639"},"modified":"2013-06-25T13:11:29","modified_gmt":"2013-06-25T12:11:29","slug":"alive-and-kicking-17-06-2011-kiel-ndr-buhne","status":"publish","type":"post","link":"http:\/\/www.rockpixx.com\/wordpress\/alive-and-kicking-17-06-2011-kiel-ndr-buhne\/","title":{"rendered":"Alive &#038; Kicking, 17.06.2011, Kiel, NDR-B\u00fchne"},"content":{"rendered":"<p>Die \u201eKieler Woche 2011\u201c geht f\u00fcr mich dann also an der NDR-B\u00fchne mit \u201eAlive &amp; Kicking\u201c los. Wie der Name es schon vermuten l\u00e4sst, handelt es sich bei den Musikern aus Kiel und Umgebung um eine Simple Minds-Tributeband. Der Platz vor der B\u00fchne ist leider noch sehr leer \u2013 das liegt nicht an der Band hier, sondern an den \u2192\u00a0 <a title=\"S\u00f6hne Mannheims, 17.06.2011, Kiel, Unser Norden-B\u00fchne\" href=\"http:\/\/rockpixx.com\/wordpress\/?p=7641\" target=\"_blank\">\u201eS\u00f6hnen Mannheims\u201c<\/a> , die zeitgleich auf der Unser Norden-B\u00fchne aufspielen.<!--more--><\/p>\n<p>Die Performance ist gut, Licht und Sound haben ebenfalls die gewohnte NDR B\u00fchnen-Qualit\u00e4t, bleibt also als Schlussfolgerung f\u00fcr meinen ersten Kieler Woche-Einsatz, dass es ein gelungener Auftakt gewesen ist und noch viele weitere Gigs dieser Art kommen d\u00fcrfen.<\/p>\n<p style=\"text-align: right;\">Fotos: <a href=\"mailto:info@rockpixx.com?subject=Fotos%20von%20Alive%20and%20Kicking,%20Kiel%20%E2%80%9ENDR-B%C3%BChne%E2%80%9C,%2017.06.2011\">Alex<\/a> | Text: <a href=\"mailto:info@rockpixx.com?subject=Reviewtext%20von%20Alive%20and%20Kicking,%20Kiel%20%E2%80%9ENDR-B%C3%BChne%E2%80%9C,%2017.06.2011\">Alex<\/a><\/p>\n<p>&nbsp;<\/p>\n<p>[slideshow id=24]<\/p>\n","protected":false},"excerpt":{"rendered":"<p>Die \u201eKieler Woche 2011\u201c geht f\u00fcr mich dann also an der NDR-B\u00fchne mit \u201eAlive &amp; <a href=\"http:\/\/www.rockpixx.com\/wordpress\/alive-and-kicking-17-06-2011-kiel-ndr-buhne\/\">Read more<\/a><\/p>\n","protected":false},"author":2,"featured_media":7651,"comment_status":"open","ping_status":"open","sticky":false,"template":"","format":"standard","meta":{"_jetpack_memberships_contains_paid_content":false,"footnotes":"","jetpack_publicize_message":"","jetpack_publicize_feature_enabled":true,"jetpack_social_post_already_shared":true,"jetpack_social_options":{"image_generator_settings":{"template":"highway","default_image_id":0,"font":"","enabled":false},"version":2}},"categories":[34,544,543,5],"tags":[1733,2127,133,1735,138,1775,1913],"class_list":["post-7639","post","type-post","status-publish","format-standard","has-post-thumbnail","hentry","category-acts","category-alive-and-kicking","category-simple-minds","category-tributebands","tag-1733","tag-alive-kicking","tag-festivals","tag-kiel","tag-kieler-woche","tag-ndr-buhne","tag-simple-minds"],"aioseo_notices":[],"jetpack_publicize_connections":[],"jetpack_featured_media_url":"http:\/\/www.rockpixx.com\/wordpress\/wp-content\/uploads\/2013\/01\/20110617-01-alive-and-kicking-Artikel.jpg","jetpack-related-posts":[{"id":11136,"url":"http:\/\/www.rockpixx.com\/wordpress\/alive-and-kicking-24-06-2013-kiel-ndr-buhne\/","url_meta":{"origin":7639,"position":0},"title":"Alive &#038; Kicking, 24.06.2013, Kiel, NDR-B\u00fchne","author":"Anja","date":"25. Juni 2013","format":false,"excerpt":"\u201eAlive & Kicking\u201c \u2013 eine der besten Simple Minds Tributebands \u2013 sind der Grund, dass ich mich zu sp\u00e4ter Stunde noch auf den Weg zur NDR-B\u00fchne mache. Inst\u00e4ndig hoffe ich, dass der K\u00fcnstler davor schon das \u201eTaxi nach Paris\u201c bestiegen hat und die B\u00fchne frei w\u00e4re\u2026 Pustekuchen! Also darf ich\u2026","rel":"","context":"In &quot;Acts&quot;","block_context":{"text":"Acts","link":"http:\/\/www.rockpixx.com\/wordpress\/category\/acts\/"},"img":{"alt_text":"","src":"https:\/\/i0.wp.com\/www.rockpixx.com\/wordpress\/wp-content\/uploads\/2013\/06\/20130624-03-033_alive-and-kicking-Artikel.jpg?resize=350%2C200","width":350,"height":200,"srcset":"https:\/\/i0.wp.com\/www.rockpixx.com\/wordpress\/wp-content\/uploads\/2013\/06\/20130624-03-033_alive-and-kicking-Artikel.jpg?resize=350%2C200 1x, https:\/\/i0.wp.com\/www.rockpixx.com\/wordpress\/wp-content\/uploads\/2013\/06\/20130624-03-033_alive-and-kicking-Artikel.jpg?resize=525%2C300 1.5x, https:\/\/i0.wp.com\/www.rockpixx.com\/wordpress\/wp-content\/uploads\/2013\/06\/20130624-03-033_alive-and-kicking-Artikel.jpg?resize=700%2C400 2x"},"classes":[]},{"id":18319,"url":"http:\/\/www.rockpixx.com\/wordpress\/alive-kicking-21-06-2015-kieler-woche-netuse-buehne-kiel\/","url_meta":{"origin":7639,"position":1},"title":"Alive &#038; Kicking, 21.06.2015, Kieler Woche, NetUSE-B\u00fchne, Kiel","author":"Anja","date":"22. Juni 2015","format":false,"excerpt":"Tadaaa: Sie haben es nun in die Top Five unserer meistfotografierten Bands geschafft: \u2192 \u201eAlive & Kicking\u201c \u2013 und das obwohl wir sie erst 2011 zum ersten Mal vor unseren Kameras hatten! Heute Abend allerdings ist einiges anders als sonst: 40 Prozent der Band f\u00e4llt verletzungsbedingt aus: Harry hat \u201eArm\u201c\u2026","rel":"","context":"In &quot;Acts&quot;","block_context":{"text":"Acts","link":"http:\/\/www.rockpixx.com\/wordpress\/category\/acts\/"},"img":{"alt_text":"Alive &amp; Kicking, 21.06.2015, NetUSE-B\u00fchne, Kiel","src":"https:\/\/i0.wp.com\/www.rockpixx.com\/wordpress\/wp-content\/uploads\/2015\/06\/20150621-03-017_ak_Artikel.jpg?resize=350%2C200","width":350,"height":200,"srcset":"https:\/\/i0.wp.com\/www.rockpixx.com\/wordpress\/wp-content\/uploads\/2015\/06\/20150621-03-017_ak_Artikel.jpg?resize=350%2C200 1x, https:\/\/i0.wp.com\/www.rockpixx.com\/wordpress\/wp-content\/uploads\/2015\/06\/20150621-03-017_ak_Artikel.jpg?resize=525%2C300 1.5x, https:\/\/i0.wp.com\/www.rockpixx.com\/wordpress\/wp-content\/uploads\/2015\/06\/20150621-03-017_ak_Artikel.jpg?resize=700%2C400 2x"},"classes":[]},{"id":8062,"url":"http:\/\/www.rockpixx.com\/wordpress\/saga-26-06-2011-kiel-ndr-buhne\/","url_meta":{"origin":7639,"position":2},"title":"Saga, 26.06.2011, Kiel, NDR-B\u00fchne","author":"Anja","date":"26. Juni 2011","format":false,"excerpt":"Mit Beginn des Jahres 2011 ist die vierj\u00e4hrige \u201eDurststrecke\u201c von \u201eSaga\u201c ohne Frontman Michael Sadler wieder beendet. Und so standen die f\u00fcnf Musiker bei ihrem ersten Auftritt in Deutschland w\u00e4hrend ihrer 2011er Sommertour durch Europa in Kiel auf der NDR-B\u00fchne und legten gleich fulminant los. Neo-Progrock aus Kanada flutete die\u2026","rel":"","context":"In &quot;Acts&quot;","block_context":{"text":"Acts","link":"http:\/\/www.rockpixx.com\/wordpress\/category\/acts\/"},"img":{"alt_text":"Saga, 26.06.2011, Kiel, NDR-B\u00fchne","src":"https:\/\/i0.wp.com\/www.rockpixx.com\/wordpress\/wp-content\/uploads\/2013\/02\/20110626-02-saga-Artikel.jpg?resize=350%2C200","width":350,"height":200,"srcset":"https:\/\/i0.wp.com\/www.rockpixx.com\/wordpress\/wp-content\/uploads\/2013\/02\/20110626-02-saga-Artikel.jpg?resize=350%2C200 1x, https:\/\/i0.wp.com\/www.rockpixx.com\/wordpress\/wp-content\/uploads\/2013\/02\/20110626-02-saga-Artikel.jpg?resize=525%2C300 1.5x, https:\/\/i0.wp.com\/www.rockpixx.com\/wordpress\/wp-content\/uploads\/2013\/02\/20110626-02-saga-Artikel.jpg?resize=700%2C400 2x"},"classes":[]},{"id":6406,"url":"http:\/\/www.rockpixx.com\/wordpress\/quo-19-06-2010-kiel-ndr-buhne\/","url_meta":{"origin":7639,"position":3},"title":"Quo, 19.06.2010, Kiel, NDR-B\u00fchne","author":"Anja","date":"19. Juni 2010","format":false,"excerpt":"Irgendwie geh\u00f6ren die vier Jungs von \u201eQuo\u201c f\u00fcr uns auf der \u201eKieler Woche\u201c ja schon beinahe zum Inventar \u2013 egal auf welcher B\u00fchne. Dieses Jahr liefern sie also auf der NDR-B\u00fchne ihre Show und es f\u00fchlt sich \u2013 wie die Jahre zuvor \u2013 ebenfalls wieder richtig gut nach \u2192\u00a0\u201eStatus Quo\u201c\u2026","rel":"","context":"In &quot;Acts&quot;","block_context":{"text":"Acts","link":"http:\/\/www.rockpixx.com\/wordpress\/category\/acts\/"},"img":{"alt_text":"Quo, 19.06.2010, Kiel, NDR-B\u00fchne","src":"https:\/\/i0.wp.com\/www.rockpixx.com\/wordpress\/wp-content\/uploads\/2013\/01\/20100619-01-quo-Artikel.jpg?resize=350%2C200","width":350,"height":200,"srcset":"https:\/\/i0.wp.com\/www.rockpixx.com\/wordpress\/wp-content\/uploads\/2013\/01\/20100619-01-quo-Artikel.jpg?resize=350%2C200 1x, https:\/\/i0.wp.com\/www.rockpixx.com\/wordpress\/wp-content\/uploads\/2013\/01\/20100619-01-quo-Artikel.jpg?resize=525%2C300 1.5x, https:\/\/i0.wp.com\/www.rockpixx.com\/wordpress\/wp-content\/uploads\/2013\/01\/20100619-01-quo-Artikel.jpg?resize=700%2C400 2x"},"classes":[]},{"id":8510,"url":"http:\/\/www.rockpixx.com\/wordpress\/kim-wilde-18-06-2012-kiel-ndr-buhne\/","url_meta":{"origin":7639,"position":4},"title":"Kim Wilde, 18.06.2012, Kiel, NDR-B\u00fchne","author":"Anja","date":"18. Juni 2012","format":false,"excerpt":"Kim Wilde, darauf hab ich mich schon die ganze Zeit gefreut, als es hie\u00df wir gehen zur Kieler Woche. Also habe ich die interne Pokermeisterschaft bei rockpixx.com gewonnen und durfte zu Kim Wilde auf der NDR-B\u00fchne. Als ich wie gewohnt f\u00fcr die Bilder in den Graben wollte, hie\u00df es von\u2026","rel":"","context":"In &quot;Acts&quot;","block_context":{"text":"Acts","link":"http:\/\/www.rockpixx.com\/wordpress\/category\/acts\/"},"img":{"alt_text":"Kim Wilde, 18.06.2012, Kiel, NDR-B\u00fchne","src":"https:\/\/i0.wp.com\/www.rockpixx.com\/wordpress\/wp-content\/uploads\/2013\/02\/20120618-04-kim-wilde-Artikel.jpg?resize=350%2C200","width":350,"height":200,"srcset":"https:\/\/i0.wp.com\/www.rockpixx.com\/wordpress\/wp-content\/uploads\/2013\/02\/20120618-04-kim-wilde-Artikel.jpg?resize=350%2C200 1x, https:\/\/i0.wp.com\/www.rockpixx.com\/wordpress\/wp-content\/uploads\/2013\/02\/20120618-04-kim-wilde-Artikel.jpg?resize=525%2C300 1.5x, https:\/\/i0.wp.com\/www.rockpixx.com\/wordpress\/wp-content\/uploads\/2013\/02\/20120618-04-kim-wilde-Artikel.jpg?resize=700%2C400 2x"},"classes":[]},{"id":8645,"url":"http:\/\/www.rockpixx.com\/wordpress\/mike-and-the-mechanics-24-06-2012-kiel-ndr-buhne\/","url_meta":{"origin":7639,"position":5},"title":"Mike and the Mechanics, 24.06.2012, Kiel, NDR-B\u00fchne","author":"Anja","date":"24. Juni 2012","format":false,"excerpt":"So, nass zur\u00fcck von der h\u00f6rn b\u00fchne, schnell backstage an der MAXB\u00fchne noch \u201eanother cup of coffee\u201c zu mir genommen und dann auf zu unserem Jubil\u00e4ums-Act Nummer 400: \u201eMike & the Mechanics\u201c sollen fotografiert werden. Also, los \u2013 \u201esilent running\u201c zwischen zwei Regenschauern zur NDR-B\u00fchne und eine riesige \u00dcberraschung erwartet\u2026","rel":"","context":"In &quot;Acts&quot;","block_context":{"text":"Acts","link":"http:\/\/www.rockpixx.com\/wordpress\/category\/acts\/"},"img":{"alt_text":"Mike and the Mechanics, 24.06.2012, Kiel, NDR-B\u00fchne","src":"https:\/\/i0.wp.com\/www.rockpixx.com\/wordpress\/wp-content\/uploads\/2013\/02\/20120624-03-mike-and-the-mechanics-Artikel.jpg?resize=350%2C200","width":350,"height":200,"srcset":"https:\/\/i0.wp.com\/www.rockpixx.com\/wordpress\/wp-content\/uploads\/2013\/02\/20120624-03-mike-and-the-mechanics-Artikel.jpg?resize=350%2C200 1x, https:\/\/i0.wp.com\/www.rockpixx.com\/wordpress\/wp-content\/uploads\/2013\/02\/20120624-03-mike-and-the-mechanics-Artikel.jpg?resize=525%2C300 1.5x, https:\/\/i0.wp.com\/www.rockpixx.com\/wordpress\/wp-content\/uploads\/2013\/02\/20120624-03-mike-and-the-mechanics-Artikel.jpg?resize=700%2C400 2x"},"classes":[]}],"jetpack_sharing_enabled":true,"publishpress_future_action":{"enabled":false,"date":"2026-05-07 23:58:12","action":"change-status","newStatus":"draft","terms":[],"taxonomy":"category","extraData":[]},"publishpress_future_workflow_manual_trigger":{"enabledWorkflows":[]},"_links":{"self":[{"href":"http:\/\/www.rockpixx.com\/wordpress\/wp-json\/wp\/v2\/posts\/7639","targetHints":{"allow":["GET"]}}],"collection":[{"href":"http:\/\/www.rockpixx.com\/wordpress\/wp-json\/wp\/v2\/posts"}],"about":[{"href":"http:\/\/www.rockpixx.com\/wordpress\/wp-json\/wp\/v2\/types\/post"}],"author":[{"embeddable":true,"href":"http:\/\/www.rockpixx.com\/wordpress\/wp-json\/wp\/v2\/users\/2"}],"replies":[{"embeddable":true,"href":"http:\/\/www.rockpixx.com\/wordpress\/wp-json\/wp\/v2\/comments?post=7639"}],"version-history":[{"count":0,"href":"http:\/\/www.rockpixx.com\/wordpress\/wp-json\/wp\/v2\/posts\/7639\/revisions"}],"wp:featuredmedia":[{"embeddable":true,"href":"http:\/\/www.rockpixx.com\/wordpress\/wp-json\/wp\/v2\/media\/7651"}],"wp:attachment":[{"href":"http:\/\/www.rockpixx.com\/wordpress\/wp-json\/wp\/v2\/media?parent=7639"}],"wp:term":[{"taxonomy":"category","embeddable":true,"href":"http:\/\/www.rockpixx.com\/wordpress\/wp-json\/wp\/v2\/categories?post=7639"},{"taxonomy":"post_tag","embeddable":true,"href":"http:\/\/www.rockpixx.com\/wordpress\/wp-json\/wp\/v2\/tags?post=7639"}],"curies":[{"name":"wp","href":"https:\/\/api.w.org\/{rel}","templated":true}]}}