{"id":7641,"date":"2011-06-17T02:00:53","date_gmt":"2011-06-17T00:00:53","guid":{"rendered":"http:\/\/rockpixx.com\/wordpress\/?p=7641"},"modified":"2014-07-19T20:26:02","modified_gmt":"2014-07-19T19:26:02","slug":"sohne-mannheims-17-06-2011-kiel-unser-norden-buhne","status":"publish","type":"post","link":"http:\/\/www.rockpixx.com\/wordpress\/sohne-mannheims-17-06-2011-kiel-unser-norden-buhne\/","title":{"rendered":"S\u00f6hne Mannheims, 17.06.2011, Kiel, Unser Norden-B\u00fchne"},"content":{"rendered":"<p>Mein diesj\u00e4hriger Kieler Woche Opener sind die S\u00f6hne Mannheims. Wer die \u201eUnser Norden B\u00fchne\u201c an der Kieler H\u00f6rn kennt, der wei\u00df, dass sie eine der gr\u00f6\u00dferen B\u00fchnen ist. Heute habe ich sie zum ersten Mal \u00fcberf\u00fcllt erlebt. Wo bei anderen Bands ein S\u00e4nger rumtobt, wechseln sich bei den S\u00f6hnen Henning Wehland, Michael Klimas, Marlon B., \u2192\u00a0 <a title=\"Xavier Naidoo, 17.06.2011, Kiel, Unser Norden-B\u00fchne\" href=\"http:\/\/rockpixx.com\/wordpress\/?p=7642\" target=\"_blank\">\u201eXavier Naidoo\u201c<\/a> und Tino Oac mit dem Leadgesang ab. Jetzt noch die Instrumente mit den dazugeh\u00f6rigen Musikern und wir haben eine Kuschelatmosph\u00e4re auf der B\u00fchne.<!--more--><\/p>\n<p>Die Stimmung auf dem f\u00fcr einen Soundcheck-Freitag \u00fcbervollen Areal der \u201eUnser Norden B\u00fchne\u201c war gigantisch. Da auf Grund des neuen Sicherheitskonzeptes das Areal gesperrt wird, sobald 8.000 Besucher auf dem Gel\u00e4nde sind, standen viele noch vor den Toren und auf der Gablenzbr\u00fccke um wenigstens von der Musik noch etwas mitzubekommen.<\/p>\n<p>Wie immer kommt mein obligatorischer Satz, gerne h\u00e4tte ich mir noch mehr vom Konzert angeschaut, aber das N\u00e4chste wartet schon auf mich, also hei\u00dft es Beine in die Hand nehmen und zur Rathausb\u00fchne flitzen, wo ich dann 24 Minuten sp\u00e4ter ankam.<\/p>\n<p style=\"text-align: right;\">Fotos: <a href=\"mailto:a.roselt@rockpixx.com?subject=Fotos%20von%20S%C3%B6hne%20Mannheims,%20Kiel%20%E2%80%9EUnser%20Norden-B%C3%BChne%E2%80%9C,%2017.06.2011\">Anja<\/a> | Text: <a href=\"mailto:a.roselt@rockpixx.com?subject=Reviewtext%20von%20S%C3%B6hne%20Mannheims,%20Kiel%20%E2%80%9EUnser%20Norden-B%C3%BChne%E2%80%9C,%2017.06.2011\">Anja<\/a><\/p>\n<p>&nbsp;<\/p>\n<p>[slideshow id=25]<\/p>\n","protected":false},"excerpt":{"rendered":"<p>Mein diesj\u00e4hriger Kieler Woche Opener sind die S\u00f6hne Mannheims. Wer die \u201eUnser Norden B\u00fchne\u201c an <a href=\"http:\/\/www.rockpixx.com\/wordpress\/sohne-mannheims-17-06-2011-kiel-unser-norden-buhne\/\">Read more<\/a><\/p>\n","protected":false},"author":2,"featured_media":7647,"comment_status":"open","ping_status":"open","sticky":false,"template":"","format":"standard","meta":{"_jetpack_memberships_contains_paid_content":false,"footnotes":"","jetpack_publicize_message":"","jetpack_publicize_feature_enabled":true,"jetpack_social_post_already_shared":true,"jetpack_social_options":{"image_generator_settings":{"template":"highway","default_image_id":0,"font":"","enabled":false},"version":2}},"categories":[34,545],"tags":[1733,133,1445,1735,138,1915,328,554],"class_list":["post-7641","post","type-post","status-publish","format-standard","has-post-thumbnail","hentry","category-acts","category-sohne-mannheims","tag-1733","tag-festivals","tag-henning-wehland","tag-kiel","tag-kieler-woche","tag-sohne-mannheims","tag-unser-norden-buhne","tag-xavier-naidoo"],"aioseo_notices":[],"jetpack_publicize_connections":[],"jetpack_featured_media_url":"http:\/\/www.rockpixx.com\/wordpress\/wp-content\/uploads\/2013\/01\/20110617-02-soehne-mannheims-Artikel.jpg","jetpack-related-posts":[{"id":7642,"url":"http:\/\/www.rockpixx.com\/wordpress\/xavier-naidoo-17-06-2011-kiel-unser-norden-buhne\/","url_meta":{"origin":7641,"position":0},"title":"Xavier Naidoo, 17.06.2011, Kiel, Unser Norden-B\u00fchne","author":"Anja","date":"17. Juni 2011","format":false,"excerpt":"Wer vorhin bei den \u2192\u00a0 \u201eS\u00f6hne Mannheims\u201c Xavier Naidoo vermisst hat, der wird hier entsch\u00e4digt. Viel \u00fcber die Musik und die Stimmung brauche ich ja nicht noch einmal zu schreiben. Nur so viel\u2026 ich vermute mal, dass ein gro\u00dfer Teil des weiblichen Publikums (egal welcher Altersklasse) seinetwegen da war. Fotos:\u2026","rel":"","context":"In &quot;Acts&quot;","block_context":{"text":"Acts","link":"http:\/\/www.rockpixx.com\/wordpress\/category\/acts\/"},"img":{"alt_text":"Xavier Naidoo, 17.06.2011, Kiel, Unser Norden-B\u00fchne","src":"https:\/\/i0.wp.com\/www.rockpixx.com\/wordpress\/wp-content\/uploads\/2013\/01\/20110617-12-xavier-naidoo-Artikel.jpg?resize=350%2C200","width":350,"height":200,"srcset":"https:\/\/i0.wp.com\/www.rockpixx.com\/wordpress\/wp-content\/uploads\/2013\/01\/20110617-12-xavier-naidoo-Artikel.jpg?resize=350%2C200 1x, https:\/\/i0.wp.com\/www.rockpixx.com\/wordpress\/wp-content\/uploads\/2013\/01\/20110617-12-xavier-naidoo-Artikel.jpg?resize=525%2C300 1.5x, https:\/\/i0.wp.com\/www.rockpixx.com\/wordpress\/wp-content\/uploads\/2013\/01\/20110617-12-xavier-naidoo-Artikel.jpg?resize=700%2C400 2x"},"classes":[]},{"id":7771,"url":"http:\/\/www.rockpixx.com\/wordpress\/sunrise-avenue-20-06-2011-kiel-unser-norden-buhne\/","url_meta":{"origin":7641,"position":1},"title":"Sunrise Avenue, 20.06.2011, Kiel, Unser Norden-B\u00fchne","author":"Anja","date":"20. Juni 2011","format":false,"excerpt":"Sunrise Avenue sorgten heute wieder f\u00fcr eine \u201e\u00fcbervolle\u201c Unser Norden B\u00fchne. Das \u00fcbervoll in \u201e\u201c steht, liegt daran, dass auch heute wieder nur 8.000 Zuschauer auf das Gel\u00e4nde durften. Der Rest stand wie bei \u2192\u00a0\u201eS\u00f6hne Mannheims\u201c und \u2192\u00a0\u201eXavier Naidoo\u201c auf der Gablenzbr\u00fccke. Als ich dann die Jungs um Samu Haber\u2026","rel":"","context":"In &quot;Acts&quot;","block_context":{"text":"Acts","link":"http:\/\/www.rockpixx.com\/wordpress\/category\/acts\/"},"img":{"alt_text":"Sunrise Avenue, 20.06.2011, Kiel, Unser Norden-B\u00fchne","src":"https:\/\/i0.wp.com\/www.rockpixx.com\/wordpress\/wp-content\/uploads\/2013\/01\/20110620-02-sunrise-avenue-Artikel.jpg?resize=350%2C200","width":350,"height":200,"srcset":"https:\/\/i0.wp.com\/www.rockpixx.com\/wordpress\/wp-content\/uploads\/2013\/01\/20110620-02-sunrise-avenue-Artikel.jpg?resize=350%2C200 1x, https:\/\/i0.wp.com\/www.rockpixx.com\/wordpress\/wp-content\/uploads\/2013\/01\/20110620-02-sunrise-avenue-Artikel.jpg?resize=525%2C300 1.5x, https:\/\/i0.wp.com\/www.rockpixx.com\/wordpress\/wp-content\/uploads\/2013\/01\/20110620-02-sunrise-avenue-Artikel.jpg?resize=700%2C400 2x"},"classes":[]},{"id":1050,"url":"http:\/\/www.rockpixx.com\/wordpress\/kieler-woche-2011-tag-1-2\/","url_meta":{"origin":7641,"position":2},"title":"Kieler Woche 2011, Tag 1","author":"admin","date":"19. Juni 2011","format":false,"excerpt":"Moin, mit einem Tag Versp\u00e4tung hier also der Nachtrag vom \u201eSoundcheck-Tag\u201c auf der Kieler Woche. Am Freitag vor dem eigentlichen Beginn ist auf allen B\u00fchnen schon das volle Programm zu bewundern. Uns hat's gleich voll erwischt: 12 Acts haben wir in dieser Nacht mitgenommen \u2013 was das f\u00fcr eine Arbeit\u2026","rel":"","context":"In &quot;2011&quot;","block_context":{"text":"2011","link":"http:\/\/www.rockpixx.com\/wordpress\/category\/backstage\/2011\/"},"img":{"alt_text":"Kieler Woche 2011, lost & found","src":"https:\/\/i0.wp.com\/www.rockpixx.com\/wordpress\/wp-content\/uploads\/2013\/02\/20110619-2011-06_Kieler-Woche-0036.jpg?resize=350%2C200","width":350,"height":200,"srcset":"https:\/\/i0.wp.com\/www.rockpixx.com\/wordpress\/wp-content\/uploads\/2013\/02\/20110619-2011-06_Kieler-Woche-0036.jpg?resize=350%2C200 1x, https:\/\/i0.wp.com\/www.rockpixx.com\/wordpress\/wp-content\/uploads\/2013\/02\/20110619-2011-06_Kieler-Woche-0036.jpg?resize=525%2C300 1.5x, https:\/\/i0.wp.com\/www.rockpixx.com\/wordpress\/wp-content\/uploads\/2013\/02\/20110619-2011-06_Kieler-Woche-0036.jpg?resize=700%2C400 2x"},"classes":[]},{"id":7639,"url":"http:\/\/www.rockpixx.com\/wordpress\/alive-and-kicking-17-06-2011-kiel-ndr-buhne\/","url_meta":{"origin":7641,"position":3},"title":"Alive &#038; Kicking, 17.06.2011, Kiel, NDR-B\u00fchne","author":"Anja","date":"17. Juni 2011","format":false,"excerpt":"Die \u201eKieler Woche 2011\u201c geht f\u00fcr mich dann also an der NDR-B\u00fchne mit \u201eAlive & Kicking\u201c los. Wie der Name es schon vermuten l\u00e4sst, handelt es sich bei den Musikern aus Kiel und Umgebung um eine Simple Minds-Tributeband. Der Platz vor der B\u00fchne ist leider noch sehr leer \u2013 das\u2026","rel":"","context":"In &quot;Acts&quot;","block_context":{"text":"Acts","link":"http:\/\/www.rockpixx.com\/wordpress\/category\/acts\/"},"img":{"alt_text":"Alive and Kicking, 17.06.2011, Kiel, NDR-B\u00fchne","src":"https:\/\/i0.wp.com\/www.rockpixx.com\/wordpress\/wp-content\/uploads\/2013\/01\/20110617-01-alive-and-kicking-Artikel.jpg?resize=350%2C200","width":350,"height":200,"srcset":"https:\/\/i0.wp.com\/www.rockpixx.com\/wordpress\/wp-content\/uploads\/2013\/01\/20110617-01-alive-and-kicking-Artikel.jpg?resize=350%2C200 1x, https:\/\/i0.wp.com\/www.rockpixx.com\/wordpress\/wp-content\/uploads\/2013\/01\/20110617-01-alive-and-kicking-Artikel.jpg?resize=525%2C300 1.5x, https:\/\/i0.wp.com\/www.rockpixx.com\/wordpress\/wp-content\/uploads\/2013\/01\/20110617-01-alive-and-kicking-Artikel.jpg?resize=700%2C400 2x"},"classes":[]},{"id":5030,"url":"http:\/\/www.rockpixx.com\/wordpress\/stefanie-heinzmann-23-06-2009-kiel-unser-norden-buhne\/","url_meta":{"origin":7641,"position":4},"title":"Stefanie Heinzmann, 23.06.2009, Kiel, Unser Norden-B\u00fchne","author":"Anja","date":"23. Juni 2009","format":false,"excerpt":"\u2026 zum \u2192\u00a0zweiten Mal auf der Kieler Woche vor unseren Linsen und vor deutlich mehr Publikum als am Vorabend \u2192\u00a0\u201ePolarkreis 18\u201c an gleicher Stelle. Bei so einem zierlichen Pers\u00f6nchen war ich wieder sehr beeindruckt von der kraftvollen Rockstimme, die in ihr steckt. P\u00fcnktlich zu Konzertbeginn st\u00fcrmte sie auf die B\u00fchne\u2026","rel":"","context":"In &quot;Acts&quot;","block_context":{"text":"Acts","link":"http:\/\/www.rockpixx.com\/wordpress\/category\/acts\/"},"img":{"alt_text":"Stefanie Heinzmann, 23.06.2009, Kiel, Unser Norden-B\u00fchne","src":"https:\/\/i0.wp.com\/www.rockpixx.com\/wordpress\/wp-content\/uploads\/2013\/01\/20090623-01-stefanie-heinzmann-Artikel.jpg?resize=350%2C200","width":350,"height":200,"srcset":"https:\/\/i0.wp.com\/www.rockpixx.com\/wordpress\/wp-content\/uploads\/2013\/01\/20090623-01-stefanie-heinzmann-Artikel.jpg?resize=350%2C200 1x, https:\/\/i0.wp.com\/www.rockpixx.com\/wordpress\/wp-content\/uploads\/2013\/01\/20090623-01-stefanie-heinzmann-Artikel.jpg?resize=525%2C300 1.5x, https:\/\/i0.wp.com\/www.rockpixx.com\/wordpress\/wp-content\/uploads\/2013\/01\/20090623-01-stefanie-heinzmann-Artikel.jpg?resize=700%2C400 2x"},"classes":[]},{"id":6555,"url":"http:\/\/www.rockpixx.com\/wordpress\/wise-guys-21-06-2010-kiel-unser-norden-buhne\/","url_meta":{"origin":7641,"position":5},"title":"Wise Guys, 21.06.2010, Kiel, Unser Norden-B\u00fchne","author":"Anja","date":"21. Juni 2010","format":false,"excerpt":"Die \u201eUnser Norden-B\u00fchne\u201c war komplett leer: Keine Technik zu sehen, aber dennoch brachte eine gro\u00dfe Menge an Zuschauern den Platz davor zum \u00fcberquellen \u2013 warum das? \u201eVokal-Pop\u201c von dem deutschen a capella-Erfolgsquintett der letzten Jahre stand auf dem Programm: Die \u201eKlassenfahrt\u201c der \u201eWise Guys\u201c sollte an diesem Abend auch in\u2026","rel":"","context":"In &quot;Acts&quot;","block_context":{"text":"Acts","link":"http:\/\/www.rockpixx.com\/wordpress\/category\/acts\/"},"img":{"alt_text":"Wise Guys, 21.06.2010, Kiel, Unser Norden-B\u00fchne","src":"https:\/\/i0.wp.com\/www.rockpixx.com\/wordpress\/wp-content\/uploads\/2013\/01\/20100621-01-wise-guys-Artikel.jpg?resize=350%2C200","width":350,"height":200,"srcset":"https:\/\/i0.wp.com\/www.rockpixx.com\/wordpress\/wp-content\/uploads\/2013\/01\/20100621-01-wise-guys-Artikel.jpg?resize=350%2C200 1x, https:\/\/i0.wp.com\/www.rockpixx.com\/wordpress\/wp-content\/uploads\/2013\/01\/20100621-01-wise-guys-Artikel.jpg?resize=525%2C300 1.5x, https:\/\/i0.wp.com\/www.rockpixx.com\/wordpress\/wp-content\/uploads\/2013\/01\/20100621-01-wise-guys-Artikel.jpg?resize=700%2C400 2x"},"classes":[]}],"jetpack_sharing_enabled":true,"publishpress_future_action":{"enabled":false,"date":"2026-05-07 23:39:11","action":"change-status","newStatus":"draft","terms":[],"taxonomy":"category","extraData":[]},"publishpress_future_workflow_manual_trigger":{"enabledWorkflows":[]},"_links":{"self":[{"href":"http:\/\/www.rockpixx.com\/wordpress\/wp-json\/wp\/v2\/posts\/7641","targetHints":{"allow":["GET"]}}],"collection":[{"href":"http:\/\/www.rockpixx.com\/wordpress\/wp-json\/wp\/v2\/posts"}],"about":[{"href":"http:\/\/www.rockpixx.com\/wordpress\/wp-json\/wp\/v2\/types\/post"}],"author":[{"embeddable":true,"href":"http:\/\/www.rockpixx.com\/wordpress\/wp-json\/wp\/v2\/users\/2"}],"replies":[{"embeddable":true,"href":"http:\/\/www.rockpixx.com\/wordpress\/wp-json\/wp\/v2\/comments?post=7641"}],"version-history":[{"count":0,"href":"http:\/\/www.rockpixx.com\/wordpress\/wp-json\/wp\/v2\/posts\/7641\/revisions"}],"wp:featuredmedia":[{"embeddable":true,"href":"http:\/\/www.rockpixx.com\/wordpress\/wp-json\/wp\/v2\/media\/7647"}],"wp:attachment":[{"href":"http:\/\/www.rockpixx.com\/wordpress\/wp-json\/wp\/v2\/media?parent=7641"}],"wp:term":[{"taxonomy":"category","embeddable":true,"href":"http:\/\/www.rockpixx.com\/wordpress\/wp-json\/wp\/v2\/categories?post=7641"},{"taxonomy":"post_tag","embeddable":true,"href":"http:\/\/www.rockpixx.com\/wordpress\/wp-json\/wp\/v2\/tags?post=7641"}],"curies":[{"name":"wp","href":"https:\/\/api.w.org\/{rel}","templated":true}]}}