{"id":7642,"date":"2011-06-17T12:00:46","date_gmt":"2011-06-17T10:00:46","guid":{"rendered":"http:\/\/rockpixx.com\/wordpress\/?p=7642"},"modified":"2013-02-01T23:03:27","modified_gmt":"2013-02-01T21:03:27","slug":"xavier-naidoo-17-06-2011-kiel-unser-norden-buhne","status":"publish","type":"post","link":"http:\/\/www.rockpixx.com\/wordpress\/xavier-naidoo-17-06-2011-kiel-unser-norden-buhne\/","title":{"rendered":"Xavier Naidoo, 17.06.2011, Kiel, Unser Norden-B\u00fchne"},"content":{"rendered":"<p>Wer vorhin bei den \u2192\u00a0 <a title=\"S\u00f6hne Mannheims, 17.06.2011, Kiel, Unser Norden-B\u00fchne\" href=\"http:\/\/rockpixx.com\/wordpress\/?p=7641\" target=\"_blank\">\u201eS\u00f6hne Mannheims\u201c<\/a> Xavier Naidoo vermisst hat, der wird hier entsch\u00e4digt. <!--more-->Viel \u00fcber die Musik und die Stimmung brauche ich ja nicht noch einmal zu schreiben. Nur so viel\u2026 ich vermute mal, dass ein gro\u00dfer Teil des weiblichen Publikums (egal welcher Altersklasse) seinetwegen da war.<\/p>\n<p style=\"text-align: right;\">Fotos: <a href=\"mailto:a.roselt@rockpixx.com?subject=Fotos%20von%20Xavier%20Naidoo,%20Kiel%20%E2%80%9EUnser%20Norden-B%C3%BChne%E2%80%9C,%2017.06.2011\">Anja<\/a> | Text: <a href=\"mailto:a.roselt@rockpixx.com?subject=Reviewtext%20von%20Xavier%20Naidoo,%20Kiel%20%E2%80%9EUnser%20Norden-B%C3%BChne%E2%80%9C,%2017.06.2011\">Anja<\/a><\/p>\n<p>&nbsp;<\/p>\n<p>[slideshow id=35]<\/p>\n","protected":false},"excerpt":{"rendered":"<p>Wer vorhin bei den \u2192\u00a0 \u201eS\u00f6hne Mannheims\u201c Xavier Naidoo vermisst hat, der wird hier entsch\u00e4digt.<\/p>\n","protected":false},"author":2,"featured_media":7643,"comment_status":"open","ping_status":"open","sticky":false,"template":"","format":"standard","meta":{"_jetpack_memberships_contains_paid_content":false,"footnotes":"","jetpack_publicize_message":"","jetpack_publicize_feature_enabled":true,"jetpack_social_post_already_shared":true,"jetpack_social_options":{"image_generator_settings":{"template":"highway","default_image_id":0,"font":"","enabled":false},"version":2}},"categories":[34,1634],"tags":[1733,133,1735,138,1915,328,554],"class_list":["post-7642","post","type-post","status-publish","format-standard","has-post-thumbnail","hentry","category-acts","category-xavier-naidoo","tag-1733","tag-festivals","tag-kiel","tag-kieler-woche","tag-sohne-mannheims","tag-unser-norden-buhne","tag-xavier-naidoo"],"aioseo_notices":[],"jetpack_publicize_connections":[],"jetpack_featured_media_url":"http:\/\/www.rockpixx.com\/wordpress\/wp-content\/uploads\/2013\/01\/20110617-12-xavier-naidoo-Artikel.jpg","jetpack-related-posts":[{"id":7641,"url":"http:\/\/www.rockpixx.com\/wordpress\/sohne-mannheims-17-06-2011-kiel-unser-norden-buhne\/","url_meta":{"origin":7642,"position":0},"title":"S\u00f6hne Mannheims, 17.06.2011, Kiel, Unser Norden-B\u00fchne","author":"Anja","date":"17. Juni 2011","format":false,"excerpt":"Mein diesj\u00e4hriger Kieler Woche Opener sind die S\u00f6hne Mannheims. Wer die \u201eUnser Norden B\u00fchne\u201c an der Kieler H\u00f6rn kennt, der wei\u00df, dass sie eine der gr\u00f6\u00dferen B\u00fchnen ist. Heute habe ich sie zum ersten Mal \u00fcberf\u00fcllt erlebt. Wo bei anderen Bands ein S\u00e4nger rumtobt, wechseln sich bei den S\u00f6hnen Henning\u2026","rel":"","context":"In &quot;Acts&quot;","block_context":{"text":"Acts","link":"http:\/\/www.rockpixx.com\/wordpress\/category\/acts\/"},"img":{"alt_text":"S\u00f6hne Mannheims, 17.06.2011, Kiel, Unser Norden-B\u00fchne","src":"https:\/\/i0.wp.com\/www.rockpixx.com\/wordpress\/wp-content\/uploads\/2013\/01\/20110617-02-soehne-mannheims-Artikel.jpg?resize=350%2C200","width":350,"height":200,"srcset":"https:\/\/i0.wp.com\/www.rockpixx.com\/wordpress\/wp-content\/uploads\/2013\/01\/20110617-02-soehne-mannheims-Artikel.jpg?resize=350%2C200 1x, https:\/\/i0.wp.com\/www.rockpixx.com\/wordpress\/wp-content\/uploads\/2013\/01\/20110617-02-soehne-mannheims-Artikel.jpg?resize=525%2C300 1.5x, https:\/\/i0.wp.com\/www.rockpixx.com\/wordpress\/wp-content\/uploads\/2013\/01\/20110617-02-soehne-mannheims-Artikel.jpg?resize=700%2C400 2x"},"classes":[]},{"id":7771,"url":"http:\/\/www.rockpixx.com\/wordpress\/sunrise-avenue-20-06-2011-kiel-unser-norden-buhne\/","url_meta":{"origin":7642,"position":1},"title":"Sunrise Avenue, 20.06.2011, Kiel, Unser Norden-B\u00fchne","author":"Anja","date":"20. Juni 2011","format":false,"excerpt":"Sunrise Avenue sorgten heute wieder f\u00fcr eine \u201e\u00fcbervolle\u201c Unser Norden B\u00fchne. Das \u00fcbervoll in \u201e\u201c steht, liegt daran, dass auch heute wieder nur 8.000 Zuschauer auf das Gel\u00e4nde durften. Der Rest stand wie bei \u2192\u00a0\u201eS\u00f6hne Mannheims\u201c und \u2192\u00a0\u201eXavier Naidoo\u201c auf der Gablenzbr\u00fccke. Als ich dann die Jungs um Samu Haber\u2026","rel":"","context":"In &quot;Acts&quot;","block_context":{"text":"Acts","link":"http:\/\/www.rockpixx.com\/wordpress\/category\/acts\/"},"img":{"alt_text":"Sunrise Avenue, 20.06.2011, Kiel, Unser Norden-B\u00fchne","src":"https:\/\/i0.wp.com\/www.rockpixx.com\/wordpress\/wp-content\/uploads\/2013\/01\/20110620-02-sunrise-avenue-Artikel.jpg?resize=350%2C200","width":350,"height":200,"srcset":"https:\/\/i0.wp.com\/www.rockpixx.com\/wordpress\/wp-content\/uploads\/2013\/01\/20110620-02-sunrise-avenue-Artikel.jpg?resize=350%2C200 1x, https:\/\/i0.wp.com\/www.rockpixx.com\/wordpress\/wp-content\/uploads\/2013\/01\/20110620-02-sunrise-avenue-Artikel.jpg?resize=525%2C300 1.5x, https:\/\/i0.wp.com\/www.rockpixx.com\/wordpress\/wp-content\/uploads\/2013\/01\/20110620-02-sunrise-avenue-Artikel.jpg?resize=700%2C400 2x"},"classes":[]},{"id":1050,"url":"http:\/\/www.rockpixx.com\/wordpress\/kieler-woche-2011-tag-1-2\/","url_meta":{"origin":7642,"position":2},"title":"Kieler Woche 2011, Tag 1","author":"admin","date":"19. Juni 2011","format":false,"excerpt":"Moin, mit einem Tag Versp\u00e4tung hier also der Nachtrag vom \u201eSoundcheck-Tag\u201c auf der Kieler Woche. Am Freitag vor dem eigentlichen Beginn ist auf allen B\u00fchnen schon das volle Programm zu bewundern. Uns hat's gleich voll erwischt: 12 Acts haben wir in dieser Nacht mitgenommen \u2013 was das f\u00fcr eine Arbeit\u2026","rel":"","context":"In &quot;2011&quot;","block_context":{"text":"2011","link":"http:\/\/www.rockpixx.com\/wordpress\/category\/backstage\/2011\/"},"img":{"alt_text":"Kieler Woche 2011, lost & found","src":"https:\/\/i0.wp.com\/www.rockpixx.com\/wordpress\/wp-content\/uploads\/2013\/02\/20110619-2011-06_Kieler-Woche-0036.jpg?resize=350%2C200","width":350,"height":200,"srcset":"https:\/\/i0.wp.com\/www.rockpixx.com\/wordpress\/wp-content\/uploads\/2013\/02\/20110619-2011-06_Kieler-Woche-0036.jpg?resize=350%2C200 1x, https:\/\/i0.wp.com\/www.rockpixx.com\/wordpress\/wp-content\/uploads\/2013\/02\/20110619-2011-06_Kieler-Woche-0036.jpg?resize=525%2C300 1.5x, https:\/\/i0.wp.com\/www.rockpixx.com\/wordpress\/wp-content\/uploads\/2013\/02\/20110619-2011-06_Kieler-Woche-0036.jpg?resize=700%2C400 2x"},"classes":[]},{"id":8757,"url":"http:\/\/www.rockpixx.com\/wordpress\/mehrzad-marashi-dsds-14-07-2012-eckernforde-sudstrand\/","url_meta":{"origin":7642,"position":3},"title":"Mehrzad Marashi (DSDS), 14.07.2012, Eckernf\u00f6rde, S\u00fcdstrand","author":"Anja","date":"14. Juli 2012","format":false,"excerpt":"Der Auftritt von Mehrzad Marashi l\u00e4\u00dft erahnen, dass hier ein K\u00fcnstler auf der B\u00fchne steht, der Musik nicht nur auf den Gesang reduziert. Zum ersten Mal an diesem Tag standen auch eine Band und drei stimmgewaltige Background-S\u00e4ngerinnen mit auf der B\u00fchne. Was mir hier von der B\u00fchne entgegen kam, war\u2026","rel":"","context":"In &quot;Acts&quot;","block_context":{"text":"Acts","link":"http:\/\/www.rockpixx.com\/wordpress\/category\/acts\/"},"img":{"alt_text":"Mehrzad Marashi (DSDS), 14.07.2012, Eckernf\u00f6rde, S\u00fcdstrand","src":"https:\/\/i0.wp.com\/www.rockpixx.com\/wordpress\/wp-content\/uploads\/2013\/02\/20120714-04-mehrzad-marashi-Artikel.jpg?resize=350%2C200","width":350,"height":200,"srcset":"https:\/\/i0.wp.com\/www.rockpixx.com\/wordpress\/wp-content\/uploads\/2013\/02\/20120714-04-mehrzad-marashi-Artikel.jpg?resize=350%2C200 1x, https:\/\/i0.wp.com\/www.rockpixx.com\/wordpress\/wp-content\/uploads\/2013\/02\/20120714-04-mehrzad-marashi-Artikel.jpg?resize=525%2C300 1.5x, https:\/\/i0.wp.com\/www.rockpixx.com\/wordpress\/wp-content\/uploads\/2013\/02\/20120714-04-mehrzad-marashi-Artikel.jpg?resize=700%2C400 2x"},"classes":[]},{"id":11272,"url":"http:\/\/www.rockpixx.com\/wordpress\/coverline-28-06-2013-kiel-maxbuhne\/","url_meta":{"origin":7642,"position":4},"title":"CoverLine, 28.06.2013, Kiel, MAXB\u00fchne","author":"Anja","date":"29. Juni 2013","format":false,"excerpt":"Zum Abschluss des Abends dann noch \u201eCoverLine\u201c an der MAXB\u00fchne. Dieses Jahr feiert die Band ihr zehnj\u00e4hriges Bestehen und l\u00e4sst es daf\u00fcr auf der B\u00fchne ordentlich krachen: Jede Menge Gastmusiker geben sich die Ehre und gratulieren Andr\u00e9 und seinen Mitstreitern auf ihre pers\u00f6nliche Weise. Auch MayaMo\u00a0ist dabei und singt zwei\u2026","rel":"","context":"In &quot;Acts&quot;","block_context":{"text":"Acts","link":"http:\/\/www.rockpixx.com\/wordpress\/category\/acts\/"},"img":{"alt_text":"","src":"https:\/\/i0.wp.com\/www.rockpixx.com\/wordpress\/wp-content\/uploads\/2013\/06\/20130628-05-064_coverline-Artikel.jpg?resize=350%2C200","width":350,"height":200,"srcset":"https:\/\/i0.wp.com\/www.rockpixx.com\/wordpress\/wp-content\/uploads\/2013\/06\/20130628-05-064_coverline-Artikel.jpg?resize=350%2C200 1x, https:\/\/i0.wp.com\/www.rockpixx.com\/wordpress\/wp-content\/uploads\/2013\/06\/20130628-05-064_coverline-Artikel.jpg?resize=525%2C300 1.5x, https:\/\/i0.wp.com\/www.rockpixx.com\/wordpress\/wp-content\/uploads\/2013\/06\/20130628-05-064_coverline-Artikel.jpg?resize=700%2C400 2x"},"classes":[]},{"id":14304,"url":"http:\/\/www.rockpixx.com\/wordpress\/andreas-bourani-20-06-2014-kiel-r-sh-buehne\/","url_meta":{"origin":7642,"position":5},"title":"Andreas Bourani, 20.06.2014, Kiel, R.SH-B\u00fchne","author":"admin","date":"21. Juni 2014","format":false,"excerpt":"Die R.SH-B\u00fchne ist zur\u00fcck auf der Kieler Woche\u2026 und man merkt es an der Menschenmenge. Es tut dem Musikprogramm der Kieler Woche gut, dass am Ende der H\u00f6rn wieder eine gro\u00dfe Musikb\u00fchne for free steht. Aber zur\u00fcck zum heutigen Sound-Check-Freitag und dem ersten K\u00fcnstler auf der R.SH-B\u00fchne - Andreas Bourani\u2026","rel":"","context":"In &quot;Acts&quot;","block_context":{"text":"Acts","link":"http:\/\/www.rockpixx.com\/wordpress\/category\/acts\/"},"img":{"alt_text":"Andreas Bourani, 20.06.2014, Kiel, H\u00f6rnb\u00fchne","src":"https:\/\/i0.wp.com\/www.rockpixx.com\/wordpress\/wp-content\/uploads\/2014\/06\/20140620-02-022_andreas-bourani_Artikel.jpg?resize=350%2C200","width":350,"height":200,"srcset":"https:\/\/i0.wp.com\/www.rockpixx.com\/wordpress\/wp-content\/uploads\/2014\/06\/20140620-02-022_andreas-bourani_Artikel.jpg?resize=350%2C200 1x, https:\/\/i0.wp.com\/www.rockpixx.com\/wordpress\/wp-content\/uploads\/2014\/06\/20140620-02-022_andreas-bourani_Artikel.jpg?resize=525%2C300 1.5x, https:\/\/i0.wp.com\/www.rockpixx.com\/wordpress\/wp-content\/uploads\/2014\/06\/20140620-02-022_andreas-bourani_Artikel.jpg?resize=700%2C400 2x"},"classes":[]}],"jetpack_sharing_enabled":true,"publishpress_future_action":{"enabled":false,"date":"2026-05-07 01:37:00","action":"change-status","newStatus":"draft","terms":[],"taxonomy":"category","extraData":[]},"publishpress_future_workflow_manual_trigger":{"enabledWorkflows":[]},"_links":{"self":[{"href":"http:\/\/www.rockpixx.com\/wordpress\/wp-json\/wp\/v2\/posts\/7642","targetHints":{"allow":["GET"]}}],"collection":[{"href":"http:\/\/www.rockpixx.com\/wordpress\/wp-json\/wp\/v2\/posts"}],"about":[{"href":"http:\/\/www.rockpixx.com\/wordpress\/wp-json\/wp\/v2\/types\/post"}],"author":[{"embeddable":true,"href":"http:\/\/www.rockpixx.com\/wordpress\/wp-json\/wp\/v2\/users\/2"}],"replies":[{"embeddable":true,"href":"http:\/\/www.rockpixx.com\/wordpress\/wp-json\/wp\/v2\/comments?post=7642"}],"version-history":[{"count":0,"href":"http:\/\/www.rockpixx.com\/wordpress\/wp-json\/wp\/v2\/posts\/7642\/revisions"}],"wp:featuredmedia":[{"embeddable":true,"href":"http:\/\/www.rockpixx.com\/wordpress\/wp-json\/wp\/v2\/media\/7643"}],"wp:attachment":[{"href":"http:\/\/www.rockpixx.com\/wordpress\/wp-json\/wp\/v2\/media?parent=7642"}],"wp:term":[{"taxonomy":"category","embeddable":true,"href":"http:\/\/www.rockpixx.com\/wordpress\/wp-json\/wp\/v2\/categories?post=7642"},{"taxonomy":"post_tag","embeddable":true,"href":"http:\/\/www.rockpixx.com\/wordpress\/wp-json\/wp\/v2\/tags?post=7642"}],"curies":[{"name":"wp","href":"https:\/\/api.w.org\/{rel}","templated":true}]}}