{"id":7661,"date":"2011-06-17T05:00:35","date_gmt":"2011-06-17T03:00:35","guid":{"rendered":"http:\/\/rockpixx.com\/wordpress\/?p=7661"},"modified":"2013-02-01T22:48:23","modified_gmt":"2013-02-01T20:48:23","slug":"lake-17-06-2011-kiel-kieler-woche-musikzelt","status":"publish","type":"post","link":"http:\/\/www.rockpixx.com\/wordpress\/lake-17-06-2011-kiel-kieler-woche-musikzelt\/","title":{"rendered":"Lake, 17.06.2011, Kiel, Kieler Woche Musikzelt"},"content":{"rendered":"<p>Kurze Umbaupause im Musikzelt, ich nutze die Chance, schon einmal die ersten Speicherkarten auf das Netbook zu kopieren \u2013 wer wei\u00df, wieviel Platz ich im Laufe des Abends noch brauchen werde\u2026<\/p>\n<p>Dann also \u201eLake\u201c: Urspr\u00fcnglich norddeutsche Urgesteine, die in den Siebziger Jahren in den USA gro\u00dfe Erfolge mit ihrem Westcoast Rock im Stil von Steely Dan feierten. <!--more-->Nun ja, diese Zeiten sind lange vorbei und auch bei Lake spielt heute aus der damaligen Besetzung nur noch Alex Conti mit mit. (Sorry f\u00fcr die erste Falschinformation hier und danke f\u00fcr den Hinweis an Bassist Holger Trull \u2013 sorgf\u00e4ltigere Recherche \u00fcben wir dann noch ein wenig\u2026) Alex Conti hatten wir \u00fcbrigens schon im November 2008 zusammen mit \u2192\u00a0 <a title=\"Siggi Schwarz and The Guitarlegends, 22.11.2008, Heidenheim, Karl Rau-Halle\" href=\"http:\/\/rockpixx.com\/wordpress\/?p=2857\">Siggi Schwarz and the Guitarlegends<\/a> in Heidenheim vor der Linse.<\/p>\n<p>Da der Auftritt mit knapp 10 Minuten Versp\u00e4tung begann, fotografiere ich also nur schnell zwei Songs, die \u2192\u00a0 <a title=\"The Hooters, 17.06.2011, Kiel, NDR-B\u00fchne\" href=\"http:\/\/rockpixx.com\/wordpress\/?p=7663\" target=\"_blank\">\u201eHooters\u201c<\/a> auf der NDR-B\u00fchne werden n\u00e4mlich mit Sicherheit nicht auf mich warten\u2026<\/p>\n<p style=\"text-align: right;\">Fotos: <a href=\"mailto:info@rockpixx.com?subject=Fotos%20von%20Lake,%20Kiel%20%E2%80%9EKieler%20Woche%20Musikzelt%E2%80%9C,%2017.06.2011\">Alex<\/a> | Text: <a href=\"mailto:info@rockpixx.com?subject=Reviewtext%20von%20Lake,%20Kiel%20%E2%80%9EKieler%20Woche%20Musikzelt%E2%80%9C,%2017.06.2011\">Alex<\/a><\/p>\n<p>&nbsp;<\/p>\n<p>[slideshow id=28]<\/p>\n","protected":false},"excerpt":{"rendered":"<p>Kurze Umbaupause im Musikzelt, ich nutze die Chance, schon einmal die ersten Speicherkarten auf das <a href=\"http:\/\/www.rockpixx.com\/wordpress\/lake-17-06-2011-kiel-kieler-woche-musikzelt\/\">Read more<\/a><\/p>\n","protected":false},"author":2,"featured_media":7673,"comment_status":"open","ping_status":"open","sticky":false,"template":"","format":"standard","meta":{"_jetpack_memberships_contains_paid_content":false,"footnotes":"","jetpack_publicize_message":"","jetpack_publicize_feature_enabled":true,"jetpack_social_post_already_shared":true,"jetpack_social_options":{"image_generator_settings":{"template":"highway","default_image_id":0,"font":"","enabled":false},"version":2}},"categories":[34,547],"tags":[1733,133,1735,138,766,1917],"class_list":["post-7661","post","type-post","status-publish","format-standard","has-post-thumbnail","hentry","category-acts","category-lake","tag-1733","tag-festivals","tag-kiel","tag-kieler-woche","tag-kieler-woche-musikzelt","tag-lake"],"aioseo_notices":[],"jetpack_publicize_connections":[],"jetpack_featured_media_url":"http:\/\/www.rockpixx.com\/wordpress\/wp-content\/uploads\/2013\/01\/20110617-05-lake-Artikel.jpg","jetpack-related-posts":[{"id":7658,"url":"http:\/\/www.rockpixx.com\/wordpress\/sevents-17-06-2011-kiel-kieler-woche-musikzelt\/","url_meta":{"origin":7661,"position":0},"title":"Sevents, 17.06.2011, Kiel, Kieler Woche Musikzelt","author":"Anja","date":"17. Juni 2011","format":false,"excerpt":"Weiter geht\u2019s zum Kieler Woche Musikzelt. Eigentlich stehen dort als n\u00e4chster Act \u2192\u00a0 \u201eLake\u201c auf dem Programm, aber als ich dort ankomme, ert\u00f6nen gerade noch die letzten Kl\u00e4nge von Ike & Tina Turner\u2019s \u201eNutbush City Limits\u201c \u2013 klingt irgendwie nicht nach Lake. Da das Zelt so leer ist, dass dort\u2026","rel":"","context":"In &quot;Acts&quot;","block_context":{"text":"Acts","link":"http:\/\/www.rockpixx.com\/wordpress\/category\/acts\/"},"img":{"alt_text":"Sevents, 17.06.2011, Kiel, Kieler Woche Musikzelt","src":"https:\/\/i0.wp.com\/www.rockpixx.com\/wordpress\/wp-content\/uploads\/2013\/01\/20110617-03-sevents-Artikel.jpg?resize=350%2C200","width":350,"height":200,"srcset":"https:\/\/i0.wp.com\/www.rockpixx.com\/wordpress\/wp-content\/uploads\/2013\/01\/20110617-03-sevents-Artikel.jpg?resize=350%2C200 1x, https:\/\/i0.wp.com\/www.rockpixx.com\/wordpress\/wp-content\/uploads\/2013\/01\/20110617-03-sevents-Artikel.jpg?resize=525%2C300 1.5x, https:\/\/i0.wp.com\/www.rockpixx.com\/wordpress\/wp-content\/uploads\/2013\/01\/20110617-03-sevents-Artikel.jpg?resize=700%2C400 2x"},"classes":[]},{"id":6751,"url":"http:\/\/www.rockpixx.com\/wordpress\/wohnraumhelden-22-06-2010-kiel-kieler-woche-musikzelt\/","url_meta":{"origin":7661,"position":1},"title":"Wohnraumhelden, 22.06.2010, Kiel, Kieler Woche Musikzelt","author":"Anja","date":"22. Juni 2010","format":false,"excerpt":"\u201eWir sind Wohnraumhelden und kommen aus Hannover Slash Linden. Wir treten ein f\u00fcr die Verbesserung der Welt.\u201c \u2013 Und dann folgt ein Song mit dem Titel \u201eFleischsalat\u201c! Tja\u2026 was soll man dann noch machen, wenn man beinahe vor Lachen auf dem Boden liegt? Vor allem dann, wenn nach dem Song\u2026","rel":"","context":"In &quot;Acts&quot;","block_context":{"text":"Acts","link":"http:\/\/www.rockpixx.com\/wordpress\/category\/acts\/"},"img":{"alt_text":"Wohnraumhelden, 22.06.2010, Kiel, Kieler Woche Musikzelt","src":"https:\/\/i0.wp.com\/www.rockpixx.com\/wordpress\/wp-content\/uploads\/2013\/01\/20100622-05-wohnraumhelden-Artikel.jpg?resize=350%2C200","width":350,"height":200,"srcset":"https:\/\/i0.wp.com\/www.rockpixx.com\/wordpress\/wp-content\/uploads\/2013\/01\/20100622-05-wohnraumhelden-Artikel.jpg?resize=350%2C200 1x, https:\/\/i0.wp.com\/www.rockpixx.com\/wordpress\/wp-content\/uploads\/2013\/01\/20100622-05-wohnraumhelden-Artikel.jpg?resize=525%2C300 1.5x, https:\/\/i0.wp.com\/www.rockpixx.com\/wordpress\/wp-content\/uploads\/2013\/01\/20100622-05-wohnraumhelden-Artikel.jpg?resize=700%2C400 2x"},"classes":[]},{"id":5071,"url":"http:\/\/www.rockpixx.com\/wordpress\/dj-otzi-23-06-2009-kiel-kieler-woche-musikzelt\/","url_meta":{"origin":7661,"position":2},"title":"DJ \u00d6tzi, 23.06.2009, Kiel, Kieler Woche Musikzelt","author":"Anja","date":"23. Juni 2009","format":false,"excerpt":"Wer kennt ihn nicht, den \u201eAnton aus Tirol\u201c? Anscheinend nur wenige, dann das Musikzelt war gerammelt voll, der Vorplatz ebenso und das Gel\u00e4nde war abgesperrt, um weitere Massen fernzuhalten. Und DJ \u00d6zti erweist sich von Beginn an im positiven Sinne als wahre \u201eRampensau\u201c: Selten habe ich es erlebt, dass ein\u2026","rel":"","context":"In &quot;Acts&quot;","block_context":{"text":"Acts","link":"http:\/\/www.rockpixx.com\/wordpress\/category\/acts\/"},"img":{"alt_text":"DJ \u00d6tzi, 23.06.2009, Kiel, Kieler Woche Musikzelt","src":"https:\/\/i0.wp.com\/www.rockpixx.com\/wordpress\/wp-content\/uploads\/2013\/01\/20090623-03-dj-oetzi-Artikel.jpg?resize=350%2C200","width":350,"height":200,"srcset":"https:\/\/i0.wp.com\/www.rockpixx.com\/wordpress\/wp-content\/uploads\/2013\/01\/20090623-03-dj-oetzi-Artikel.jpg?resize=350%2C200 1x, https:\/\/i0.wp.com\/www.rockpixx.com\/wordpress\/wp-content\/uploads\/2013\/01\/20090623-03-dj-oetzi-Artikel.jpg?resize=525%2C300 1.5x, https:\/\/i0.wp.com\/www.rockpixx.com\/wordpress\/wp-content\/uploads\/2013\/01\/20090623-03-dj-oetzi-Artikel.jpg?resize=700%2C400 2x"},"classes":[]},{"id":6948,"url":"http:\/\/www.rockpixx.com\/wordpress\/lifeline-25-06-2010-kiel-kieler-woche-musikzelt\/","url_meta":{"origin":7661,"position":3},"title":"Lifeline, 25.06.2010, Kiel, Kieler Woche Musikzelt","author":"Anja","date":"25. Juni 2010","format":false,"excerpt":"Ich war viel zu fr\u00fch im Kieler Woche Musikzelt! Eigentlich h\u00e4tte ich es wissen sollen: Dort fangen alle Gigs immer mit ordentlich Versp\u00e4tung an \u2013 ganz im Gegensatz zu anderen B\u00fchnen, wo es p\u00fcnktlich auf die Minute losgeht. Aber egal. Gekommen war ich wegen \u201eIllegal 2001\u201c, aber es spielte noch\u2026","rel":"","context":"In &quot;Acts&quot;","block_context":{"text":"Acts","link":"http:\/\/www.rockpixx.com\/wordpress\/category\/acts\/"},"img":{"alt_text":"Lifeline, 25.06.2010, Kiel, Kieler Woche Musikzelt","src":"https:\/\/i0.wp.com\/www.rockpixx.com\/wordpress\/wp-content\/uploads\/2013\/01\/20100625-03-lifeline-Artikel.jpg?resize=350%2C200","width":350,"height":200,"srcset":"https:\/\/i0.wp.com\/www.rockpixx.com\/wordpress\/wp-content\/uploads\/2013\/01\/20100625-03-lifeline-Artikel.jpg?resize=350%2C200 1x, https:\/\/i0.wp.com\/www.rockpixx.com\/wordpress\/wp-content\/uploads\/2013\/01\/20100625-03-lifeline-Artikel.jpg?resize=525%2C300 1.5x, https:\/\/i0.wp.com\/www.rockpixx.com\/wordpress\/wp-content\/uploads\/2013\/01\/20100625-03-lifeline-Artikel.jpg?resize=700%2C400 2x"},"classes":[]},{"id":11029,"url":"http:\/\/www.rockpixx.com\/wordpress\/ich-will-spas-band-21-06-2013-kiel-kieler-woche-musikzelt\/","url_meta":{"origin":7661,"position":4},"title":"Ich will Spa\u00df-Band, 21.06.2013, Kiel, Kieler Woche Musikzelt","author":"Anja","date":"22. Juni 2013","format":false,"excerpt":"Die n\u00e4chste Station f\u00fcr den Fotografen von rockpixx.com: Das \u201eKieler Woche-Musikzelt\u201c. War es dort in den letzten Jahren leider immer leerer geworden, so sorgt diese Location heute f\u00fcr positives Erstaunen: Richtig voll ist es dort! Ein guter DJ h\u00e4lt das Publikum vor Beginn und w\u00e4hrend der Pausen bei Laune und\u2026","rel":"","context":"In &quot;Acts&quot;","block_context":{"text":"Acts","link":"http:\/\/www.rockpixx.com\/wordpress\/category\/acts\/"},"img":{"alt_text":"Ich will Spa\u00df-Band, 21.06.2013, Kiel, Musikzelt","src":"https:\/\/i0.wp.com\/www.rockpixx.com\/wordpress\/wp-content\/uploads\/2013\/06\/20130621-04-033_ich-will-spass-band-Artikel.jpg?resize=350%2C200","width":350,"height":200,"srcset":"https:\/\/i0.wp.com\/www.rockpixx.com\/wordpress\/wp-content\/uploads\/2013\/06\/20130621-04-033_ich-will-spass-band-Artikel.jpg?resize=350%2C200 1x, https:\/\/i0.wp.com\/www.rockpixx.com\/wordpress\/wp-content\/uploads\/2013\/06\/20130621-04-033_ich-will-spass-band-Artikel.jpg?resize=525%2C300 1.5x, https:\/\/i0.wp.com\/www.rockpixx.com\/wordpress\/wp-content\/uploads\/2013\/06\/20130621-04-033_ich-will-spass-band-Artikel.jpg?resize=700%2C400 2x"},"classes":[]},{"id":14358,"url":"http:\/\/www.rockpixx.com\/wordpress\/markus-20-06-2014-kiel-kieler-woche-musikzelt\/","url_meta":{"origin":7661,"position":5},"title":"Markus, 20.06.2014, Kiel, Kieler Woche Musikzelt","author":"admin","date":"21. Juni 2014","format":false,"excerpt":"Und noch ein alter Bekannter, eine Stunde sp\u00e4ter als \u2192 Rea Garvey und eine B\u00fchne weiter: Markus versichert dem Publikum, dass sein Ferrari immer noch 210 f\u00e4hrt. Das Kieler Woche Musikzelt ist ja musikalisch eher f\u00fcr die Spa\u00df- und Partymusik zust\u00e4ndig \u2013 so ist es nur folgerichtig, dass zum Auftakt\u2026","rel":"","context":"In &quot;Acts&quot;","block_context":{"text":"Acts","link":"http:\/\/www.rockpixx.com\/wordpress\/category\/acts\/"},"img":{"alt_text":"Markus, 20.06.2014, Kiel, Kieler Woche Musikzelt","src":"https:\/\/i0.wp.com\/www.rockpixx.com\/wordpress\/wp-content\/uploads\/2014\/06\/20140620-04-092_markus_Artikel.jpg?resize=350%2C200","width":350,"height":200,"srcset":"https:\/\/i0.wp.com\/www.rockpixx.com\/wordpress\/wp-content\/uploads\/2014\/06\/20140620-04-092_markus_Artikel.jpg?resize=350%2C200 1x, https:\/\/i0.wp.com\/www.rockpixx.com\/wordpress\/wp-content\/uploads\/2014\/06\/20140620-04-092_markus_Artikel.jpg?resize=525%2C300 1.5x, https:\/\/i0.wp.com\/www.rockpixx.com\/wordpress\/wp-content\/uploads\/2014\/06\/20140620-04-092_markus_Artikel.jpg?resize=700%2C400 2x"},"classes":[]}],"jetpack_sharing_enabled":true,"publishpress_future_action":{"enabled":false,"date":"2026-05-07 05:45:11","action":"change-status","newStatus":"draft","terms":[],"taxonomy":"category","extraData":[]},"publishpress_future_workflow_manual_trigger":{"enabledWorkflows":[]},"_links":{"self":[{"href":"http:\/\/www.rockpixx.com\/wordpress\/wp-json\/wp\/v2\/posts\/7661","targetHints":{"allow":["GET"]}}],"collection":[{"href":"http:\/\/www.rockpixx.com\/wordpress\/wp-json\/wp\/v2\/posts"}],"about":[{"href":"http:\/\/www.rockpixx.com\/wordpress\/wp-json\/wp\/v2\/types\/post"}],"author":[{"embeddable":true,"href":"http:\/\/www.rockpixx.com\/wordpress\/wp-json\/wp\/v2\/users\/2"}],"replies":[{"embeddable":true,"href":"http:\/\/www.rockpixx.com\/wordpress\/wp-json\/wp\/v2\/comments?post=7661"}],"version-history":[{"count":0,"href":"http:\/\/www.rockpixx.com\/wordpress\/wp-json\/wp\/v2\/posts\/7661\/revisions"}],"wp:featuredmedia":[{"embeddable":true,"href":"http:\/\/www.rockpixx.com\/wordpress\/wp-json\/wp\/v2\/media\/7673"}],"wp:attachment":[{"href":"http:\/\/www.rockpixx.com\/wordpress\/wp-json\/wp\/v2\/media?parent=7661"}],"wp:term":[{"taxonomy":"category","embeddable":true,"href":"http:\/\/www.rockpixx.com\/wordpress\/wp-json\/wp\/v2\/categories?post=7661"},{"taxonomy":"post_tag","embeddable":true,"href":"http:\/\/www.rockpixx.com\/wordpress\/wp-json\/wp\/v2\/tags?post=7661"}],"curies":[{"name":"wp","href":"https:\/\/api.w.org\/{rel}","templated":true}]}}