{"id":7662,"date":"2011-06-17T06:00:55","date_gmt":"2011-06-17T04:00:55","guid":{"rendered":"http:\/\/rockpixx.com\/wordpress\/?p=7662"},"modified":"2013-02-01T22:48:38","modified_gmt":"2013-02-01T20:48:38","slug":"grone-und-meyer-17-06-2011-kiel-rathausbuhne","status":"publish","type":"post","link":"http:\/\/www.rockpixx.com\/wordpress\/grone-und-meyer-17-06-2011-kiel-rathausbuhne\/","title":{"rendered":"Gr\u00f6ne und Meyer, 17.06.2011, Kiel, Rathausb\u00fchne"},"content":{"rendered":"<p>Die Rathausb\u00fchne war heute in fester Hand von Tributebands. Der Abend wurde von \u201eGr\u00f6ne &amp; Meyer\u201c er\u00f6ffnet, wie sich aus dem Namen unschwer entnehmen l\u00e4sst, war hier Herbert Gr\u00f6nemeyer das Vorbild.<\/p>\n<p>Was soll ich sagen? Ich war entt\u00e4uscht\u2026 viele der Tributebands, die wir schon vor der Kamera hatten, stellen an sich den Anspruch, sound- und gesangsm\u00e4\u00dfig sowie von der Optik nahe ans Original zu kommen.<!--more--> Gesanglich wurden zwar die Lieder von Herbert Gr\u00f6nemeyer wiedergegeben, aber stimmlich war da nicht viel zu erkennen. Die Optik lie\u00df mich eher an eine erblondete Mireille Mathieu denken als an Herbert Gr\u00f6nemeyer, der zwar in j\u00fcngeren Jahren die Haare etwas l\u00e4nger trug, aber nicht so.<\/p>\n<p>Auch das Publikum z\u00f6gerte, in Begeisterungsausbr\u00fcche zu verfallen. Aber nicht jammern auf zur n\u00e4chsten B\u00fchne und den n\u00e4chsten K\u00fcnstlern.<\/p>\n<p style=\"text-align: right;\">Fotos: <a href=\"mailto:a.roselt@rockpixx.com?subject=Fotos%20von%20Gr%C3%B6ne%20und%20Meyer,%20Kiel%20%E2%80%9ERathausb%C3%BChne%E2%80%9C,%2017.06.2011\">Anja<\/a> | Text: <a href=\"mailto:a.roselt@rockpixx.com?subject=Reviewtext%20von%20Gr%C3%B6ne%20und%20Meyer,%20Kiel%20%E2%80%9ERathausb%C3%BChne%E2%80%9C,%2017.06.2011\">Anja<\/a><\/p>\n<p>&nbsp;<\/p>\n<p>[slideshow id=29]<\/p>\n","protected":false},"excerpt":{"rendered":"<p>Die Rathausb\u00fchne war heute in fester Hand von Tributebands. Der Abend wurde von \u201eGr\u00f6ne &amp; <a href=\"http:\/\/www.rockpixx.com\/wordpress\/grone-und-meyer-17-06-2011-kiel-rathausbuhne\/\">Read more<\/a><\/p>\n","protected":false},"author":2,"featured_media":7669,"comment_status":"open","ping_status":"open","sticky":false,"template":"","format":"standard","meta":{"_jetpack_memberships_contains_paid_content":false,"footnotes":"","jetpack_publicize_message":"","jetpack_publicize_feature_enabled":true,"jetpack_social_post_already_shared":true,"jetpack_social_options":{"image_generator_settings":{"template":"highway","default_image_id":0,"font":"","enabled":false},"version":2}},"categories":[34,549,1628,5],"tags":[1733,133,1918,548,1735,138,2057],"class_list":["post-7662","post","type-post","status-publish","format-standard","has-post-thumbnail","hentry","category-acts","category-grone-und-meyer","category-herbert-gronemeyer","category-tributebands","tag-1733","tag-festivals","tag-grone-und-meyer","tag-herbert-gronemeyer","tag-kiel","tag-kieler-woche","tag-rathausbuhne"],"aioseo_notices":[],"jetpack_publicize_connections":[],"jetpack_featured_media_url":"http:\/\/www.rockpixx.com\/wordpress\/wp-content\/uploads\/2013\/01\/20110617-06-groene-und-meyer-Artikel.jpg","jetpack-related-posts":[{"id":7694,"url":"http:\/\/www.rockpixx.com\/wordpress\/pfefferminz-17-06-2011-kiel-rathausbuhne\/","url_meta":{"origin":7662,"position":0},"title":"Pfefferminz, 17.06.2011, Kiel, Rathausb\u00fchne","author":"Anja","date":"17. Juni 2011","format":false,"excerpt":"Grummelbrummel! Auf der Rathausb\u00fchne erklingt bereits \u201eEs geht mir gut\u201c von Marius M\u00fcller-Westernhagen und ich stecke in der Menschenmenge auf dem Kieler Rathausplatz fest! Auf der B\u00fchne also \u201ePfefferminz\u201c und was ich h\u00f6ren kann, klingt gut \u2013 sehen, geschweige denn fotografieren, ist ja nicht. Rechtzeitig zu Beginn des zweiten Songs\u2026","rel":"","context":"In &quot;Acts&quot;","block_context":{"text":"Acts","link":"http:\/\/www.rockpixx.com\/wordpress\/category\/acts\/"},"img":{"alt_text":"Pfefferminz, 17.06.2011, Kiel, Rathausb\u00fchne","src":"https:\/\/i0.wp.com\/www.rockpixx.com\/wordpress\/wp-content\/uploads\/2013\/01\/20110617-11-pfefferminz-Artikel.jpg?resize=350%2C200","width":350,"height":200,"srcset":"https:\/\/i0.wp.com\/www.rockpixx.com\/wordpress\/wp-content\/uploads\/2013\/01\/20110617-11-pfefferminz-Artikel.jpg?resize=350%2C200 1x, https:\/\/i0.wp.com\/www.rockpixx.com\/wordpress\/wp-content\/uploads\/2013\/01\/20110617-11-pfefferminz-Artikel.jpg?resize=525%2C300 1.5x, https:\/\/i0.wp.com\/www.rockpixx.com\/wordpress\/wp-content\/uploads\/2013\/01\/20110617-11-pfefferminz-Artikel.jpg?resize=700%2C400 2x"},"classes":[]},{"id":11269,"url":"http:\/\/www.rockpixx.com\/wordpress\/voodoo-lounge-28-06-2013-kiel-rathausbuhne\/","url_meta":{"origin":7662,"position":1},"title":"Voodoo Lounge, 28.06.2013, Kiel, Rathausb\u00fchne","author":"Anja","date":"29. Juni 2013","format":false,"excerpt":"Das n\u00e4chste Ziel an diesem Abend war die Rathausb\u00fchne und da interessierte mich der Auftritt von \u201eVoodoo Lounge\u201c. Unser Fotograf hatte bereits \u2192\u00a02009 an selbiger Stelle schon mal das Vergn\u00fcgen und war schwer begeistert. Diesmal durfte ich eine der besten Rolling Stones-Tributebands fotografieren. Als es dann losging, war ich beeindruckt\u2026","rel":"","context":"In &quot;Acts&quot;","block_context":{"text":"Acts","link":"http:\/\/www.rockpixx.com\/wordpress\/category\/acts\/"},"img":{"alt_text":"","src":"https:\/\/i0.wp.com\/www.rockpixx.com\/wordpress\/wp-content\/uploads\/2013\/06\/20130628-04-065_voodoo-lounge-Artikel.jpg?resize=350%2C200","width":350,"height":200,"srcset":"https:\/\/i0.wp.com\/www.rockpixx.com\/wordpress\/wp-content\/uploads\/2013\/06\/20130628-04-065_voodoo-lounge-Artikel.jpg?resize=350%2C200 1x, https:\/\/i0.wp.com\/www.rockpixx.com\/wordpress\/wp-content\/uploads\/2013\/06\/20130628-04-065_voodoo-lounge-Artikel.jpg?resize=525%2C300 1.5x, https:\/\/i0.wp.com\/www.rockpixx.com\/wordpress\/wp-content\/uploads\/2013\/06\/20130628-04-065_voodoo-lounge-Artikel.jpg?resize=700%2C400 2x"},"classes":[]},{"id":8439,"url":"http:\/\/www.rockpixx.com\/wordpress\/phil-16-06-2012-kiel-rathausbuhne\/","url_meta":{"origin":7662,"position":2},"title":"Phil, 16.06.2012, Kiel, Rathausb\u00fchne","author":"Anja","date":"16. Juni 2012","format":false,"excerpt":"Wieder Kieler Rathausplatz, wieder Regen und mit \u201ePhil\u201c unsere \u2192\u00a0mittlerweile vierte Genesis-\/Phil Collins-Tributeband, die da nun gegen die Wassermassen von oben munter gegenanspielt. Der Sound h\u00f6rt sich sehr Phil Collins-m\u00e4\u00dfig an, und kommt richtig gut und fett r\u00fcber. Ok, vielleicht k\u00f6nnten die Drums noch ein wenig mehr vom ber\u00fchmt-ber\u00fcchtigten \u201ecompressed\u2026","rel":"","context":"In &quot;Acts&quot;","block_context":{"text":"Acts","link":"http:\/\/www.rockpixx.com\/wordpress\/category\/acts\/"},"img":{"alt_text":"Phil, 16.06.2012, Kiel, Rathausb\u00fchne","src":"https:\/\/i0.wp.com\/www.rockpixx.com\/wordpress\/wp-content\/uploads\/2013\/02\/20120616-02-phil-Artikel.jpg?resize=350%2C200","width":350,"height":200,"srcset":"https:\/\/i0.wp.com\/www.rockpixx.com\/wordpress\/wp-content\/uploads\/2013\/02\/20120616-02-phil-Artikel.jpg?resize=350%2C200 1x, https:\/\/i0.wp.com\/www.rockpixx.com\/wordpress\/wp-content\/uploads\/2013\/02\/20120616-02-phil-Artikel.jpg?resize=525%2C300 1.5x, https:\/\/i0.wp.com\/www.rockpixx.com\/wordpress\/wp-content\/uploads\/2013\/02\/20120616-02-phil-Artikel.jpg?resize=700%2C400 2x"},"classes":[]},{"id":7990,"url":"http:\/\/www.rockpixx.com\/wordpress\/brothers-in-arms-23-06-2011-kiel-rathausbuhne\/","url_meta":{"origin":7662,"position":3},"title":"Brothers in Arms, 23.06.2011, Kiel, Rathausb\u00fchne","author":"Anja","date":"23. Juni 2011","format":false,"excerpt":"Endlich schaffte ich es \u2013 die Fotografin von rockpixx.com - auch einmal, \u201eBrothers in Arms\u201c zu fotografieren. Aber als ich an der B\u00fchne ankam und die Musiker beim Soundcheck beobachtete, dachte ich der Gitarrist und S\u00e4nger schaut ja wirklich aus wie Mark Knopfler.Sp\u00e4ter w\u00e4hrend des Konzertes konnte ich mich davon\u2026","rel":"","context":"In &quot;Acts&quot;","block_context":{"text":"Acts","link":"http:\/\/www.rockpixx.com\/wordpress\/category\/acts\/"},"img":{"alt_text":"Brothers in Arms, 23.06.2011, Kiel, Rathausb\u00fchne","src":"https:\/\/i0.wp.com\/www.rockpixx.com\/wordpress\/wp-content\/uploads\/2013\/02\/20110623-06-brothers-in-arms-Artikel.jpg?resize=350%2C200","width":350,"height":200,"srcset":"https:\/\/i0.wp.com\/www.rockpixx.com\/wordpress\/wp-content\/uploads\/2013\/02\/20110623-06-brothers-in-arms-Artikel.jpg?resize=350%2C200 1x, https:\/\/i0.wp.com\/www.rockpixx.com\/wordpress\/wp-content\/uploads\/2013\/02\/20110623-06-brothers-in-arms-Artikel.jpg?resize=525%2C300 1.5x, https:\/\/i0.wp.com\/www.rockpixx.com\/wordpress\/wp-content\/uploads\/2013\/02\/20110623-06-brothers-in-arms-Artikel.jpg?resize=700%2C400 2x"},"classes":[]},{"id":6583,"url":"http:\/\/www.rockpixx.com\/wordpress\/mr-police-21-06-2010-kiel-rathausbuhne\/","url_meta":{"origin":7662,"position":4},"title":"Mr. Police, 21.06.2010, Kiel, Rathausb\u00fchne","author":"Anja","date":"21. Juni 2010","format":false,"excerpt":"Und die n\u00e4chste Station an diesem Abend war dann die Rathausb\u00fchne. Eigentlich gehe ich da schon immer mit einem leichten Bauchgrimmen hin, weil erstens die B\u00fchne recht hoch ist, zweitens der Graben die Bezeichnung als solche nicht wirklich verdient, drittens oftmals Notenst\u00e4nder und riesige Monitorboxen den Blickwinkel zus\u00e4tzlich einschr\u00e4nken und\u2026","rel":"","context":"In &quot;Acts&quot;","block_context":{"text":"Acts","link":"http:\/\/www.rockpixx.com\/wordpress\/category\/acts\/"},"img":{"alt_text":"Mr. Police, 21.06.2010, Kiel, Rathausb\u00fchne","src":"https:\/\/i0.wp.com\/www.rockpixx.com\/wordpress\/wp-content\/uploads\/2013\/01\/20100621-03-mr-police-Artikel.jpg?resize=350%2C200","width":350,"height":200,"srcset":"https:\/\/i0.wp.com\/www.rockpixx.com\/wordpress\/wp-content\/uploads\/2013\/01\/20100621-03-mr-police-Artikel.jpg?resize=350%2C200 1x, https:\/\/i0.wp.com\/www.rockpixx.com\/wordpress\/wp-content\/uploads\/2013\/01\/20100621-03-mr-police-Artikel.jpg?resize=525%2C300 1.5x, https:\/\/i0.wp.com\/www.rockpixx.com\/wordpress\/wp-content\/uploads\/2013\/01\/20100621-03-mr-police-Artikel.jpg?resize=700%2C400 2x"},"classes":[]},{"id":8581,"url":"http:\/\/www.rockpixx.com\/wordpress\/bosstime-20-06-2012-kiel-rathausbuhne\/","url_meta":{"origin":7662,"position":5},"title":"Bosstime, 20.06.2012, Kiel, Rathausb\u00fchne","author":"Anja","date":"20. Juni 2012","format":false,"excerpt":"Der R\u00fcckweg zu unserem \u201eWohnzimmer\u201c auf der Kieler Woche \u2013 der \u2192\u00a0MAXB\u00fchne \u2013 f\u00fchrte mich noch an der Rathausb\u00fchne vorbei, wo zu dieser Zeit \u201eBosstime\u201c spielte. Der Name sagt eigentlich schon, wem hier Tribut gezollt wird, denn es gibt nur einen der sich \u201eThe Boss\u201c nennen darf \u2013 Bruce Springsteen.\u2026","rel":"","context":"In &quot;Acts&quot;","block_context":{"text":"Acts","link":"http:\/\/www.rockpixx.com\/wordpress\/category\/acts\/"},"img":{"alt_text":"Bosstime, 20.06.2012, Kiel, Rathausb\u00fchne","src":"https:\/\/i0.wp.com\/www.rockpixx.com\/wordpress\/wp-content\/uploads\/2013\/02\/20120620-04-bosstime-Artikel.jpg?resize=350%2C200","width":350,"height":200,"srcset":"https:\/\/i0.wp.com\/www.rockpixx.com\/wordpress\/wp-content\/uploads\/2013\/02\/20120620-04-bosstime-Artikel.jpg?resize=350%2C200 1x, https:\/\/i0.wp.com\/www.rockpixx.com\/wordpress\/wp-content\/uploads\/2013\/02\/20120620-04-bosstime-Artikel.jpg?resize=525%2C300 1.5x, https:\/\/i0.wp.com\/www.rockpixx.com\/wordpress\/wp-content\/uploads\/2013\/02\/20120620-04-bosstime-Artikel.jpg?resize=700%2C400 2x"},"classes":[]}],"jetpack_sharing_enabled":true,"publishpress_future_action":{"enabled":false,"date":"2026-05-07 04:14:31","action":"change-status","newStatus":"draft","terms":[],"taxonomy":"category","extraData":[]},"publishpress_future_workflow_manual_trigger":{"enabledWorkflows":[]},"_links":{"self":[{"href":"http:\/\/www.rockpixx.com\/wordpress\/wp-json\/wp\/v2\/posts\/7662","targetHints":{"allow":["GET"]}}],"collection":[{"href":"http:\/\/www.rockpixx.com\/wordpress\/wp-json\/wp\/v2\/posts"}],"about":[{"href":"http:\/\/www.rockpixx.com\/wordpress\/wp-json\/wp\/v2\/types\/post"}],"author":[{"embeddable":true,"href":"http:\/\/www.rockpixx.com\/wordpress\/wp-json\/wp\/v2\/users\/2"}],"replies":[{"embeddable":true,"href":"http:\/\/www.rockpixx.com\/wordpress\/wp-json\/wp\/v2\/comments?post=7662"}],"version-history":[{"count":0,"href":"http:\/\/www.rockpixx.com\/wordpress\/wp-json\/wp\/v2\/posts\/7662\/revisions"}],"wp:featuredmedia":[{"embeddable":true,"href":"http:\/\/www.rockpixx.com\/wordpress\/wp-json\/wp\/v2\/media\/7669"}],"wp:attachment":[{"href":"http:\/\/www.rockpixx.com\/wordpress\/wp-json\/wp\/v2\/media?parent=7662"}],"wp:term":[{"taxonomy":"category","embeddable":true,"href":"http:\/\/www.rockpixx.com\/wordpress\/wp-json\/wp\/v2\/categories?post=7662"},{"taxonomy":"post_tag","embeddable":true,"href":"http:\/\/www.rockpixx.com\/wordpress\/wp-json\/wp\/v2\/tags?post=7662"}],"curies":[{"name":"wp","href":"https:\/\/api.w.org\/{rel}","templated":true}]}}