{"id":7663,"date":"2011-06-17T07:00:27","date_gmt":"2011-06-17T05:00:27","guid":{"rendered":"http:\/\/rockpixx.com\/wordpress\/?p=7663"},"modified":"2013-02-01T22:49:04","modified_gmt":"2013-02-01T20:49:04","slug":"the-hooters-17-06-2011-kiel-ndr-buhne","status":"publish","type":"post","link":"http:\/\/www.rockpixx.com\/wordpress\/the-hooters-17-06-2011-kiel-ndr-buhne\/","title":{"rendered":"The Hooters, 17.06.2011, Kiel, NDR-B\u00fchne"},"content":{"rendered":"<p>Und dann \u201eThe Hooters\u201c \u2013 wieder zur\u00fcck an der NDR-B\u00fchne. Es ist bereits das dritte Mal, dass ich diese \u00e4u\u00dferst spielfreudige Band live erlebe. Der letzte Auftritt war vor fast genau 2 Jahren im \u2192\u00a0 <a title=\"The Hooters, 13.06.2009, M\u00fchldorf am Inn, Trabrennbahn\" href=\"http:\/\/rockpixx.com\/wordpress\/?p=2990\" target=\"_blank\">Sommer 2009 in M\u00fchldorf am Inn<\/a>. Der Platz vor der B\u00fchne ist gut voll und die Band legt auch gleich richtig los. <!--more--><\/p>\n<p>Viel zu schreiben gibt es nicht: Die gewohnten Hits gewohnt gut dargeboten und das ganze Drumherum ebenfalls stimmig. Schade eigentlich, dass hier auch wieder die Drei-Songs-Regel f\u00fcrs Fotografieren gilt \u2013 mehr w\u00e4re bestimmt auch spannend gewesen. (Das dachten wohl auch die anderen Fotokollegen, die w\u00e4hrend des vierten Songs von der Security aus dem Graben herausgekehrt werden mussten.)<\/p>\n<p style=\"text-align: right;\">Fotos: <a href=\"mailto:info@rockpixx.com?subject=Fotos%20von%20The%20Hooters,%20Kiel%20%E2%80%9ENDR-B%C3%BChne%E2%80%9C,%2017.06.2011\">Alex<\/a> | Text: <a href=\"mailto:info@rockpixx.com?subject=Reviewtext%20von%20The%20Hooters,%20Kiel%20%E2%80%9ENDR-B%C3%BChne%E2%80%9C,%2017.06.2011\">Alex<\/a><\/p>\n<p>[slideshow id=30]<\/p>\n","protected":false},"excerpt":{"rendered":"<p>Und dann \u201eThe Hooters\u201c \u2013 wieder zur\u00fcck an der NDR-B\u00fchne. Es ist bereits das dritte <a href=\"http:\/\/www.rockpixx.com\/wordpress\/the-hooters-17-06-2011-kiel-ndr-buhne\/\">Read more<\/a><\/p>\n","protected":false},"author":2,"featured_media":7665,"comment_status":"open","ping_status":"open","sticky":false,"template":"","format":"standard","meta":{"_jetpack_memberships_contains_paid_content":false,"footnotes":"","jetpack_publicize_message":"","jetpack_publicize_feature_enabled":true,"jetpack_social_post_already_shared":true,"jetpack_social_options":{"image_generator_settings":{"template":"highway","default_image_id":0,"font":"","enabled":false},"version":2}},"categories":[34,219],"tags":[1733,133,1735,138,1775,836],"class_list":["post-7663","post","type-post","status-publish","format-standard","has-post-thumbnail","hentry","category-acts","category-the-hooters","tag-1733","tag-festivals","tag-kiel","tag-kieler-woche","tag-ndr-buhne","tag-the-hooters-2"],"aioseo_notices":[],"jetpack_publicize_connections":[],"jetpack_featured_media_url":"http:\/\/www.rockpixx.com\/wordpress\/wp-content\/uploads\/2013\/01\/20110617-07-hooters-Artikel.jpg","jetpack-related-posts":[{"id":7986,"url":"http:\/\/www.rockpixx.com\/wordpress\/revolverheld-23-06-2011-kiel-ndr-buhne\/","url_meta":{"origin":7663,"position":0},"title":"Revolverheld, 23.06.2011, Kiel, NDR-B\u00fchne","author":"Anja","date":"23. Juni 2011","format":false,"excerpt":"Tja\u2026 und bei \u201eRevolverheld\u201c an der NDR-B\u00fchne war es dann so richtig voll. Zum ersten Mal konnte ich erleben, dass der Platz komplett gef\u00fcllt war. Das Interesse ist also gro\u00df gewesen \u2013 auch zu erkennen an der gro\u00dfen Fotografenschar, die den Graben st\u00fcrmen wollte. Und das gro\u00dfe Interesse an \u201eRevolverheld\u201c\u2026","rel":"","context":"In &quot;Acts&quot;","block_context":{"text":"Acts","link":"http:\/\/www.rockpixx.com\/wordpress\/category\/acts\/"},"img":{"alt_text":"Revolverheld","src":"https:\/\/i0.wp.com\/www.rockpixx.com\/wordpress\/wp-content\/uploads\/2013\/02\/20110623-05-revolverheld-Artikel.jpg?resize=350%2C200","width":350,"height":200,"srcset":"https:\/\/i0.wp.com\/www.rockpixx.com\/wordpress\/wp-content\/uploads\/2013\/02\/20110623-05-revolverheld-Artikel.jpg?resize=350%2C200 1x, https:\/\/i0.wp.com\/www.rockpixx.com\/wordpress\/wp-content\/uploads\/2013\/02\/20110623-05-revolverheld-Artikel.jpg?resize=525%2C300 1.5x, https:\/\/i0.wp.com\/www.rockpixx.com\/wordpress\/wp-content\/uploads\/2013\/02\/20110623-05-revolverheld-Artikel.jpg?resize=700%2C400 2x"},"classes":[]},{"id":6406,"url":"http:\/\/www.rockpixx.com\/wordpress\/quo-19-06-2010-kiel-ndr-buhne\/","url_meta":{"origin":7663,"position":1},"title":"Quo, 19.06.2010, Kiel, NDR-B\u00fchne","author":"Anja","date":"19. Juni 2010","format":false,"excerpt":"Irgendwie geh\u00f6ren die vier Jungs von \u201eQuo\u201c f\u00fcr uns auf der \u201eKieler Woche\u201c ja schon beinahe zum Inventar \u2013 egal auf welcher B\u00fchne. Dieses Jahr liefern sie also auf der NDR-B\u00fchne ihre Show und es f\u00fchlt sich \u2013 wie die Jahre zuvor \u2013 ebenfalls wieder richtig gut nach \u2192\u00a0\u201eStatus Quo\u201c\u2026","rel":"","context":"In &quot;Acts&quot;","block_context":{"text":"Acts","link":"http:\/\/www.rockpixx.com\/wordpress\/category\/acts\/"},"img":{"alt_text":"Quo, 19.06.2010, Kiel, NDR-B\u00fchne","src":"https:\/\/i0.wp.com\/www.rockpixx.com\/wordpress\/wp-content\/uploads\/2013\/01\/20100619-01-quo-Artikel.jpg?resize=350%2C200","width":350,"height":200,"srcset":"https:\/\/i0.wp.com\/www.rockpixx.com\/wordpress\/wp-content\/uploads\/2013\/01\/20100619-01-quo-Artikel.jpg?resize=350%2C200 1x, https:\/\/i0.wp.com\/www.rockpixx.com\/wordpress\/wp-content\/uploads\/2013\/01\/20100619-01-quo-Artikel.jpg?resize=525%2C300 1.5x, https:\/\/i0.wp.com\/www.rockpixx.com\/wordpress\/wp-content\/uploads\/2013\/01\/20100619-01-quo-Artikel.jpg?resize=700%2C400 2x"},"classes":[]},{"id":7940,"url":"http:\/\/www.rockpixx.com\/wordpress\/bosse-23-06-2011-kiel-ndr-buhne\/","url_meta":{"origin":7663,"position":2},"title":"Bosse, 23.06.2011, Kiel, NDR-B\u00fchne","author":"Anja","date":"23. Juni 2011","format":false,"excerpt":"Nach einem verregneten Donnerstag ist es heute trocken und zeitweise kommt die Sonne auch raus. So macht doch das Arbeiten wieder Spa\u00df. Das ist auch gut so, denn ein volles Programm erwartet mich heute. Los geht es mit Bosse an der NDR-B\u00fchne und ich muss sagen, dass ich positiv \u00fcberrascht\u2026","rel":"","context":"In &quot;Acts&quot;","block_context":{"text":"Acts","link":"http:\/\/www.rockpixx.com\/wordpress\/category\/acts\/"},"img":{"alt_text":"Bosse, 23.06.2011, Kiel, NDR-B\u00fchne","src":"https:\/\/i0.wp.com\/www.rockpixx.com\/wordpress\/wp-content\/uploads\/2013\/02\/20110623-02-bosse-Artikel.jpg?resize=350%2C200","width":350,"height":200,"srcset":"https:\/\/i0.wp.com\/www.rockpixx.com\/wordpress\/wp-content\/uploads\/2013\/02\/20110623-02-bosse-Artikel.jpg?resize=350%2C200 1x, https:\/\/i0.wp.com\/www.rockpixx.com\/wordpress\/wp-content\/uploads\/2013\/02\/20110623-02-bosse-Artikel.jpg?resize=525%2C300 1.5x, https:\/\/i0.wp.com\/www.rockpixx.com\/wordpress\/wp-content\/uploads\/2013\/02\/20110623-02-bosse-Artikel.jpg?resize=700%2C400 2x"},"classes":[]},{"id":8578,"url":"http:\/\/www.rockpixx.com\/wordpress\/frida-gold-20-06-2012-kiel-ndr-buhne\/","url_meta":{"origin":7663,"position":3},"title":"Frida Gold, 20.06.2012, Kiel, NDR-B\u00fchne","author":"Anja","date":"20. Juni 2012","format":false,"excerpt":"NDR-B\u00fchne zum dritten Mal an diesem Abend und f\u00fcr uns zum zweiten Mal vor der Kamera die Band \u2192\u00a0Frida Gold\u00a0mit ihrer Frontfrau Alina S\u00fcggeler. Die B\u00fchnenpr\u00e4senz von Alina ist beeindruckend, so dass auch hier wieder die Mitglieder der Band zu kurz kamen und \u00fcberwiegend Bilder von Alina gemacht wurden. Viel\u2026","rel":"","context":"In &quot;Acts&quot;","block_context":{"text":"Acts","link":"http:\/\/www.rockpixx.com\/wordpress\/category\/acts\/"},"img":{"alt_text":"Frida Gold, 20.06.2012, Kiel, NDR-B\u00fchne","src":"https:\/\/i0.wp.com\/www.rockpixx.com\/wordpress\/wp-content\/uploads\/2013\/02\/20120620-03-frida-gold-Artikel.jpg?resize=350%2C200","width":350,"height":200,"srcset":"https:\/\/i0.wp.com\/www.rockpixx.com\/wordpress\/wp-content\/uploads\/2013\/02\/20120620-03-frida-gold-Artikel.jpg?resize=350%2C200 1x, https:\/\/i0.wp.com\/www.rockpixx.com\/wordpress\/wp-content\/uploads\/2013\/02\/20120620-03-frida-gold-Artikel.jpg?resize=525%2C300 1.5x, https:\/\/i0.wp.com\/www.rockpixx.com\/wordpress\/wp-content\/uploads\/2013\/02\/20120620-03-frida-gold-Artikel.jpg?resize=700%2C400 2x"},"classes":[]},{"id":14329,"url":"http:\/\/www.rockpixx.com\/wordpress\/rea-garvey-20-06-2014-kiel-ndr-buehne\/","url_meta":{"origin":7663,"position":4},"title":"Rea Garvey, 20.06.2014, Kiel, NDR B\u00fchne","author":"admin","date":"21. Juni 2014","format":false,"excerpt":"Der erste Eindruck ist \u00fcberw\u00e4ltigend! Da ist etwas Au\u00dferirdisches gelandet am Schwedenkai in Kiel. Nein\u2026 nicht Rea Garvey! Die Rede ist von der B\u00fchne, genauer gesagt, dem Dach vor der B\u00fchne, welches der NDR dort hingestellt hat. Auf einem riesigen Areal vor der bekannten gro\u00dfen B\u00fchne sind Catwalk, Graben und\u2026","rel":"","context":"In &quot;Acts&quot;","block_context":{"text":"Acts","link":"http:\/\/www.rockpixx.com\/wordpress\/category\/acts\/"},"img":{"alt_text":"Rea Garvey, 20.06.2014, Kiel, NDR B\u00fchne","src":"https:\/\/i0.wp.com\/www.rockpixx.com\/wordpress\/wp-content\/uploads\/2014\/06\/20140620-03-035_rea-garvey_Artikel.jpg?resize=350%2C200","width":350,"height":200,"srcset":"https:\/\/i0.wp.com\/www.rockpixx.com\/wordpress\/wp-content\/uploads\/2014\/06\/20140620-03-035_rea-garvey_Artikel.jpg?resize=350%2C200 1x, https:\/\/i0.wp.com\/www.rockpixx.com\/wordpress\/wp-content\/uploads\/2014\/06\/20140620-03-035_rea-garvey_Artikel.jpg?resize=525%2C300 1.5x, https:\/\/i0.wp.com\/www.rockpixx.com\/wordpress\/wp-content\/uploads\/2014\/06\/20140620-03-035_rea-garvey_Artikel.jpg?resize=700%2C400 2x"},"classes":[]},{"id":6835,"url":"http:\/\/www.rockpixx.com\/wordpress\/silbermond-24-06-2010-kiel-ndr-buhne\/","url_meta":{"origin":7663,"position":5},"title":"Silbermond, 24.06.2010, Kiel, NDR-B\u00fchne","author":"Anja","date":"24. Juni 2010","format":false,"excerpt":"So, die n\u00e4chste Band nach Selig, denen wir feierlich das bew\u00e4hrte schwarze Konzertbild aus dem Hause rockpixx.com \u00fcberreichen\u2026 Unsere Akkreditierung f\u00fcr den Gig lag vom NDR als Veranstalter vor, das Management hat diese dann kurz vor Konzertbeginn gekippt. So etwas ist \u00e4rgerlich! Nicht, weil wir keine Bilder machen konnten, das\u2026","rel":"","context":"In &quot;Acts&quot;","block_context":{"text":"Acts","link":"http:\/\/www.rockpixx.com\/wordpress\/category\/acts\/"},"img":{"alt_text":"Silbermond, 24.06.2010, Kiel, NDR-B\u00fchne","src":"https:\/\/i0.wp.com\/www.rockpixx.com\/wordpress\/wp-content\/uploads\/2013\/01\/20100624-00-silbermond-Artikel.jpg?resize=350%2C200","width":350,"height":200,"srcset":"https:\/\/i0.wp.com\/www.rockpixx.com\/wordpress\/wp-content\/uploads\/2013\/01\/20100624-00-silbermond-Artikel.jpg?resize=350%2C200 1x, https:\/\/i0.wp.com\/www.rockpixx.com\/wordpress\/wp-content\/uploads\/2013\/01\/20100624-00-silbermond-Artikel.jpg?resize=525%2C300 1.5x, https:\/\/i0.wp.com\/www.rockpixx.com\/wordpress\/wp-content\/uploads\/2013\/01\/20100624-00-silbermond-Artikel.jpg?resize=700%2C400 2x"},"classes":[]}],"jetpack_sharing_enabled":true,"publishpress_future_action":{"enabled":false,"date":"2026-05-08 07:11:21","action":"change-status","newStatus":"draft","terms":[],"taxonomy":"category","extraData":[]},"publishpress_future_workflow_manual_trigger":{"enabledWorkflows":[]},"_links":{"self":[{"href":"http:\/\/www.rockpixx.com\/wordpress\/wp-json\/wp\/v2\/posts\/7663","targetHints":{"allow":["GET"]}}],"collection":[{"href":"http:\/\/www.rockpixx.com\/wordpress\/wp-json\/wp\/v2\/posts"}],"about":[{"href":"http:\/\/www.rockpixx.com\/wordpress\/wp-json\/wp\/v2\/types\/post"}],"author":[{"embeddable":true,"href":"http:\/\/www.rockpixx.com\/wordpress\/wp-json\/wp\/v2\/users\/2"}],"replies":[{"embeddable":true,"href":"http:\/\/www.rockpixx.com\/wordpress\/wp-json\/wp\/v2\/comments?post=7663"}],"version-history":[{"count":0,"href":"http:\/\/www.rockpixx.com\/wordpress\/wp-json\/wp\/v2\/posts\/7663\/revisions"}],"wp:featuredmedia":[{"embeddable":true,"href":"http:\/\/www.rockpixx.com\/wordpress\/wp-json\/wp\/v2\/media\/7665"}],"wp:attachment":[{"href":"http:\/\/www.rockpixx.com\/wordpress\/wp-json\/wp\/v2\/media?parent=7663"}],"wp:term":[{"taxonomy":"category","embeddable":true,"href":"http:\/\/www.rockpixx.com\/wordpress\/wp-json\/wp\/v2\/categories?post=7663"},{"taxonomy":"post_tag","embeddable":true,"href":"http:\/\/www.rockpixx.com\/wordpress\/wp-json\/wp\/v2\/tags?post=7663"}],"curies":[{"name":"wp","href":"https:\/\/api.w.org\/{rel}","templated":true}]}}