{"id":7685,"date":"2011-06-17T08:00:18","date_gmt":"2011-06-17T06:00:18","guid":{"rendered":"http:\/\/rockpixx.com\/wordpress\/?p=7685"},"modified":"2013-02-01T23:02:45","modified_gmt":"2013-02-01T21:02:45","slug":"skorbut-17-06-2011-kiel-maxbuhne","status":"publish","type":"post","link":"http:\/\/www.rockpixx.com\/wordpress\/skorbut-17-06-2011-kiel-maxbuhne\/","title":{"rendered":"Skorbut, 17.06.2011, Kiel, MAXB\u00fchne"},"content":{"rendered":"<p>Piraaaaaaaaaaten!<br \/>\nNein nicht Jack Sparrow\u2026 oh, Entschuldigung. <i>Captain<\/i> Jack Sparrow\u2026 entert die Kieler F\u00f6rde, sondern die Rockpiraten von \u201eSkorbut\u201c. <!--more--><\/p>\n<p>\u2192\u00a0<a title=\"Skorbut, 18.06.2010, Kiel, MAXB\u00fchne\" href=\"http:\/\/rockpixx.com\/wordpress\/?p=6360\">Letztes Jahr<\/a> hatte ich bereits das Vergn\u00fcgen die Piraten von \u201eSkorbut\u201c zu fotografieren und auch dieses Mal hat es wieder viel Spa\u00df gemacht. Den hiesigen \u201eDialekt\u201c versteht unserer Fotografin immer noch nicht, aber das ist egal, die Stimmung war gut.<\/p>\n<p style=\"text-align: right;\">Fotos: <a href=\"mailto:a.roselt@rockpixx.com?subject=Fotos%20von%20Skorbut,%20Kiel%20%E2%80%9EMAXB%C3%BChne%E2%80%9C,%2017.06.2011\">Anja<\/a> | Text: <a href=\"mailto:a.roselt@rockpixx.com?subject=Reviewtext%20von%20Skorbut,%20Kiel%20%E2%80%9EMAXB%C3%BChne%E2%80%9C,%2017.06.2011\">Anja<\/a><\/p>\n<p style=\"text-align: left;\">\n<p style=\"text-align: left;\">[slideshow id=31]<\/p>\n","protected":false},"excerpt":{"rendered":"<p>Piraaaaaaaaaaten! Nein nicht Jack Sparrow\u2026 oh, Entschuldigung. Captain Jack Sparrow\u2026 entert die Kieler F\u00f6rde, sondern <a href=\"http:\/\/www.rockpixx.com\/wordpress\/skorbut-17-06-2011-kiel-maxbuhne\/\">Read more<\/a><\/p>\n","protected":false},"author":2,"featured_media":7686,"comment_status":"open","ping_status":"open","sticky":false,"template":"","format":"standard","meta":{"_jetpack_memberships_contains_paid_content":false,"footnotes":"","jetpack_publicize_message":"","jetpack_publicize_feature_enabled":true,"jetpack_social_post_already_shared":true,"jetpack_social_options":{"image_generator_settings":{"template":"highway","default_image_id":0,"font":"","enabled":false},"version":2}},"categories":[34,484],"tags":[1733,133,1735,138,1743,1868],"class_list":["post-7685","post","type-post","status-publish","format-standard","has-post-thumbnail","hentry","category-acts","category-skorbut","tag-1733","tag-festivals","tag-kiel","tag-kieler-woche","tag-maxbuhne","tag-skorbut"],"aioseo_notices":[],"jetpack_publicize_connections":[],"jetpack_featured_media_url":"http:\/\/www.rockpixx.com\/wordpress\/wp-content\/uploads\/2013\/01\/20110617-08-skorbut-Artikel.jpg","jetpack-related-posts":[{"id":6360,"url":"http:\/\/www.rockpixx.com\/wordpress\/skorbut-18-06-2010-kiel-maxbuhne\/","url_meta":{"origin":7685,"position":0},"title":"Skorbut, 18.06.2010, Kiel, MAXB\u00fchne","author":"Anja","date":"18. Juni 2010","format":false,"excerpt":"SKORBUT\u2026 Hilfe die Piraten entern die Kieler Woche Fischmusik \u2026 Piratenrock \u2026 was will man mehr. F\u00fcnf finstere Piraten st\u00fcrmten die B\u00fchne und verbreiteten eine Stimmung, die mich fast das Fotografieren vergessen lie\u00df. Bekannte und weniger bekannte \u2013 zumindest mir als Alpenbewohner weniger bekannte \u2013 Lieder des Nordens, wurden mal\u2026","rel":"","context":"In &quot;Acts&quot;","block_context":{"text":"Acts","link":"http:\/\/www.rockpixx.com\/wordpress\/category\/acts\/"},"img":{"alt_text":"Skorbut, 18.06.2010, Kiel, MAXB\u00fchne","src":"https:\/\/i0.wp.com\/www.rockpixx.com\/wordpress\/wp-content\/uploads\/2013\/01\/20100618-06-skorbut-Artikel.jpg?resize=350%2C200","width":350,"height":200,"srcset":"https:\/\/i0.wp.com\/www.rockpixx.com\/wordpress\/wp-content\/uploads\/2013\/01\/20100618-06-skorbut-Artikel.jpg?resize=350%2C200 1x, https:\/\/i0.wp.com\/www.rockpixx.com\/wordpress\/wp-content\/uploads\/2013\/01\/20100618-06-skorbut-Artikel.jpg?resize=525%2C300 1.5x, https:\/\/i0.wp.com\/www.rockpixx.com\/wordpress\/wp-content\/uploads\/2013\/01\/20100618-06-skorbut-Artikel.jpg?resize=700%2C400 2x"},"classes":[]},{"id":11074,"url":"http:\/\/www.rockpixx.com\/wordpress\/skorbut-22-06-2013-kiel-maxbuhne\/","url_meta":{"origin":7685,"position":1},"title":"Skorbut, 22.06.2013, Kiel, MAXB\u00fchne","author":"Anja","date":"23. Juni 2013","format":false,"excerpt":"\u201eSkorbut\u201c sind f\u00fcr uns ja nun keine unbekannte Gr\u00f6\u00dfe mehr. Zum ersten Mal habe ich als Fotograf allerdings das Vergn\u00fcgen, die Piraten l\u00e4nger als nur drei Minuten erleben zu k\u00f6nnen \u2013 und das auch gleich noch als \u201eMega Monster Piraten Revue\u201c (anders l\u00e4sst sich diese Show auf der MAXB\u00fchne einfach\u2026","rel":"","context":"In &quot;Acts&quot;","block_context":{"text":"Acts","link":"http:\/\/www.rockpixx.com\/wordpress\/category\/acts\/"},"img":{"alt_text":"","src":"https:\/\/i0.wp.com\/www.rockpixx.com\/wordpress\/wp-content\/uploads\/2013\/06\/20130622-03-103_skorbut-Artikel.jpg?resize=350%2C200","width":350,"height":200,"srcset":"https:\/\/i0.wp.com\/www.rockpixx.com\/wordpress\/wp-content\/uploads\/2013\/06\/20130622-03-103_skorbut-Artikel.jpg?resize=350%2C200 1x, https:\/\/i0.wp.com\/www.rockpixx.com\/wordpress\/wp-content\/uploads\/2013\/06\/20130622-03-103_skorbut-Artikel.jpg?resize=525%2C300 1.5x, https:\/\/i0.wp.com\/www.rockpixx.com\/wordpress\/wp-content\/uploads\/2013\/06\/20130622-03-103_skorbut-Artikel.jpg?resize=700%2C400 2x"},"classes":[]},{"id":11067,"url":"http:\/\/www.rockpixx.com\/wordpress\/d-e-p-22-06-2013-kiel-maxbuhne-3\/","url_meta":{"origin":7685,"position":2},"title":"D.E.P., 22.06.2013, Kiel, MAXB\u00fchne","author":"Anja","date":"23. Juni 2013","format":false,"excerpt":"\u00a0 Die ganzen Jahre hat sich D.E.P. erfolgreich vor der Dokumentation auf rockpixx.com gedr\u00fcckt, weil sie sich immer im Nachmittagsprogramm der MAXB\u00fchne versteckt haben. Doch dieses Jahr waren Sie f\u00e4llig. \u00a0 D.E.P. machen richtig gute Mucke mit deutschen Texten. Es macht Spa\u00df, den Jungs zuzuh\u00f6ren und dem Publikum gef\u00e4llt es\u2026","rel":"","context":"In &quot;Acts&quot;","block_context":{"text":"Acts","link":"http:\/\/www.rockpixx.com\/wordpress\/category\/acts\/"},"img":{"alt_text":"","src":"https:\/\/i0.wp.com\/www.rockpixx.com\/wordpress\/wp-content\/uploads\/2013\/06\/20130622-01-022_dep-Artikel.jpg?resize=350%2C200","width":350,"height":200,"srcset":"https:\/\/i0.wp.com\/www.rockpixx.com\/wordpress\/wp-content\/uploads\/2013\/06\/20130622-01-022_dep-Artikel.jpg?resize=350%2C200 1x, https:\/\/i0.wp.com\/www.rockpixx.com\/wordpress\/wp-content\/uploads\/2013\/06\/20130622-01-022_dep-Artikel.jpg?resize=525%2C300 1.5x, https:\/\/i0.wp.com\/www.rockpixx.com\/wordpress\/wp-content\/uploads\/2013\/06\/20130622-01-022_dep-Artikel.jpg?resize=700%2C400 2x"},"classes":[]},{"id":11092,"url":"http:\/\/www.rockpixx.com\/wordpress\/kieler-woche-tagebuch-2013-tag-2\/","url_meta":{"origin":7685,"position":3},"title":"Kieler Woche Tagebuch 2013 | Tag 2","author":"admin","date":"23. Juni 2013","format":false,"excerpt":"Sonnabend, 22.06.2013 Der Tag beginnt arbeitsreich: 9 Acts vom Vortag wollen gesichtet, bearbeitet und publiziert werden und die Kl\u00e4rung mit dem Presseb\u00fcro der Stadt Kiel wegen der Fotoerlaubnis im Graben vor der Rathausb\u00fchne will auch erledigt werden. Dank einer sehr kompetenten und hilfsbereiten Mitarbeiterin dort geht das schneller als die\u2026","rel":"","context":"In &quot;2013&quot;","block_context":{"text":"2013","link":"http:\/\/www.rockpixx.com\/wordpress\/category\/backstage\/2013\/"},"img":{"alt_text":"Kieler Woche 2013 | Impressionen","src":"https:\/\/i0.wp.com\/www.rockpixx.com\/wordpress\/wp-content\/uploads\/2013\/06\/20130622-00-022_KiWo-2013.jpg?resize=350%2C200","width":350,"height":200,"srcset":"https:\/\/i0.wp.com\/www.rockpixx.com\/wordpress\/wp-content\/uploads\/2013\/06\/20130622-00-022_KiWo-2013.jpg?resize=350%2C200 1x, https:\/\/i0.wp.com\/www.rockpixx.com\/wordpress\/wp-content\/uploads\/2013\/06\/20130622-00-022_KiWo-2013.jpg?resize=525%2C300 1.5x, https:\/\/i0.wp.com\/www.rockpixx.com\/wordpress\/wp-content\/uploads\/2013\/06\/20130622-00-022_KiWo-2013.jpg?resize=700%2C400 2x"},"classes":[]},{"id":1021,"url":"http:\/\/www.rockpixx.com\/wordpress\/kieler-woche-2010-tag-1\/","url_meta":{"origin":7685,"position":4},"title":"Kieler Woche 2010, Tag 1","author":"admin","date":"19. Juni 2010","format":false,"excerpt":"Moin (wie man sich hier oben zu jeder Tageszeit sagt), der Freitag ist traditionell der Soundchecktag auf der Kieler Woche und dient allen auch ein bisschen als warm-up-Tag. Wo wir gerade beim Thema W\u00e4rme sind, die hat ein bisschen gefehlt. Obwohl wir einiges in Punkto K\u00e4lte gew\u00f6hnt sind, war es\u2026","rel":"","context":"In &quot;2010&quot;","block_context":{"text":"2010","link":"http:\/\/www.rockpixx.com\/wordpress\/category\/backstage\/2010\/"},"img":{"alt_text":"","src":"","width":0,"height":0},"classes":[]},{"id":11278,"url":"http:\/\/www.rockpixx.com\/wordpress\/rocklabirint-29-06-2013-kiel-maxbuhne\/","url_meta":{"origin":7685,"position":5},"title":"rOcklabirint, 29.06.2013, Kiel, MAXB\u00fchne","author":"Anja","date":"30. Juni 2013","format":false,"excerpt":"Es geht in die Zielgerade der Kieler Woche und so langsam werden die Wassertropfen in der Luft auch weniger. Wir kommen auf der MAXB\u00fchne an und erleben noch die letzten Songs von \u201erOcklabirint\u201c. Also schnell noch die Kameras ausgepackt und ein paar Bilder gemacht. \u201erOcklabirint\u201c ist eine russische Band, welche\u2026","rel":"","context":"In &quot;Acts&quot;","block_context":{"text":"Acts","link":"http:\/\/www.rockpixx.com\/wordpress\/category\/acts\/"},"img":{"alt_text":"","src":"https:\/\/i0.wp.com\/www.rockpixx.com\/wordpress\/wp-content\/uploads\/2013\/06\/20130629-01-012_rocklabirint-Artikel.jpg?resize=350%2C200","width":350,"height":200,"srcset":"https:\/\/i0.wp.com\/www.rockpixx.com\/wordpress\/wp-content\/uploads\/2013\/06\/20130629-01-012_rocklabirint-Artikel.jpg?resize=350%2C200 1x, https:\/\/i0.wp.com\/www.rockpixx.com\/wordpress\/wp-content\/uploads\/2013\/06\/20130629-01-012_rocklabirint-Artikel.jpg?resize=525%2C300 1.5x, https:\/\/i0.wp.com\/www.rockpixx.com\/wordpress\/wp-content\/uploads\/2013\/06\/20130629-01-012_rocklabirint-Artikel.jpg?resize=700%2C400 2x"},"classes":[]}],"jetpack_sharing_enabled":true,"publishpress_future_action":{"enabled":false,"date":"2026-05-08 08:28:16","action":"change-status","newStatus":"draft","terms":[],"taxonomy":"category","extraData":[]},"publishpress_future_workflow_manual_trigger":{"enabledWorkflows":[]},"_links":{"self":[{"href":"http:\/\/www.rockpixx.com\/wordpress\/wp-json\/wp\/v2\/posts\/7685","targetHints":{"allow":["GET"]}}],"collection":[{"href":"http:\/\/www.rockpixx.com\/wordpress\/wp-json\/wp\/v2\/posts"}],"about":[{"href":"http:\/\/www.rockpixx.com\/wordpress\/wp-json\/wp\/v2\/types\/post"}],"author":[{"embeddable":true,"href":"http:\/\/www.rockpixx.com\/wordpress\/wp-json\/wp\/v2\/users\/2"}],"replies":[{"embeddable":true,"href":"http:\/\/www.rockpixx.com\/wordpress\/wp-json\/wp\/v2\/comments?post=7685"}],"version-history":[{"count":0,"href":"http:\/\/www.rockpixx.com\/wordpress\/wp-json\/wp\/v2\/posts\/7685\/revisions"}],"wp:featuredmedia":[{"embeddable":true,"href":"http:\/\/www.rockpixx.com\/wordpress\/wp-json\/wp\/v2\/media\/7686"}],"wp:attachment":[{"href":"http:\/\/www.rockpixx.com\/wordpress\/wp-json\/wp\/v2\/media?parent=7685"}],"wp:term":[{"taxonomy":"category","embeddable":true,"href":"http:\/\/www.rockpixx.com\/wordpress\/wp-json\/wp\/v2\/categories?post=7685"},{"taxonomy":"post_tag","embeddable":true,"href":"http:\/\/www.rockpixx.com\/wordpress\/wp-json\/wp\/v2\/tags?post=7685"}],"curies":[{"name":"wp","href":"https:\/\/api.w.org\/{rel}","templated":true}]}}