{"id":7694,"date":"2011-06-17T11:00:29","date_gmt":"2011-06-17T09:00:29","guid":{"rendered":"http:\/\/rockpixx.com\/wordpress\/?p=7694"},"modified":"2013-02-01T23:03:19","modified_gmt":"2013-02-01T21:03:19","slug":"pfefferminz-17-06-2011-kiel-rathausbuhne","status":"publish","type":"post","link":"http:\/\/www.rockpixx.com\/wordpress\/pfefferminz-17-06-2011-kiel-rathausbuhne\/","title":{"rendered":"Pfefferminz, 17.06.2011, Kiel, Rathausb\u00fchne"},"content":{"rendered":"<p>Grummelbrummel! Auf der Rathausb\u00fchne erklingt bereits \u201eEs geht mir gut\u201c von Marius M\u00fcller-Westernhagen und ich stecke in der Menschenmenge auf dem Kieler Rathausplatz fest!<!--more--><\/p>\n<p>Auf der B\u00fchne also \u201ePfefferminz\u201c und was ich h\u00f6ren kann, klingt gut \u2013 sehen, geschweige denn fotografieren, ist ja nicht. Rechtzeitig zu Beginn des zweiten Songs bin ich aber doch noch im Graben und stehe mit ausgepackten Kameras bereit. Die Show gef\u00e4llt mir und auch die Stimme vom S\u00e4nger hat eine gewisse \u00c4hnlichkeit mit Marius \u2013 anders als zuvor bei \u2192\u00a0 <a title=\"Gr\u00f6ne und Meyer, 17.06.2011, Kiel, Rathausb\u00fchne\" href=\"http:\/\/rockpixx.com\/wordpress\/?p=7662\" target=\"_blank\">\u201eGr\u00f6ne &amp; Meyer\u201c<\/a>.<\/p>\n<p>Ach ja: Im vierten Jahr nacheinander wundere ich mich nur noch ein wenig, wie die Lichttechniker auf der Rathausb\u00fchne es immer wieder schaffen, mit solch einer gigantischen Lichtanlage eine derartige Dunkelheit auf die B\u00fchne zu zaubern \u2013 echte Naturtalente halt (oder lichtscheue Gesellen \u2026Vampire gar?)<\/p>\n<p style=\"text-align: right;\">Fotos: <a href=\"mailto:info@rockpixx.com?subject=Fotos%20von%20Pfefferminz,%20Kiel%20%E2%80%9ERathausb%C3%BChne%E2%80%9C,%2017.06.2011\">Alex<\/a> | Text: <a href=\"mailto:info@rockpixx.com?subject=Reviewtext%20von%20Pfefferminz,%20Kiel%20%E2%80%9ERathausb%C3%BChne%E2%80%9C,%2017.06.2011\">Alex<\/a><\/p>\n<p>&nbsp;<\/p>\n<p>[slideshow id=34]<\/p>\n","protected":false},"excerpt":{"rendered":"<p>Grummelbrummel! Auf der Rathausb\u00fchne erklingt bereits \u201eEs geht mir gut\u201c von Marius M\u00fcller-Westernhagen und ich <a href=\"http:\/\/www.rockpixx.com\/wordpress\/pfefferminz-17-06-2011-kiel-rathausbuhne\/\">Read more<\/a><\/p>\n","protected":false},"author":2,"featured_media":7695,"comment_status":"open","ping_status":"open","sticky":false,"template":"","format":"standard","meta":{"_jetpack_memberships_contains_paid_content":false,"footnotes":"","jetpack_publicize_message":"","jetpack_publicize_feature_enabled":true,"jetpack_social_post_already_shared":true,"jetpack_social_options":{"image_generator_settings":{"template":"highway","default_image_id":0,"font":"","enabled":false},"version":2}},"categories":[34,553,5,1630],"tags":[1733,133,1735,138,552,1922,2057],"class_list":["post-7694","post","type-post","status-publish","format-standard","has-post-thumbnail","hentry","category-acts","category-pfefferminz","category-tributebands","category-marius-muller-westernhagen","tag-1733","tag-festivals","tag-kiel","tag-kieler-woche","tag-marius-muller-westernhagen","tag-pfefferminz","tag-rathausbuhne"],"aioseo_notices":[],"jetpack_publicize_connections":[],"jetpack_featured_media_url":"http:\/\/www.rockpixx.com\/wordpress\/wp-content\/uploads\/2013\/01\/20110617-11-pfefferminz-Artikel.jpg","jetpack-related-posts":[{"id":8425,"url":"http:\/\/www.rockpixx.com\/wordpress\/pfefferminz-15-06-2012-kiel-ndr-buhne\/","url_meta":{"origin":7694,"position":0},"title":"Pfefferminz, 15.06.2012, Kiel, Rathausb\u00fchne","author":"Anja","date":"15. Juni 2012","format":false,"excerpt":"Pfefferminz ist bereits auf der Kieler Woche eine feste Gr\u00f6\u00dfe \u2013 wir hatten sie bereits \u2192\u00a0letztes Jahr\u00a0schon vor unseren Kameras. Die Musiker um Frontmann Andreas \u201eHerby\u201c Gramkow \u2013 stimmlich sehr nah am Original \u2013 bringen die Lieder von Marius M\u00fcller-Westernhagen mit einer Spielfreude und Leidenschaft auf die B\u00fchne. Das Publikum\u2026","rel":"","context":"In &quot;Acts&quot;","block_context":{"text":"Acts","link":"http:\/\/www.rockpixx.com\/wordpress\/category\/acts\/"},"img":{"alt_text":"Pfefferminz, 15.06.2012, Kiel, NDR-B\u00fchne","src":"https:\/\/i0.wp.com\/www.rockpixx.com\/wordpress\/wp-content\/uploads\/2013\/02\/20120615-07-pfefferminz-Artikel.jpg?resize=350%2C200","width":350,"height":200,"srcset":"https:\/\/i0.wp.com\/www.rockpixx.com\/wordpress\/wp-content\/uploads\/2013\/02\/20120615-07-pfefferminz-Artikel.jpg?resize=350%2C200 1x, https:\/\/i0.wp.com\/www.rockpixx.com\/wordpress\/wp-content\/uploads\/2013\/02\/20120615-07-pfefferminz-Artikel.jpg?resize=525%2C300 1.5x, https:\/\/i0.wp.com\/www.rockpixx.com\/wordpress\/wp-content\/uploads\/2013\/02\/20120615-07-pfefferminz-Artikel.jpg?resize=700%2C400 2x"},"classes":[]},{"id":7692,"url":"http:\/\/www.rockpixx.com\/wordpress\/child-in-time-17-06-2011-kiel-junge-buhne-ratsdienergarten\/","url_meta":{"origin":7694,"position":1},"title":"Child in Time, 17.06.2011, Kiel, Junge B\u00fchne Ratsdienergarten","author":"Anja","date":"17. Juni 2011","format":false,"excerpt":"Auf dem Weg von \u2192 \u201eThe Hooters\u201c an der NDR-B\u00fchne zu \u2192\u00a0 \u201ePfefferminz\u201c auf der Rathausb\u00fchne f\u00fchrt mich mein Weg an der Jungen B\u00fchne Kiel vorbei \u2013 und ich h\u00f6re vertraute Kl\u00e4nge: \u201eChild in Time\u201c von \u2192 \u201eDeep Purple\u201c erklingt. Aber wie! Grund genug, f\u00fcr die f\u00fcnf Jungs von \u201eChild\u2026","rel":"","context":"In &quot;Acts&quot;","block_context":{"text":"Acts","link":"http:\/\/www.rockpixx.com\/wordpress\/category\/acts\/"},"img":{"alt_text":"Child in Time, 17.06.2011, Kiel, Junge B\u00fchne Ratsdienergarten","src":"https:\/\/i0.wp.com\/www.rockpixx.com\/wordpress\/wp-content\/uploads\/2013\/01\/20110617-09-child-in-time-Artikel.jpg?resize=350%2C200","width":350,"height":200,"srcset":"https:\/\/i0.wp.com\/www.rockpixx.com\/wordpress\/wp-content\/uploads\/2013\/01\/20110617-09-child-in-time-Artikel.jpg?resize=350%2C200 1x, https:\/\/i0.wp.com\/www.rockpixx.com\/wordpress\/wp-content\/uploads\/2013\/01\/20110617-09-child-in-time-Artikel.jpg?resize=525%2C300 1.5x, https:\/\/i0.wp.com\/www.rockpixx.com\/wordpress\/wp-content\/uploads\/2013\/01\/20110617-09-child-in-time-Artikel.jpg?resize=700%2C400 2x"},"classes":[]},{"id":7936,"url":"http:\/\/www.rockpixx.com\/wordpress\/peter-schilling-23-06-2011-kiel-rathausbuhne\/","url_meta":{"origin":7694,"position":2},"title":"Peter Schilling, 23.06.2011, Kiel, Rathausb\u00fchne","author":"Anja","date":"23. Juni 2011","format":false,"excerpt":"\u201eMajor Tom\u201c auf der Kieler Rathausb\u00fchne \u2013 und der hat gut abgehoben! Bei den Heroes der \u201eNeuen Deutschen Welle\u201c gibt es ja zwei Kategorien: Musikanten, die heute bestenfalls noch zur Er\u00f6ffnung eines neuen Baumarktes aufspielen k\u00f6nnen, und Musiker, die es immer noch bringen. Gute Beispiele f\u00fcr die zweite Kategorie waren\u2026","rel":"","context":"In &quot;Acts&quot;","block_context":{"text":"Acts","link":"http:\/\/www.rockpixx.com\/wordpress\/category\/acts\/"},"img":{"alt_text":"Peter Schilling, 23.06.2011, Kiel, Rathausb\u00fchne","src":"https:\/\/i0.wp.com\/www.rockpixx.com\/wordpress\/wp-content\/uploads\/2013\/02\/20110623-01-peter-schilling-Artikel.jpg?resize=350%2C200","width":350,"height":200,"srcset":"https:\/\/i0.wp.com\/www.rockpixx.com\/wordpress\/wp-content\/uploads\/2013\/02\/20110623-01-peter-schilling-Artikel.jpg?resize=350%2C200 1x, https:\/\/i0.wp.com\/www.rockpixx.com\/wordpress\/wp-content\/uploads\/2013\/02\/20110623-01-peter-schilling-Artikel.jpg?resize=525%2C300 1.5x, https:\/\/i0.wp.com\/www.rockpixx.com\/wordpress\/wp-content\/uploads\/2013\/02\/20110623-01-peter-schilling-Artikel.jpg?resize=700%2C400 2x"},"classes":[]},{"id":8414,"url":"http:\/\/www.rockpixx.com\/wordpress\/marquess-15-06-2012-kiel-rathausbuhne\/","url_meta":{"origin":7694,"position":3},"title":"Marquess, 15.06.2012, Kiel, Rathausb\u00fchne","author":"Anja","date":"15. Juni 2012","format":false,"excerpt":"Das typische Kieler Woche Wetter \u2013 Wasser von oben, von der Seite usw. \u2013 bescherte mir einen freien Weg von der h\u00f6rn b\u00fchne zur Rathausb\u00fchne und so schaffte ich den Weg in gut 20 min. An der Rathausb\u00fchne erwartete mich Marquess eine deutsche Band, die durch Lieder wie \u201eEl Temperamento\u201c\u2026","rel":"","context":"In &quot;Acts&quot;","block_context":{"text":"Acts","link":"http:\/\/www.rockpixx.com\/wordpress\/category\/acts\/"},"img":{"alt_text":"Marquess, 15.06.2012, Kiel, Rathausb\u00fchne","src":"https:\/\/i0.wp.com\/www.rockpixx.com\/wordpress\/wp-content\/uploads\/2013\/02\/20120615-04-marquess-Artikel.jpg?resize=350%2C200","width":350,"height":200,"srcset":"https:\/\/i0.wp.com\/www.rockpixx.com\/wordpress\/wp-content\/uploads\/2013\/02\/20120615-04-marquess-Artikel.jpg?resize=350%2C200 1x, https:\/\/i0.wp.com\/www.rockpixx.com\/wordpress\/wp-content\/uploads\/2013\/02\/20120615-04-marquess-Artikel.jpg?resize=525%2C300 1.5x, https:\/\/i0.wp.com\/www.rockpixx.com\/wordpress\/wp-content\/uploads\/2013\/02\/20120615-04-marquess-Artikel.jpg?resize=700%2C400 2x"},"classes":[]},{"id":8439,"url":"http:\/\/www.rockpixx.com\/wordpress\/phil-16-06-2012-kiel-rathausbuhne\/","url_meta":{"origin":7694,"position":4},"title":"Phil, 16.06.2012, Kiel, Rathausb\u00fchne","author":"Anja","date":"16. Juni 2012","format":false,"excerpt":"Wieder Kieler Rathausplatz, wieder Regen und mit \u201ePhil\u201c unsere \u2192\u00a0mittlerweile vierte Genesis-\/Phil Collins-Tributeband, die da nun gegen die Wassermassen von oben munter gegenanspielt. Der Sound h\u00f6rt sich sehr Phil Collins-m\u00e4\u00dfig an, und kommt richtig gut und fett r\u00fcber. Ok, vielleicht k\u00f6nnten die Drums noch ein wenig mehr vom ber\u00fchmt-ber\u00fcchtigten \u201ecompressed\u2026","rel":"","context":"In &quot;Acts&quot;","block_context":{"text":"Acts","link":"http:\/\/www.rockpixx.com\/wordpress\/category\/acts\/"},"img":{"alt_text":"Phil, 16.06.2012, Kiel, Rathausb\u00fchne","src":"https:\/\/i0.wp.com\/www.rockpixx.com\/wordpress\/wp-content\/uploads\/2013\/02\/20120616-02-phil-Artikel.jpg?resize=350%2C200","width":350,"height":200,"srcset":"https:\/\/i0.wp.com\/www.rockpixx.com\/wordpress\/wp-content\/uploads\/2013\/02\/20120616-02-phil-Artikel.jpg?resize=350%2C200 1x, https:\/\/i0.wp.com\/www.rockpixx.com\/wordpress\/wp-content\/uploads\/2013\/02\/20120616-02-phil-Artikel.jpg?resize=525%2C300 1.5x, https:\/\/i0.wp.com\/www.rockpixx.com\/wordpress\/wp-content\/uploads\/2013\/02\/20120616-02-phil-Artikel.jpg?resize=700%2C400 2x"},"classes":[]},{"id":6452,"url":"http:\/\/www.rockpixx.com\/wordpress\/recartney-19-06-2010-kiel-rathausbuhne\/","url_meta":{"origin":7694,"position":5},"title":"ReCartney, 19.06.2010, Kiel, Rathausb\u00fchne","author":"Anja","date":"19. Juni 2010","format":false,"excerpt":"Nach Guildo Horn ging es gleich auf der Rathausb\u00fchne mit ReCartney weiter: Eine der besten Beatles-Tributebands. Auch optisch kommen sie gut an Ihre Vorbilder in jungen Jahren ran. Viele der Besucher des Er\u00f6ffnungskonzertes sind dann auch noch geblieben, so dass die Jungs vor einer ansehnlichen Zuschauermenge spielen konnten. \u00dcber die\u2026","rel":"","context":"In &quot;Acts&quot;","block_context":{"text":"Acts","link":"http:\/\/www.rockpixx.com\/wordpress\/category\/acts\/"},"img":{"alt_text":"ReCartney, 19.06.2010, Kiel, Rathausb\u00fchne","src":"https:\/\/i0.wp.com\/www.rockpixx.com\/wordpress\/wp-content\/uploads\/2013\/01\/20100619-04-recartney-Artikel.jpg?resize=350%2C200","width":350,"height":200,"srcset":"https:\/\/i0.wp.com\/www.rockpixx.com\/wordpress\/wp-content\/uploads\/2013\/01\/20100619-04-recartney-Artikel.jpg?resize=350%2C200 1x, https:\/\/i0.wp.com\/www.rockpixx.com\/wordpress\/wp-content\/uploads\/2013\/01\/20100619-04-recartney-Artikel.jpg?resize=525%2C300 1.5x, https:\/\/i0.wp.com\/www.rockpixx.com\/wordpress\/wp-content\/uploads\/2013\/01\/20100619-04-recartney-Artikel.jpg?resize=700%2C400 2x"},"classes":[]}],"jetpack_sharing_enabled":true,"publishpress_future_action":{"enabled":false,"date":"2026-05-07 02:58:20","action":"change-status","newStatus":"draft","terms":[],"taxonomy":"category","extraData":[]},"publishpress_future_workflow_manual_trigger":{"enabledWorkflows":[]},"_links":{"self":[{"href":"http:\/\/www.rockpixx.com\/wordpress\/wp-json\/wp\/v2\/posts\/7694","targetHints":{"allow":["GET"]}}],"collection":[{"href":"http:\/\/www.rockpixx.com\/wordpress\/wp-json\/wp\/v2\/posts"}],"about":[{"href":"http:\/\/www.rockpixx.com\/wordpress\/wp-json\/wp\/v2\/types\/post"}],"author":[{"embeddable":true,"href":"http:\/\/www.rockpixx.com\/wordpress\/wp-json\/wp\/v2\/users\/2"}],"replies":[{"embeddable":true,"href":"http:\/\/www.rockpixx.com\/wordpress\/wp-json\/wp\/v2\/comments?post=7694"}],"version-history":[{"count":0,"href":"http:\/\/www.rockpixx.com\/wordpress\/wp-json\/wp\/v2\/posts\/7694\/revisions"}],"wp:featuredmedia":[{"embeddable":true,"href":"http:\/\/www.rockpixx.com\/wordpress\/wp-json\/wp\/v2\/media\/7695"}],"wp:attachment":[{"href":"http:\/\/www.rockpixx.com\/wordpress\/wp-json\/wp\/v2\/media?parent=7694"}],"wp:term":[{"taxonomy":"category","embeddable":true,"href":"http:\/\/www.rockpixx.com\/wordpress\/wp-json\/wp\/v2\/categories?post=7694"},{"taxonomy":"post_tag","embeddable":true,"href":"http:\/\/www.rockpixx.com\/wordpress\/wp-json\/wp\/v2\/tags?post=7694"}],"curies":[{"name":"wp","href":"https:\/\/api.w.org\/{rel}","templated":true}]}}