{"id":7771,"date":"2011-06-20T02:00:33","date_gmt":"2011-06-20T00:00:33","guid":{"rendered":"http:\/\/rockpixx.com\/wordpress\/?p=7771"},"modified":"2013-02-01T23:11:10","modified_gmt":"2013-02-01T21:11:10","slug":"sunrise-avenue-20-06-2011-kiel-unser-norden-buhne","status":"publish","type":"post","link":"http:\/\/www.rockpixx.com\/wordpress\/sunrise-avenue-20-06-2011-kiel-unser-norden-buhne\/","title":{"rendered":"Sunrise Avenue, 20.06.2011, Kiel, Unser Norden-B\u00fchne"},"content":{"rendered":"<p>Sunrise Avenue sorgten heute wieder f\u00fcr eine \u201e\u00fcbervolle\u201c Unser Norden B\u00fchne. Das \u00fcbervoll in \u201e\u201c steht, liegt daran, dass auch heute wieder nur 8.000 Zuschauer auf das Gel\u00e4nde durften. Der Rest stand wie bei \u2192\u00a0<a title=\"S\u00f6hne Mannheims, 17.06.2011, Kiel, Unser Norden-B\u00fchne\" href=\"http:\/\/rockpixx.com\/wordpress\/?p=7641\" target=\"_blank\">\u201eS\u00f6hne Mannheims\u201c<\/a> und \u2192\u00a0<a title=\"Xavier Naidoo, 17.06.2011, Kiel, Unser Norden-B\u00fchne\" href=\"http:\/\/rockpixx.com\/wordpress\/?p=7642\" target=\"_blank\">\u201eXavier Naidoo\u201c<\/a> auf der Gablenzbr\u00fccke.<!--more--><\/p>\n<p>Als ich dann die Jungs um Samu Haber das erste Mal Live erleben durfte, war ich hin und weg. Die Musik und die B\u00fchnenshow waren Klasse. Zeitweise hatte ich M\u00fche, alles auf der B\u00fchne einzufangen. Denn \u00fcberall war Action und damit diese auf Bildern gut r\u00fcberkommt, sollte man (bzw. Frau) nah am Geschehen sein. Also hie\u00df es, sich immer f\u00fcr einen der Musiker zu entscheiden und ihn dann gut abzulichten. Hier w\u00e4re ich \u2013 die Fotografin \u2013 gerne l\u00e4nger geblieben, aber unsere Hausband \u2192\u00a0 <a title=\"Barock\" href=\"http:\/\/rockpixx.com\/wordpress\/?cat=47\" target=\"_blank\">\u201eBarock\u201c<\/a> wartete schon in unserem Kieler Woche Wohnzimmer der \u2192\u00a0<a title=\"MAXB\u00fchne\" href=\"http:\/\/rockpixx.com\/wordpress\/?tag=maxbuhne\" target=\"_blank\">MAXB\u00fchne<\/a> auf uns.<\/p>\n<p style=\"text-align: right;\">Fotos: <a href=\"mailto:a.roselt@rockpixx.com?subject=Fotos%20von%20Sunrise%20Avenue,%20Kiel%20%E2%80%9EUnser%20Norden-B%C3%BChne%E2%80%9C,%2020.06.2011\">Anja<\/a> | Text: <a href=\"mailto:a.roselt@rockpixx.com?subject=Reviewtext%20von%20Sunrise%20Avenue,%20Kiel%20%E2%80%9EUnser%20Norden-B%C3%BChne%E2%80%9C,%2020.06.2011\">Anja<\/a><\/p>\n<p>&nbsp;<\/p>\n<p>[slideshow id=46]<\/p>\n","protected":false},"excerpt":{"rendered":"<p>Sunrise Avenue sorgten heute wieder f\u00fcr eine \u201e\u00fcbervolle\u201c Unser Norden B\u00fchne. Das \u00fcbervoll in \u201e\u201c <a href=\"http:\/\/www.rockpixx.com\/wordpress\/sunrise-avenue-20-06-2011-kiel-unser-norden-buhne\/\">Read more<\/a><\/p>\n","protected":false},"author":2,"featured_media":7772,"comment_status":"open","ping_status":"open","sticky":false,"template":"","format":"standard","meta":{"_jetpack_memberships_contains_paid_content":false,"footnotes":"","jetpack_publicize_message":"","jetpack_publicize_feature_enabled":true,"jetpack_social_post_already_shared":true,"jetpack_social_options":{"image_generator_settings":{"template":"highway","default_image_id":0,"font":"","enabled":false},"version":2}},"categories":[34,563],"tags":[1733,133,1735,138,1928,328],"class_list":["post-7771","post","type-post","status-publish","format-standard","has-post-thumbnail","hentry","category-acts","category-sunrise-avenue","tag-1733","tag-festivals","tag-kiel","tag-kieler-woche","tag-sunrise-avenue","tag-unser-norden-buhne"],"aioseo_notices":[],"jetpack_publicize_connections":[],"jetpack_featured_media_url":"http:\/\/www.rockpixx.com\/wordpress\/wp-content\/uploads\/2013\/01\/20110620-02-sunrise-avenue-Artikel.jpg","jetpack-related-posts":[{"id":6734,"url":"http:\/\/www.rockpixx.com\/wordpress\/one-fine-day-22-06-2010-kiel-unser-norden-buhne\/","url_meta":{"origin":7771,"position":0},"title":"One Fine Day, 22.06.2010, Kiel, Unser Norden-B\u00fchne","author":"Anja","date":"22. Juni 2010","format":false,"excerpt":"So heute der zweite Anlauf auf der Unser Norden-B\u00fchne. Hoffentlich ist das Management von \u201eOne Fine Day\u201c vern\u00fcnftiger. Ich kam an der B\u00fchne an und war auch etwas erleichtert, als es hie\u00df, \u201edie Presse darf in den Graben\u201c. Sonst w\u00e4ren heute f\u00fcr Euch nicht so viele Bilder hier online gegangen.\u00a0Die\u2026","rel":"","context":"In &quot;Acts&quot;","block_context":{"text":"Acts","link":"http:\/\/www.rockpixx.com\/wordpress\/category\/acts\/"},"img":{"alt_text":"One Fine Day, 22.06.2010, Kiel, Unser Norden-B\u00fchne","src":"https:\/\/i0.wp.com\/www.rockpixx.com\/wordpress\/wp-content\/uploads\/2013\/01\/20100622-04-one-fine-day-Artikel.jpg?resize=350%2C200","width":350,"height":200,"srcset":"https:\/\/i0.wp.com\/www.rockpixx.com\/wordpress\/wp-content\/uploads\/2013\/01\/20100622-04-one-fine-day-Artikel.jpg?resize=350%2C200 1x, https:\/\/i0.wp.com\/www.rockpixx.com\/wordpress\/wp-content\/uploads\/2013\/01\/20100622-04-one-fine-day-Artikel.jpg?resize=525%2C300 1.5x, https:\/\/i0.wp.com\/www.rockpixx.com\/wordpress\/wp-content\/uploads\/2013\/01\/20100622-04-one-fine-day-Artikel.jpg?resize=700%2C400 2x"},"classes":[]},{"id":6866,"url":"http:\/\/www.rockpixx.com\/wordpress\/milow-24-06-2010-kiel-unser-norden-buhne\/","url_meta":{"origin":7771,"position":1},"title":"Milow, 24.06.2010, Kiel, Unser Norden-B\u00fchne","author":"Anja","date":"24. Juni 2010","format":false,"excerpt":"Heute stand f\u00fcr mich Milow auf dem Programm. Den ersten \u201eSchock\u201c bekam ich, als ich die Menschenmassen sah, das bedeutete f\u00fcr mich nach dem Fotografieren ein \u201eSchwimmen in der Sardinenb\u00fcchse\u201c. Aber der Reihe nach\u2026 Vor dem Gig hatte ich noch etwas Zeit und konnte mich getrost noch etwas umsehen. Viele\u2026","rel":"","context":"In &quot;Acts&quot;","block_context":{"text":"Acts","link":"http:\/\/www.rockpixx.com\/wordpress\/category\/acts\/"},"img":{"alt_text":"Milow, 24.06.2010, Kiel, Unser Norden-B\u00fchne","src":"https:\/\/i0.wp.com\/www.rockpixx.com\/wordpress\/wp-content\/uploads\/2013\/01\/20100624-02-milow-Artikel.jpg?resize=350%2C200","width":350,"height":200,"srcset":"https:\/\/i0.wp.com\/www.rockpixx.com\/wordpress\/wp-content\/uploads\/2013\/01\/20100624-02-milow-Artikel.jpg?resize=350%2C200 1x, https:\/\/i0.wp.com\/www.rockpixx.com\/wordpress\/wp-content\/uploads\/2013\/01\/20100624-02-milow-Artikel.jpg?resize=525%2C300 1.5x, https:\/\/i0.wp.com\/www.rockpixx.com\/wordpress\/wp-content\/uploads\/2013\/01\/20100624-02-milow-Artikel.jpg?resize=700%2C400 2x"},"classes":[]},{"id":7641,"url":"http:\/\/www.rockpixx.com\/wordpress\/sohne-mannheims-17-06-2011-kiel-unser-norden-buhne\/","url_meta":{"origin":7771,"position":2},"title":"S\u00f6hne Mannheims, 17.06.2011, Kiel, Unser Norden-B\u00fchne","author":"Anja","date":"17. Juni 2011","format":false,"excerpt":"Mein diesj\u00e4hriger Kieler Woche Opener sind die S\u00f6hne Mannheims. Wer die \u201eUnser Norden B\u00fchne\u201c an der Kieler H\u00f6rn kennt, der wei\u00df, dass sie eine der gr\u00f6\u00dferen B\u00fchnen ist. Heute habe ich sie zum ersten Mal \u00fcberf\u00fcllt erlebt. Wo bei anderen Bands ein S\u00e4nger rumtobt, wechseln sich bei den S\u00f6hnen Henning\u2026","rel":"","context":"In &quot;Acts&quot;","block_context":{"text":"Acts","link":"http:\/\/www.rockpixx.com\/wordpress\/category\/acts\/"},"img":{"alt_text":"S\u00f6hne Mannheims, 17.06.2011, Kiel, Unser Norden-B\u00fchne","src":"https:\/\/i0.wp.com\/www.rockpixx.com\/wordpress\/wp-content\/uploads\/2013\/01\/20110617-02-soehne-mannheims-Artikel.jpg?resize=350%2C200","width":350,"height":200,"srcset":"https:\/\/i0.wp.com\/www.rockpixx.com\/wordpress\/wp-content\/uploads\/2013\/01\/20110617-02-soehne-mannheims-Artikel.jpg?resize=350%2C200 1x, https:\/\/i0.wp.com\/www.rockpixx.com\/wordpress\/wp-content\/uploads\/2013\/01\/20110617-02-soehne-mannheims-Artikel.jpg?resize=525%2C300 1.5x, https:\/\/i0.wp.com\/www.rockpixx.com\/wordpress\/wp-content\/uploads\/2013\/01\/20110617-02-soehne-mannheims-Artikel.jpg?resize=700%2C400 2x"},"classes":[]},{"id":6525,"url":"http:\/\/www.rockpixx.com\/wordpress\/tin-lizzy-20-06-2010-kiel-unser-norden-buhne\/","url_meta":{"origin":7771,"position":3},"title":"Tin Lizzy, 20.06.2010, Kiel, Unser Norden-B\u00fchne","author":"Anja","date":"20. Juni 2010","format":false,"excerpt":"Nach \u2192\u00a0UB40 stand auf der \u201eUnser Norden-B\u00fchne\u201c die Gruppe Tin Lizzy. Eine Kult-Partyband hier aus dem Norden. Mir fiel gleich zu Anfang positiv auf, dass die Bandmitglieder sehr gesangssicher sind. Ebenso hat mir das Zusammenspiel der Musiker auf der B\u00fchne gefallen. Keiner von ihnen stand nur steif hinter seinem Instrument\u2026","rel":"","context":"In &quot;Acts&quot;","block_context":{"text":"Acts","link":"http:\/\/www.rockpixx.com\/wordpress\/category\/acts\/"},"img":{"alt_text":"Tin Lizzy, 20.06.2010, Kiel, Unser Norden-B\u00fchne","src":"https:\/\/i0.wp.com\/www.rockpixx.com\/wordpress\/wp-content\/uploads\/2013\/01\/20100620-04-tin-lizzy-Artikel.jpg?resize=350%2C200","width":350,"height":200,"srcset":"https:\/\/i0.wp.com\/www.rockpixx.com\/wordpress\/wp-content\/uploads\/2013\/01\/20100620-04-tin-lizzy-Artikel.jpg?resize=350%2C200 1x, https:\/\/i0.wp.com\/www.rockpixx.com\/wordpress\/wp-content\/uploads\/2013\/01\/20100620-04-tin-lizzy-Artikel.jpg?resize=525%2C300 1.5x, https:\/\/i0.wp.com\/www.rockpixx.com\/wordpress\/wp-content\/uploads\/2013\/01\/20100620-04-tin-lizzy-Artikel.jpg?resize=700%2C400 2x"},"classes":[]},{"id":7914,"url":"http:\/\/www.rockpixx.com\/wordpress\/rea-garvey-22-06-2011-kiel-unser-norden-buhne\/","url_meta":{"origin":7771,"position":4},"title":"Rea Garvey, 22.06.2011, Kiel, Unser Norden-B\u00fchne","author":"Anja","date":"22. Juni 2011","format":false,"excerpt":"Der Abend k\u00fcndigt sich irgendwie schon als nicht so prickelnd an: Erst bekommen wir keinen Parkplatz an der MAXB\u00fchne, m\u00fcssen also umdisponieren und an der Unser Norden-B\u00fchne einen Fahrerwechsel einplanen, dann kommt es feucht von oben herunter und die erste Ansage im Graben bei Rea Garvey lautet dann: \u201eNur die\u2026","rel":"","context":"In &quot;Acts&quot;","block_context":{"text":"Acts","link":"http:\/\/www.rockpixx.com\/wordpress\/category\/acts\/"},"img":{"alt_text":"Rea Garvey, 22.06.2011, Kiel, Unser Norden-B\u00fchne","src":"https:\/\/i0.wp.com\/www.rockpixx.com\/wordpress\/wp-content\/uploads\/2013\/02\/20110622-01-rea-garvey-Artikel.jpg?resize=350%2C200","width":350,"height":200,"srcset":"https:\/\/i0.wp.com\/www.rockpixx.com\/wordpress\/wp-content\/uploads\/2013\/02\/20110622-01-rea-garvey-Artikel.jpg?resize=350%2C200 1x, https:\/\/i0.wp.com\/www.rockpixx.com\/wordpress\/wp-content\/uploads\/2013\/02\/20110622-01-rea-garvey-Artikel.jpg?resize=525%2C300 1.5x, https:\/\/i0.wp.com\/www.rockpixx.com\/wordpress\/wp-content\/uploads\/2013\/02\/20110622-01-rea-garvey-Artikel.jpg?resize=700%2C400 2x"},"classes":[]},{"id":7734,"url":"http:\/\/www.rockpixx.com\/wordpress\/chris-thompson-19-06-2011-kiel-unser-norden-buhne\/","url_meta":{"origin":7771,"position":5},"title":"Chris Thompson, 19.06.2011, Kiel, Unser Norden-B\u00fchne","author":"Anja","date":"19. Juni 2011","format":false,"excerpt":"\u201eDave is on the Road again\u201c von \u2192\u00a0Manfred Mann\u2019s Earth Band \u2013 das kennt wohl fast jeder, \u201eYou\u2019re the Voice\u201c von John Farnham ist vielleicht auch nicht ganz unbekannt. Warum ich dieses Review so einleite? Nun, auf der Unser Norden-B\u00fchne stand die langj\u00e4hrige Stimme der Earthband und in Personalunion auch\u2026","rel":"","context":"In &quot;Acts&quot;","block_context":{"text":"Acts","link":"http:\/\/www.rockpixx.com\/wordpress\/category\/acts\/"},"img":{"alt_text":"Chris Thompson, 19.06.2011, Kiel, Unser Norden-B\u00fchne","src":"https:\/\/i0.wp.com\/www.rockpixx.com\/wordpress\/wp-content\/uploads\/2013\/01\/20110619-01-chirs-thompson-Artikel.jpg?resize=350%2C200","width":350,"height":200,"srcset":"https:\/\/i0.wp.com\/www.rockpixx.com\/wordpress\/wp-content\/uploads\/2013\/01\/20110619-01-chirs-thompson-Artikel.jpg?resize=350%2C200 1x, https:\/\/i0.wp.com\/www.rockpixx.com\/wordpress\/wp-content\/uploads\/2013\/01\/20110619-01-chirs-thompson-Artikel.jpg?resize=525%2C300 1.5x, https:\/\/i0.wp.com\/www.rockpixx.com\/wordpress\/wp-content\/uploads\/2013\/01\/20110619-01-chirs-thompson-Artikel.jpg?resize=700%2C400 2x"},"classes":[]}],"jetpack_sharing_enabled":true,"publishpress_future_action":{"enabled":false,"date":"2026-05-08 03:31:23","action":"change-status","newStatus":"draft","terms":[],"taxonomy":"category","extraData":[]},"publishpress_future_workflow_manual_trigger":{"enabledWorkflows":[]},"_links":{"self":[{"href":"http:\/\/www.rockpixx.com\/wordpress\/wp-json\/wp\/v2\/posts\/7771","targetHints":{"allow":["GET"]}}],"collection":[{"href":"http:\/\/www.rockpixx.com\/wordpress\/wp-json\/wp\/v2\/posts"}],"about":[{"href":"http:\/\/www.rockpixx.com\/wordpress\/wp-json\/wp\/v2\/types\/post"}],"author":[{"embeddable":true,"href":"http:\/\/www.rockpixx.com\/wordpress\/wp-json\/wp\/v2\/users\/2"}],"replies":[{"embeddable":true,"href":"http:\/\/www.rockpixx.com\/wordpress\/wp-json\/wp\/v2\/comments?post=7771"}],"version-history":[{"count":0,"href":"http:\/\/www.rockpixx.com\/wordpress\/wp-json\/wp\/v2\/posts\/7771\/revisions"}],"wp:featuredmedia":[{"embeddable":true,"href":"http:\/\/www.rockpixx.com\/wordpress\/wp-json\/wp\/v2\/media\/7772"}],"wp:attachment":[{"href":"http:\/\/www.rockpixx.com\/wordpress\/wp-json\/wp\/v2\/media?parent=7771"}],"wp:term":[{"taxonomy":"category","embeddable":true,"href":"http:\/\/www.rockpixx.com\/wordpress\/wp-json\/wp\/v2\/categories?post=7771"},{"taxonomy":"post_tag","embeddable":true,"href":"http:\/\/www.rockpixx.com\/wordpress\/wp-json\/wp\/v2\/tags?post=7771"}],"curies":[{"name":"wp","href":"https:\/\/api.w.org\/{rel}","templated":true}]}}