{"id":7921,"date":"2011-06-22T02:00:33","date_gmt":"2011-06-22T00:00:33","guid":{"rendered":"http:\/\/rockpixx.com\/wordpress\/?p=7921"},"modified":"2014-07-06T22:06:47","modified_gmt":"2014-07-06T21:06:47","slug":"andy-scotts-sweet-22-06-2011-kiel-rathausbuhne","status":"publish","type":"post","link":"http:\/\/www.rockpixx.com\/wordpress\/andy-scotts-sweet-22-06-2011-kiel-rathausbuhne\/","title":{"rendered":"Andy Scott&#8217;s Sweet, 22.06.2011, Kiel, Rathausb\u00fchne"},"content":{"rendered":"<p>Glamrock-Nacht an der Rathausb\u00fchne in Kiel und ich war mittendrinnen. Begeisterte Fans skandierten immer mal wieder von Blicken nach oben \u2013 \u201eH\u00e4lt das Wetter?\u201c \u2013 \u201eWir wollen Sweet! Wir wollen Sweet!\u201c. Was will man mehr als Musiker als von den Fans auf die B\u00fchne gerufen zu werden?<!--more--><\/p>\n<p>Da kamen sie\u2026 zwar nicht mehr so schnell wie in jungen Jahren, aber doch voller Freude auf einen Konzert mit ihren Fans. Musikalisch sind die Jungs um Andy Scott spielfreudig wie eh und je. Von der Bewegungsfreude und dem Willen mit ihrem Publikum einen geilen Abend verbringen zu wollen, k\u00f6nnen sich manche der sogenannten Stars der Jetztzeit eine ganz dicke Scheibe abschneiden. Hier steht die Musik bei den Musikern im Vordergrund und nicht das eigene Ego.<\/p>\n<p>Der Wettergott hatte \u201eGott sei Dank\u201c jetzt noch ein Einsehen mit mir. Aber er beschloss, dass dies mein letzter Grabenaufenthalt f\u00fcr heute werden sollte. Bei der NDR-B\u00fchne wartete ich auf meinen n\u00e4chsten Einsatz, als sich die Schleusentore des Himmels \u00f6ffneten. Hier brach ich meinen Abend dann ab und trat wie eine gebadete Maus meinen Heimweg an. Ich sah aus, als w\u00e4re ich in die F\u00f6rde gefallen.<\/p>\n<p style=\"text-align: right;\">Fotos: <a href=\"mailto:a.roselt@rockpixx.com?subject=Fotos%20von%20Andy%20Scott%27s%20Sweet,%20Kiel%20%E2%80%9ERathausb%C3%BChne%E2%80%9C,%2022.06.2011\">Anja<\/a> | Text: <a href=\"mailto:a.roselt@rockpixx.com?subject=Reviewtext%20von%20Andy%20Scott%27s%20Sweet,%20Kiel%20%E2%80%9ERathausb%C3%BChne%E2%80%9C,%2022.06.2011\">Anja<\/a><\/p>\n<p>&nbsp;<\/p>\n<p>[slideshow id=52]<\/p>\n","protected":false},"excerpt":{"rendered":"<p>Glamrock-Nacht an der Rathausb\u00fchne in Kiel und ich war mittendrinnen. Begeisterte Fans skandierten immer mal <a href=\"http:\/\/www.rockpixx.com\/wordpress\/andy-scotts-sweet-22-06-2011-kiel-rathausbuhne\/\">Read more<\/a><\/p>\n","protected":false},"author":2,"featured_media":7922,"comment_status":"open","ping_status":"open","sticky":false,"template":"","format":"standard","meta":{"_jetpack_memberships_contains_paid_content":false,"footnotes":"","jetpack_publicize_message":"","jetpack_publicize_feature_enabled":true,"jetpack_social_post_already_shared":false,"jetpack_social_options":{"image_generator_settings":{"template":"highway","default_image_id":0,"font":"","enabled":false},"version":2}},"categories":[34,11],"tags":[1733,133,1735,138,2057,1429],"class_list":["post-7921","post","type-post","status-publish","format-standard","has-post-thumbnail","hentry","category-acts","category-sweet-andi-scotts","tag-1733","tag-festivals","tag-kiel","tag-kieler-woche","tag-rathausbuhne","tag-the-sweet"],"aioseo_notices":[],"jetpack_publicize_connections":[],"jetpack_featured_media_url":"http:\/\/www.rockpixx.com\/wordpress\/wp-content\/uploads\/2013\/02\/20110622-02-sweet-Artikel.jpg","jetpack-related-posts":[{"id":7662,"url":"http:\/\/www.rockpixx.com\/wordpress\/grone-und-meyer-17-06-2011-kiel-rathausbuhne\/","url_meta":{"origin":7921,"position":0},"title":"Gr\u00f6ne und Meyer, 17.06.2011, Kiel, Rathausb\u00fchne","author":"Anja","date":"17. Juni 2011","format":false,"excerpt":"Die Rathausb\u00fchne war heute in fester Hand von Tributebands. Der Abend wurde von \u201eGr\u00f6ne & Meyer\u201c er\u00f6ffnet, wie sich aus dem Namen unschwer entnehmen l\u00e4sst, war hier Herbert Gr\u00f6nemeyer das Vorbild. Was soll ich sagen? Ich war entt\u00e4uscht\u2026 viele der Tributebands, die wir schon vor der Kamera hatten, stellen an\u2026","rel":"","context":"In &quot;Acts&quot;","block_context":{"text":"Acts","link":"http:\/\/www.rockpixx.com\/wordpress\/category\/acts\/"},"img":{"alt_text":"Gr\u00f6ne und Meyer, 17.06.2011, Kiel, Rathausb\u00fchne","src":"https:\/\/i0.wp.com\/www.rockpixx.com\/wordpress\/wp-content\/uploads\/2013\/01\/20110617-06-groene-und-meyer-Artikel.jpg?resize=350%2C200","width":350,"height":200,"srcset":"https:\/\/i0.wp.com\/www.rockpixx.com\/wordpress\/wp-content\/uploads\/2013\/01\/20110617-06-groene-und-meyer-Artikel.jpg?resize=350%2C200 1x, https:\/\/i0.wp.com\/www.rockpixx.com\/wordpress\/wp-content\/uploads\/2013\/01\/20110617-06-groene-und-meyer-Artikel.jpg?resize=525%2C300 1.5x, https:\/\/i0.wp.com\/www.rockpixx.com\/wordpress\/wp-content\/uploads\/2013\/01\/20110617-06-groene-und-meyer-Artikel.jpg?resize=700%2C400 2x"},"classes":[]},{"id":8414,"url":"http:\/\/www.rockpixx.com\/wordpress\/marquess-15-06-2012-kiel-rathausbuhne\/","url_meta":{"origin":7921,"position":1},"title":"Marquess, 15.06.2012, Kiel, Rathausb\u00fchne","author":"Anja","date":"15. Juni 2012","format":false,"excerpt":"Das typische Kieler Woche Wetter \u2013 Wasser von oben, von der Seite usw. \u2013 bescherte mir einen freien Weg von der h\u00f6rn b\u00fchne zur Rathausb\u00fchne und so schaffte ich den Weg in gut 20 min. An der Rathausb\u00fchne erwartete mich Marquess eine deutsche Band, die durch Lieder wie \u201eEl Temperamento\u201c\u2026","rel":"","context":"In &quot;Acts&quot;","block_context":{"text":"Acts","link":"http:\/\/www.rockpixx.com\/wordpress\/category\/acts\/"},"img":{"alt_text":"Marquess, 15.06.2012, Kiel, Rathausb\u00fchne","src":"https:\/\/i0.wp.com\/www.rockpixx.com\/wordpress\/wp-content\/uploads\/2013\/02\/20120615-04-marquess-Artikel.jpg?resize=350%2C200","width":350,"height":200,"srcset":"https:\/\/i0.wp.com\/www.rockpixx.com\/wordpress\/wp-content\/uploads\/2013\/02\/20120615-04-marquess-Artikel.jpg?resize=350%2C200 1x, https:\/\/i0.wp.com\/www.rockpixx.com\/wordpress\/wp-content\/uploads\/2013\/02\/20120615-04-marquess-Artikel.jpg?resize=525%2C300 1.5x, https:\/\/i0.wp.com\/www.rockpixx.com\/wordpress\/wp-content\/uploads\/2013\/02\/20120615-04-marquess-Artikel.jpg?resize=700%2C400 2x"},"classes":[]},{"id":7990,"url":"http:\/\/www.rockpixx.com\/wordpress\/brothers-in-arms-23-06-2011-kiel-rathausbuhne\/","url_meta":{"origin":7921,"position":2},"title":"Brothers in Arms, 23.06.2011, Kiel, Rathausb\u00fchne","author":"Anja","date":"23. Juni 2011","format":false,"excerpt":"Endlich schaffte ich es \u2013 die Fotografin von rockpixx.com - auch einmal, \u201eBrothers in Arms\u201c zu fotografieren. Aber als ich an der B\u00fchne ankam und die Musiker beim Soundcheck beobachtete, dachte ich der Gitarrist und S\u00e4nger schaut ja wirklich aus wie Mark Knopfler.Sp\u00e4ter w\u00e4hrend des Konzertes konnte ich mich davon\u2026","rel":"","context":"In &quot;Acts&quot;","block_context":{"text":"Acts","link":"http:\/\/www.rockpixx.com\/wordpress\/category\/acts\/"},"img":{"alt_text":"Brothers in Arms, 23.06.2011, Kiel, Rathausb\u00fchne","src":"https:\/\/i0.wp.com\/www.rockpixx.com\/wordpress\/wp-content\/uploads\/2013\/02\/20110623-06-brothers-in-arms-Artikel.jpg?resize=350%2C200","width":350,"height":200,"srcset":"https:\/\/i0.wp.com\/www.rockpixx.com\/wordpress\/wp-content\/uploads\/2013\/02\/20110623-06-brothers-in-arms-Artikel.jpg?resize=350%2C200 1x, https:\/\/i0.wp.com\/www.rockpixx.com\/wordpress\/wp-content\/uploads\/2013\/02\/20110623-06-brothers-in-arms-Artikel.jpg?resize=525%2C300 1.5x, https:\/\/i0.wp.com\/www.rockpixx.com\/wordpress\/wp-content\/uploads\/2013\/02\/20110623-06-brothers-in-arms-Artikel.jpg?resize=700%2C400 2x"},"classes":[]},{"id":7728,"url":"http:\/\/www.rockpixx.com\/wordpress\/alphaville-18-06-2011-kiel-rathausbuhne\/","url_meta":{"origin":7921,"position":3},"title":"Alphaville, 18.06.2011, Kiel, Rathausb\u00fchne","author":"Anja","date":"18. Juni 2011","format":false,"excerpt":"Es ist eigentlich wie immer: Der Kieler Rathausplatz ist gerammelt voll, mal regnet es mehr, mal weniger \u2013 dieses Mal war ich zwischen zwei Schauern da. Dann kommt NDR-Moderator Christian Schr\u00f6der, spricht, \u00fcbergibt das Mikro an Ministerpr\u00e4sident Peter Harry Carstensen, der wird ausgepfiffen, anschlie\u00dfend Kiels OB Torsten Albig, der wird\u2026","rel":"","context":"In &quot;Acts&quot;","block_context":{"text":"Acts","link":"http:\/\/www.rockpixx.com\/wordpress\/category\/acts\/"},"img":{"alt_text":"Alphaville","src":"https:\/\/i0.wp.com\/www.rockpixx.com\/wordpress\/wp-content\/uploads\/2013\/01\/20110618-03-alphaville-Artikel.jpg?resize=350%2C200","width":350,"height":200,"srcset":"https:\/\/i0.wp.com\/www.rockpixx.com\/wordpress\/wp-content\/uploads\/2013\/01\/20110618-03-alphaville-Artikel.jpg?resize=350%2C200 1x, https:\/\/i0.wp.com\/www.rockpixx.com\/wordpress\/wp-content\/uploads\/2013\/01\/20110618-03-alphaville-Artikel.jpg?resize=525%2C300 1.5x, https:\/\/i0.wp.com\/www.rockpixx.com\/wordpress\/wp-content\/uploads\/2013\/01\/20110618-03-alphaville-Artikel.jpg?resize=700%2C400 2x"},"classes":[]},{"id":6653,"url":"http:\/\/www.rockpixx.com\/wordpress\/brothers-in-arms-21-06-2010-kiel-rathausbuhne\/","url_meta":{"origin":7921,"position":4},"title":"Brothers in Arms, 21.06.2010, Kiel, Rathausb\u00fchne","author":"Anja","date":"21. Juni 2010","format":false,"excerpt":"Zur\u00fcck zur Rathausb\u00fchne: Schon w\u00e4hrend ich zwei Stunden zuvor \u201eMr. Police\u201c ablichtete, tippte mir der freundliche Oly von \u201eBrothers in Arms\u201c von hinten auf die Schulter und sagte mir, f\u00fcr nachher ginge alles klar mit dem Fotografieren auf der B\u00fchne. Also zum wiederholten Male die Musik von \u201eDire Straits\u201c ablichten\u2026","rel":"","context":"In &quot;Acts&quot;","block_context":{"text":"Acts","link":"http:\/\/www.rockpixx.com\/wordpress\/category\/acts\/"},"img":{"alt_text":"Brothers in Arms, 21.06.2010, Kiel, Rathausb\u00fchne","src":"https:\/\/i0.wp.com\/www.rockpixx.com\/wordpress\/wp-content\/uploads\/2013\/01\/20100621-07-brothers-in-arms-Artikel.jpg?resize=350%2C200","width":350,"height":200,"srcset":"https:\/\/i0.wp.com\/www.rockpixx.com\/wordpress\/wp-content\/uploads\/2013\/01\/20100621-07-brothers-in-arms-Artikel.jpg?resize=350%2C200 1x, https:\/\/i0.wp.com\/www.rockpixx.com\/wordpress\/wp-content\/uploads\/2013\/01\/20100621-07-brothers-in-arms-Artikel.jpg?resize=525%2C300 1.5x, https:\/\/i0.wp.com\/www.rockpixx.com\/wordpress\/wp-content\/uploads\/2013\/01\/20100621-07-brothers-in-arms-Artikel.jpg?resize=700%2C400 2x"},"classes":[]},{"id":8425,"url":"http:\/\/www.rockpixx.com\/wordpress\/pfefferminz-15-06-2012-kiel-ndr-buhne\/","url_meta":{"origin":7921,"position":5},"title":"Pfefferminz, 15.06.2012, Kiel, Rathausb\u00fchne","author":"Anja","date":"15. Juni 2012","format":false,"excerpt":"Pfefferminz ist bereits auf der Kieler Woche eine feste Gr\u00f6\u00dfe \u2013 wir hatten sie bereits \u2192\u00a0letztes Jahr\u00a0schon vor unseren Kameras. Die Musiker um Frontmann Andreas \u201eHerby\u201c Gramkow \u2013 stimmlich sehr nah am Original \u2013 bringen die Lieder von Marius M\u00fcller-Westernhagen mit einer Spielfreude und Leidenschaft auf die B\u00fchne. Das Publikum\u2026","rel":"","context":"In &quot;Acts&quot;","block_context":{"text":"Acts","link":"http:\/\/www.rockpixx.com\/wordpress\/category\/acts\/"},"img":{"alt_text":"Pfefferminz, 15.06.2012, Kiel, NDR-B\u00fchne","src":"https:\/\/i0.wp.com\/www.rockpixx.com\/wordpress\/wp-content\/uploads\/2013\/02\/20120615-07-pfefferminz-Artikel.jpg?resize=350%2C200","width":350,"height":200,"srcset":"https:\/\/i0.wp.com\/www.rockpixx.com\/wordpress\/wp-content\/uploads\/2013\/02\/20120615-07-pfefferminz-Artikel.jpg?resize=350%2C200 1x, https:\/\/i0.wp.com\/www.rockpixx.com\/wordpress\/wp-content\/uploads\/2013\/02\/20120615-07-pfefferminz-Artikel.jpg?resize=525%2C300 1.5x, https:\/\/i0.wp.com\/www.rockpixx.com\/wordpress\/wp-content\/uploads\/2013\/02\/20120615-07-pfefferminz-Artikel.jpg?resize=700%2C400 2x"},"classes":[]}],"jetpack_sharing_enabled":true,"publishpress_future_action":{"enabled":false,"date":"2026-05-06 14:15:24","action":"change-status","newStatus":"draft","terms":[],"taxonomy":"category","extraData":[]},"publishpress_future_workflow_manual_trigger":{"enabledWorkflows":[]},"_links":{"self":[{"href":"http:\/\/www.rockpixx.com\/wordpress\/wp-json\/wp\/v2\/posts\/7921","targetHints":{"allow":["GET"]}}],"collection":[{"href":"http:\/\/www.rockpixx.com\/wordpress\/wp-json\/wp\/v2\/posts"}],"about":[{"href":"http:\/\/www.rockpixx.com\/wordpress\/wp-json\/wp\/v2\/types\/post"}],"author":[{"embeddable":true,"href":"http:\/\/www.rockpixx.com\/wordpress\/wp-json\/wp\/v2\/users\/2"}],"replies":[{"embeddable":true,"href":"http:\/\/www.rockpixx.com\/wordpress\/wp-json\/wp\/v2\/comments?post=7921"}],"version-history":[{"count":0,"href":"http:\/\/www.rockpixx.com\/wordpress\/wp-json\/wp\/v2\/posts\/7921\/revisions"}],"wp:featuredmedia":[{"embeddable":true,"href":"http:\/\/www.rockpixx.com\/wordpress\/wp-json\/wp\/v2\/media\/7922"}],"wp:attachment":[{"href":"http:\/\/www.rockpixx.com\/wordpress\/wp-json\/wp\/v2\/media?parent=7921"}],"wp:term":[{"taxonomy":"category","embeddable":true,"href":"http:\/\/www.rockpixx.com\/wordpress\/wp-json\/wp\/v2\/categories?post=7921"},{"taxonomy":"post_tag","embeddable":true,"href":"http:\/\/www.rockpixx.com\/wordpress\/wp-json\/wp\/v2\/tags?post=7921"}],"curies":[{"name":"wp","href":"https:\/\/api.w.org\/{rel}","templated":true}]}}