{"id":7936,"date":"2011-06-23T01:00:42","date_gmt":"2011-06-22T23:00:42","guid":{"rendered":"http:\/\/rockpixx.com\/wordpress\/?p=7936"},"modified":"2013-02-02T19:06:17","modified_gmt":"2013-02-02T17:06:17","slug":"peter-schilling-23-06-2011-kiel-rathausbuhne","status":"publish","type":"post","link":"http:\/\/www.rockpixx.com\/wordpress\/peter-schilling-23-06-2011-kiel-rathausbuhne\/","title":{"rendered":"Peter Schilling, 23.06.2011, Kiel, Rathausb\u00fchne"},"content":{"rendered":"<p>\u201eMajor Tom\u201c auf der Kieler Rathausb\u00fchne \u2013 und der hat gut abgehoben!<\/p>\n<p>Bei den Heroes der \u201eNeuen Deutschen Welle\u201c gibt es ja zwei Kategorien: Musikanten, die heute bestenfalls noch zur Er\u00f6ffnung eines neuen Baumarktes aufspielen k\u00f6nnen, und Musiker, die es immer noch bringen. Gute Beispiele f\u00fcr die zweite Kategorie waren ja im letzten Jahr schon \u2192\u00a0 <a title=\"Markus, 18.06.2010, Kiel, Kieler Woche Musikzelt\" href=\"http:\/\/rockpixx.com\/wordpress\/?p=6345\" target=\"_blank\">Markus<\/a>, \u2192\u00a0 <a title=\"Nena, 26.06.2010, Kiel, Unser Norden-B\u00fchne\" href=\"http:\/\/rockpixx.com\/wordpress\/?p=7011\" target=\"_blank\">Nena<\/a> und \u2192\u00a0 <a title=\"Geier Sturzflug, 18.06.2010, Kiel, Kieler Woche Musikzelt\" href=\"http:\/\/rockpixx.com\/wordpress\/?p=6390\" target=\"_blank\">Geier Sturzflug<\/a>. <!--more-->Und hier hat sich heute Peter Schilling nahtlos eingereiht. Sympathische Ausstrahlung, Spielfreude und eine insgesamt runde Performance konnten die Zuschauer auf dem vollen Rathausplatz vom ersten Song an begeistern. Und dass Peter Schilling Humor hat, bewies er gleich nach seinem zweiten Song, \u201eMajor Tom\u201c, als er sich von der B\u00fchne verabschieden wollte mit dem Hinweis darauf, dass er ja sowieso nur diesen einen Hit gehabt h\u00e4tte. Zum Gl\u00fcck machte er dann aber doch noch weiter \u2013 ich bekam davon aber nichts mehr mit, da schon die n\u00e4chsten Acts auf meiner Liste standen\u2026<\/p>\n<p style=\"text-align: right;\">Fotos: <a href=\"mailto:info@rockpixx.com?subject=Fotos%20von%20Peter%20Schilling,%20Kiel%20%E2%80%9ERathausb%C3%BChne%E2%80%9C,%2023.06.2011\">Alex<\/a> | Text: <a href=\"mailto:info@rockpixx.com?subject=Reviewtext%20von%20Peter%20Schilling,%20Kiel%20%E2%80%9ERathausb%C3%BChne%E2%80%9C,%2023.06.2011\">Alex<\/a><\/p>\n<p>&nbsp;<\/p>\n<p>[slideshow id=62]<\/p>\n","protected":false},"excerpt":{"rendered":"<p>\u201eMajor Tom\u201c auf der Kieler Rathausb\u00fchne \u2013 und der hat gut abgehoben! Bei den Heroes <a href=\"http:\/\/www.rockpixx.com\/wordpress\/peter-schilling-23-06-2011-kiel-rathausbuhne\/\">Read more<\/a><\/p>\n","protected":false},"author":2,"featured_media":7938,"comment_status":"open","ping_status":"open","sticky":false,"template":"","format":"standard","meta":{"_jetpack_memberships_contains_paid_content":false,"footnotes":"","jetpack_publicize_message":"","jetpack_publicize_feature_enabled":true,"jetpack_social_post_already_shared":false,"jetpack_social_options":{"image_generator_settings":{"template":"highway","default_image_id":0,"font":"","enabled":false},"version":2}},"categories":[34,1616],"tags":[1733,133,1735,138,568,2057],"class_list":["post-7936","post","type-post","status-publish","format-standard","has-post-thumbnail","hentry","category-acts","category-peter-schilling","tag-1733","tag-festivals","tag-kiel","tag-kieler-woche","tag-peter-schilling","tag-rathausbuhne"],"aioseo_notices":[],"jetpack_publicize_connections":[],"jetpack_featured_media_url":"http:\/\/www.rockpixx.com\/wordpress\/wp-content\/uploads\/2013\/02\/20110623-01-peter-schilling-Artikel.jpg","jetpack-related-posts":[{"id":7990,"url":"http:\/\/www.rockpixx.com\/wordpress\/brothers-in-arms-23-06-2011-kiel-rathausbuhne\/","url_meta":{"origin":7936,"position":0},"title":"Brothers in Arms, 23.06.2011, Kiel, Rathausb\u00fchne","author":"Anja","date":"23. Juni 2011","format":false,"excerpt":"Endlich schaffte ich es \u2013 die Fotografin von rockpixx.com - auch einmal, \u201eBrothers in Arms\u201c zu fotografieren. Aber als ich an der B\u00fchne ankam und die Musiker beim Soundcheck beobachtete, dachte ich der Gitarrist und S\u00e4nger schaut ja wirklich aus wie Mark Knopfler.Sp\u00e4ter w\u00e4hrend des Konzertes konnte ich mich davon\u2026","rel":"","context":"In &quot;Acts&quot;","block_context":{"text":"Acts","link":"http:\/\/www.rockpixx.com\/wordpress\/category\/acts\/"},"img":{"alt_text":"Brothers in Arms, 23.06.2011, Kiel, Rathausb\u00fchne","src":"https:\/\/i0.wp.com\/www.rockpixx.com\/wordpress\/wp-content\/uploads\/2013\/02\/20110623-06-brothers-in-arms-Artikel.jpg?resize=350%2C200","width":350,"height":200,"srcset":"https:\/\/i0.wp.com\/www.rockpixx.com\/wordpress\/wp-content\/uploads\/2013\/02\/20110623-06-brothers-in-arms-Artikel.jpg?resize=350%2C200 1x, https:\/\/i0.wp.com\/www.rockpixx.com\/wordpress\/wp-content\/uploads\/2013\/02\/20110623-06-brothers-in-arms-Artikel.jpg?resize=525%2C300 1.5x, https:\/\/i0.wp.com\/www.rockpixx.com\/wordpress\/wp-content\/uploads\/2013\/02\/20110623-06-brothers-in-arms-Artikel.jpg?resize=700%2C400 2x"},"classes":[]},{"id":7728,"url":"http:\/\/www.rockpixx.com\/wordpress\/alphaville-18-06-2011-kiel-rathausbuhne\/","url_meta":{"origin":7936,"position":1},"title":"Alphaville, 18.06.2011, Kiel, Rathausb\u00fchne","author":"Anja","date":"18. Juni 2011","format":false,"excerpt":"Es ist eigentlich wie immer: Der Kieler Rathausplatz ist gerammelt voll, mal regnet es mehr, mal weniger \u2013 dieses Mal war ich zwischen zwei Schauern da. Dann kommt NDR-Moderator Christian Schr\u00f6der, spricht, \u00fcbergibt das Mikro an Ministerpr\u00e4sident Peter Harry Carstensen, der wird ausgepfiffen, anschlie\u00dfend Kiels OB Torsten Albig, der wird\u2026","rel":"","context":"In &quot;Acts&quot;","block_context":{"text":"Acts","link":"http:\/\/www.rockpixx.com\/wordpress\/category\/acts\/"},"img":{"alt_text":"Alphaville","src":"https:\/\/i0.wp.com\/www.rockpixx.com\/wordpress\/wp-content\/uploads\/2013\/01\/20110618-03-alphaville-Artikel.jpg?resize=350%2C200","width":350,"height":200,"srcset":"https:\/\/i0.wp.com\/www.rockpixx.com\/wordpress\/wp-content\/uploads\/2013\/01\/20110618-03-alphaville-Artikel.jpg?resize=350%2C200 1x, https:\/\/i0.wp.com\/www.rockpixx.com\/wordpress\/wp-content\/uploads\/2013\/01\/20110618-03-alphaville-Artikel.jpg?resize=525%2C300 1.5x, https:\/\/i0.wp.com\/www.rockpixx.com\/wordpress\/wp-content\/uploads\/2013\/01\/20110618-03-alphaville-Artikel.jpg?resize=700%2C400 2x"},"classes":[]},{"id":7694,"url":"http:\/\/www.rockpixx.com\/wordpress\/pfefferminz-17-06-2011-kiel-rathausbuhne\/","url_meta":{"origin":7936,"position":2},"title":"Pfefferminz, 17.06.2011, Kiel, Rathausb\u00fchne","author":"Anja","date":"17. Juni 2011","format":false,"excerpt":"Grummelbrummel! Auf der Rathausb\u00fchne erklingt bereits \u201eEs geht mir gut\u201c von Marius M\u00fcller-Westernhagen und ich stecke in der Menschenmenge auf dem Kieler Rathausplatz fest! Auf der B\u00fchne also \u201ePfefferminz\u201c und was ich h\u00f6ren kann, klingt gut \u2013 sehen, geschweige denn fotografieren, ist ja nicht. Rechtzeitig zu Beginn des zweiten Songs\u2026","rel":"","context":"In &quot;Acts&quot;","block_context":{"text":"Acts","link":"http:\/\/www.rockpixx.com\/wordpress\/category\/acts\/"},"img":{"alt_text":"Pfefferminz, 17.06.2011, Kiel, Rathausb\u00fchne","src":"https:\/\/i0.wp.com\/www.rockpixx.com\/wordpress\/wp-content\/uploads\/2013\/01\/20110617-11-pfefferminz-Artikel.jpg?resize=350%2C200","width":350,"height":200,"srcset":"https:\/\/i0.wp.com\/www.rockpixx.com\/wordpress\/wp-content\/uploads\/2013\/01\/20110617-11-pfefferminz-Artikel.jpg?resize=350%2C200 1x, https:\/\/i0.wp.com\/www.rockpixx.com\/wordpress\/wp-content\/uploads\/2013\/01\/20110617-11-pfefferminz-Artikel.jpg?resize=525%2C300 1.5x, https:\/\/i0.wp.com\/www.rockpixx.com\/wordpress\/wp-content\/uploads\/2013\/01\/20110617-11-pfefferminz-Artikel.jpg?resize=700%2C400 2x"},"classes":[]},{"id":6421,"url":"http:\/\/www.rockpixx.com\/wordpress\/guildo-horn-19-06-2010-kiel-rathausbuhne\/","url_meta":{"origin":7936,"position":3},"title":"Guildo Horn, 19.06.2010, Kiel, Rathausb\u00fchne","author":"Anja","date":"19. Juni 2010","format":false,"excerpt":"Die offizielle Er\u00f6ffnung der Kieler Woche mit dem Glasen und dem \u201eLeinen los\u2013 Signal\u201c erfolgte Samstag auf der Rathausb\u00fchne. Die Menge vor der B\u00fchne stand dicht gedr\u00e4ngt und war voller Erwartung\u2026 weniger auf die Politprominenz, die den offiziellen Startschuss gab, sondern auf Guildo Horn und seine Orthop\u00e4dischen Str\u00fcmpfe. Nein\u2026 die\u2026","rel":"","context":"In &quot;Acts&quot;","block_context":{"text":"Acts","link":"http:\/\/www.rockpixx.com\/wordpress\/category\/acts\/"},"img":{"alt_text":"Guildo Horn, 19.06.2010, Kiel, Rathausb\u00fchne","src":"https:\/\/i0.wp.com\/www.rockpixx.com\/wordpress\/wp-content\/uploads\/2013\/01\/20100619-02-guildo-horn-Artikel.jpg?resize=350%2C200","width":350,"height":200,"srcset":"https:\/\/i0.wp.com\/www.rockpixx.com\/wordpress\/wp-content\/uploads\/2013\/01\/20100619-02-guildo-horn-Artikel.jpg?resize=350%2C200 1x, https:\/\/i0.wp.com\/www.rockpixx.com\/wordpress\/wp-content\/uploads\/2013\/01\/20100619-02-guildo-horn-Artikel.jpg?resize=525%2C300 1.5x, https:\/\/i0.wp.com\/www.rockpixx.com\/wordpress\/wp-content\/uploads\/2013\/01\/20100619-02-guildo-horn-Artikel.jpg?resize=700%2C400 2x"},"classes":[]},{"id":8439,"url":"http:\/\/www.rockpixx.com\/wordpress\/phil-16-06-2012-kiel-rathausbuhne\/","url_meta":{"origin":7936,"position":4},"title":"Phil, 16.06.2012, Kiel, Rathausb\u00fchne","author":"Anja","date":"16. Juni 2012","format":false,"excerpt":"Wieder Kieler Rathausplatz, wieder Regen und mit \u201ePhil\u201c unsere \u2192\u00a0mittlerweile vierte Genesis-\/Phil Collins-Tributeband, die da nun gegen die Wassermassen von oben munter gegenanspielt. Der Sound h\u00f6rt sich sehr Phil Collins-m\u00e4\u00dfig an, und kommt richtig gut und fett r\u00fcber. Ok, vielleicht k\u00f6nnten die Drums noch ein wenig mehr vom ber\u00fchmt-ber\u00fcchtigten \u201ecompressed\u2026","rel":"","context":"In &quot;Acts&quot;","block_context":{"text":"Acts","link":"http:\/\/www.rockpixx.com\/wordpress\/category\/acts\/"},"img":{"alt_text":"Phil, 16.06.2012, Kiel, Rathausb\u00fchne","src":"https:\/\/i0.wp.com\/www.rockpixx.com\/wordpress\/wp-content\/uploads\/2013\/02\/20120616-02-phil-Artikel.jpg?resize=350%2C200","width":350,"height":200,"srcset":"https:\/\/i0.wp.com\/www.rockpixx.com\/wordpress\/wp-content\/uploads\/2013\/02\/20120616-02-phil-Artikel.jpg?resize=350%2C200 1x, https:\/\/i0.wp.com\/www.rockpixx.com\/wordpress\/wp-content\/uploads\/2013\/02\/20120616-02-phil-Artikel.jpg?resize=525%2C300 1.5x, https:\/\/i0.wp.com\/www.rockpixx.com\/wordpress\/wp-content\/uploads\/2013\/02\/20120616-02-phil-Artikel.jpg?resize=700%2C400 2x"},"classes":[]},{"id":11070,"url":"http:\/\/www.rockpixx.com\/wordpress\/albert-hammond-22-06-2013-kiel-rathausbuhne\/","url_meta":{"origin":7936,"position":5},"title":"Albert Hammond, 22.06.2013, Kiel, Rathausb\u00fchne","author":"Anja","date":"23. Juni 2013","format":false,"excerpt":"Ok, das \u201eAnglasen\u201c zur Kieler Woche mit der Paralympics-Goldmedaillengewinnerin Kirsten Bruhn ist geschafft, Moderator Christian Schr\u00f6der vom NDR kann nun zum kulturellen Teil des Er\u00f6ffnungsprogrammes auf der Rathausb\u00fchne \u00fcbergehen. Er gib einen R\u00fcckblick auf die gro\u00dfartige Karriere des folgenden nunmehr 69-j\u00e4hrigen S\u00e4ngers und Songwriters, der in den Siebzigern viele Hits\u2026","rel":"","context":"In &quot;Acts&quot;","block_context":{"text":"Acts","link":"http:\/\/www.rockpixx.com\/wordpress\/category\/acts\/"},"img":{"alt_text":"","src":"https:\/\/i0.wp.com\/www.rockpixx.com\/wordpress\/wp-content\/uploads\/2013\/06\/20130622-02-057_albert-hammond-Artikel.jpg?resize=350%2C200","width":350,"height":200,"srcset":"https:\/\/i0.wp.com\/www.rockpixx.com\/wordpress\/wp-content\/uploads\/2013\/06\/20130622-02-057_albert-hammond-Artikel.jpg?resize=350%2C200 1x, https:\/\/i0.wp.com\/www.rockpixx.com\/wordpress\/wp-content\/uploads\/2013\/06\/20130622-02-057_albert-hammond-Artikel.jpg?resize=525%2C300 1.5x, https:\/\/i0.wp.com\/www.rockpixx.com\/wordpress\/wp-content\/uploads\/2013\/06\/20130622-02-057_albert-hammond-Artikel.jpg?resize=700%2C400 2x"},"classes":[]}],"jetpack_sharing_enabled":true,"publishpress_future_action":{"enabled":false,"date":"2026-05-07 07:45:51","action":"change-status","newStatus":"draft","terms":[],"taxonomy":"category","extraData":[]},"publishpress_future_workflow_manual_trigger":{"enabledWorkflows":[]},"_links":{"self":[{"href":"http:\/\/www.rockpixx.com\/wordpress\/wp-json\/wp\/v2\/posts\/7936","targetHints":{"allow":["GET"]}}],"collection":[{"href":"http:\/\/www.rockpixx.com\/wordpress\/wp-json\/wp\/v2\/posts"}],"about":[{"href":"http:\/\/www.rockpixx.com\/wordpress\/wp-json\/wp\/v2\/types\/post"}],"author":[{"embeddable":true,"href":"http:\/\/www.rockpixx.com\/wordpress\/wp-json\/wp\/v2\/users\/2"}],"replies":[{"embeddable":true,"href":"http:\/\/www.rockpixx.com\/wordpress\/wp-json\/wp\/v2\/comments?post=7936"}],"version-history":[{"count":0,"href":"http:\/\/www.rockpixx.com\/wordpress\/wp-json\/wp\/v2\/posts\/7936\/revisions"}],"wp:featuredmedia":[{"embeddable":true,"href":"http:\/\/www.rockpixx.com\/wordpress\/wp-json\/wp\/v2\/media\/7938"}],"wp:attachment":[{"href":"http:\/\/www.rockpixx.com\/wordpress\/wp-json\/wp\/v2\/media?parent=7936"}],"wp:term":[{"taxonomy":"category","embeddable":true,"href":"http:\/\/www.rockpixx.com\/wordpress\/wp-json\/wp\/v2\/categories?post=7936"},{"taxonomy":"post_tag","embeddable":true,"href":"http:\/\/www.rockpixx.com\/wordpress\/wp-json\/wp\/v2\/tags?post=7936"}],"curies":[{"name":"wp","href":"https:\/\/api.w.org\/{rel}","templated":true}]}}