{"id":7940,"date":"2011-06-23T02:00:50","date_gmt":"2011-06-23T00:00:50","guid":{"rendered":"http:\/\/rockpixx.com\/wordpress\/?p=7940"},"modified":"2013-09-27T20:42:22","modified_gmt":"2013-09-27T19:42:22","slug":"bosse-23-06-2011-kiel-ndr-buhne","status":"publish","type":"post","link":"http:\/\/www.rockpixx.com\/wordpress\/bosse-23-06-2011-kiel-ndr-buhne\/","title":{"rendered":"Bosse, 23.06.2011, Kiel, NDR-B\u00fchne"},"content":{"rendered":"<p>Nach einem verregneten Donnerstag ist es heute trocken und zeitweise kommt die Sonne auch raus. So macht doch das Arbeiten wieder Spa\u00df. Das ist auch gut so, denn ein volles Programm erwartet mich heute.<\/p>\n<p>Los geht es mit Bosse an der NDR-B\u00fchne und ich muss sagen, dass ich positiv \u00fcberrascht war.<!--more--> Mir schlug eine Spielfreude entgegen, so dass ich erst gar nicht wusste, wen ich zuerst ablichten sollte. Man merkte im Fotograben, wie der Funke auf das Publikum \u00fcbersprang und wie schon bei [ \u2192 <a href=\"http:\/\/www.rockpixx.com\/html\/results.php?Wert=2011&amp;Auswahl=Jahr#johannes-oerding20110619-04\" target=\"_blank\">\u201eJohannes Oerding\u201c<\/a> ,] waren auch hier die weiblichen Zuschauer deutlich in der \u00dcberzahl.<\/p>\n<p>Hier m\u00f6chte ich auch mal anmerken, dass die Lichtmenschen ihr Handwerk verstehen und selbst bei Tageslicht die B\u00fchne und K\u00fcnstler fantastisch ausleuchten. Hier knallen die Farben und das lieben wir Fotografen von rockpixx.com.<\/p>\n<p style=\"text-align: right;\">Fotos: <a href=\"mailto:a.roselt@rockpixx.com?subject=Fotos%20von%20Bosse,%20Kiel%20%E2%80%9ENDR-B%C3%BChne%E2%80%9C,%2023.06.2011\">Anja<\/a> | Text: <a href=\"mailto:a.roselt@rockpixx.com?subject=Reviewtext%20von%20Bosse,%20Kiel%20%E2%80%9ENDR-B%C3%BChne%E2%80%9C,%2023.06.2011\">Anja<\/a><\/p>\n<p>&nbsp;<\/p>\n<p>[slideshow id=56]<\/p>\n","protected":false},"excerpt":{"rendered":"<p>Nach einem verregneten Donnerstag ist es heute trocken und zeitweise kommt die Sonne auch raus. <a href=\"http:\/\/www.rockpixx.com\/wordpress\/bosse-23-06-2011-kiel-ndr-buhne\/\">Read more<\/a><\/p>\n","protected":false},"author":2,"featured_media":7942,"comment_status":"open","ping_status":"open","sticky":false,"template":"","format":"standard","meta":{"_jetpack_memberships_contains_paid_content":false,"footnotes":"","jetpack_publicize_message":"","jetpack_publicize_feature_enabled":true,"jetpack_social_post_already_shared":false,"jetpack_social_options":{"image_generator_settings":{"template":"highway","default_image_id":0,"font":"","enabled":false},"version":2}},"categories":[34,569],"tags":[1733,1931,1285,133,1735,138,1775],"class_list":["post-7940","post","type-post","status-publish","format-standard","has-post-thumbnail","hentry","category-acts","category-bosse","tag-1733","tag-bosse","tag-bundesvision-song-contest","tag-festivals","tag-kiel","tag-kieler-woche","tag-ndr-buhne"],"aioseo_notices":[],"jetpack_publicize_connections":[],"jetpack_featured_media_url":"http:\/\/www.rockpixx.com\/wordpress\/wp-content\/uploads\/2013\/02\/20110623-02-bosse-Artikel.jpg","jetpack-related-posts":[{"id":8182,"url":"http:\/\/www.rockpixx.com\/wordpress\/bosse-23-07-2011-nordholz-deichbrand-festival\/","url_meta":{"origin":7940,"position":0},"title":"Bosse, 23.07.2011, Nordholz, Deichbrand Festival","author":"Anja","date":"23. Juli 2011","format":false,"excerpt":"\u201eBosse\u201c hatte unsere Fotografin vor wenigen Wochen ja schon \u2192 in Kiel an der NDR-B\u00fchne fotografieren k\u00f6nnen \u2013 dieses Mal war ich also am Zug. Der \u201eNeue gro\u00dfe Vertreter der deutschen Melancholiewelle\u201c (Ich denke mir solche Formulierungen nicht aus, das bekommt man als Pressetext ausgeh\u00e4ndigt) hat sein Publikum sofort im\u2026","rel":"","context":"In &quot;Acts&quot;","block_context":{"text":"Acts","link":"http:\/\/www.rockpixx.com\/wordpress\/category\/acts\/"},"img":{"alt_text":"Bosse","src":"https:\/\/i0.wp.com\/www.rockpixx.com\/wordpress\/wp-content\/uploads\/2013\/02\/20110723-05-bosse-Artikel.jpg?resize=350%2C200","width":350,"height":200,"srcset":"https:\/\/i0.wp.com\/www.rockpixx.com\/wordpress\/wp-content\/uploads\/2013\/02\/20110723-05-bosse-Artikel.jpg?resize=350%2C200 1x, https:\/\/i0.wp.com\/www.rockpixx.com\/wordpress\/wp-content\/uploads\/2013\/02\/20110723-05-bosse-Artikel.jpg?resize=525%2C300 1.5x, https:\/\/i0.wp.com\/www.rockpixx.com\/wordpress\/wp-content\/uploads\/2013\/02\/20110723-05-bosse-Artikel.jpg?resize=700%2C400 2x"},"classes":[]},{"id":7986,"url":"http:\/\/www.rockpixx.com\/wordpress\/revolverheld-23-06-2011-kiel-ndr-buhne\/","url_meta":{"origin":7940,"position":1},"title":"Revolverheld, 23.06.2011, Kiel, NDR-B\u00fchne","author":"Anja","date":"23. Juni 2011","format":false,"excerpt":"Tja\u2026 und bei \u201eRevolverheld\u201c an der NDR-B\u00fchne war es dann so richtig voll. Zum ersten Mal konnte ich erleben, dass der Platz komplett gef\u00fcllt war. Das Interesse ist also gro\u00df gewesen \u2013 auch zu erkennen an der gro\u00dfen Fotografenschar, die den Graben st\u00fcrmen wollte. Und das gro\u00dfe Interesse an \u201eRevolverheld\u201c\u2026","rel":"","context":"In &quot;Acts&quot;","block_context":{"text":"Acts","link":"http:\/\/www.rockpixx.com\/wordpress\/category\/acts\/"},"img":{"alt_text":"Revolverheld","src":"https:\/\/i0.wp.com\/www.rockpixx.com\/wordpress\/wp-content\/uploads\/2013\/02\/20110623-05-revolverheld-Artikel.jpg?resize=350%2C200","width":350,"height":200,"srcset":"https:\/\/i0.wp.com\/www.rockpixx.com\/wordpress\/wp-content\/uploads\/2013\/02\/20110623-05-revolverheld-Artikel.jpg?resize=350%2C200 1x, https:\/\/i0.wp.com\/www.rockpixx.com\/wordpress\/wp-content\/uploads\/2013\/02\/20110623-05-revolverheld-Artikel.jpg?resize=525%2C300 1.5x, https:\/\/i0.wp.com\/www.rockpixx.com\/wordpress\/wp-content\/uploads\/2013\/02\/20110623-05-revolverheld-Artikel.jpg?resize=700%2C400 2x"},"classes":[]},{"id":8542,"url":"http:\/\/www.rockpixx.com\/wordpress\/simple-plan-20-06-2012-kiel-ndr-buhne\/","url_meta":{"origin":7940,"position":2},"title":"Simple Plan, 20.06.2012, Kiel, NDR-B\u00fchne","author":"Anja","date":"20. Juni 2012","format":false,"excerpt":"Simple Plan stand heute als erstes auf dem Plan. F\u00fcnf kanadische Rockmusiker, die ich vor der Kieler Woche nicht bewusst wahrgenommen habe, obwohl ihre Songs zur Zeit im Radio rauf und runter gespielt werden. Diese Lieder wie z.B. \u201eSummer Paradise\u201c und \u201eJet Lag\u201c brachten die zum gr\u00f6\u00dften Teil weibliche Menge\u2026","rel":"","context":"In &quot;Acts&quot;","block_context":{"text":"Acts","link":"http:\/\/www.rockpixx.com\/wordpress\/category\/acts\/"},"img":{"alt_text":"Simple Plan, 20.06.2012, Kiel, NDR-B\u00fchne","src":"https:\/\/i0.wp.com\/www.rockpixx.com\/wordpress\/wp-content\/uploads\/2013\/02\/20120620-01-simple-plan-Artikel.jpg?resize=350%2C200","width":350,"height":200,"srcset":"https:\/\/i0.wp.com\/www.rockpixx.com\/wordpress\/wp-content\/uploads\/2013\/02\/20120620-01-simple-plan-Artikel.jpg?resize=350%2C200 1x, https:\/\/i0.wp.com\/www.rockpixx.com\/wordpress\/wp-content\/uploads\/2013\/02\/20120620-01-simple-plan-Artikel.jpg?resize=525%2C300 1.5x, https:\/\/i0.wp.com\/www.rockpixx.com\/wordpress\/wp-content\/uploads\/2013\/02\/20120620-01-simple-plan-Artikel.jpg?resize=700%2C400 2x"},"classes":[]},{"id":14873,"url":"http:\/\/www.rockpixx.com\/wordpress\/madcon-25-06-2014-kiel-ndr-buehne\/","url_meta":{"origin":7940,"position":3},"title":"Madcon, 25.06.2014, Kiel, NDR-B\u00fchne","author":"Anja","date":"26. Juni 2014","format":false,"excerpt":"Als ich das \u2192 letzte Mal \u201eMadcon\u201c vor der Kamera hatte war die NDR-B\u00fchne noch am alten Olympiahafen und es hatte gesch\u00fcttet wie aus K\u00fcbeln, sprich es waren schon Fische drinnen. Damals ist \u201eMadcon\u201c super gut gelaunt und mit Regenschirmen aufgetreten, diese konnten sie heute in der Garderobe lassen, denn\u2026","rel":"","context":"In &quot;Acts&quot;","block_context":{"text":"Acts","link":"http:\/\/www.rockpixx.com\/wordpress\/category\/acts\/"},"img":{"alt_text":"Madcon, 25.06.2014, Kiel, NDR-B\u00fchne","src":"https:\/\/i0.wp.com\/www.rockpixx.com\/wordpress\/wp-content\/uploads\/2014\/07\/20140625-03-071_madcon_Artikel2.jpg?resize=350%2C200","width":350,"height":200,"srcset":"https:\/\/i0.wp.com\/www.rockpixx.com\/wordpress\/wp-content\/uploads\/2014\/07\/20140625-03-071_madcon_Artikel2.jpg?resize=350%2C200 1x, https:\/\/i0.wp.com\/www.rockpixx.com\/wordpress\/wp-content\/uploads\/2014\/07\/20140625-03-071_madcon_Artikel2.jpg?resize=525%2C300 1.5x, https:\/\/i0.wp.com\/www.rockpixx.com\/wordpress\/wp-content\/uploads\/2014\/07\/20140625-03-071_madcon_Artikel2.jpg?resize=700%2C400 2x"},"classes":[]},{"id":7663,"url":"http:\/\/www.rockpixx.com\/wordpress\/the-hooters-17-06-2011-kiel-ndr-buhne\/","url_meta":{"origin":7940,"position":4},"title":"The Hooters, 17.06.2011, Kiel, NDR-B\u00fchne","author":"Anja","date":"17. Juni 2011","format":false,"excerpt":"Und dann \u201eThe Hooters\u201c \u2013 wieder zur\u00fcck an der NDR-B\u00fchne. Es ist bereits das dritte Mal, dass ich diese \u00e4u\u00dferst spielfreudige Band live erlebe. Der letzte Auftritt war vor fast genau 2 Jahren im \u2192\u00a0 Sommer 2009 in M\u00fchldorf am Inn. Der Platz vor der B\u00fchne ist gut voll und\u2026","rel":"","context":"In &quot;Acts&quot;","block_context":{"text":"Acts","link":"http:\/\/www.rockpixx.com\/wordpress\/category\/acts\/"},"img":{"alt_text":"The Hooters, 17.06.2011, Kiel, NDR-B\u00fchne","src":"https:\/\/i0.wp.com\/www.rockpixx.com\/wordpress\/wp-content\/uploads\/2013\/01\/20110617-07-hooters-Artikel.jpg?resize=350%2C200","width":350,"height":200,"srcset":"https:\/\/i0.wp.com\/www.rockpixx.com\/wordpress\/wp-content\/uploads\/2013\/01\/20110617-07-hooters-Artikel.jpg?resize=350%2C200 1x, https:\/\/i0.wp.com\/www.rockpixx.com\/wordpress\/wp-content\/uploads\/2013\/01\/20110617-07-hooters-Artikel.jpg?resize=525%2C300 1.5x, https:\/\/i0.wp.com\/www.rockpixx.com\/wordpress\/wp-content\/uploads\/2013\/01\/20110617-07-hooters-Artikel.jpg?resize=700%2C400 2x"},"classes":[]},{"id":11288,"url":"http:\/\/www.rockpixx.com\/wordpress\/johannes-oerding-29-06-2013-kiel-ndr-buhne\/","url_meta":{"origin":7940,"position":5},"title":"Johannes Oerding, 29.06.2013, Kiel, NDR-B\u00fchne","author":"Anja","date":"30. Juni 2013","format":false,"excerpt":"Jetzt stehe ich hier an der B\u00fchne des NDR und erlebe einen \u00e4hnlichen Konzertabend wie vor zwei Jahren auf der Kieler Woche, wo ich auch zuerst \u2192\u00a0Johannes Oerding und dann \u2192\u00a0Laith Al-Deen vor der Kamera hatte. Mir pers\u00f6nlich hat die Spielfreude der Musiker, die Power mit der Johannes Oerding seine\u2026","rel":"","context":"In &quot;Acts&quot;","block_context":{"text":"Acts","link":"http:\/\/www.rockpixx.com\/wordpress\/category\/acts\/"},"img":{"alt_text":"Johannes Oerding","src":"https:\/\/i0.wp.com\/www.rockpixx.com\/wordpress\/wp-content\/uploads\/2013\/06\/20130629-03-053_johannes-oerding-Artikel.jpg?resize=350%2C200","width":350,"height":200,"srcset":"https:\/\/i0.wp.com\/www.rockpixx.com\/wordpress\/wp-content\/uploads\/2013\/06\/20130629-03-053_johannes-oerding-Artikel.jpg?resize=350%2C200 1x, https:\/\/i0.wp.com\/www.rockpixx.com\/wordpress\/wp-content\/uploads\/2013\/06\/20130629-03-053_johannes-oerding-Artikel.jpg?resize=525%2C300 1.5x, https:\/\/i0.wp.com\/www.rockpixx.com\/wordpress\/wp-content\/uploads\/2013\/06\/20130629-03-053_johannes-oerding-Artikel.jpg?resize=700%2C400 2x"},"classes":[]}],"jetpack_sharing_enabled":true,"publishpress_future_action":{"enabled":false,"date":"2026-05-08 07:58:42","action":"change-status","newStatus":"draft","terms":[],"taxonomy":"category","extraData":[]},"publishpress_future_workflow_manual_trigger":{"enabledWorkflows":[]},"_links":{"self":[{"href":"http:\/\/www.rockpixx.com\/wordpress\/wp-json\/wp\/v2\/posts\/7940","targetHints":{"allow":["GET"]}}],"collection":[{"href":"http:\/\/www.rockpixx.com\/wordpress\/wp-json\/wp\/v2\/posts"}],"about":[{"href":"http:\/\/www.rockpixx.com\/wordpress\/wp-json\/wp\/v2\/types\/post"}],"author":[{"embeddable":true,"href":"http:\/\/www.rockpixx.com\/wordpress\/wp-json\/wp\/v2\/users\/2"}],"replies":[{"embeddable":true,"href":"http:\/\/www.rockpixx.com\/wordpress\/wp-json\/wp\/v2\/comments?post=7940"}],"version-history":[{"count":0,"href":"http:\/\/www.rockpixx.com\/wordpress\/wp-json\/wp\/v2\/posts\/7940\/revisions"}],"wp:featuredmedia":[{"embeddable":true,"href":"http:\/\/www.rockpixx.com\/wordpress\/wp-json\/wp\/v2\/media\/7942"}],"wp:attachment":[{"href":"http:\/\/www.rockpixx.com\/wordpress\/wp-json\/wp\/v2\/media?parent=7940"}],"wp:term":[{"taxonomy":"category","embeddable":true,"href":"http:\/\/www.rockpixx.com\/wordpress\/wp-json\/wp\/v2\/categories?post=7940"},{"taxonomy":"post_tag","embeddable":true,"href":"http:\/\/www.rockpixx.com\/wordpress\/wp-json\/wp\/v2\/tags?post=7940"}],"curies":[{"name":"wp","href":"https:\/\/api.w.org\/{rel}","templated":true}]}}