{"id":7946,"date":"2011-06-23T03:00:19","date_gmt":"2011-06-23T01:00:19","guid":{"rendered":"http:\/\/rockpixx.com\/wordpress\/?p=7946"},"modified":"2013-02-02T00:31:14","modified_gmt":"2013-02-01T22:31:14","slug":"hit-radio-show-23-06-2011-kiel-lubzer-park-buhne","status":"publish","type":"post","link":"http:\/\/www.rockpixx.com\/wordpress\/hit-radio-show-23-06-2011-kiel-lubzer-park-buhne\/","title":{"rendered":"Hit Radio Show, 23.06.2011, Kiel, L\u00fcbzer-Park-B\u00fchne"},"content":{"rendered":"<p>Eigentlich hatte ich heute genug vom Fotografieren, aber wenn man nach einem Konzert auf der Rathausb\u00fchne dann \u00fcber den Asmus-Bremer-Platz heiml\u00e4uft, kommt man zwangsl\u00e4ufig nicht um die L\u00fcbzer-Park-B\u00fchne herum. Dieses Mal wollte ich eigentlich nur schnell in unser Kieler-Woche-Wohnzimmer zur\u00fcck und hatte schon die Kameras wieder verstaut, als ich Tina h\u00f6rte. Wow die Stimme h\u00f6rt sich ja Klasse an\u2026 also Kameras wieder ausgepackt und rein ins Gew\u00fchl.<!--more--><\/p>\n<p>Die B\u00fchnenshow war einfach Klasse gemacht. Ein Moderator im Dieter-Thomas-Kuhn-Anzug f\u00fchrte mit intelligentem Wortwitz durchs Programm. Was mich besonders positiv \u00fcberraschte war, dass keiner der dargestellten Musiker\u2026 sei es die Rockoma Tina Turner, Eddie Grant mit \u201eHope Joanna\u201c oder der Gitarrist als Slash\u2026 ins L\u00e4cherliche gezogen wurde. Eigentlich machte das Programm von \u201eHit Radio Show\u201c den Eindruck einer \u201eTribute to\u2026\u201c \u2013 Show.<\/p>\n<p>Und nun die obligatorischen Kieler Woche Worte \u201eGerne w\u00e4re ich l\u00e4nger geblieben, aber\u2026\u201c \ud83d\ude09<\/p>\n<p style=\"text-align: right;\">Fotos: <a href=\"mailto:info@rockpixx.com?subject=Fotos%20von%20Hit%20Radio%20Show,%20Kiel%20%E2%80%9EL%C3%BCbzer-Park-B%C3%BChne%E2%80%9C,%2023.06.2011\">Alex<\/a>, <a href=\"mailto:a.roselt@rockpixx.com?subject=Fotos%20von%20Hit%20Radio%20Show,%20Kiel%20%E2%80%9EL%C3%BCbzer-Park-B%C3%BChne%E2%80%9C,%2023.06.2011\">Anja<\/a> | Text: <a href=\"mailto:a.roselt@rockpixx.com?subject=Reviewtext%20von%20Hit%20Radio%20Show,%20Kiel%20%E2%80%9EL%C3%BCbzer-Park-B%C3%BChne%E2%80%9C,%2023.06.2011\">Anja<\/a><\/p>\n<p>&nbsp;<\/p>\n<p>[slideshow id=57]<\/p>\n","protected":false},"excerpt":{"rendered":"<p>Eigentlich hatte ich heute genug vom Fotografieren, aber wenn man nach einem Konzert auf der <a href=\"http:\/\/www.rockpixx.com\/wordpress\/hit-radio-show-23-06-2011-kiel-lubzer-park-buhne\/\">Read more<\/a><\/p>\n","protected":false},"author":2,"featured_media":7963,"comment_status":"open","ping_status":"open","sticky":false,"template":"","format":"standard","meta":{"_jetpack_memberships_contains_paid_content":false,"footnotes":"","jetpack_publicize_message":"","jetpack_publicize_feature_enabled":true,"jetpack_social_post_already_shared":false,"jetpack_social_options":{"image_generator_settings":{"template":"highway","default_image_id":0,"font":"","enabled":false},"version":2}},"categories":[34,570],"tags":[1733,814,133,1735,138,813],"class_list":["post-7946","post","type-post","status-publish","format-standard","has-post-thumbnail","hentry","category-acts","category-hit-radio-show","tag-1733","tag-asmus-bremer-platz","tag-festivals","tag-kiel","tag-kieler-woche","tag-lubzer-park-buhne"],"aioseo_notices":[],"jetpack_publicize_connections":[],"jetpack_featured_media_url":"http:\/\/www.rockpixx.com\/wordpress\/wp-content\/uploads\/2013\/02\/20110623-03-hit-radio-show-Artikel.jpg","jetpack-related-posts":[{"id":6617,"url":"http:\/\/www.rockpixx.com\/wordpress\/united-4-21-06-2010-kiel-lubzer-park-buhne\/","url_meta":{"origin":7946,"position":0},"title":"United 4, 21.06.2010, Kiel, L\u00fcbzer-Park-B\u00fchne","author":"Anja","date":"21. Juni 2010","format":false,"excerpt":"Und da war sie dann wieder: Deutschlands wohl mittlerweile bekannteste Partyband (und vermutlich auch eine der schrillsten ihrer Art): \u201eUnited Four\u201c. Wer kann schon von sich behaupten, einen gepiercten Rindersch\u00e4del als Bandlogo zu haben und wer sonst noch tritt im \u201eKuhflecken-Outfit\u201c auf? Auch in diesem Jahr also wieder an derselben\u2026","rel":"","context":"In &quot;Acts&quot;","block_context":{"text":"Acts","link":"http:\/\/www.rockpixx.com\/wordpress\/category\/acts\/"},"img":{"alt_text":"United 4, 21.06.2010, Kiel, L\u00fcbzer-Park-B\u00fchne","src":"https:\/\/i0.wp.com\/www.rockpixx.com\/wordpress\/wp-content\/uploads\/2013\/01\/20100621-05-united4-Artikel.jpg?resize=350%2C200","width":350,"height":200,"srcset":"https:\/\/i0.wp.com\/www.rockpixx.com\/wordpress\/wp-content\/uploads\/2013\/01\/20100621-05-united4-Artikel.jpg?resize=350%2C200 1x, https:\/\/i0.wp.com\/www.rockpixx.com\/wordpress\/wp-content\/uploads\/2013\/01\/20100621-05-united4-Artikel.jpg?resize=525%2C300 1.5x, https:\/\/i0.wp.com\/www.rockpixx.com\/wordpress\/wp-content\/uploads\/2013\/01\/20100621-05-united4-Artikel.jpg?resize=700%2C400 2x"},"classes":[]},{"id":6703,"url":"http:\/\/www.rockpixx.com\/wordpress\/boerney-and-the-tritops-22-06-2010-kiel-lubzer-park-buhne\/","url_meta":{"origin":7946,"position":1},"title":"Boerney &#038; die TriTops, 22.06.2010, Kiel, L\u00fcbzer-Park-B\u00fchne","author":"Anja","date":"22. Juni 2010","format":false,"excerpt":"Die Streichung (galt nur f\u00fcr Fotografen) des Selig-Konzertes gab mir die Zeit, eine tolle Partyband, die wir auch \u2192\u00a0schon 2008 auf der Kieler Woche vor der Linse hatten, abzulichten. \u201eBoerney und die TriTops\u201c heizten den Zuschauern vor der L\u00fcbzer Park-B\u00fchne auch gleich kr\u00e4ftig ein. Bei Songs von BoneyM und vielen\u2026","rel":"","context":"In &quot;Acts&quot;","block_context":{"text":"Acts","link":"http:\/\/www.rockpixx.com\/wordpress\/category\/acts\/"},"img":{"alt_text":"Boerney and The TriTops, 22.06.2010, Kiel, L\u00fcbzer-Park-B\u00fchne","src":"https:\/\/i0.wp.com\/www.rockpixx.com\/wordpress\/wp-content\/uploads\/2013\/01\/20100622-02-boerney-tritops-Artikel.jpg?resize=350%2C200","width":350,"height":200,"srcset":"https:\/\/i0.wp.com\/www.rockpixx.com\/wordpress\/wp-content\/uploads\/2013\/01\/20100622-02-boerney-tritops-Artikel.jpg?resize=350%2C200 1x, https:\/\/i0.wp.com\/www.rockpixx.com\/wordpress\/wp-content\/uploads\/2013\/01\/20100622-02-boerney-tritops-Artikel.jpg?resize=525%2C300 1.5x, https:\/\/i0.wp.com\/www.rockpixx.com\/wordpress\/wp-content\/uploads\/2013\/01\/20100622-02-boerney-tritops-Artikel.jpg?resize=700%2C400 2x"},"classes":[]},{"id":11041,"url":"http:\/\/www.rockpixx.com\/wordpress\/top-union-21-06-2013-kiel-holsten-park-buhne\/","url_meta":{"origin":7946,"position":2},"title":"Top Union, 21.06.2013, Kiel, Holsten-Park-B\u00fchne","author":"Anja","date":"22. Juni 2013","format":false,"excerpt":"Die Holsten-Park-B\u00fchne am Asmus-Bremer-Platz geh\u00f6rte am Soundcheck-Abend \u201eTop-Union\u201c. Von einer Partyband erwartet man eigentlich stimmungsvolle Party-Mucke. Und so verbl\u00fcffte mich das Intro vom \u201ePhantom der Oper\u201c. Der Gesang, gepaart mit ausdrucksstarken Gesten, brachte puren Spa\u00df. Die Musiker und das Publikum hatten Freude an der Darbietung. Dieses Spiel mit dem Publikum\u2026","rel":"","context":"In &quot;Acts&quot;","block_context":{"text":"Acts","link":"http:\/\/www.rockpixx.com\/wordpress\/category\/acts\/"},"img":{"alt_text":"","src":"https:\/\/i0.wp.com\/www.rockpixx.com\/wordpress\/wp-content\/uploads\/2013\/06\/20130621-07-022_top-union-Artikel.jpg?resize=350%2C200","width":350,"height":200,"srcset":"https:\/\/i0.wp.com\/www.rockpixx.com\/wordpress\/wp-content\/uploads\/2013\/06\/20130621-07-022_top-union-Artikel.jpg?resize=350%2C200 1x, https:\/\/i0.wp.com\/www.rockpixx.com\/wordpress\/wp-content\/uploads\/2013\/06\/20130621-07-022_top-union-Artikel.jpg?resize=525%2C300 1.5x, https:\/\/i0.wp.com\/www.rockpixx.com\/wordpress\/wp-content\/uploads\/2013\/06\/20130621-07-022_top-union-Artikel.jpg?resize=700%2C400 2x"},"classes":[]},{"id":5527,"url":"http:\/\/www.rockpixx.com\/wordpress\/united-4-26-06-2009-kiel-holsten-park-buhne\/","url_meta":{"origin":7946,"position":3},"title":"United 4, 26.06.2009, Kiel, Holsten-Park-B\u00fchne","author":"Anja","date":"26. Juni 2009","format":false,"excerpt":"Eigentlich war ich nach einer kurzen Essenspause erneut auf dem Weg zur \u201eHSH Nordbank-B\u00fchne\u201c, um \u201eVoodoo Lounge\u201c abzulichten, da blieben Augen und Ohren an der B\u00fchne im \u201eHolstenpark\u201c h\u00e4ngen. Dort spielten \u201eUnited 4\u201c und ich mogelte mich durch die Absperrung in den Graben, um ein paar Bilder zu machen. Die\u2026","rel":"","context":"In &quot;Acts&quot;","block_context":{"text":"Acts","link":"http:\/\/www.rockpixx.com\/wordpress\/category\/acts\/"},"img":{"alt_text":"United 4, 26.06.2009, Kiel, Holsten-Park-B\u00fchne","src":"https:\/\/i0.wp.com\/www.rockpixx.com\/wordpress\/wp-content\/uploads\/2013\/01\/20090626-04-united-4-Artikel.jpg?resize=350%2C200","width":350,"height":200,"srcset":"https:\/\/i0.wp.com\/www.rockpixx.com\/wordpress\/wp-content\/uploads\/2013\/01\/20090626-04-united-4-Artikel.jpg?resize=350%2C200 1x, https:\/\/i0.wp.com\/www.rockpixx.com\/wordpress\/wp-content\/uploads\/2013\/01\/20090626-04-united-4-Artikel.jpg?resize=525%2C300 1.5x, https:\/\/i0.wp.com\/www.rockpixx.com\/wordpress\/wp-content\/uploads\/2013\/01\/20090626-04-united-4-Artikel.jpg?resize=700%2C400 2x"},"classes":[]},{"id":4842,"url":"http:\/\/www.rockpixx.com\/wordpress\/coverline-19-06-2009-kiel-holsten-park-buhne\/","url_meta":{"origin":7946,"position":4},"title":"CoverLine, 19.06.2009, Kiel, Holsten-Park-B\u00fchne","author":"Anja","date":"19. Juni 2009","format":false,"excerpt":"Das diesj\u00e4hrige Kieler Woche-Programm ist so dichtgedr\u00e4ngt und auf so vielen B\u00fchnen pr\u00e4sent, wie es 2008 noch nicht der Fall gewesen ist. Von daher konnten die beiden Fotografen von rockpixx.com die B\u00fchne im Holstenpark auch nur im \u201eVorbeihetzen\u201c auf dem Weg zu anderen Acts kurz streifen. Zum Gl\u00fcck spielte \u2192\u00a0\u201eCoverLine\u201c\u2026","rel":"","context":"In &quot;Acts&quot;","block_context":{"text":"Acts","link":"http:\/\/www.rockpixx.com\/wordpress\/category\/acts\/"},"img":{"alt_text":"CoverLine, 19.06.2009, Kiel, Holsten-Park-B\u00fchne","src":"https:\/\/i0.wp.com\/www.rockpixx.com\/wordpress\/wp-content\/uploads\/2013\/01\/20090619-07-coverline-Artikel.jpg?resize=350%2C200","width":350,"height":200,"srcset":"https:\/\/i0.wp.com\/www.rockpixx.com\/wordpress\/wp-content\/uploads\/2013\/01\/20090619-07-coverline-Artikel.jpg?resize=350%2C200 1x, https:\/\/i0.wp.com\/www.rockpixx.com\/wordpress\/wp-content\/uploads\/2013\/01\/20090619-07-coverline-Artikel.jpg?resize=525%2C300 1.5x, https:\/\/i0.wp.com\/www.rockpixx.com\/wordpress\/wp-content\/uploads\/2013\/01\/20090619-07-coverline-Artikel.jpg?resize=700%2C400 2x"},"classes":[]},{"id":5683,"url":"http:\/\/www.rockpixx.com\/wordpress\/pop-shop-boys-28-06-2009-kiel-holsten-park-buhne\/","url_meta":{"origin":7946,"position":5},"title":"Pop Shop Boys, 28.06.2009, Kiel, Holsten-Park-B\u00fchne","author":"Anja","date":"28. Juni 2009","format":false,"excerpt":"Da laufen Fotografin und Fotograf von rockpixx.com am letzten Tag der Kieler Woche unerkannt durch Kiel in Zivilkleidung, um einfach einmal als Touristen auch \u201edabei zu sein\u201c. Keine Kameraausr\u00fcstung dabei, einfach nur zum Abschlu\u00df einmal eine gem\u00fctliche Tour durch die kulinarischen K\u00f6stlichkeiten und nachts dann das Feuerwerk gucken \u2013 dachten\u2026","rel":"","context":"In &quot;Acts&quot;","block_context":{"text":"Acts","link":"http:\/\/www.rockpixx.com\/wordpress\/category\/acts\/"},"img":{"alt_text":"Pop Shop Boys, 28.06.2009, Kiel, Holsten-Park-B\u00fchne","src":"https:\/\/i0.wp.com\/www.rockpixx.com\/wordpress\/wp-content\/uploads\/2013\/01\/20090628-pop-shop-boys-Artikel.jpg?resize=350%2C200","width":350,"height":200,"srcset":"https:\/\/i0.wp.com\/www.rockpixx.com\/wordpress\/wp-content\/uploads\/2013\/01\/20090628-pop-shop-boys-Artikel.jpg?resize=350%2C200 1x, https:\/\/i0.wp.com\/www.rockpixx.com\/wordpress\/wp-content\/uploads\/2013\/01\/20090628-pop-shop-boys-Artikel.jpg?resize=525%2C300 1.5x, https:\/\/i0.wp.com\/www.rockpixx.com\/wordpress\/wp-content\/uploads\/2013\/01\/20090628-pop-shop-boys-Artikel.jpg?resize=700%2C400 2x"},"classes":[]}],"jetpack_sharing_enabled":true,"publishpress_future_action":{"enabled":false,"date":"2026-05-08 06:42:08","action":"change-status","newStatus":"draft","terms":[],"taxonomy":"category","extraData":[]},"publishpress_future_workflow_manual_trigger":{"enabledWorkflows":[]},"_links":{"self":[{"href":"http:\/\/www.rockpixx.com\/wordpress\/wp-json\/wp\/v2\/posts\/7946","targetHints":{"allow":["GET"]}}],"collection":[{"href":"http:\/\/www.rockpixx.com\/wordpress\/wp-json\/wp\/v2\/posts"}],"about":[{"href":"http:\/\/www.rockpixx.com\/wordpress\/wp-json\/wp\/v2\/types\/post"}],"author":[{"embeddable":true,"href":"http:\/\/www.rockpixx.com\/wordpress\/wp-json\/wp\/v2\/users\/2"}],"replies":[{"embeddable":true,"href":"http:\/\/www.rockpixx.com\/wordpress\/wp-json\/wp\/v2\/comments?post=7946"}],"version-history":[{"count":0,"href":"http:\/\/www.rockpixx.com\/wordpress\/wp-json\/wp\/v2\/posts\/7946\/revisions"}],"wp:featuredmedia":[{"embeddable":true,"href":"http:\/\/www.rockpixx.com\/wordpress\/wp-json\/wp\/v2\/media\/7963"}],"wp:attachment":[{"href":"http:\/\/www.rockpixx.com\/wordpress\/wp-json\/wp\/v2\/media?parent=7946"}],"wp:term":[{"taxonomy":"category","embeddable":true,"href":"http:\/\/www.rockpixx.com\/wordpress\/wp-json\/wp\/v2\/categories?post=7946"},{"taxonomy":"post_tag","embeddable":true,"href":"http:\/\/www.rockpixx.com\/wordpress\/wp-json\/wp\/v2\/tags?post=7946"}],"curies":[{"name":"wp","href":"https:\/\/api.w.org\/{rel}","templated":true}]}}