{"id":7993,"date":"2011-06-23T07:00:46","date_gmt":"2011-06-23T05:00:46","guid":{"rendered":"http:\/\/rockpixx.com\/wordpress\/?p=7993"},"modified":"2013-02-02T01:09:13","modified_gmt":"2013-02-01T23:09:13","slug":"speak-to-me-23-06-2011-kiel-maxbuhne","status":"publish","type":"post","link":"http:\/\/www.rockpixx.com\/wordpress\/speak-to-me-23-06-2011-kiel-maxbuhne\/","title":{"rendered":"speak to me, 23.06.2011, Kiel, MAXB\u00fchne"},"content":{"rendered":"<p>So\u2026 also wieder einmal eine Pink Floyd-Tributeband, dieses Mal sechs local heroes von \u201espeak to me\u201c. Zugegeben, nach den Acts von \u2192\u00a0 <a title=\"The Australian Pink Floyd Show, 16.02.2011, Kempten, BigBOX\" href=\"http:\/\/rockpixx.com\/wordpress\/?p=7569\" target=\"_blank\">\u201eThe Australian Pink Floyd Show in Kempten\u201c<\/a> vom Februar dieses Jahres und vor allem nach \u2192\u00a0 <a title=\"Brit Floyd, 20.04.2011, London (GB), Royal Albert Hall\" href=\"http:\/\/rockpixx.com\/wordpress\/?p=7598\" target=\"_blank\">\u201eBrit Floyd\u201c<\/a> im April in der Londoner Royal Albert Hall bin ich ein wenig verw\u00f6hnt. Aber auch \u2192\u00a0 <a title=\"Echoes, 26.06.2008, Kiel, MAXB\u00fchne\" href=\"http:\/\/rockpixx.com\/wordpress\/?p=2565\" target=\"_blank\">\u201eEchoes\u201c<\/a> habe ich schon an der MAXB\u00fchne erlebt und war durchaus angetan. Auf einer Skala, die von \u201evon\u201c bis \u201ebis\u201c reicht, w\u00fcrde ich die Performance von \u201espeak to me\u201c im mittleren Bereich einordnen und gesondert die Performance des Lichtmenschen der Band weit jenseits von \u201evon\u201c einsortieren: So eine Pleite habe ich zur Musik von Pink Floyd bislang selten erlebt.<!--more--> Zum Gl\u00fcck hat die (vom Veranstalter gesondert und extra gebuchte) Lasershow vieles wieder herausgerissen. Da konnte sich der Lichtmensch anstrengen wie er wollte, er hat es gl\u00fccklicherweise nur ein paar Mal geschafft, mit \u00fcberm\u00e4\u00dfigem Einsatz von wei\u00dfem Licht plus Audience-Blindern die Laser zu \u201eerschlagen\u201c. (Daf\u00fcr hat er den Gitarristen beim Solo von <em>\u201eComfortably Numb\u201c<\/em> allerdings auch komplett und gnadenlos im Dunkeln stehen lassen.)<\/p>\n<p>Wenn Ihr Euch also die Show anseht, so erwartet ein kontraproduktives Licht, welches Eure Laune mit Sicherheit nach unten bringen wird. Die hier gezeigten Bilder sind noch die wenigen guten, die \u00fcbrig geblieben sind \u2013 und wir haben in der Vergangenheit schon oft genug bewiesen, dass wir auch bei suboptimalem Licht noch brauchbare Bilder machen k\u00f6nnen.<\/p>\n<p>Den ganz \u00fcblen Textpatzer bei <em>\u201eTime\u201c<\/em> schiebe ich \u00fcbrigens auch dem schlechten Licht in die Schuhe \u2013 schlie\u00dflich hatte der S\u00e4nger alle Texte direkt vor sich in der Mappe auf dem Notenst\u00e4nder \u2013 es war vermutlich nur zu dunkel, um diese vern\u00fcnftig ablesen und nachsingen zu k\u00f6nnen. Insgesamt konnte mich streckenweise der Sound auch nicht wirklich \u00fcberzeugen: Einige Songs klangen etwas \u201eeigenwillig\u201c, der Leadgesang war mitunter von der Betonung und Artikulation ebenso gew\u00f6hnungsbed\u00fcrftig. (Und nach meiner pers\u00f6nlichen Meinung ist ein ausschlie\u00dflich elektronisches Drumset bei Pink Floyd nicht wirklich angebracht.)<\/p>\n<p>Nachtrag: Wenn ich mir das Review nun nach ein paar Stunden erneut durchlese und es dabei noch ein wenig entsch\u00e4rft habe, dann bleibt schlussendlich immer noch festzustellen, dass das hier wohl ein Verriss geworden ist.<\/p>\n<p style=\"text-align: right;\">Fotos: <a href=\"mailto:info@rockpixx.com?subject=Fotos%20von%20speak%20to%20me,%20Kiel%20%E2%80%9EMAXB%C3%BChne%E2%80%9C,%2023.06.2011\">Alex<\/a> | Text: <a href=\"mailto:info@rockpixx.com?subject=Reviewtext%20von%20speak%20to%20me,%20Kiel%20%E2%80%9EMAXB%C3%BChne%E2%80%9C,%2023.06.2011\">Alex<\/a><\/p>\n<p>&nbsp;<\/p>\n<p>[slideshow id=61]<\/p>\n","protected":false},"excerpt":{"rendered":"<p>So\u2026 also wieder einmal eine Pink Floyd-Tributeband, dieses Mal sechs local heroes von \u201espeak to <a href=\"http:\/\/www.rockpixx.com\/wordpress\/speak-to-me-23-06-2011-kiel-maxbuhne\/\">Read more<\/a><\/p>\n","protected":false},"author":2,"featured_media":7996,"comment_status":"open","ping_status":"open","sticky":false,"template":"","format":"standard","meta":{"_jetpack_memberships_contains_paid_content":false,"footnotes":"","jetpack_publicize_message":"","jetpack_publicize_feature_enabled":true,"jetpack_social_post_already_shared":false,"jetpack_social_options":{"image_generator_settings":{"template":"highway","default_image_id":0,"font":"","enabled":false},"version":2}},"categories":[34,117,573,5],"tags":[1733,133,1735,138,1743,1732,1934],"class_list":["post-7993","post","type-post","status-publish","format-standard","has-post-thumbnail","hentry","category-acts","category-pink-floyd","category-speak-to-me","category-tributebands","tag-1733","tag-festivals","tag-kiel","tag-kieler-woche","tag-maxbuhne","tag-pink-floyd","tag-speak-to-me"],"aioseo_notices":[],"jetpack_publicize_connections":[],"jetpack_featured_media_url":"http:\/\/www.rockpixx.com\/wordpress\/wp-content\/uploads\/2013\/02\/20110623-07-speak-to-me-Artikel.jpg","jetpack-related-posts":[{"id":2565,"url":"http:\/\/www.rockpixx.com\/wordpress\/echoes-26-06-2008-kiel-maxbuhne\/","url_meta":{"origin":7993,"position":0},"title":"Echoes, 26.06.2008, Kiel, MAXB\u00fchne","author":"Anja","date":"26. Juni 2008","format":false,"excerpt":"Die Sonne versinkt, Kiel erlebt seine \u201eblaue Stunde\u201c und die ersten sph\u00e4rischen Kl\u00e4nge von \u201eShine on you crazy Diamond\u201c wabern von der Max-B\u00fchne aus durch die Kieler Innenstadt\u2026 Echoes, die N\u00e4chste: \u2192\u00a0In Friedrichshafen hatte ich sie im Mai 2008 zuletzt vor der Kamera gehabt und war vom Licht und dem\u2026","rel":"","context":"In &quot;Acts&quot;","block_context":{"text":"Acts","link":"http:\/\/www.rockpixx.com\/wordpress\/category\/acts\/"},"img":{"alt_text":"Echoes, 26.06.2008, Kiel, MAXB\u00fchne","src":"https:\/\/i0.wp.com\/www.rockpixx.com\/wordpress\/wp-content\/uploads\/2008\/06\/20080626-01-echoes-Artikel.jpg?resize=350%2C200","width":350,"height":200,"srcset":"https:\/\/i0.wp.com\/www.rockpixx.com\/wordpress\/wp-content\/uploads\/2008\/06\/20080626-01-echoes-Artikel.jpg?resize=350%2C200 1x, https:\/\/i0.wp.com\/www.rockpixx.com\/wordpress\/wp-content\/uploads\/2008\/06\/20080626-01-echoes-Artikel.jpg?resize=525%2C300 1.5x, https:\/\/i0.wp.com\/www.rockpixx.com\/wordpress\/wp-content\/uploads\/2008\/06\/20080626-01-echoes-Artikel.jpg?resize=700%2C400 2x"},"classes":[]},{"id":12691,"url":"http:\/\/www.rockpixx.com\/wordpress\/the-australian-pink-floyd-show-08-04-2014-kiel-ostseehalle\/","url_meta":{"origin":7993,"position":1},"title":"The Australian Pink Floyd Show, 08.04.2014, Kiel, Ostseehalle","author":"admin","date":"9. April 2014","format":false,"excerpt":"So, zum zweiten Mal in diesem Jahr etwas zum Thema \u2192 \u201ePink Floyd\u201c: Nach\u00a0\u2192 \u201eEchoes\u201c in Hamburg spielen \u201eThe Australian Pink Floyd Show\u201c ihr neues Tourprogramm \u201eSet the Controls\u201c in der Kieler Ostseehalle. (Ich wei\u00df, die Halle hei\u00dft seit einiger Zeit \u201eSparkassenarena\u201c, aber so hei\u00dfen viele Veranstaltungstempel in ganz Deutschland.\u2026","rel":"","context":"In &quot;Acts&quot;","block_context":{"text":"Acts","link":"http:\/\/www.rockpixx.com\/wordpress\/category\/acts\/"},"img":{"alt_text":"The Australian Pink Floyd Show, 08.04.2014, Kiel, Sparkassenarena","src":"https:\/\/i0.wp.com\/www.rockpixx.com\/wordpress\/wp-content\/uploads\/2014\/04\/20140408-287_tapfs_Artikel.jpg?resize=350%2C200","width":350,"height":200,"srcset":"https:\/\/i0.wp.com\/www.rockpixx.com\/wordpress\/wp-content\/uploads\/2014\/04\/20140408-287_tapfs_Artikel.jpg?resize=350%2C200 1x, https:\/\/i0.wp.com\/www.rockpixx.com\/wordpress\/wp-content\/uploads\/2014\/04\/20140408-287_tapfs_Artikel.jpg?resize=525%2C300 1.5x, https:\/\/i0.wp.com\/www.rockpixx.com\/wordpress\/wp-content\/uploads\/2014\/04\/20140408-287_tapfs_Artikel.jpg?resize=700%2C400 2x"},"classes":[]},{"id":8320,"url":"http:\/\/www.rockpixx.com\/wordpress\/brit-floyd-29-10-2011-munchen-kleine-olympiahalle\/","url_meta":{"origin":7993,"position":2},"title":"Brit Floyd, 29.10.2011, M\u00fcnchen, Kleine Olympiahalle","author":"Anja","date":"29. Oktober 2011","format":false,"excerpt":"Kaum aus dem Urlaub zur\u00fcck, gibt's schon wieder einen Leckerbissen: Zum zweiten Mal in diesem Jahr habe ich \u201eBrit Floyd\u201c vor den Kameras, dieses Mal allerdings nicht in \u2192\u00a0London's ehrw\u00fcrdiger Royal Albert Hall, sondern in der (neuen) \u201eKleinen Olympiahalle\u201c in M\u00fcnchen. Und das ist sogar f\u00fcr uns noch eine Premiere:\u2026","rel":"","context":"In &quot;Acts&quot;","block_context":{"text":"Acts","link":"http:\/\/www.rockpixx.com\/wordpress\/category\/acts\/"},"img":{"alt_text":"Brit Floyd, 29.10.2011, M\u00fcnchen, Kleine Olympiahalle","src":"https:\/\/i0.wp.com\/www.rockpixx.com\/wordpress\/wp-content\/uploads\/2013\/02\/20111029-brit-floyd-Artikel.jpg?resize=350%2C200","width":350,"height":200,"srcset":"https:\/\/i0.wp.com\/www.rockpixx.com\/wordpress\/wp-content\/uploads\/2013\/02\/20111029-brit-floyd-Artikel.jpg?resize=350%2C200 1x, https:\/\/i0.wp.com\/www.rockpixx.com\/wordpress\/wp-content\/uploads\/2013\/02\/20111029-brit-floyd-Artikel.jpg?resize=525%2C300 1.5x, https:\/\/i0.wp.com\/www.rockpixx.com\/wordpress\/wp-content\/uploads\/2013\/02\/20111029-brit-floyd-Artikel.jpg?resize=700%2C400 2x"},"classes":[]},{"id":2854,"url":"http:\/\/www.rockpixx.com\/wordpress\/echoes-21-11-2008-fulda-alte-piesel\/","url_meta":{"origin":7993,"position":3},"title":"Echoes, 21.11.2008, Fulda, Alte Piesel","author":"Anja","date":"21. November 2008","format":false,"excerpt":"Echoes zum Dritten: Nach \u2192\u00a0Friedrichshafen und \u2192\u00a0Kiel jetzt also in Fulda. F\u00fcr mich das erste Mal, dass ich seit dem Tod von Pink Floyds Keyboarder Richard Wright im September wieder die Musik von Pink Floyd h\u00f6re. Der Sound kam gut, die Setlist hat mir sehr zugesagt \u2013 vor allem Part\u2026","rel":"","context":"In &quot;Acts&quot;","block_context":{"text":"Acts","link":"http:\/\/www.rockpixx.com\/wordpress\/category\/acts\/"},"img":{"alt_text":"Echoes, 21.11.2008, Fulda, Alte Piesel","src":"https:\/\/i0.wp.com\/www.rockpixx.com\/wordpress\/wp-content\/uploads\/2008\/11\/20081121-echoes-Artikel.jpg?resize=350%2C200","width":350,"height":200,"srcset":"https:\/\/i0.wp.com\/www.rockpixx.com\/wordpress\/wp-content\/uploads\/2008\/11\/20081121-echoes-Artikel.jpg?resize=350%2C200 1x, https:\/\/i0.wp.com\/www.rockpixx.com\/wordpress\/wp-content\/uploads\/2008\/11\/20081121-echoes-Artikel.jpg?resize=525%2C300 1.5x, https:\/\/i0.wp.com\/www.rockpixx.com\/wordpress\/wp-content\/uploads\/2008\/11\/20081121-echoes-Artikel.jpg?resize=700%2C400 2x"},"classes":[]},{"id":7598,"url":"http:\/\/www.rockpixx.com\/wordpress\/brit-floyd-20-04-2011-london-gb-royal-albert-hall\/","url_meta":{"origin":7993,"position":4},"title":"Brit Floyd, 20.04.2011, London (GB), Royal Albert Hall","author":"Anja","date":"20. April 2011","format":false,"excerpt":"Ein altehrw\u00fcrdiger Ort, an dem Pink Floyd irgendwann einmal ein lebenslanges Auftrittsverbot kassierten, weil Ihre Pyros einen Teil der Vorh\u00e4nge abfackelten: The Royal Albert Hall im noblen Londoner Stadtteil Kensington. Das war also nun mein Revier, um eine Show von \u201eBrit Floyd \u2013 The British Pink Floyd Show\u201c abzulichten. Nachdem\u2026","rel":"","context":"In &quot;Acts&quot;","block_context":{"text":"Acts","link":"http:\/\/www.rockpixx.com\/wordpress\/category\/acts\/"},"img":{"alt_text":"Brit Floyd, 20.04.2011, London (GB), Royal Albert Hall","src":"https:\/\/i0.wp.com\/www.rockpixx.com\/wordpress\/wp-content\/uploads\/2013\/01\/20110420-brit-floyd-Artikel.jpg?resize=350%2C200","width":350,"height":200,"srcset":"https:\/\/i0.wp.com\/www.rockpixx.com\/wordpress\/wp-content\/uploads\/2013\/01\/20110420-brit-floyd-Artikel.jpg?resize=350%2C200 1x, https:\/\/i0.wp.com\/www.rockpixx.com\/wordpress\/wp-content\/uploads\/2013\/01\/20110420-brit-floyd-Artikel.jpg?resize=525%2C300 1.5x, https:\/\/i0.wp.com\/www.rockpixx.com\/wordpress\/wp-content\/uploads\/2013\/01\/20110420-brit-floyd-Artikel.jpg?resize=700%2C400 2x"},"classes":[]},{"id":2549,"url":"http:\/\/www.rockpixx.com\/wordpress\/merqury-24-06-2008-kiel-maxbuhne\/","url_meta":{"origin":7993,"position":5},"title":"MerQury, 24.06.2008, Kiel, MAXB\u00fchne","author":"Anja","date":"24. Juni 2008","format":false,"excerpt":"Ich hatte diese beeindruckende Queen-Tributeband ja schon einmal vor der Linse \u2013 im \u2192\u00a0November 2007 in Braunschweig. Auch dieses Mal war die Show beeindruckend und endlich habe ich sie auch einmal in (fast) voller L\u00e4nge sehen und h\u00f6ren k\u00f6nnen \u2013 nur den Anfang konnte ich wegen des zeitgleich stattfindenden Auftrittes\u2026","rel":"","context":"In &quot;Acts&quot;","block_context":{"text":"Acts","link":"http:\/\/www.rockpixx.com\/wordpress\/category\/acts\/"},"img":{"alt_text":"MerQury, 24.06.2008, Kiel, MAXB\u00fchne","src":"https:\/\/i0.wp.com\/www.rockpixx.com\/wordpress\/wp-content\/uploads\/2008\/06\/20080624-03-merqury-Artikel.jpg?resize=350%2C200","width":350,"height":200,"srcset":"https:\/\/i0.wp.com\/www.rockpixx.com\/wordpress\/wp-content\/uploads\/2008\/06\/20080624-03-merqury-Artikel.jpg?resize=350%2C200 1x, https:\/\/i0.wp.com\/www.rockpixx.com\/wordpress\/wp-content\/uploads\/2008\/06\/20080624-03-merqury-Artikel.jpg?resize=525%2C300 1.5x, https:\/\/i0.wp.com\/www.rockpixx.com\/wordpress\/wp-content\/uploads\/2008\/06\/20080624-03-merqury-Artikel.jpg?resize=700%2C400 2x"},"classes":[]}],"jetpack_sharing_enabled":true,"publishpress_future_action":{"enabled":false,"date":"2026-05-08 06:42:07","action":"change-status","newStatus":"draft","terms":[],"taxonomy":"category","extraData":[]},"publishpress_future_workflow_manual_trigger":{"enabledWorkflows":[]},"_links":{"self":[{"href":"http:\/\/www.rockpixx.com\/wordpress\/wp-json\/wp\/v2\/posts\/7993","targetHints":{"allow":["GET"]}}],"collection":[{"href":"http:\/\/www.rockpixx.com\/wordpress\/wp-json\/wp\/v2\/posts"}],"about":[{"href":"http:\/\/www.rockpixx.com\/wordpress\/wp-json\/wp\/v2\/types\/post"}],"author":[{"embeddable":true,"href":"http:\/\/www.rockpixx.com\/wordpress\/wp-json\/wp\/v2\/users\/2"}],"replies":[{"embeddable":true,"href":"http:\/\/www.rockpixx.com\/wordpress\/wp-json\/wp\/v2\/comments?post=7993"}],"version-history":[{"count":0,"href":"http:\/\/www.rockpixx.com\/wordpress\/wp-json\/wp\/v2\/posts\/7993\/revisions"}],"wp:featuredmedia":[{"embeddable":true,"href":"http:\/\/www.rockpixx.com\/wordpress\/wp-json\/wp\/v2\/media\/7996"}],"wp:attachment":[{"href":"http:\/\/www.rockpixx.com\/wordpress\/wp-json\/wp\/v2\/media?parent=7993"}],"wp:term":[{"taxonomy":"category","embeddable":true,"href":"http:\/\/www.rockpixx.com\/wordpress\/wp-json\/wp\/v2\/categories?post=7993"},{"taxonomy":"post_tag","embeddable":true,"href":"http:\/\/www.rockpixx.com\/wordpress\/wp-json\/wp\/v2\/tags?post=7993"}],"curies":[{"name":"wp","href":"https:\/\/api.w.org\/{rel}","templated":true}]}}