{"id":8047,"date":"2011-06-24T04:00:58","date_gmt":"2011-06-24T02:00:58","guid":{"rendered":"http:\/\/rockpixx.com\/wordpress\/?p=8047"},"modified":"2013-09-27T20:39:12","modified_gmt":"2013-09-27T19:39:12","slug":"silly-24-06-2011-kiel-ndr-buhne","status":"publish","type":"post","link":"http:\/\/www.rockpixx.com\/wordpress\/silly-24-06-2011-kiel-ndr-buhne\/","title":{"rendered":"Silly, 24.06.2011, Kiel, NDR-B\u00fchne"},"content":{"rendered":"<p>Auf Silly auf der NDR-B\u00fchne war ich gespannt und, als es dann losging, hocherfreut. In Anna Loos haben die Jungs um Ritchie Barton, Uwe Hassbecker und J\u00e4cki Reznicek von Silly eine w\u00fcrdige Nachfolgerin von Tamara Danz gefunden. <!--more-->Mit neuen Liedern und einer Spielfreude rissen sie das Publikum mit. Was mich als Fotografin freute, war das \u201ein Pose werfen\u201c der Musiker&#8230; so kann man unser Motto &#8222;see the music&#8220; auf den Bildern wiedererkennen.<\/p>\n<p>Hier w\u00e4re ich gerne noch l\u00e4nger geblieben, aber der Job rief.<\/p>\n<p style=\"text-align: right;\">Fotos:\u00a0<a href=\"mailto:a.roselt@rockpixx.com?subject=Fotos%20von%20Silly,%20Kiel%20%E2%80%9ENDR-B%C3%BChne%E2%80%9C,%2024.06.2011\">Anja<\/a>\u00a0| Text:\u00a0<a href=\"mailto:a.roselt@rockpixx.com?subject=Reviewtext%20von%20Silly,%20Kiel%20%E2%80%9ENDR-B%C3%BChne%E2%80%9C,%2024.06.2011\">Anja<\/a><\/p>\n<p>&nbsp;<\/p>\n<p>[slideshow id=65]<\/p>\n","protected":false},"excerpt":{"rendered":"<p>Auf Silly auf der NDR-B\u00fchne war ich gespannt und, als es dann losging, hocherfreut. In <a href=\"http:\/\/www.rockpixx.com\/wordpress\/silly-24-06-2011-kiel-ndr-buhne\/\">Read more<\/a><\/p>\n","protected":false},"author":2,"featured_media":8056,"comment_status":"open","ping_status":"open","sticky":false,"template":"","format":"standard","meta":{"_jetpack_memberships_contains_paid_content":false,"footnotes":"","jetpack_publicize_message":"","jetpack_publicize_feature_enabled":true,"jetpack_social_post_already_shared":false,"jetpack_social_options":{"image_generator_settings":{"template":"highway","default_image_id":0,"font":"","enabled":false},"version":2}},"categories":[34,577],"tags":[1733,1285,1735,138,1775,1937],"class_list":["post-8047","post","type-post","status-publish","format-standard","has-post-thumbnail","hentry","category-acts","category-silly","tag-1733","tag-bundesvision-song-contest","tag-kiel","tag-kieler-woche","tag-ndr-buhne","tag-silly"],"aioseo_notices":[],"jetpack_publicize_connections":[],"jetpack_featured_media_url":"http:\/\/www.rockpixx.com\/wordpress\/wp-content\/uploads\/2013\/02\/20110624-04-silly-Artikel.jpg","jetpack-related-posts":[{"id":14873,"url":"http:\/\/www.rockpixx.com\/wordpress\/madcon-25-06-2014-kiel-ndr-buehne\/","url_meta":{"origin":8047,"position":0},"title":"Madcon, 25.06.2014, Kiel, NDR-B\u00fchne","author":"Anja","date":"26. Juni 2014","format":false,"excerpt":"Als ich das \u2192 letzte Mal \u201eMadcon\u201c vor der Kamera hatte war die NDR-B\u00fchne noch am alten Olympiahafen und es hatte gesch\u00fcttet wie aus K\u00fcbeln, sprich es waren schon Fische drinnen. Damals ist \u201eMadcon\u201c super gut gelaunt und mit Regenschirmen aufgetreten, diese konnten sie heute in der Garderobe lassen, denn\u2026","rel":"","context":"In &quot;Acts&quot;","block_context":{"text":"Acts","link":"http:\/\/www.rockpixx.com\/wordpress\/category\/acts\/"},"img":{"alt_text":"Madcon, 25.06.2014, Kiel, NDR-B\u00fchne","src":"https:\/\/i0.wp.com\/www.rockpixx.com\/wordpress\/wp-content\/uploads\/2014\/07\/20140625-03-071_madcon_Artikel2.jpg?resize=350%2C200","width":350,"height":200,"srcset":"https:\/\/i0.wp.com\/www.rockpixx.com\/wordpress\/wp-content\/uploads\/2014\/07\/20140625-03-071_madcon_Artikel2.jpg?resize=350%2C200 1x, https:\/\/i0.wp.com\/www.rockpixx.com\/wordpress\/wp-content\/uploads\/2014\/07\/20140625-03-071_madcon_Artikel2.jpg?resize=525%2C300 1.5x, https:\/\/i0.wp.com\/www.rockpixx.com\/wordpress\/wp-content\/uploads\/2014\/07\/20140625-03-071_madcon_Artikel2.jpg?resize=700%2C400 2x"},"classes":[]},{"id":7743,"url":"http:\/\/www.rockpixx.com\/wordpress\/johannes-oerding-19-06-2011-kiel-ndr-buhne\/","url_meta":{"origin":8047,"position":1},"title":"Johannes Oerding, 19.06.2011, Kiel, NDR-B\u00fchne","author":"Anja","date":"19. Juni 2011","format":false,"excerpt":"Vor der NDR B\u00fchne steht schon eine gro\u00dfe Traube weiblichen Publikums, welche auf Johannes Oerding wartet. Leider war nicht der ganze Platz voll, was aber nicht an Johannes Oerding lag, sondern an dem \u201ePl\u00f6dder\u201c-Regen der uns hier oben an der K\u00fcste den Sonntagnachmittag versaute. Ich hatte auch schon nach der\u2026","rel":"","context":"In &quot;Acts&quot;","block_context":{"text":"Acts","link":"http:\/\/www.rockpixx.com\/wordpress\/category\/acts\/"},"img":{"alt_text":"Johannes Oerding, 19.06.2011, Kiel, NDR-B\u00fchne","src":"https:\/\/i0.wp.com\/www.rockpixx.com\/wordpress\/wp-content\/uploads\/2013\/01\/20110619-04-johannes-oerding-Artikel.jpg?resize=350%2C200","width":350,"height":200,"srcset":"https:\/\/i0.wp.com\/www.rockpixx.com\/wordpress\/wp-content\/uploads\/2013\/01\/20110619-04-johannes-oerding-Artikel.jpg?resize=350%2C200 1x, https:\/\/i0.wp.com\/www.rockpixx.com\/wordpress\/wp-content\/uploads\/2013\/01\/20110619-04-johannes-oerding-Artikel.jpg?resize=525%2C300 1.5x, https:\/\/i0.wp.com\/www.rockpixx.com\/wordpress\/wp-content\/uploads\/2013\/01\/20110619-04-johannes-oerding-Artikel.jpg?resize=700%2C400 2x"},"classes":[]},{"id":8510,"url":"http:\/\/www.rockpixx.com\/wordpress\/kim-wilde-18-06-2012-kiel-ndr-buhne\/","url_meta":{"origin":8047,"position":2},"title":"Kim Wilde, 18.06.2012, Kiel, NDR-B\u00fchne","author":"Anja","date":"18. Juni 2012","format":false,"excerpt":"Kim Wilde, darauf hab ich mich schon die ganze Zeit gefreut, als es hie\u00df wir gehen zur Kieler Woche. Also habe ich die interne Pokermeisterschaft bei rockpixx.com gewonnen und durfte zu Kim Wilde auf der NDR-B\u00fchne. Als ich wie gewohnt f\u00fcr die Bilder in den Graben wollte, hie\u00df es von\u2026","rel":"","context":"In &quot;Acts&quot;","block_context":{"text":"Acts","link":"http:\/\/www.rockpixx.com\/wordpress\/category\/acts\/"},"img":{"alt_text":"Kim Wilde, 18.06.2012, Kiel, NDR-B\u00fchne","src":"https:\/\/i0.wp.com\/www.rockpixx.com\/wordpress\/wp-content\/uploads\/2013\/02\/20120618-04-kim-wilde-Artikel.jpg?resize=350%2C200","width":350,"height":200,"srcset":"https:\/\/i0.wp.com\/www.rockpixx.com\/wordpress\/wp-content\/uploads\/2013\/02\/20120618-04-kim-wilde-Artikel.jpg?resize=350%2C200 1x, https:\/\/i0.wp.com\/www.rockpixx.com\/wordpress\/wp-content\/uploads\/2013\/02\/20120618-04-kim-wilde-Artikel.jpg?resize=525%2C300 1.5x, https:\/\/i0.wp.com\/www.rockpixx.com\/wordpress\/wp-content\/uploads\/2013\/02\/20120618-04-kim-wilde-Artikel.jpg?resize=700%2C400 2x"},"classes":[]},{"id":7755,"url":"http:\/\/www.rockpixx.com\/wordpress\/laith-al-deen-19-06-2011-kiel-ndr-buhne\/","url_meta":{"origin":8047,"position":3},"title":"Laith Al-Deen, 19.06.2011, Kiel, NDR-B\u00fchne","author":"Anja","date":"19. Juni 2011","format":false,"excerpt":"Als Main-Act ist heute Laith Al-Deen auf der NDR-B\u00fchne. Das weibliche Publikum ist nicht weniger geworden, aber auch die M\u00e4nner wissen die Musik von Laith Al-Deen zu sch\u00e4tzen. Welche von seinen St\u00fccken er w\u00e4hrend der ersten vier Songs, als wir im Graben fotografieren durften, zum Besten gab, kann ich nicht\u2026","rel":"","context":"In &quot;Acts&quot;","block_context":{"text":"Acts","link":"http:\/\/www.rockpixx.com\/wordpress\/category\/acts\/"},"img":{"alt_text":"Laith Al-Deen, 19.06.2011, Kiel, NDR-B\u00fchne","src":"https:\/\/i0.wp.com\/www.rockpixx.com\/wordpress\/wp-content\/uploads\/2013\/01\/20110619-05-laith-al-deen-Artikel.jpg?resize=350%2C200","width":350,"height":200,"srcset":"https:\/\/i0.wp.com\/www.rockpixx.com\/wordpress\/wp-content\/uploads\/2013\/01\/20110619-05-laith-al-deen-Artikel.jpg?resize=350%2C200 1x, https:\/\/i0.wp.com\/www.rockpixx.com\/wordpress\/wp-content\/uploads\/2013\/01\/20110619-05-laith-al-deen-Artikel.jpg?resize=525%2C300 1.5x, https:\/\/i0.wp.com\/www.rockpixx.com\/wordpress\/wp-content\/uploads\/2013\/01\/20110619-05-laith-al-deen-Artikel.jpg?resize=700%2C400 2x"},"classes":[]},{"id":5632,"url":"http:\/\/www.rockpixx.com\/wordpress\/watershed-27-06-2009-kiel-ndr-buhne\/","url_meta":{"origin":8047,"position":4},"title":"Watershed, 27.06.2009, Kiel, NDR-B\u00fchne","author":"Anja","date":"27. Juni 2009","format":false,"excerpt":"Au\u00dfer Atem komme ich an der NDR-B\u00fchne an und stelle fest, dass ich mich gar nicht so h\u00e4tte beeilen m\u00fcssen, da das Konzert erst eine halbe Stunde sp\u00e4ter anf\u00e4ngt, als auf den Programmen angek\u00fcndigt. Aber macht nix \u2013 besser so, als zu sp\u00e4t ankommen. Als es dann los ging, bin\u2026","rel":"","context":"In &quot;Acts&quot;","block_context":{"text":"Acts","link":"http:\/\/www.rockpixx.com\/wordpress\/category\/acts\/"},"img":{"alt_text":"Watershed, 27.09.2009, Kiel, NDR-B\u00fchne","src":"https:\/\/i0.wp.com\/www.rockpixx.com\/wordpress\/wp-content\/uploads\/2013\/01\/20090627-03-watershed-Artikel.jpg?resize=350%2C200","width":350,"height":200,"srcset":"https:\/\/i0.wp.com\/www.rockpixx.com\/wordpress\/wp-content\/uploads\/2013\/01\/20090627-03-watershed-Artikel.jpg?resize=350%2C200 1x, https:\/\/i0.wp.com\/www.rockpixx.com\/wordpress\/wp-content\/uploads\/2013\/01\/20090627-03-watershed-Artikel.jpg?resize=525%2C300 1.5x, https:\/\/i0.wp.com\/www.rockpixx.com\/wordpress\/wp-content\/uploads\/2013\/01\/20090627-03-watershed-Artikel.jpg?resize=700%2C400 2x"},"classes":[]},{"id":6933,"url":"http:\/\/www.rockpixx.com\/wordpress\/hermes-house-band-25-06-2010-kiel-ndr-buhne\/","url_meta":{"origin":8047,"position":5},"title":"Hermes House Band, 25.06.2010, Kiel, NDR-B\u00fchne","author":"Anja","date":"25. Juni 2010","format":false,"excerpt":"\u201eEuropas beste Partyband\u201c \u2013 sp\u00e4testens, seitdem sie John Denver\u2019s \u201eCountry Rose\u201c recycled haben, kennt man sie als professionelle Lieferanten ausgelassener Partystimmung: Die Rede ist von der \u201eHermes House Band\u201c aus Holland. So auch auf der NDR-B\u00fchne: Schon mit den ersten Kl\u00e4ngen des Openers \u201eAmarillo\u201c war klar, dass auch hier wieder\u2026","rel":"","context":"In &quot;Acts&quot;","block_context":{"text":"Acts","link":"http:\/\/www.rockpixx.com\/wordpress\/category\/acts\/"},"img":{"alt_text":"Hermes House Band, 25.06.2010, Kiel, NDR-B\u00fchne","src":"https:\/\/i0.wp.com\/www.rockpixx.com\/wordpress\/wp-content\/uploads\/2013\/01\/20100625-02-hermes-house-band-Artikel.jpg?resize=350%2C200","width":350,"height":200,"srcset":"https:\/\/i0.wp.com\/www.rockpixx.com\/wordpress\/wp-content\/uploads\/2013\/01\/20100625-02-hermes-house-band-Artikel.jpg?resize=350%2C200 1x, https:\/\/i0.wp.com\/www.rockpixx.com\/wordpress\/wp-content\/uploads\/2013\/01\/20100625-02-hermes-house-band-Artikel.jpg?resize=525%2C300 1.5x, https:\/\/i0.wp.com\/www.rockpixx.com\/wordpress\/wp-content\/uploads\/2013\/01\/20100625-02-hermes-house-band-Artikel.jpg?resize=700%2C400 2x"},"classes":[]}],"jetpack_sharing_enabled":true,"publishpress_future_action":{"enabled":false,"date":"2026-05-06 20:26:45","action":"change-status","newStatus":"draft","terms":[],"taxonomy":"category","extraData":[]},"publishpress_future_workflow_manual_trigger":{"enabledWorkflows":[]},"_links":{"self":[{"href":"http:\/\/www.rockpixx.com\/wordpress\/wp-json\/wp\/v2\/posts\/8047","targetHints":{"allow":["GET"]}}],"collection":[{"href":"http:\/\/www.rockpixx.com\/wordpress\/wp-json\/wp\/v2\/posts"}],"about":[{"href":"http:\/\/www.rockpixx.com\/wordpress\/wp-json\/wp\/v2\/types\/post"}],"author":[{"embeddable":true,"href":"http:\/\/www.rockpixx.com\/wordpress\/wp-json\/wp\/v2\/users\/2"}],"replies":[{"embeddable":true,"href":"http:\/\/www.rockpixx.com\/wordpress\/wp-json\/wp\/v2\/comments?post=8047"}],"version-history":[{"count":0,"href":"http:\/\/www.rockpixx.com\/wordpress\/wp-json\/wp\/v2\/posts\/8047\/revisions"}],"wp:featuredmedia":[{"embeddable":true,"href":"http:\/\/www.rockpixx.com\/wordpress\/wp-json\/wp\/v2\/media\/8056"}],"wp:attachment":[{"href":"http:\/\/www.rockpixx.com\/wordpress\/wp-json\/wp\/v2\/media?parent=8047"}],"wp:term":[{"taxonomy":"category","embeddable":true,"href":"http:\/\/www.rockpixx.com\/wordpress\/wp-json\/wp\/v2\/categories?post=8047"},{"taxonomy":"post_tag","embeddable":true,"href":"http:\/\/www.rockpixx.com\/wordpress\/wp-json\/wp\/v2\/tags?post=8047"}],"curies":[{"name":"wp","href":"https:\/\/api.w.org\/{rel}","templated":true}]}}