{"id":8074,"date":"2011-07-09T01:00:48","date_gmt":"2011-07-08T23:00:48","guid":{"rendered":"http:\/\/rockpixx.com\/wordpress\/?p=8074"},"modified":"2013-02-02T20:19:37","modified_gmt":"2013-02-02T18:19:37","slug":"just-pink-09-07-2011-tuttlingen-burgruine-honberg","status":"publish","type":"post","link":"http:\/\/www.rockpixx.com\/wordpress\/just-pink-09-07-2011-tuttlingen-burgruine-honberg\/","title":{"rendered":"JUST PiNK, 09.07.2011, Tuttlingen, Burgruine Honberg"},"content":{"rendered":"<p>Mit \u201eJUST PiNK\u201c hatten wir innerhalb k\u00fcrzester Zeit zum zweiten Mal die M\u00f6glichkeit eine Pink-Tribute-Show in kompletter L\u00e4nge zu fotografieren. Deshalb sind wir gestern in Richtung Bodensee nach Tuttlingen zum 17. Honberger Sommer aufgebrochen.<!--more--><\/p>\n<p>Die Ruinen einer Festung hoch \u00fcber Tuttlingen bilden die malerische Kulisse des \u201eHonberger Sommers\u201c. Zum Gl\u00fcck war aber f\u00fcr die Konzerte ein Zelt aufgebaut worden, da Petrus meinte, er m\u00fcsse die Schleusen \u00f6ffnen. So war das Zirkuszelt eine perfekte Kulisse f\u00fcr die Funhouse-Show von JUST PiNK. Was mir auffiel, waren die Verkleidung des Drum- und des Keyboardrisers, welche lt. \u201eJUST PiNK\u201c die Originale von Pink sind, die JUST PiNK nach Ende der <em>Funhouse Tour<\/em> erhalten haben.<\/p>\n<p>Eine gute durchchoreographierte Show mit mehreren Kost\u00fcmwechseln brachte das Publikum in Feierstimmung. Die T\u00e4nzerinnen wirbelten so schnell \u00fcber die B\u00fchne, so dass es oft schwer war, sie mit der Kamera einzufangen. Gesangliche Unterst\u00fctzung erhielt Vanessa als Pink von Ihren schmucken Backgrounds\u00e4ngerinnen. Es war eine unterhaltsame Show, von der wir mit einigen Bildern nach Hause gekommen sind. Hier sind die besten davon.<\/p>\n<p style=\"text-align: right;\">Fotos:\u00a0<a href=\"mailto:info@rockpixx.com?subject=Fotos%20von%20JUST%20PiNK,%20Tuttlingen%20%E2%80%9EBurgruine%20Honberg%E2%80%9C,%2009.07.2011\">Alex<\/a>,\u00a0<a href=\"mailto:a.roselt@rockpixx.com?subject=Fotos%20von%20JUST%20PiNK,%20Tuttlingen%20%E2%80%9EBurgruine%20Honberg%E2%80%9C,%2009.07.2011\">Anja<\/a>\u00a0| Text:\u00a0<a href=\"mailto:a.roselt@rockpixx.com?subject=Reviewtext%20von%20JUST%20PiNK,%20Tuttlingen%20%E2%80%9EBurgruine%20Honberg%E2%80%9C,%2009.07.2011\">Anja<\/a><\/p>\n<p>&nbsp;<\/p>\n<p>[slideshow id=70]<\/p>\n","protected":false},"excerpt":{"rendered":"<p>Mit \u201eJUST PiNK\u201c hatten wir innerhalb k\u00fcrzester Zeit zum zweiten Mal die M\u00f6glichkeit eine Pink-Tribute-Show <a href=\"http:\/\/www.rockpixx.com\/wordpress\/just-pink-09-07-2011-tuttlingen-burgruine-honberg\/\">Read more<\/a><\/p>\n","protected":false},"author":2,"featured_media":8075,"comment_status":"open","ping_status":"open","sticky":false,"template":"","format":"standard","meta":{"_jetpack_memberships_contains_paid_content":false,"footnotes":"","jetpack_publicize_message":"","jetpack_publicize_feature_enabled":true,"jetpack_social_post_already_shared":false,"jetpack_social_options":{"image_generator_settings":{"template":"highway","default_image_id":0,"font":"","enabled":false},"version":2}},"categories":[34,580,565],"tags":[1733,843,133,842,1941,840,839,841],"class_list":["post-8074","post","type-post","status-publish","format-standard","has-post-thumbnail","hentry","category-acts","category-just-pink","category-pink-pnk","tag-1733","tag-burgruine-honberg","tag-festivals","tag-honberger-sommer","tag-just-pink","tag-pnk","tag-pink","tag-tuttlingen"],"aioseo_notices":[],"jetpack_publicize_connections":[],"jetpack_featured_media_url":"http:\/\/www.rockpixx.com\/wordpress\/wp-content\/uploads\/2013\/02\/20110709-just-pink-Artikel.jpg","jetpack-related-posts":[{"id":8409,"url":"http:\/\/www.rockpixx.com\/wordpress\/santiano-15-06-2012-kiel-horn-buhne\/","url_meta":{"origin":8074,"position":0},"title":"Santiano, 15.06.2012, Kiel, h\u00f6rn b\u00fchne","author":"Anja","date":"15. Juni 2012","format":false,"excerpt":"Kieler Woche 2012 - Soundcheck-Tag Ich starte ihn an der h\u00f6rn b\u00fchne, die dieses Jahr mit einen komplett neuen Veranstalter ein neues Konzept hat. Auf der B\u00fchne stehen heute Santiano - eine \"einheimische\" Band, die es vorz\u00fcglich versteht, dem Shanty das angestaubte Image runterzureisen. Frisch und recht rockig werden von\u2026","rel":"","context":"In &quot;Acts&quot;","block_context":{"text":"Acts","link":"http:\/\/www.rockpixx.com\/wordpress\/category\/acts\/"},"img":{"alt_text":"Santiano, 15.06.2012, Kiel, h\u00f6rn b\u00fchne","src":"https:\/\/i0.wp.com\/www.rockpixx.com\/wordpress\/wp-content\/uploads\/2013\/02\/20120615-03-santiano-Artikel.jpg?resize=350%2C200","width":350,"height":200,"srcset":"https:\/\/i0.wp.com\/www.rockpixx.com\/wordpress\/wp-content\/uploads\/2013\/02\/20120615-03-santiano-Artikel.jpg?resize=350%2C200 1x, https:\/\/i0.wp.com\/www.rockpixx.com\/wordpress\/wp-content\/uploads\/2013\/02\/20120615-03-santiano-Artikel.jpg?resize=525%2C300 1.5x, https:\/\/i0.wp.com\/www.rockpixx.com\/wordpress\/wp-content\/uploads\/2013\/02\/20120615-03-santiano-Artikel.jpg?resize=700%2C400 2x"},"classes":[]},{"id":12691,"url":"http:\/\/www.rockpixx.com\/wordpress\/the-australian-pink-floyd-show-08-04-2014-kiel-ostseehalle\/","url_meta":{"origin":8074,"position":1},"title":"The Australian Pink Floyd Show, 08.04.2014, Kiel, Ostseehalle","author":"admin","date":"9. April 2014","format":false,"excerpt":"So, zum zweiten Mal in diesem Jahr etwas zum Thema \u2192 \u201ePink Floyd\u201c: Nach\u00a0\u2192 \u201eEchoes\u201c in Hamburg spielen \u201eThe Australian Pink Floyd Show\u201c ihr neues Tourprogramm \u201eSet the Controls\u201c in der Kieler Ostseehalle. (Ich wei\u00df, die Halle hei\u00dft seit einiger Zeit \u201eSparkassenarena\u201c, aber so hei\u00dfen viele Veranstaltungstempel in ganz Deutschland.\u2026","rel":"","context":"In &quot;Acts&quot;","block_context":{"text":"Acts","link":"http:\/\/www.rockpixx.com\/wordpress\/category\/acts\/"},"img":{"alt_text":"The Australian Pink Floyd Show, 08.04.2014, Kiel, Sparkassenarena","src":"https:\/\/i0.wp.com\/www.rockpixx.com\/wordpress\/wp-content\/uploads\/2014\/04\/20140408-287_tapfs_Artikel.jpg?resize=350%2C200","width":350,"height":200,"srcset":"https:\/\/i0.wp.com\/www.rockpixx.com\/wordpress\/wp-content\/uploads\/2014\/04\/20140408-287_tapfs_Artikel.jpg?resize=350%2C200 1x, https:\/\/i0.wp.com\/www.rockpixx.com\/wordpress\/wp-content\/uploads\/2014\/04\/20140408-287_tapfs_Artikel.jpg?resize=525%2C300 1.5x, https:\/\/i0.wp.com\/www.rockpixx.com\/wordpress\/wp-content\/uploads\/2014\/04\/20140408-287_tapfs_Artikel.jpg?resize=700%2C400 2x"},"classes":[]},{"id":7793,"url":"http:\/\/www.rockpixx.com\/wordpress\/pink-trouble-21-06-2011-kiel-maxbuhne\/","url_meta":{"origin":8074,"position":2},"title":"Pink Trouble, 21.06.2011, Kiel, MAXB\u00fchne","author":"Anja","date":"21. Juni 2011","format":false,"excerpt":"Sollte Pink mal eine w\u00fcrdige Vertretung brauchen, dann kann sie sich vertrauensvoll an \u201ePink Trouble\u201c wenden. Die S\u00e4ngerin verstand ihr Handwerk und hatte Pink perfekt verinnerlicht. Gesanglich meinte man, Pink steht auf der MAXB\u00fchne und auch die Performance ist bis in die Fingerspitzen \u201ePink-typisch\u201c. Der Aufwand, der f\u00fcr die Show\u2026","rel":"","context":"In &quot;Acts&quot;","block_context":{"text":"Acts","link":"http:\/\/www.rockpixx.com\/wordpress\/category\/acts\/"},"img":{"alt_text":"Pink Trouble, 21.06.2011, Kiel, MAXB\u00fchne","src":"https:\/\/i0.wp.com\/www.rockpixx.com\/wordpress\/wp-content\/uploads\/2013\/01\/20110621-03-pink-trouble-Artikel.jpg?resize=350%2C200","width":350,"height":200,"srcset":"https:\/\/i0.wp.com\/www.rockpixx.com\/wordpress\/wp-content\/uploads\/2013\/01\/20110621-03-pink-trouble-Artikel.jpg?resize=350%2C200 1x, https:\/\/i0.wp.com\/www.rockpixx.com\/wordpress\/wp-content\/uploads\/2013\/01\/20110621-03-pink-trouble-Artikel.jpg?resize=525%2C300 1.5x, https:\/\/i0.wp.com\/www.rockpixx.com\/wordpress\/wp-content\/uploads\/2013\/01\/20110621-03-pink-trouble-Artikel.jpg?resize=700%2C400 2x"},"classes":[]},{"id":7993,"url":"http:\/\/www.rockpixx.com\/wordpress\/speak-to-me-23-06-2011-kiel-maxbuhne\/","url_meta":{"origin":8074,"position":3},"title":"speak to me, 23.06.2011, Kiel, MAXB\u00fchne","author":"Anja","date":"23. Juni 2011","format":false,"excerpt":"So\u2026 also wieder einmal eine Pink Floyd-Tributeband, dieses Mal sechs local heroes von \u201espeak to me\u201c. Zugegeben, nach den Acts von \u2192\u00a0 \u201eThe Australian Pink Floyd Show in Kempten\u201c vom Februar dieses Jahres und vor allem nach \u2192\u00a0 \u201eBrit Floyd\u201c im April in der Londoner Royal Albert Hall bin ich\u2026","rel":"","context":"In &quot;Acts&quot;","block_context":{"text":"Acts","link":"http:\/\/www.rockpixx.com\/wordpress\/category\/acts\/"},"img":{"alt_text":"speak to me, 23.06.2011, Kiel, MAXB\u00fchne","src":"https:\/\/i0.wp.com\/www.rockpixx.com\/wordpress\/wp-content\/uploads\/2013\/02\/20110623-07-speak-to-me-Artikel.jpg?resize=350%2C200","width":350,"height":200,"srcset":"https:\/\/i0.wp.com\/www.rockpixx.com\/wordpress\/wp-content\/uploads\/2013\/02\/20110623-07-speak-to-me-Artikel.jpg?resize=350%2C200 1x, https:\/\/i0.wp.com\/www.rockpixx.com\/wordpress\/wp-content\/uploads\/2013\/02\/20110623-07-speak-to-me-Artikel.jpg?resize=525%2C300 1.5x, https:\/\/i0.wp.com\/www.rockpixx.com\/wordpress\/wp-content\/uploads\/2013\/02\/20110623-07-speak-to-me-Artikel.jpg?resize=700%2C400 2x"},"classes":[]},{"id":7569,"url":"http:\/\/www.rockpixx.com\/wordpress\/the-australian-pink-floyd-show-16-02-2011-kempten-bigbox\/","url_meta":{"origin":8074,"position":4},"title":"The Australian Pink Floyd Show, 16.02.2011, Kempten, BigBOX","author":"Anja","date":"16. Februar 2011","format":false,"excerpt":"Man nehme eine bestuhlte Halle, einen fantastischen Sound, ausreichend Nebel (aber nicht zu viel), mindestens 3 Sattelschlepper voller Moving Heads, das ber\u00fchmte \u201e5. Bandmitglied Mr. Screen\u201c, gigantische aufblasbare Puppen und reichere diesen Mix mit viel Lasereinsatz an. Als Garnitur obendrauf gibt's nach der Pause im zweiten Set erstmals bei einer\u2026","rel":"","context":"In &quot;Acts&quot;","block_context":{"text":"Acts","link":"http:\/\/www.rockpixx.com\/wordpress\/category\/acts\/"},"img":{"alt_text":"The Australian Pink Floyd Show, 16.02.2011, Kempten, BigBOX","src":"https:\/\/i0.wp.com\/www.rockpixx.com\/wordpress\/wp-content\/uploads\/2013\/01\/20110216-aussiefloyds-Artikel.jpg?resize=350%2C200","width":350,"height":200,"srcset":"https:\/\/i0.wp.com\/www.rockpixx.com\/wordpress\/wp-content\/uploads\/2013\/01\/20110216-aussiefloyds-Artikel.jpg?resize=350%2C200 1x, https:\/\/i0.wp.com\/www.rockpixx.com\/wordpress\/wp-content\/uploads\/2013\/01\/20110216-aussiefloyds-Artikel.jpg?resize=525%2C300 1.5x, https:\/\/i0.wp.com\/www.rockpixx.com\/wordpress\/wp-content\/uploads\/2013\/01\/20110216-aussiefloyds-Artikel.jpg?resize=700%2C400 2x"},"classes":[]},{"id":8320,"url":"http:\/\/www.rockpixx.com\/wordpress\/brit-floyd-29-10-2011-munchen-kleine-olympiahalle\/","url_meta":{"origin":8074,"position":5},"title":"Brit Floyd, 29.10.2011, M\u00fcnchen, Kleine Olympiahalle","author":"Anja","date":"29. Oktober 2011","format":false,"excerpt":"Kaum aus dem Urlaub zur\u00fcck, gibt's schon wieder einen Leckerbissen: Zum zweiten Mal in diesem Jahr habe ich \u201eBrit Floyd\u201c vor den Kameras, dieses Mal allerdings nicht in \u2192\u00a0London's ehrw\u00fcrdiger Royal Albert Hall, sondern in der (neuen) \u201eKleinen Olympiahalle\u201c in M\u00fcnchen. Und das ist sogar f\u00fcr uns noch eine Premiere:\u2026","rel":"","context":"In &quot;Acts&quot;","block_context":{"text":"Acts","link":"http:\/\/www.rockpixx.com\/wordpress\/category\/acts\/"},"img":{"alt_text":"Brit Floyd, 29.10.2011, M\u00fcnchen, Kleine Olympiahalle","src":"https:\/\/i0.wp.com\/www.rockpixx.com\/wordpress\/wp-content\/uploads\/2013\/02\/20111029-brit-floyd-Artikel.jpg?resize=350%2C200","width":350,"height":200,"srcset":"https:\/\/i0.wp.com\/www.rockpixx.com\/wordpress\/wp-content\/uploads\/2013\/02\/20111029-brit-floyd-Artikel.jpg?resize=350%2C200 1x, https:\/\/i0.wp.com\/www.rockpixx.com\/wordpress\/wp-content\/uploads\/2013\/02\/20111029-brit-floyd-Artikel.jpg?resize=525%2C300 1.5x, https:\/\/i0.wp.com\/www.rockpixx.com\/wordpress\/wp-content\/uploads\/2013\/02\/20111029-brit-floyd-Artikel.jpg?resize=700%2C400 2x"},"classes":[]}],"jetpack_sharing_enabled":true,"publishpress_future_action":{"enabled":false,"date":"2026-05-10 15:52:28","action":"change-status","newStatus":"draft","terms":[],"taxonomy":"category","extraData":[]},"publishpress_future_workflow_manual_trigger":{"enabledWorkflows":[]},"_links":{"self":[{"href":"http:\/\/www.rockpixx.com\/wordpress\/wp-json\/wp\/v2\/posts\/8074","targetHints":{"allow":["GET"]}}],"collection":[{"href":"http:\/\/www.rockpixx.com\/wordpress\/wp-json\/wp\/v2\/posts"}],"about":[{"href":"http:\/\/www.rockpixx.com\/wordpress\/wp-json\/wp\/v2\/types\/post"}],"author":[{"embeddable":true,"href":"http:\/\/www.rockpixx.com\/wordpress\/wp-json\/wp\/v2\/users\/2"}],"replies":[{"embeddable":true,"href":"http:\/\/www.rockpixx.com\/wordpress\/wp-json\/wp\/v2\/comments?post=8074"}],"version-history":[{"count":0,"href":"http:\/\/www.rockpixx.com\/wordpress\/wp-json\/wp\/v2\/posts\/8074\/revisions"}],"wp:featuredmedia":[{"embeddable":true,"href":"http:\/\/www.rockpixx.com\/wordpress\/wp-json\/wp\/v2\/media\/8075"}],"wp:attachment":[{"href":"http:\/\/www.rockpixx.com\/wordpress\/wp-json\/wp\/v2\/media?parent=8074"}],"wp:term":[{"taxonomy":"category","embeddable":true,"href":"http:\/\/www.rockpixx.com\/wordpress\/wp-json\/wp\/v2\/categories?post=8074"},{"taxonomy":"post_tag","embeddable":true,"href":"http:\/\/www.rockpixx.com\/wordpress\/wp-json\/wp\/v2\/tags?post=8074"}],"curies":[{"name":"wp","href":"https:\/\/api.w.org\/{rel}","templated":true}]}}