{"id":8077,"date":"2011-07-22T01:00:50","date_gmt":"2011-07-21T23:00:50","guid":{"rendered":"http:\/\/rockpixx.com\/wordpress\/?p=8077"},"modified":"2013-08-05T00:23:16","modified_gmt":"2013-08-04T23:23:16","slug":"occulus-22-07-2011-nordholz-deichbrand-festival","status":"publish","type":"post","link":"http:\/\/www.rockpixx.com\/wordpress\/occulus-22-07-2011-nordholz-deichbrand-festival\/","title":{"rendered":"Occulus, 22.07.2011, Nordholz, Deichbrand Festival"},"content":{"rendered":"<p>\u201eFeiner Midtempo Thrash mit deutschen Texten\u201c\u00a0\u2013 so steht\u2019s im Programm. Nun ja, laut ist es zumindest, was die vier norddeutschen Musiker da als Festival-Opener auf der \u201eFire Stage\u201c beim \u201eDeichbrand 2011\u201c hinlegen. <!--more-->Viel von den Texten verstehe ich nicht, daf\u00fcr werde ich erstmalig ordentlich nass \u2013 Regen und Sturm sei Dank. Zudem ist das Fotografieren aus dem Graben etwas diffizil, da erstens die B\u00fchne recht hoch ist und zweitens jede Menge mehr als mannshohe Boxen im Graben stehen, \u00fcber die ich nicht hinweg fotografieren kann, wenn ich die Musiker noch im Bild haben m\u00f6chte. Bleiben also nur die \u201eSchie\u00dfscharten\u201c zwischen den Boxen \u00fcbrig.<\/p>\n<p style=\"text-align: right;\">Fotos:\u00a0<a href=\"mailto:info@rockpixx.com?subject=Fotos%20von%20Occulus,%20Nordholz%20%E2%80%9EDeichbrand%20Festival%E2%80%9C,%2022.07.2011\">Alex<\/a>\u00a0| Text:\u00a0<a href=\"mailto:info@rockpixx.com?subject=Reviewtext%20von%20Occulus,%20Nordholz%20%E2%80%9EDeichbrand%20Festival%E2%80%9C,%2022.07.2011\">Alex<\/a><\/p>\n<p>&nbsp;<\/p>\n<p>[slideshow id=71]<\/p>\n","protected":false},"excerpt":{"rendered":"<p>\u201eFeiner Midtempo Thrash mit deutschen Texten\u201c\u00a0\u2013 so steht\u2019s im Programm. Nun ja, laut ist es <a href=\"http:\/\/www.rockpixx.com\/wordpress\/occulus-22-07-2011-nordholz-deichbrand-festival\/\">Read more<\/a><\/p>\n","protected":false},"author":2,"featured_media":8078,"comment_status":"open","ping_status":"open","sticky":false,"template":"","format":"standard","meta":{"_jetpack_memberships_contains_paid_content":false,"footnotes":"","jetpack_publicize_message":"","jetpack_publicize_feature_enabled":true,"jetpack_social_post_already_shared":false,"jetpack_social_options":{"image_generator_settings":{"template":"highway","default_image_id":0,"font":"","enabled":false},"version":2}},"categories":[34,581],"tags":[1733,844,133,2058,1942],"class_list":["post-8077","post","type-post","status-publish","format-standard","has-post-thumbnail","hentry","category-acts","category-occulus","tag-1733","tag-deichbrand-festival","tag-festivals","tag-nordholz","tag-occulus"],"aioseo_notices":[],"jetpack_publicize_connections":[],"jetpack_featured_media_url":"http:\/\/www.rockpixx.com\/wordpress\/wp-content\/uploads\/2013\/02\/20110722-01-occulus-Artikel.jpg","jetpack-related-posts":[{"id":8187,"url":"http:\/\/www.rockpixx.com\/wordpress\/jennifer-rostock-23-07-2011-nordholz-deichbrand-festival\/","url_meta":{"origin":8077,"position":0},"title":"Jennifer Rostock, 23.07.2011, Nordholz, Deichbrand Festival","author":"Anja","date":"23. Juli 2011","format":false,"excerpt":"Vorab eine Anmerkung: Ja, ich wei\u00df, dass die S\u00e4ngerin von \u201eJennifer Rostock\u201c nicht so, sondern \u201eJennifer Weist\u201c hei\u00dft. Und ich wei\u00df auch, dass zur Band noch vier m\u00e4nnliche Musiker geh\u00f6ren. Aber dennoch zeige ich hier ausschlie\u00dflich Bilder von der Frontfrau \u2013 sie gibt optisch einfach mehr her als ihre Kollegen.\u2026","rel":"","context":"In &quot;Acts&quot;","block_context":{"text":"Acts","link":"http:\/\/www.rockpixx.com\/wordpress\/category\/acts\/"},"img":{"alt_text":"Jennifer Rostock, 23.07.2011, Nordholz, Deichbrand Festival","src":"https:\/\/i0.wp.com\/www.rockpixx.com\/wordpress\/wp-content\/uploads\/2011\/07\/20110723-07-jennifer-rostock-Artikel.jpg?resize=350%2C200","width":350,"height":200,"srcset":"https:\/\/i0.wp.com\/www.rockpixx.com\/wordpress\/wp-content\/uploads\/2011\/07\/20110723-07-jennifer-rostock-Artikel.jpg?resize=350%2C200 1x, https:\/\/i0.wp.com\/www.rockpixx.com\/wordpress\/wp-content\/uploads\/2011\/07\/20110723-07-jennifer-rostock-Artikel.jpg?resize=525%2C300 1.5x, https:\/\/i0.wp.com\/www.rockpixx.com\/wordpress\/wp-content\/uploads\/2011\/07\/20110723-07-jennifer-rostock-Artikel.jpg?resize=700%2C400 2x"},"classes":[]},{"id":8834,"url":"http:\/\/www.rockpixx.com\/wordpress\/beatsteaks-21-07-2012-nordholz-deichbrand-festival\/","url_meta":{"origin":8077,"position":1},"title":"Beatsteaks, 21.07.2012, Nordholz, Deichbrand Festival","author":"Anja","date":"21. Juli 2012","format":false,"excerpt":"Und dann der Mainact des heutigen Abends: Die \u201eBeatsteaks\u201c bitten zum Tanz. \u201eTanz\u201c ist vielleicht nicht das richtige Wort f\u00fcr das, was da in den ersten Reihen vor der Absperrung direkt hinter mir losgeht \u2013 die Security hat jede Menge Arbeit damit, Leute aus der Menge in den Graben zu\u2026","rel":"","context":"In &quot;Acts&quot;","block_context":{"text":"Acts","link":"http:\/\/www.rockpixx.com\/wordpress\/category\/acts\/"},"img":{"alt_text":"Beatsteaks, 21.07.2012, Nordholz, Deichbrand Festival","src":"https:\/\/i0.wp.com\/www.rockpixx.com\/wordpress\/wp-content\/uploads\/2013\/02\/20120721-10-beatsteaks-Artikel.jpg?resize=350%2C200","width":350,"height":200,"srcset":"https:\/\/i0.wp.com\/www.rockpixx.com\/wordpress\/wp-content\/uploads\/2013\/02\/20120721-10-beatsteaks-Artikel.jpg?resize=350%2C200 1x, https:\/\/i0.wp.com\/www.rockpixx.com\/wordpress\/wp-content\/uploads\/2013\/02\/20120721-10-beatsteaks-Artikel.jpg?resize=525%2C300 1.5x, https:\/\/i0.wp.com\/www.rockpixx.com\/wordpress\/wp-content\/uploads\/2013\/02\/20120721-10-beatsteaks-Artikel.jpg?resize=700%2C400 2x"},"classes":[]},{"id":1065,"url":"http:\/\/www.rockpixx.com\/wordpress\/deichbrand-festival-2011-tag-2\/","url_meta":{"origin":8077,"position":2},"title":"Deichbrand Festival 2011, Tag 2","author":"admin","date":"24. Juli 2011","format":false,"excerpt":"Moin, Tag 2 auf dem \u201eDeichbrand Festival\u201c \u2013 der morgendliche Gang \u00fcber das Gel\u00e4nde zeigt die gefl\u00fcgelten M\u00fcllwerker in Aktion und in etlichen Ecken sammelt sich noch weniger schmackhafter M\u00fcll, den der Sturm \u00fcber Nacht zusammengeweht hat. Vor den beiden B\u00fchnen gibt es nun einen sch\u00f6nen Blick auf die \u201eSchie\u00dfscharten\u201c\u2026","rel":"","context":"In &quot;2011&quot;","block_context":{"text":"2011","link":"http:\/\/www.rockpixx.com\/wordpress\/category\/backstage\/2011\/"},"img":{"alt_text":"Deichbrand Festival 2011 | lost & found","src":"https:\/\/i0.wp.com\/www.rockpixx.com\/wordpress\/wp-content\/uploads\/2013\/03\/20110724-20110723-011.jpg?resize=350%2C200","width":350,"height":200,"srcset":"https:\/\/i0.wp.com\/www.rockpixx.com\/wordpress\/wp-content\/uploads\/2013\/03\/20110724-20110723-011.jpg?resize=350%2C200 1x, https:\/\/i0.wp.com\/www.rockpixx.com\/wordpress\/wp-content\/uploads\/2013\/03\/20110724-20110723-011.jpg?resize=525%2C300 1.5x, https:\/\/i0.wp.com\/www.rockpixx.com\/wordpress\/wp-content\/uploads\/2013\/03\/20110724-20110723-011.jpg?resize=700%2C400 2x"},"classes":[]},{"id":15139,"url":"http:\/\/www.rockpixx.com\/wordpress\/the-intersphere-17-07-2014-deichbrand-festival-nordholz\/","url_meta":{"origin":8077,"position":3},"title":"The Intersphere, 17.07.2014, Deichbrand Festival, Nordholz","author":"admin","date":"18. Juli 2014","format":false,"excerpt":"\u00a0 So, da w\u00e4re ich nun also auf dem diesj\u00e4hrigen Deichbrand Festival an der Nordsee \u2013 \u00fcbrigens zum vierten Mal in Folge. Den Auftakt machen am ersten Abend traditionell einige Bands im Palastzelt und so fange ich heute also mit \u201eThe Intersphere\u201c an. Bands im Palastzelt zu fotografieren hei\u00dft eigentlich\u2026","rel":"","context":"In &quot;Acts&quot;","block_context":{"text":"Acts","link":"http:\/\/www.rockpixx.com\/wordpress\/category\/acts\/"},"img":{"alt_text":"The Intersphere, 17.07.2014, Deichbrand Open Air, Seeflughafen, Nordholz","src":"https:\/\/i0.wp.com\/www.rockpixx.com\/wordpress\/wp-content\/uploads\/2014\/07\/20140717-01-011_the-intersphere_Artikel1.jpg?resize=350%2C200","width":350,"height":200,"srcset":"https:\/\/i0.wp.com\/www.rockpixx.com\/wordpress\/wp-content\/uploads\/2014\/07\/20140717-01-011_the-intersphere_Artikel1.jpg?resize=350%2C200 1x, https:\/\/i0.wp.com\/www.rockpixx.com\/wordpress\/wp-content\/uploads\/2014\/07\/20140717-01-011_the-intersphere_Artikel1.jpg?resize=525%2C300 1.5x, https:\/\/i0.wp.com\/www.rockpixx.com\/wordpress\/wp-content\/uploads\/2014\/07\/20140717-01-011_the-intersphere_Artikel1.jpg?resize=700%2C400 2x"},"classes":[]},{"id":15189,"url":"http:\/\/www.rockpixx.com\/wordpress\/biffy-clyro-18-07-2014-deichbrand-festival-nordholz\/","url_meta":{"origin":8077,"position":4},"title":"Biffy Clyro, 18.07.2014, Deichbrand Festival, Nordholz","author":"admin","date":"19. Juli 2014","format":false,"excerpt":"Wieso kommt es mir eigentlich immer so vor, dass alle Schotten, die auf einer B\u00fchne stehen und losrocken, aussehen, wie eine Mischung zwischen \u2192 \u201eHighlander\u201c (Band und gleichnamiger Film) sowie \u201eBraveheart\u201c (Film)? Bei \u201eBiffy Clyro\u201c ist dieses Gef\u00fchl wieder ganz pr\u00e4sent\u2026 Als Main Act des ersten Deichbrand-Tages stehen die Musiker\u2026","rel":"","context":"In &quot;Acts&quot;","block_context":{"text":"Acts","link":"http:\/\/www.rockpixx.com\/wordpress\/category\/acts\/"},"img":{"alt_text":"","src":"https:\/\/i0.wp.com\/www.rockpixx.com\/wordpress\/wp-content\/uploads\/2014\/07\/20140718-10-151_biffy-clyro_Artikel.jpg?resize=350%2C200","width":350,"height":200,"srcset":"https:\/\/i0.wp.com\/www.rockpixx.com\/wordpress\/wp-content\/uploads\/2014\/07\/20140718-10-151_biffy-clyro_Artikel.jpg?resize=350%2C200 1x, https:\/\/i0.wp.com\/www.rockpixx.com\/wordpress\/wp-content\/uploads\/2014\/07\/20140718-10-151_biffy-clyro_Artikel.jpg?resize=525%2C300 1.5x, https:\/\/i0.wp.com\/www.rockpixx.com\/wordpress\/wp-content\/uploads\/2014\/07\/20140718-10-151_biffy-clyro_Artikel.jpg?resize=700%2C400 2x"},"classes":[]},{"id":8812,"url":"http:\/\/www.rockpixx.com\/wordpress\/immortal-sin-21-07-2012-nordholz-deichbrand-festival\/","url_meta":{"origin":8077,"position":5},"title":"Immortal Sin, 21.07.2012, Nordholz, Deichbrand Festival","author":"Anja","date":"21. Juli 2012","format":false,"excerpt":"Der Sonnabend beginnt auf der \u201eFire Stage\u201c mit den Local Heroes aus Cuxhaven: \u201eImmortal Sin\u201c. Lt. offizieller Deichbrand-App \u201esechsk\u00f6pfiger feinster Gothic Metal in der Tradition von Sch\u00f6ne-und-das-Biest-Formationen\u201c. Fernab dieser Prosa ist die S\u00e4ngerin Ann-Christin Lischer aber wirklich nett anzusehen und bewegt sich auch sehr effektvoll auf der B\u00fchne. Ihr Gegenpart\u2026","rel":"","context":"In &quot;Acts&quot;","block_context":{"text":"Acts","link":"http:\/\/www.rockpixx.com\/wordpress\/category\/acts\/"},"img":{"alt_text":"Immortal Sin, 21.07.2012, Nordholz, Deichbrand Festival","src":"https:\/\/i0.wp.com\/www.rockpixx.com\/wordpress\/wp-content\/uploads\/2013\/02\/20120721-01-immortal-sin-Artikel.jpg?resize=350%2C200","width":350,"height":200,"srcset":"https:\/\/i0.wp.com\/www.rockpixx.com\/wordpress\/wp-content\/uploads\/2013\/02\/20120721-01-immortal-sin-Artikel.jpg?resize=350%2C200 1x, https:\/\/i0.wp.com\/www.rockpixx.com\/wordpress\/wp-content\/uploads\/2013\/02\/20120721-01-immortal-sin-Artikel.jpg?resize=525%2C300 1.5x, https:\/\/i0.wp.com\/www.rockpixx.com\/wordpress\/wp-content\/uploads\/2013\/02\/20120721-01-immortal-sin-Artikel.jpg?resize=700%2C400 2x"},"classes":[]}],"jetpack_sharing_enabled":true,"publishpress_future_action":{"enabled":false,"date":"2026-05-06 22:59:00","action":"change-status","newStatus":"draft","terms":[],"taxonomy":"category","extraData":[]},"publishpress_future_workflow_manual_trigger":{"enabledWorkflows":[]},"_links":{"self":[{"href":"http:\/\/www.rockpixx.com\/wordpress\/wp-json\/wp\/v2\/posts\/8077","targetHints":{"allow":["GET"]}}],"collection":[{"href":"http:\/\/www.rockpixx.com\/wordpress\/wp-json\/wp\/v2\/posts"}],"about":[{"href":"http:\/\/www.rockpixx.com\/wordpress\/wp-json\/wp\/v2\/types\/post"}],"author":[{"embeddable":true,"href":"http:\/\/www.rockpixx.com\/wordpress\/wp-json\/wp\/v2\/users\/2"}],"replies":[{"embeddable":true,"href":"http:\/\/www.rockpixx.com\/wordpress\/wp-json\/wp\/v2\/comments?post=8077"}],"version-history":[{"count":0,"href":"http:\/\/www.rockpixx.com\/wordpress\/wp-json\/wp\/v2\/posts\/8077\/revisions"}],"wp:featuredmedia":[{"embeddable":true,"href":"http:\/\/www.rockpixx.com\/wordpress\/wp-json\/wp\/v2\/media\/8078"}],"wp:attachment":[{"href":"http:\/\/www.rockpixx.com\/wordpress\/wp-json\/wp\/v2\/media?parent=8077"}],"wp:term":[{"taxonomy":"category","embeddable":true,"href":"http:\/\/www.rockpixx.com\/wordpress\/wp-json\/wp\/v2\/categories?post=8077"},{"taxonomy":"post_tag","embeddable":true,"href":"http:\/\/www.rockpixx.com\/wordpress\/wp-json\/wp\/v2\/tags?post=8077"}],"curies":[{"name":"wp","href":"https:\/\/api.w.org\/{rel}","templated":true}]}}