{"id":8085,"date":"2011-07-22T03:00:23","date_gmt":"2011-07-22T01:00:23","guid":{"rendered":"http:\/\/rockpixx.com\/wordpress\/?p=8085"},"modified":"2013-02-04T22:48:55","modified_gmt":"2013-02-04T20:48:55","slug":"ghost-of-tom-joad-22-07-2011-nordholz-deichbrand-festival","status":"publish","type":"post","link":"http:\/\/www.rockpixx.com\/wordpress\/ghost-of-tom-joad-22-07-2011-nordholz-deichbrand-festival\/","title":{"rendered":"Ghost of Tom Joad, 22.07.2011, Nordholz, Deichbrand Festival"},"content":{"rendered":"<p>Indie-Pop als N\u00e4chstes: Die Jungs von \u201eGhost of Tom Joad\u201c haben sich nach einem Song von Bruce Springsteen benannt. Die Musik ist melodischer als bei den vorangegangenen zwei Acts und auch nicht ganz so laut (vielleicht haben sich aber auch nur meine Ohren inzwischen an die Soundkulisse gew\u00f6hnt). Eigentlich gef\u00e4llt mir die Musik sogar ganz gut. <!--more-->Das Licht auf der \u201eFire Stage\u201c ist noch ein wenig imposanter als nebenan auf der \u201eWater Stage\u201c: Hier gibt\u2019s sogar vier Follower, die allerdings am Nachmittag noch nicht viel zu tun haben. Der Nebel ist wiederum gigantisch, wird aber nat\u00fcrlich in alle Himmelsrichtungen kr\u00e4ftig zerblasen. Nass von oben ist es auch immer noch und mittlerweile sind alle Schie\u00df-Scharten von Fotokollegen besetzt.<\/p>\n<p style=\"text-align: right;\">Fotos:\u00a0<a href=\"mailto:info@rockpixx.com?subject=Fotos%20von%20Ghost%20of%20Tom%20Joad,%20Nordholz%20%E2%80%9EDeichbrand%20Festival%E2%80%9C,%2022.07.2011\">Alex<\/a>\u00a0| Text:\u00a0<a href=\"mailto:info@rockpixx.com?subject=Reviewtext%20von%20Ghost%20of%20Tom%20Joad,%20Nordholz%20%E2%80%9EDeichbrand%20Festival%E2%80%9C,%2022.07.2011\">Alex<\/a><\/p>\n<p style=\"text-align: left;\">\n<p style=\"text-align: left;\">[slideshow id=73]<\/p>\n<p>&nbsp;<\/p>\n","protected":false},"excerpt":{"rendered":"<p>Indie-Pop als N\u00e4chstes: Die Jungs von \u201eGhost of Tom Joad\u201c haben sich nach einem Song <a href=\"http:\/\/www.rockpixx.com\/wordpress\/ghost-of-tom-joad-22-07-2011-nordholz-deichbrand-festival\/\">Read more<\/a><\/p>\n","protected":false},"author":2,"featured_media":8109,"comment_status":"open","ping_status":"open","sticky":false,"template":"","format":"standard","meta":{"_jetpack_memberships_contains_paid_content":false,"footnotes":"","jetpack_publicize_message":"","jetpack_publicize_feature_enabled":true,"jetpack_social_post_already_shared":false,"jetpack_social_options":{"image_generator_settings":{"template":"highway","default_image_id":0,"font":"","enabled":false},"version":2}},"categories":[34,583],"tags":[1733,844,133,1943,2058],"class_list":["post-8085","post","type-post","status-publish","format-standard","has-post-thumbnail","hentry","category-acts","category-ghost-of-tom-joad","tag-1733","tag-deichbrand-festival","tag-festivals","tag-ghost-of-tom-joad","tag-nordholz"],"aioseo_notices":[],"jetpack_publicize_connections":[],"jetpack_featured_media_url":"http:\/\/www.rockpixx.com\/wordpress\/wp-content\/uploads\/2013\/02\/20110722-03-ghost-of-tom-joad-Artikel.jpg","jetpack-related-posts":[{"id":11777,"url":"http:\/\/www.rockpixx.com\/wordpress\/madsen-21-07-2013-deichbrand-festival-nordholz\/","url_meta":{"origin":8085,"position":0},"title":"MADSEN, 21.07.2013, Deichbrand Festival, Nordholz","author":"Anja","date":"28. Juli 2013","format":false,"excerpt":"Eigentlich steht ja bei \u201eMADSEN\u201c ein kleines Familienunternehmen auf der B\u00fchne \u2013 besteht doch die Band aus den drei Br\u00fcdern Sebastian, Johannes und Sasha Madsen, welche noch Unterst\u00fctzung von Nico Maurer am Bass erhalten. Die Musik rockt richtig los und geht in die Beine. S\u00e4nger Sebastian Madsen freut sich \u00fcber\u2026","rel":"","context":"In &quot;Acts&quot;","block_context":{"text":"Acts","link":"http:\/\/www.rockpixx.com\/wordpress\/category\/acts\/"},"img":{"alt_text":"Madsen","src":"https:\/\/i0.wp.com\/www.rockpixx.com\/wordpress\/wp-content\/uploads\/2013\/07\/20130721-08-049_madsen-Artikel.jpg?resize=350%2C200","width":350,"height":200,"srcset":"https:\/\/i0.wp.com\/www.rockpixx.com\/wordpress\/wp-content\/uploads\/2013\/07\/20130721-08-049_madsen-Artikel.jpg?resize=350%2C200 1x, https:\/\/i0.wp.com\/www.rockpixx.com\/wordpress\/wp-content\/uploads\/2013\/07\/20130721-08-049_madsen-Artikel.jpg?resize=525%2C300 1.5x, https:\/\/i0.wp.com\/www.rockpixx.com\/wordpress\/wp-content\/uploads\/2013\/07\/20130721-08-049_madsen-Artikel.jpg?resize=700%2C400 2x"},"classes":[]},{"id":8201,"url":"http:\/\/www.rockpixx.com\/wordpress\/guano-apes-23-07-2011-nordholz-deichbrand-festival\/","url_meta":{"origin":8085,"position":1},"title":"Guano Apes, 23.07.2011, Nordholz, Deichbrand Festival","author":"Anja","date":"23. Juli 2011","format":false,"excerpt":"Und nun die absoluten Headliner des Sonnabends: Die \u201eGuano Apes\u201c stehen auf der B\u00fchne, nachdem sie sich nach 5\u00a0Jahren Pause eindrucksvoll mit dem neuen Album \u201eBel Air\u201c zur\u00fcckgemeldet haben. Vor der B\u00fchne herrscht Alarmstufe 1: Noch mehr Securities, die Wellenbrecher werden noch einmal ausgebaut, wir d\u00fcrfen nur noch durch den\u2026","rel":"","context":"In &quot;Acts&quot;","block_context":{"text":"Acts","link":"http:\/\/www.rockpixx.com\/wordpress\/category\/acts\/"},"img":{"alt_text":"Guano Apes, 23.07.2011, Nordholz, Deichbrand Festival","src":"https:\/\/i0.wp.com\/www.rockpixx.com\/wordpress\/wp-content\/uploads\/2013\/02\/20110723-10-guano-apes-Artikel.jpg?resize=350%2C200","width":350,"height":200,"srcset":"https:\/\/i0.wp.com\/www.rockpixx.com\/wordpress\/wp-content\/uploads\/2013\/02\/20110723-10-guano-apes-Artikel.jpg?resize=350%2C200 1x, https:\/\/i0.wp.com\/www.rockpixx.com\/wordpress\/wp-content\/uploads\/2013\/02\/20110723-10-guano-apes-Artikel.jpg?resize=525%2C300 1.5x, https:\/\/i0.wp.com\/www.rockpixx.com\/wordpress\/wp-content\/uploads\/2013\/02\/20110723-10-guano-apes-Artikel.jpg?resize=700%2C400 2x"},"classes":[]},{"id":8222,"url":"http:\/\/www.rockpixx.com\/wordpress\/paint-me-picasso-24-07-2011-nordholz-deichbrand-festival\/","url_meta":{"origin":8085,"position":2},"title":"Paint me Picasso, 24.07.2011, Nordholz, Deichbrand Festival","author":"Anja","date":"24. Juli 2011","format":false,"excerpt":"Der Sonntag beginnt mit Aufr\u00e4umarbeiten: Das gesamte Festivalgel\u00e4nde ist in der Nacht von Sturm und Regen reichlich zerdengelt worden, an einen Einlass um 11:00 Uhr ist nicht zu denken. Zudem m\u00fcssen \u2013 aufgrund der gestrigen Vorf\u00e4lle \u2013 die Sicherheitsma\u00dfnahmen noch einmal versch\u00e4rft werden (weitere Wellenbrecher, deutliche Verbreiterung des Grabens) und\u2026","rel":"","context":"In &quot;Acts&quot;","block_context":{"text":"Acts","link":"http:\/\/www.rockpixx.com\/wordpress\/category\/acts\/"},"img":{"alt_text":"Paint me Picasso, 24.07.2011, Nordholz, Deichbrand Festival","src":"https:\/\/i0.wp.com\/www.rockpixx.com\/wordpress\/wp-content\/uploads\/2013\/02\/20110724-01-paint-me-picasso-Artikel.jpg?resize=350%2C200","width":350,"height":200,"srcset":"https:\/\/i0.wp.com\/www.rockpixx.com\/wordpress\/wp-content\/uploads\/2013\/02\/20110724-01-paint-me-picasso-Artikel.jpg?resize=350%2C200 1x, https:\/\/i0.wp.com\/www.rockpixx.com\/wordpress\/wp-content\/uploads\/2013\/02\/20110724-01-paint-me-picasso-Artikel.jpg?resize=525%2C300 1.5x, https:\/\/i0.wp.com\/www.rockpixx.com\/wordpress\/wp-content\/uploads\/2013\/02\/20110724-01-paint-me-picasso-Artikel.jpg?resize=700%2C400 2x"},"classes":[]},{"id":15167,"url":"http:\/\/www.rockpixx.com\/wordpress\/prinz-pi-18-07-2014-deichbrand-festival-nordholz\/","url_meta":{"origin":8085,"position":3},"title":"Prinz Pi, 18.07.2014, Deichbrand Festival, Nordholz","author":"admin","date":"18. Juli 2014","format":false,"excerpt":"Gerade eben noch Mittelalterrock auf der Firestage mit \u2192 \u201eSubway to Sally\u201c, jetzt deutscher Rap auf der Waterstage mit \u201ePrinz Pi\u201c \u2013 so abwechslungsreich geht es auf dem Deichbrand zu. Zugegeben, meine Musik ist das nie gewesen und wird es auch nie werden, aber dennoch kommt die Begleitband um den\u2026","rel":"","context":"In &quot;Acts&quot;","block_context":{"text":"Acts","link":"http:\/\/www.rockpixx.com\/wordpress\/category\/acts\/"},"img":{"alt_text":"Prinz Pi, 18.07.2014, Deichbrand Open Air, Seeflughafen, Nordholz","src":"https:\/\/i0.wp.com\/www.rockpixx.com\/wordpress\/wp-content\/uploads\/2014\/07\/20140718-04-013_prinz-pi_Artikl.jpg?resize=350%2C200","width":350,"height":200,"srcset":"https:\/\/i0.wp.com\/www.rockpixx.com\/wordpress\/wp-content\/uploads\/2014\/07\/20140718-04-013_prinz-pi_Artikl.jpg?resize=350%2C200 1x, https:\/\/i0.wp.com\/www.rockpixx.com\/wordpress\/wp-content\/uploads\/2014\/07\/20140718-04-013_prinz-pi_Artikl.jpg?resize=525%2C300 1.5x, https:\/\/i0.wp.com\/www.rockpixx.com\/wordpress\/wp-content\/uploads\/2014\/07\/20140718-04-013_prinz-pi_Artikl.jpg?resize=700%2C400 2x"},"classes":[]},{"id":15189,"url":"http:\/\/www.rockpixx.com\/wordpress\/biffy-clyro-18-07-2014-deichbrand-festival-nordholz\/","url_meta":{"origin":8085,"position":4},"title":"Biffy Clyro, 18.07.2014, Deichbrand Festival, Nordholz","author":"admin","date":"19. Juli 2014","format":false,"excerpt":"Wieso kommt es mir eigentlich immer so vor, dass alle Schotten, die auf einer B\u00fchne stehen und losrocken, aussehen, wie eine Mischung zwischen \u2192 \u201eHighlander\u201c (Band und gleichnamiger Film) sowie \u201eBraveheart\u201c (Film)? Bei \u201eBiffy Clyro\u201c ist dieses Gef\u00fchl wieder ganz pr\u00e4sent\u2026 Als Main Act des ersten Deichbrand-Tages stehen die Musiker\u2026","rel":"","context":"In &quot;Acts&quot;","block_context":{"text":"Acts","link":"http:\/\/www.rockpixx.com\/wordpress\/category\/acts\/"},"img":{"alt_text":"","src":"https:\/\/i0.wp.com\/www.rockpixx.com\/wordpress\/wp-content\/uploads\/2014\/07\/20140718-10-151_biffy-clyro_Artikel.jpg?resize=350%2C200","width":350,"height":200,"srcset":"https:\/\/i0.wp.com\/www.rockpixx.com\/wordpress\/wp-content\/uploads\/2014\/07\/20140718-10-151_biffy-clyro_Artikel.jpg?resize=350%2C200 1x, https:\/\/i0.wp.com\/www.rockpixx.com\/wordpress\/wp-content\/uploads\/2014\/07\/20140718-10-151_biffy-clyro_Artikel.jpg?resize=525%2C300 1.5x, https:\/\/i0.wp.com\/www.rockpixx.com\/wordpress\/wp-content\/uploads\/2014\/07\/20140718-10-151_biffy-clyro_Artikel.jpg?resize=700%2C400 2x"},"classes":[]},{"id":8094,"url":"http:\/\/www.rockpixx.com\/wordpress\/the-bosshoss-22-07-2011-nordholz-deichbrand-festival\/","url_meta":{"origin":8085,"position":5},"title":"The Bosshoss, 22.07.2011, Nordholz, Deichbrand Festival","author":"Anja","date":"22. Juli 2011","format":false,"excerpt":"Entweder haben wir im Pressezelt Strom oder WLAN-Zugang. Momentan k\u00f6nnen wir uns \u00fcber Strom nicht beklagen\u2026 Aber was soll\u2019s \u2013 \u201eThe Bosshoss\u201c stehen auf der B\u00fchne und die haben wir von rockpixx.com schon sehr lange auf unserer Wunschliste stehen gehabt! Was uns da im breitesten (und vermutlich texanischen) Slang angek\u00fcndigt\u2026","rel":"","context":"In &quot;Acts&quot;","block_context":{"text":"Acts","link":"http:\/\/www.rockpixx.com\/wordpress\/category\/acts\/"},"img":{"alt_text":"The Bosshoss, 22.07.2011, Nordholz, Deichbrand Festival","src":"https:\/\/i0.wp.com\/www.rockpixx.com\/wordpress\/wp-content\/uploads\/2013\/02\/20110722-06-the-bosshoss-Artikel.jpg?resize=350%2C200","width":350,"height":200,"srcset":"https:\/\/i0.wp.com\/www.rockpixx.com\/wordpress\/wp-content\/uploads\/2013\/02\/20110722-06-the-bosshoss-Artikel.jpg?resize=350%2C200 1x, https:\/\/i0.wp.com\/www.rockpixx.com\/wordpress\/wp-content\/uploads\/2013\/02\/20110722-06-the-bosshoss-Artikel.jpg?resize=525%2C300 1.5x, https:\/\/i0.wp.com\/www.rockpixx.com\/wordpress\/wp-content\/uploads\/2013\/02\/20110722-06-the-bosshoss-Artikel.jpg?resize=700%2C400 2x"},"classes":[]}],"jetpack_sharing_enabled":true,"publishpress_future_action":{"enabled":false,"date":"2026-05-06 22:59:00","action":"change-status","newStatus":"draft","terms":[],"taxonomy":"category","extraData":[]},"publishpress_future_workflow_manual_trigger":{"enabledWorkflows":[]},"_links":{"self":[{"href":"http:\/\/www.rockpixx.com\/wordpress\/wp-json\/wp\/v2\/posts\/8085","targetHints":{"allow":["GET"]}}],"collection":[{"href":"http:\/\/www.rockpixx.com\/wordpress\/wp-json\/wp\/v2\/posts"}],"about":[{"href":"http:\/\/www.rockpixx.com\/wordpress\/wp-json\/wp\/v2\/types\/post"}],"author":[{"embeddable":true,"href":"http:\/\/www.rockpixx.com\/wordpress\/wp-json\/wp\/v2\/users\/2"}],"replies":[{"embeddable":true,"href":"http:\/\/www.rockpixx.com\/wordpress\/wp-json\/wp\/v2\/comments?post=8085"}],"version-history":[{"count":0,"href":"http:\/\/www.rockpixx.com\/wordpress\/wp-json\/wp\/v2\/posts\/8085\/revisions"}],"wp:featuredmedia":[{"embeddable":true,"href":"http:\/\/www.rockpixx.com\/wordpress\/wp-json\/wp\/v2\/media\/8109"}],"wp:attachment":[{"href":"http:\/\/www.rockpixx.com\/wordpress\/wp-json\/wp\/v2\/media?parent=8085"}],"wp:term":[{"taxonomy":"category","embeddable":true,"href":"http:\/\/www.rockpixx.com\/wordpress\/wp-json\/wp\/v2\/categories?post=8085"},{"taxonomy":"post_tag","embeddable":true,"href":"http:\/\/www.rockpixx.com\/wordpress\/wp-json\/wp\/v2\/tags?post=8085"}],"curies":[{"name":"wp","href":"https:\/\/api.w.org\/{rel}","templated":true}]}}