{"id":8091,"date":"2011-07-22T05:00:09","date_gmt":"2011-07-22T03:00:09","guid":{"rendered":"http:\/\/rockpixx.com\/wordpress\/?p=8091"},"modified":"2013-09-27T20:26:58","modified_gmt":"2013-09-27T19:26:58","slug":"juli-22-07-2011-nordholz-deichbrand-festival","status":"publish","type":"post","link":"http:\/\/www.rockpixx.com\/wordpress\/juli-22-07-2011-nordholz-deichbrand-festival\/","title":{"rendered":"Juli, 22.07.2011, Nordholz, Deichbrand Festival"},"content":{"rendered":"<p>Irgendwie ist es schon witzig: Da tr\u00e4gt eine tolle Band so einen sommerlichen Namen und dann s\u00e4uft im Juni unsere Fotografin vor der NDR-B\u00fchne in Kiel w\u00e4hrend der \u201eKieler Woche 2011\u201c im Regen ab und bringt keine Bilder vom Auftritt mit. Und was passiert dem Fotografen im Juli 2011 mit \u201eJuli\u201c auf dem \u201eDeichbrand\u201c?<!--more--> Genau: Er s\u00e4uft ebenfalls im Graben ab, schafft es aber immerhin noch, ein paar Bilder von Eva Briegel und ihren Jungs auf den Speicherkarten der Kameras mit nach Hause zu bringen. Und somit gilt also:<\/p>\n<p>\u201eLadies and Gentlemen&#8230; rockpixx.com proudly presents: Juuuuuuuliiiiiiiiii!\u201c<\/p>\n<p style=\"text-align: right;\">Fotos:\u00a0<a href=\"mailto:info@rockpixx.com?subject=Fotos%20von%20Juli,%20Nordholz%20%E2%80%9EDeichbrand%20Festival%E2%80%9C,%2022.07.2011\">Alex<\/a>\u00a0| Text:\u00a0<a href=\"mailto:info@rockpixx.com?subject=Reviewtext%20von%20Juli,%20Nordholz%20%E2%80%9EDeichbrand%20Festival%E2%80%9C,%2022.07.2011\">Alex<\/a><\/p>\n<p>&nbsp;<\/p>\n<p>[slideshow id=75]<\/p>\n","protected":false},"excerpt":{"rendered":"<p>Irgendwie ist es schon witzig: Da tr\u00e4gt eine tolle Band so einen sommerlichen Namen und <a href=\"http:\/\/www.rockpixx.com\/wordpress\/juli-22-07-2011-nordholz-deichbrand-festival\/\">Read more<\/a><\/p>\n","protected":false},"author":2,"featured_media":8111,"comment_status":"open","ping_status":"open","sticky":false,"template":"","format":"standard","meta":{"_jetpack_memberships_contains_paid_content":false,"footnotes":"","jetpack_publicize_message":"","jetpack_publicize_feature_enabled":true,"jetpack_social_post_already_shared":false,"jetpack_social_options":{"image_generator_settings":{"template":"highway","default_image_id":0,"font":"","enabled":false},"version":2}},"categories":[34,585],"tags":[1733,1285,844,133,1946,2058],"class_list":["post-8091","post","type-post","status-publish","format-standard","has-post-thumbnail","hentry","category-acts","category-juli","tag-1733","tag-bundesvision-song-contest","tag-deichbrand-festival","tag-festivals","tag-juli","tag-nordholz"],"aioseo_notices":[],"jetpack_publicize_connections":[],"jetpack_featured_media_url":"http:\/\/www.rockpixx.com\/wordpress\/wp-content\/uploads\/2013\/02\/20110722-05-juli-Artikel.jpg","jetpack-related-posts":[{"id":8104,"url":"http:\/\/www.rockpixx.com\/wordpress\/bullet-for-my-valentine-22-07-2011-nordholz-deichbrand-festival\/","url_meta":{"origin":8091,"position":0},"title":"Bullet for my Valentine, 22.07.2011, Nordholz, Deichbrand Festival","author":"Anja","date":"22. Juli 2011","format":false,"excerpt":"Und dann der absolute Mainact des ersten Abends: \u201eBullet for my Valentine\u201c stehen auf der B\u00fchne. Im Graben wird\u2019s (nach dem mittlerweile obligatorischen Hineinbegleiten) beim \u201ebetreuten Fotografieren\u201c noch enger, im Publikum noch hitziger, bei der Security noch nerv\u00f6ser und vom Himmel her noch nasser. Auf der B\u00fchne ist\u2019s hell, aber\u2026","rel":"","context":"In &quot;Acts&quot;","block_context":{"text":"Acts","link":"http:\/\/www.rockpixx.com\/wordpress\/category\/acts\/"},"img":{"alt_text":"Bullet for my Valentine, 22.07.2011, Nordholz, Deichbrand Festival","src":"https:\/\/i0.wp.com\/www.rockpixx.com\/wordpress\/wp-content\/uploads\/2013\/02\/20110722-09-bullet-for-my-valentine-Artikel.jpg?resize=350%2C200","width":350,"height":200,"srcset":"https:\/\/i0.wp.com\/www.rockpixx.com\/wordpress\/wp-content\/uploads\/2013\/02\/20110722-09-bullet-for-my-valentine-Artikel.jpg?resize=350%2C200 1x, https:\/\/i0.wp.com\/www.rockpixx.com\/wordpress\/wp-content\/uploads\/2013\/02\/20110722-09-bullet-for-my-valentine-Artikel.jpg?resize=525%2C300 1.5x, https:\/\/i0.wp.com\/www.rockpixx.com\/wordpress\/wp-content\/uploads\/2013\/02\/20110722-09-bullet-for-my-valentine-Artikel.jpg?resize=700%2C400 2x"},"classes":[]},{"id":8187,"url":"http:\/\/www.rockpixx.com\/wordpress\/jennifer-rostock-23-07-2011-nordholz-deichbrand-festival\/","url_meta":{"origin":8091,"position":1},"title":"Jennifer Rostock, 23.07.2011, Nordholz, Deichbrand Festival","author":"Anja","date":"23. Juli 2011","format":false,"excerpt":"Vorab eine Anmerkung: Ja, ich wei\u00df, dass die S\u00e4ngerin von \u201eJennifer Rostock\u201c nicht so, sondern \u201eJennifer Weist\u201c hei\u00dft. Und ich wei\u00df auch, dass zur Band noch vier m\u00e4nnliche Musiker geh\u00f6ren. Aber dennoch zeige ich hier ausschlie\u00dflich Bilder von der Frontfrau \u2013 sie gibt optisch einfach mehr her als ihre Kollegen.\u2026","rel":"","context":"In &quot;Acts&quot;","block_context":{"text":"Acts","link":"http:\/\/www.rockpixx.com\/wordpress\/category\/acts\/"},"img":{"alt_text":"Jennifer Rostock, 23.07.2011, Nordholz, Deichbrand Festival","src":"https:\/\/i0.wp.com\/www.rockpixx.com\/wordpress\/wp-content\/uploads\/2011\/07\/20110723-07-jennifer-rostock-Artikel.jpg?resize=350%2C200","width":350,"height":200,"srcset":"https:\/\/i0.wp.com\/www.rockpixx.com\/wordpress\/wp-content\/uploads\/2011\/07\/20110723-07-jennifer-rostock-Artikel.jpg?resize=350%2C200 1x, https:\/\/i0.wp.com\/www.rockpixx.com\/wordpress\/wp-content\/uploads\/2011\/07\/20110723-07-jennifer-rostock-Artikel.jpg?resize=525%2C300 1.5x, https:\/\/i0.wp.com\/www.rockpixx.com\/wordpress\/wp-content\/uploads\/2011\/07\/20110723-07-jennifer-rostock-Artikel.jpg?resize=700%2C400 2x"},"classes":[]},{"id":8241,"url":"http:\/\/www.rockpixx.com\/wordpress\/fotos-24-07-2011-nordholz-deichbrand-festival\/","url_meta":{"origin":8091,"position":2},"title":"Fotos, 24.07.2011, Nordholz, Deichbrand Festival","author":"Anja","date":"24. Juli 2011","format":false,"excerpt":"Fotos machen von einer Band mit Namen \u201eFotos\u201c? \u2013 Warum eigentlich nicht? Also \u2013 ab zur \u201eFire Stage\u201c und draufhalten\u2026 Die Musik kommt auch beim Publikum gut an, ohne dass dieses vermutlich den folgenden Pressetext kennt:\u00a0\u201eWer so um die Welt tigert wie diese Jungs, bringt gro\u00dfe Gef\u00fchle heim, w\u00e4chst innerlich\u2026","rel":"","context":"In &quot;Acts&quot;","block_context":{"text":"Acts","link":"http:\/\/www.rockpixx.com\/wordpress\/category\/acts\/"},"img":{"alt_text":"Fotos, 24.07.2011, Nordholz, Deichbrand Festival","src":"https:\/\/i0.wp.com\/www.rockpixx.com\/wordpress\/wp-content\/uploads\/2013\/02\/20110724-04-fotos-Artikel.jpg?resize=350%2C200","width":350,"height":200,"srcset":"https:\/\/i0.wp.com\/www.rockpixx.com\/wordpress\/wp-content\/uploads\/2013\/02\/20110724-04-fotos-Artikel.jpg?resize=350%2C200 1x, https:\/\/i0.wp.com\/www.rockpixx.com\/wordpress\/wp-content\/uploads\/2013\/02\/20110724-04-fotos-Artikel.jpg?resize=525%2C300 1.5x, https:\/\/i0.wp.com\/www.rockpixx.com\/wordpress\/wp-content\/uploads\/2013\/02\/20110724-04-fotos-Artikel.jpg?resize=700%2C400 2x"},"classes":[]},{"id":8235,"url":"http:\/\/www.rockpixx.com\/wordpress\/adept-24-07-2011-nordholz-deichbrand-festival\/","url_meta":{"origin":8091,"position":3},"title":"Adept, 24.07.2011, Nordholz, Deichbrand Festival","author":"Anja","date":"24. Juli 2011","format":false,"excerpt":"Unmittelbar vor dem Auftritt von \u201eAdept\u201c d\u00fcrfen auch endlich wieder die Zuschauer auf\u2019s Gel\u00e4nde. Viele sind es leider nicht und zudem ist die Sicht eingeschr\u00e4nkt ob des vielen Wassers in der Luft. Mein \u201elila Strampelanzug\u201c bew\u00e4hrt sich erneut und die mit M\u00fcllt\u00fcten gesch\u00fctzen Kameras verrichten nach wie vor relativ trocken\u2026","rel":"","context":"In &quot;Acts&quot;","block_context":{"text":"Acts","link":"http:\/\/www.rockpixx.com\/wordpress\/category\/acts\/"},"img":{"alt_text":"Adept, 24.07.2011, Nordholz, Deichbrand Festival","src":"https:\/\/i0.wp.com\/www.rockpixx.com\/wordpress\/wp-content\/uploads\/2013\/02\/20110724-02-adept-Artikel.jpg?resize=350%2C200","width":350,"height":200,"srcset":"https:\/\/i0.wp.com\/www.rockpixx.com\/wordpress\/wp-content\/uploads\/2013\/02\/20110724-02-adept-Artikel.jpg?resize=350%2C200 1x, https:\/\/i0.wp.com\/www.rockpixx.com\/wordpress\/wp-content\/uploads\/2013\/02\/20110724-02-adept-Artikel.jpg?resize=525%2C300 1.5x, https:\/\/i0.wp.com\/www.rockpixx.com\/wordpress\/wp-content\/uploads\/2013\/02\/20110724-02-adept-Artikel.jpg?resize=700%2C400 2x"},"classes":[]},{"id":8267,"url":"http:\/\/www.rockpixx.com\/wordpress\/die-happy-24-07-2011-nordholz-deichbrand-festival\/","url_meta":{"origin":8091,"position":4},"title":"Die Happy, 24.07.2011, Nordholz, Deichbrand Festival","author":"Anja","date":"24. Juli 2011","format":false,"excerpt":"\u201eDie Happy\u201c \u2013 auf Deutsch \u201eHals- und Beinruch\u201c \u2013 sollen das Deichbrand auf der \u201eWater Stage\u201c beschlie\u00dfen und das tun sie auch mit einer beeindruckenden Vorstellung. Frontfrau Marta Jandov\u00e1 gibt die Pace vor, Mitmusiker und Fans folgen ihr nur allzu bereitwillig \u2013 vor allem die Fans. Marta wiederum ist so\u2026","rel":"","context":"In &quot;Acts&quot;","block_context":{"text":"Acts","link":"http:\/\/www.rockpixx.com\/wordpress\/category\/acts\/"},"img":{"alt_text":"Die Happy, 24.07.2011, Nordholz, Deichbrand Festival","src":"https:\/\/i0.wp.com\/www.rockpixx.com\/wordpress\/wp-content\/uploads\/2013\/02\/20110724-09-die-happy-Artikel.jpg?resize=350%2C200","width":350,"height":200,"srcset":"https:\/\/i0.wp.com\/www.rockpixx.com\/wordpress\/wp-content\/uploads\/2013\/02\/20110724-09-die-happy-Artikel.jpg?resize=350%2C200 1x, https:\/\/i0.wp.com\/www.rockpixx.com\/wordpress\/wp-content\/uploads\/2013\/02\/20110724-09-die-happy-Artikel.jpg?resize=525%2C300 1.5x, https:\/\/i0.wp.com\/www.rockpixx.com\/wordpress\/wp-content\/uploads\/2013\/02\/20110724-09-die-happy-Artikel.jpg?resize=700%2C400 2x"},"classes":[]},{"id":8077,"url":"http:\/\/www.rockpixx.com\/wordpress\/occulus-22-07-2011-nordholz-deichbrand-festival\/","url_meta":{"origin":8091,"position":5},"title":"Occulus, 22.07.2011, Nordholz, Deichbrand Festival","author":"Anja","date":"22. Juli 2011","format":false,"excerpt":"\u201eFeiner Midtempo Thrash mit deutschen Texten\u201c\u00a0\u2013 so steht\u2019s im Programm. Nun ja, laut ist es zumindest, was die vier norddeutschen Musiker da als Festival-Opener auf der \u201eFire Stage\u201c beim \u201eDeichbrand 2011\u201c hinlegen. Viel von den Texten verstehe ich nicht, daf\u00fcr werde ich erstmalig ordentlich nass \u2013 Regen und Sturm sei\u2026","rel":"","context":"In &quot;Acts&quot;","block_context":{"text":"Acts","link":"http:\/\/www.rockpixx.com\/wordpress\/category\/acts\/"},"img":{"alt_text":"Occulus, 22.07.2011, Nordholz, Deichbrand Festival","src":"https:\/\/i0.wp.com\/www.rockpixx.com\/wordpress\/wp-content\/uploads\/2013\/02\/20110722-01-occulus-Artikel.jpg?resize=350%2C200","width":350,"height":200,"srcset":"https:\/\/i0.wp.com\/www.rockpixx.com\/wordpress\/wp-content\/uploads\/2013\/02\/20110722-01-occulus-Artikel.jpg?resize=350%2C200 1x, https:\/\/i0.wp.com\/www.rockpixx.com\/wordpress\/wp-content\/uploads\/2013\/02\/20110722-01-occulus-Artikel.jpg?resize=525%2C300 1.5x, https:\/\/i0.wp.com\/www.rockpixx.com\/wordpress\/wp-content\/uploads\/2013\/02\/20110722-01-occulus-Artikel.jpg?resize=700%2C400 2x"},"classes":[]}],"jetpack_sharing_enabled":true,"publishpress_future_action":{"enabled":false,"date":"2026-05-07 09:02:24","action":"change-status","newStatus":"draft","terms":[],"taxonomy":"category","extraData":[]},"publishpress_future_workflow_manual_trigger":{"enabledWorkflows":[]},"_links":{"self":[{"href":"http:\/\/www.rockpixx.com\/wordpress\/wp-json\/wp\/v2\/posts\/8091","targetHints":{"allow":["GET"]}}],"collection":[{"href":"http:\/\/www.rockpixx.com\/wordpress\/wp-json\/wp\/v2\/posts"}],"about":[{"href":"http:\/\/www.rockpixx.com\/wordpress\/wp-json\/wp\/v2\/types\/post"}],"author":[{"embeddable":true,"href":"http:\/\/www.rockpixx.com\/wordpress\/wp-json\/wp\/v2\/users\/2"}],"replies":[{"embeddable":true,"href":"http:\/\/www.rockpixx.com\/wordpress\/wp-json\/wp\/v2\/comments?post=8091"}],"version-history":[{"count":0,"href":"http:\/\/www.rockpixx.com\/wordpress\/wp-json\/wp\/v2\/posts\/8091\/revisions"}],"wp:featuredmedia":[{"embeddable":true,"href":"http:\/\/www.rockpixx.com\/wordpress\/wp-json\/wp\/v2\/media\/8111"}],"wp:attachment":[{"href":"http:\/\/www.rockpixx.com\/wordpress\/wp-json\/wp\/v2\/media?parent=8091"}],"wp:term":[{"taxonomy":"category","embeddable":true,"href":"http:\/\/www.rockpixx.com\/wordpress\/wp-json\/wp\/v2\/categories?post=8091"},{"taxonomy":"post_tag","embeddable":true,"href":"http:\/\/www.rockpixx.com\/wordpress\/wp-json\/wp\/v2\/tags?post=8091"}],"curies":[{"name":"wp","href":"https:\/\/api.w.org\/{rel}","templated":true}]}}