{"id":8094,"date":"2011-07-22T06:00:29","date_gmt":"2011-07-22T04:00:29","guid":{"rendered":"http:\/\/rockpixx.com\/wordpress\/?p=8094"},"modified":"2013-02-04T23:24:20","modified_gmt":"2013-02-04T21:24:20","slug":"the-bosshoss-22-07-2011-nordholz-deichbrand-festival","status":"publish","type":"post","link":"http:\/\/www.rockpixx.com\/wordpress\/the-bosshoss-22-07-2011-nordholz-deichbrand-festival\/","title":{"rendered":"The Bosshoss, 22.07.2011, Nordholz, Deichbrand Festival"},"content":{"rendered":"<p>Entweder haben wir im Pressezelt Strom oder WLAN-Zugang. Momentan k\u00f6nnen wir uns \u00fcber Strom nicht beklagen\u2026 Aber was soll\u2019s \u2013 \u201eThe Bosshoss\u201c stehen auf der B\u00fchne und die haben wir von rockpixx.com schon sehr lange auf unserer Wunschliste stehen gehabt!<!--more--><\/p>\n<p>Was uns da im breitesten (und vermutlich texanischen) Slang angek\u00fcndigt wird, ist nahezu unverst\u00e4ndlich, geht aber sofort in die Beine: \u201eYeeeha!\u201c schallt es aus mehr als 10.000 Kehlen. Erstaunlich, dass Country Rock im weitesten Sinne die Besucher eines eher an der h\u00e4rteren Musik orientierten Festivals begeistern kann. Aber das haben \u201eThe Bosshoss\u201c ja auch schon bei \u201eRock am Ring\u201c oder in Wacken bewiesen.<\/p>\n<p>Fazit: Insgesamt eine absolut sehenswerte Show und h\u00f6renswert sind die Coverversionen \u201eHey Joe\u201c von Jimmy Hendrix bzw. \u201e\u00c7a Plane Pour Moi\u201c von Plastic Bertrand allemal.<\/p>\n<p style=\"text-align: right;\">Fotos:\u00a0<a href=\"mailto:info@rockpixx.com?subject=Fotos%20von%20The%20Bosshoss,%20Nordholz%20%E2%80%9EDeichbrand%20Festival%E2%80%9C,%2022.07.2011\">Alex<\/a>\u00a0| Text:\u00a0<a href=\"mailto:info@rockpixx.com?subject=Reviewtext%20von%20The%20Bosshoss,%20Nordholz%20%E2%80%9EDeichbrand%20Festival%E2%80%9C,%2022.07.2011\">Alex<\/a><\/p>\n<p>&nbsp;<\/p>\n<p>[slideshow id=76]<\/p>\n","protected":false},"excerpt":{"rendered":"<p>Entweder haben wir im Pressezelt Strom oder WLAN-Zugang. Momentan k\u00f6nnen wir uns \u00fcber Strom nicht <a href=\"http:\/\/www.rockpixx.com\/wordpress\/the-bosshoss-22-07-2011-nordholz-deichbrand-festival\/\">Read more<\/a><\/p>\n","protected":false},"author":2,"featured_media":8112,"comment_status":"open","ping_status":"open","sticky":false,"template":"","format":"standard","meta":{"_jetpack_memberships_contains_paid_content":false,"footnotes":"","jetpack_publicize_message":"","jetpack_publicize_feature_enabled":true,"jetpack_social_post_already_shared":false,"jetpack_social_options":{"image_generator_settings":{"template":"highway","default_image_id":0,"font":"","enabled":false},"version":2}},"categories":[34,586],"tags":[1733,844,133,2058,847],"class_list":["post-8094","post","type-post","status-publish","format-standard","has-post-thumbnail","hentry","category-acts","category-the-bosshoss","tag-1733","tag-deichbrand-festival","tag-festivals","tag-nordholz","tag-the-bosshoss-2"],"aioseo_notices":[],"jetpack_publicize_connections":[],"jetpack_featured_media_url":"http:\/\/www.rockpixx.com\/wordpress\/wp-content\/uploads\/2013\/02\/20110722-06-the-bosshoss-Artikel.jpg","jetpack-related-posts":[{"id":8101,"url":"http:\/\/www.rockpixx.com\/wordpress\/donots-22-07-2011-nordholz-deichbrand-festival\/","url_meta":{"origin":8094,"position":0},"title":"Donots, 22.07.2011, Nordholz, Deichbrand Festival","author":"Anja","date":"22. Juli 2011","format":false,"excerpt":"Im Pressezelt wird\u2019s dunkel, das Arbeiten am Laptop wird also nicht einfacher, obwohl wir mittlerweile wieder Strom\u00a0und\u00a0WLAN haben \u2013 nur der Kaffee ist leider alle. Freundlicherweise bekommen wir einen Baustrahler ins Zelt gestellt, auf dass wir erhellt werden m\u00f6gen. Dummerweise wird der so hei\u00df, dass er seinen eigenen Griff abfackelt\u2026","rel":"","context":"In &quot;Acts&quot;","block_context":{"text":"Acts","link":"http:\/\/www.rockpixx.com\/wordpress\/category\/acts\/"},"img":{"alt_text":"Donots, 22.07.2011, Nordholz, Deichbrand Festival","src":"https:\/\/i0.wp.com\/www.rockpixx.com\/wordpress\/wp-content\/uploads\/2013\/02\/20110722-08-donots-Artikel.jpg?resize=350%2C200","width":350,"height":200,"srcset":"https:\/\/i0.wp.com\/www.rockpixx.com\/wordpress\/wp-content\/uploads\/2013\/02\/20110722-08-donots-Artikel.jpg?resize=350%2C200 1x, https:\/\/i0.wp.com\/www.rockpixx.com\/wordpress\/wp-content\/uploads\/2013\/02\/20110722-08-donots-Artikel.jpg?resize=525%2C300 1.5x, https:\/\/i0.wp.com\/www.rockpixx.com\/wordpress\/wp-content\/uploads\/2013\/02\/20110722-08-donots-Artikel.jpg?resize=700%2C400 2x"},"classes":[]},{"id":8163,"url":"http:\/\/www.rockpixx.com\/wordpress\/leyan-23-07-2011-nordholz-deichbrand-festival\/","url_meta":{"origin":8094,"position":1},"title":"Leyan, 23.07.2011, Nordholz, Deichbrand Festival","author":"Anja","date":"23. Juli 2011","format":false,"excerpt":"Der Sonnabend ist da \u2013 Regen und Sturm sind geblieben. Schon bei der Fahrt zum Festivalgel\u00e4nde haben meine Scheibenwischer M\u00fche, f\u00fcr klare Sichtverh\u00e4ltnisse zu sorgen und dabei sind sie nagelneu. Aber eigentlich ist mir das jetzt auch egal, ich bin nach dem System \u201eZwiebelschale\u201c angekleidet. Drei Schichten Klamotten am K\u00f6rper\u2026","rel":"","context":"In &quot;Acts&quot;","block_context":{"text":"Acts","link":"http:\/\/www.rockpixx.com\/wordpress\/category\/acts\/"},"img":{"alt_text":"Leyan, 23.07.2011, Nordholz, Deichbrand Festival","src":"https:\/\/i0.wp.com\/www.rockpixx.com\/wordpress\/wp-content\/uploads\/2013\/02\/20110723-01-leyan-Artikel.jpg?resize=350%2C200","width":350,"height":200,"srcset":"https:\/\/i0.wp.com\/www.rockpixx.com\/wordpress\/wp-content\/uploads\/2013\/02\/20110723-01-leyan-Artikel.jpg?resize=350%2C200 1x, https:\/\/i0.wp.com\/www.rockpixx.com\/wordpress\/wp-content\/uploads\/2013\/02\/20110723-01-leyan-Artikel.jpg?resize=525%2C300 1.5x, https:\/\/i0.wp.com\/www.rockpixx.com\/wordpress\/wp-content\/uploads\/2013\/02\/20110723-01-leyan-Artikel.jpg?resize=700%2C400 2x"},"classes":[]},{"id":8174,"url":"http:\/\/www.rockpixx.com\/wordpress\/beige-23-07-2011-nordholz-deichbrand-festival\/","url_meta":{"origin":8094,"position":2},"title":"Beige, 23.07.2011, Nordholz, Deichbrand Festival","author":"Anja","date":"23. Juli 2011","format":false,"excerpt":"\u201eBeige\u201c auf der n\u00e4chsten B\u00fchne \u2013 inklusive h\u00fcbscher S\u00e4ngerin, die auch noch gut bei Stimme ist. Leider sind auch noch zwei Knipser auf der B\u00fchne, die dauernd vor den Musikern in voller Gr\u00f6\u00dfe herumspringen, um allen zu zeigen, dass Ihre Kameras (eine DSLR, eine Kompakte) auch Video beherrschen. Manchmal m\u00f6chte\u2026","rel":"","context":"In &quot;Acts&quot;","block_context":{"text":"Acts","link":"http:\/\/www.rockpixx.com\/wordpress\/category\/acts\/"},"img":{"alt_text":"Beige, 23.07.2011, Nordholz, Deichbrand Festival","src":"https:\/\/i0.wp.com\/www.rockpixx.com\/wordpress\/wp-content\/uploads\/2013\/02\/20110723-02-beige-Artikel.jpg?resize=350%2C200","width":350,"height":200,"srcset":"https:\/\/i0.wp.com\/www.rockpixx.com\/wordpress\/wp-content\/uploads\/2013\/02\/20110723-02-beige-Artikel.jpg?resize=350%2C200 1x, https:\/\/i0.wp.com\/www.rockpixx.com\/wordpress\/wp-content\/uploads\/2013\/02\/20110723-02-beige-Artikel.jpg?resize=525%2C300 1.5x, https:\/\/i0.wp.com\/www.rockpixx.com\/wordpress\/wp-content\/uploads\/2013\/02\/20110723-02-beige-Artikel.jpg?resize=700%2C400 2x"},"classes":[]},{"id":8201,"url":"http:\/\/www.rockpixx.com\/wordpress\/guano-apes-23-07-2011-nordholz-deichbrand-festival\/","url_meta":{"origin":8094,"position":3},"title":"Guano Apes, 23.07.2011, Nordholz, Deichbrand Festival","author":"Anja","date":"23. Juli 2011","format":false,"excerpt":"Und nun die absoluten Headliner des Sonnabends: Die \u201eGuano Apes\u201c stehen auf der B\u00fchne, nachdem sie sich nach 5\u00a0Jahren Pause eindrucksvoll mit dem neuen Album \u201eBel Air\u201c zur\u00fcckgemeldet haben. Vor der B\u00fchne herrscht Alarmstufe 1: Noch mehr Securities, die Wellenbrecher werden noch einmal ausgebaut, wir d\u00fcrfen nur noch durch den\u2026","rel":"","context":"In &quot;Acts&quot;","block_context":{"text":"Acts","link":"http:\/\/www.rockpixx.com\/wordpress\/category\/acts\/"},"img":{"alt_text":"Guano Apes, 23.07.2011, Nordholz, Deichbrand Festival","src":"https:\/\/i0.wp.com\/www.rockpixx.com\/wordpress\/wp-content\/uploads\/2013\/02\/20110723-10-guano-apes-Artikel.jpg?resize=350%2C200","width":350,"height":200,"srcset":"https:\/\/i0.wp.com\/www.rockpixx.com\/wordpress\/wp-content\/uploads\/2013\/02\/20110723-10-guano-apes-Artikel.jpg?resize=350%2C200 1x, https:\/\/i0.wp.com\/www.rockpixx.com\/wordpress\/wp-content\/uploads\/2013\/02\/20110723-10-guano-apes-Artikel.jpg?resize=525%2C300 1.5x, https:\/\/i0.wp.com\/www.rockpixx.com\/wordpress\/wp-content\/uploads\/2013\/02\/20110723-10-guano-apes-Artikel.jpg?resize=700%2C400 2x"},"classes":[]},{"id":8871,"url":"http:\/\/www.rockpixx.com\/wordpress\/eisbrecher-22-07-2012-nordholz-deichbrand-festival\/","url_meta":{"origin":8094,"position":4},"title":"Eisbrecher, 22.07.2012, Nordholz, Deichbrand Festival","author":"Anja","date":"22. Juli 2012","format":false,"excerpt":"\u201eAuch wir waren alle im katholischen Internat. Auch wir wurden misshandelt. Aber die Schokolade war gut.\u201c So ein Ausspruch kann eigentlich nur von einem Bayern kommen, wenn er im Norden zu Gast ist: Alexx Wesselsky von \u201eEisbrecher\u201c. Bereits \u2192\u00a0zum dritten Mal\u00a0vor meinen Kameras freue ich mich schon den ganzen Tag\u2026","rel":"","context":"In &quot;Acts&quot;","block_context":{"text":"Acts","link":"http:\/\/www.rockpixx.com\/wordpress\/category\/acts\/"},"img":{"alt_text":"Eisbrecher, 22.07.2012, Nordholz, Deichbrand Festival","src":"https:\/\/i0.wp.com\/www.rockpixx.com\/wordpress\/wp-content\/uploads\/2013\/02\/20120722-08-eisbrecher-Artikel.jpg?resize=350%2C200","width":350,"height":200,"srcset":"https:\/\/i0.wp.com\/www.rockpixx.com\/wordpress\/wp-content\/uploads\/2013\/02\/20120722-08-eisbrecher-Artikel.jpg?resize=350%2C200 1x, https:\/\/i0.wp.com\/www.rockpixx.com\/wordpress\/wp-content\/uploads\/2013\/02\/20120722-08-eisbrecher-Artikel.jpg?resize=525%2C300 1.5x, https:\/\/i0.wp.com\/www.rockpixx.com\/wordpress\/wp-content\/uploads\/2013\/02\/20120722-08-eisbrecher-Artikel.jpg?resize=700%2C400 2x"},"classes":[]},{"id":11682,"url":"http:\/\/www.rockpixx.com\/wordpress\/le-fly-20-07-2013-deichbrand-festival-nordholz\/","url_meta":{"origin":8094,"position":5},"title":"Le Fly, 20.07.2013, Deichbrand Festival, Nordholz","author":"Anja","date":"27. Juli 2013","format":false,"excerpt":"Schon beim Namen der Band kommt Urlaubsfeeling auf und sp\u00e4testens beim Erklingen der ersten T\u00f6ne best\u00e4tigt sich dieser Eindruck. Sich selbst, das Leben und schon gar nicht den Gegen\u00fcber ernst zu nehmen beschreibt am besten die B\u00fchnenshow von \u201eLe Fly\u201c. Hyperaktiv springen die Musiker herum, um alleine mit dem Publikum\u2026","rel":"","context":"In &quot;Acts&quot;","block_context":{"text":"Acts","link":"http:\/\/www.rockpixx.com\/wordpress\/category\/acts\/"},"img":{"alt_text":"","src":"https:\/\/i0.wp.com\/www.rockpixx.com\/wordpress\/wp-content\/uploads\/2013\/07\/20130720-03-009_le-fly-Artikel.jpg?resize=350%2C200","width":350,"height":200,"srcset":"https:\/\/i0.wp.com\/www.rockpixx.com\/wordpress\/wp-content\/uploads\/2013\/07\/20130720-03-009_le-fly-Artikel.jpg?resize=350%2C200 1x, https:\/\/i0.wp.com\/www.rockpixx.com\/wordpress\/wp-content\/uploads\/2013\/07\/20130720-03-009_le-fly-Artikel.jpg?resize=525%2C300 1.5x, https:\/\/i0.wp.com\/www.rockpixx.com\/wordpress\/wp-content\/uploads\/2013\/07\/20130720-03-009_le-fly-Artikel.jpg?resize=700%2C400 2x"},"classes":[]}],"jetpack_sharing_enabled":true,"publishpress_future_action":{"enabled":false,"date":"2026-05-07 01:37:00","action":"change-status","newStatus":"draft","terms":[],"taxonomy":"category","extraData":[]},"publishpress_future_workflow_manual_trigger":{"enabledWorkflows":[]},"_links":{"self":[{"href":"http:\/\/www.rockpixx.com\/wordpress\/wp-json\/wp\/v2\/posts\/8094","targetHints":{"allow":["GET"]}}],"collection":[{"href":"http:\/\/www.rockpixx.com\/wordpress\/wp-json\/wp\/v2\/posts"}],"about":[{"href":"http:\/\/www.rockpixx.com\/wordpress\/wp-json\/wp\/v2\/types\/post"}],"author":[{"embeddable":true,"href":"http:\/\/www.rockpixx.com\/wordpress\/wp-json\/wp\/v2\/users\/2"}],"replies":[{"embeddable":true,"href":"http:\/\/www.rockpixx.com\/wordpress\/wp-json\/wp\/v2\/comments?post=8094"}],"version-history":[{"count":0,"href":"http:\/\/www.rockpixx.com\/wordpress\/wp-json\/wp\/v2\/posts\/8094\/revisions"}],"wp:featuredmedia":[{"embeddable":true,"href":"http:\/\/www.rockpixx.com\/wordpress\/wp-json\/wp\/v2\/media\/8112"}],"wp:attachment":[{"href":"http:\/\/www.rockpixx.com\/wordpress\/wp-json\/wp\/v2\/media?parent=8094"}],"wp:term":[{"taxonomy":"category","embeddable":true,"href":"http:\/\/www.rockpixx.com\/wordpress\/wp-json\/wp\/v2\/categories?post=8094"},{"taxonomy":"post_tag","embeddable":true,"href":"http:\/\/www.rockpixx.com\/wordpress\/wp-json\/wp\/v2\/tags?post=8094"}],"curies":[{"name":"wp","href":"https:\/\/api.w.org\/{rel}","templated":true}]}}