{"id":8182,"date":"2011-07-23T05:00:52","date_gmt":"2011-07-23T03:00:52","guid":{"rendered":"http:\/\/rockpixx.com\/wordpress\/?p=8182"},"modified":"2013-09-27T20:43:17","modified_gmt":"2013-09-27T19:43:17","slug":"bosse-23-07-2011-nordholz-deichbrand-festival","status":"publish","type":"post","link":"http:\/\/www.rockpixx.com\/wordpress\/bosse-23-07-2011-nordholz-deichbrand-festival\/","title":{"rendered":"Bosse, 23.07.2011, Nordholz, Deichbrand Festival"},"content":{"rendered":"<p>\u201eBosse\u201c hatte unsere Fotografin vor wenigen Wochen ja schon \u2192 <a title=\"Bosse, 23.06.2011, Kiel, NDR-B\u00fchne\" href=\"http:\/\/rockpixx.com\/wordpress\/?p=7940\" target=\"_blank\">in Kiel an der NDR-B\u00fchne<\/a> fotografieren k\u00f6nnen \u2013 dieses Mal war ich also am Zug. Der \u201eNeue gro\u00dfe Vertreter der deutschen Melancholiewelle\u201c (Ich denke mir solche Formulierungen nicht aus, das bekommt man als Pressetext ausgeh\u00e4ndigt) <!--more-->hat sein Publikum sofort im Griff und die Securities kommen erstmalig ins Schwitzen, als Axel Bosse auf die Grabenabsperrung kraxelt, um K\u00f6rperkontakt mit seinen Fans aufzunehmen. Leider zu weit weg von mir, als dass ich von diesen Momenten brauchbare Bilder h\u00e4tte einfangen k\u00f6nnen \u2013 eine Masse von Securities und Fotografen rund um den K\u00fcnstler l\u00e4sst sich auch im PhotoShop nicht mehr wegmachen\u2026<\/p>\n<p style=\"text-align: right;\">Fotos: <a href=\"mailto:info@rockpixx.com?subject=Fotos%20von%20Bosse,%20Nordholz%20%E2%80%9EDeichbrand%20Festival%E2%80%9C,%2023.07.2011\">Alex<\/a> | Text: <a href=\"mailto:info@rockpixx.com?subject=Reviewtext%20von%20Bosse,%20Nordholz%20%E2%80%9EDeichbrand%20Festival%E2%80%9C,%2023.07.2011\">Alex<\/a><\/p>\n<p>&nbsp;<\/p>\n<p>[slideshow id=84]<\/p>\n","protected":false},"excerpt":{"rendered":"<p>\u201eBosse\u201c hatte unsere Fotografin vor wenigen Wochen ja schon \u2192 in Kiel an der NDR-B\u00fchne <a href=\"http:\/\/www.rockpixx.com\/wordpress\/bosse-23-07-2011-nordholz-deichbrand-festival\/\">Read more<\/a><\/p>\n","protected":false},"author":2,"featured_media":8168,"comment_status":"open","ping_status":"open","sticky":false,"template":"","format":"standard","meta":{"_jetpack_memberships_contains_paid_content":false,"footnotes":"","jetpack_publicize_message":"","jetpack_publicize_feature_enabled":true,"jetpack_social_post_already_shared":false,"jetpack_social_options":{"image_generator_settings":{"template":"highway","default_image_id":0,"font":"","enabled":false},"version":2}},"categories":[34,569],"tags":[1733,1931,1285,844,133,2058],"class_list":["post-8182","post","type-post","status-publish","format-standard","has-post-thumbnail","hentry","category-acts","category-bosse","tag-1733","tag-bosse","tag-bundesvision-song-contest","tag-deichbrand-festival","tag-festivals","tag-nordholz"],"aioseo_notices":[],"jetpack_publicize_connections":[],"jetpack_featured_media_url":"http:\/\/www.rockpixx.com\/wordpress\/wp-content\/uploads\/2013\/02\/20110723-05-bosse-Artikel.jpg","jetpack-related-posts":[{"id":11625,"url":"http:\/\/www.rockpixx.com\/wordpress\/bosse-19-07-2013-deichbrand-festival-nordholz\/","url_meta":{"origin":8182,"position":0},"title":"Bosse, 19.07.2013, Deichbrand Festival, Nordholz","author":"Anja","date":"24. Juli 2013","format":false,"excerpt":"Axel Bosse und Band kurz \u201eBosse\u201c genannt treffen wir von rockpixx.com zum \u2192\u00a0zweiten Mal auf dem Deichbrand und insgesamt zum \u2192\u00a0dritten Mal. Ein junger deutscher Songwriter, der dem staubigen Image der Songwriter mit einer erfrischende B\u00fchnenshow, tiefsinnigen Texten und lebendig klingender Musik Beine gemacht hat. Hier zeigt sich wieder einmal,\u2026","rel":"","context":"In &quot;Acts&quot;","block_context":{"text":"Acts","link":"http:\/\/www.rockpixx.com\/wordpress\/category\/acts\/"},"img":{"alt_text":"","src":"https:\/\/i0.wp.com\/www.rockpixx.com\/wordpress\/wp-content\/uploads\/2013\/07\/20130719-04-022_bosse-Artikel.jpg?resize=350%2C200","width":350,"height":200,"srcset":"https:\/\/i0.wp.com\/www.rockpixx.com\/wordpress\/wp-content\/uploads\/2013\/07\/20130719-04-022_bosse-Artikel.jpg?resize=350%2C200 1x, https:\/\/i0.wp.com\/www.rockpixx.com\/wordpress\/wp-content\/uploads\/2013\/07\/20130719-04-022_bosse-Artikel.jpg?resize=525%2C300 1.5x, https:\/\/i0.wp.com\/www.rockpixx.com\/wordpress\/wp-content\/uploads\/2013\/07\/20130719-04-022_bosse-Artikel.jpg?resize=700%2C400 2x"},"classes":[]},{"id":15189,"url":"http:\/\/www.rockpixx.com\/wordpress\/biffy-clyro-18-07-2014-deichbrand-festival-nordholz\/","url_meta":{"origin":8182,"position":1},"title":"Biffy Clyro, 18.07.2014, Deichbrand Festival, Nordholz","author":"admin","date":"19. Juli 2014","format":false,"excerpt":"Wieso kommt es mir eigentlich immer so vor, dass alle Schotten, die auf einer B\u00fchne stehen und losrocken, aussehen, wie eine Mischung zwischen \u2192 \u201eHighlander\u201c (Band und gleichnamiger Film) sowie \u201eBraveheart\u201c (Film)? Bei \u201eBiffy Clyro\u201c ist dieses Gef\u00fchl wieder ganz pr\u00e4sent\u2026 Als Main Act des ersten Deichbrand-Tages stehen die Musiker\u2026","rel":"","context":"In &quot;Acts&quot;","block_context":{"text":"Acts","link":"http:\/\/www.rockpixx.com\/wordpress\/category\/acts\/"},"img":{"alt_text":"","src":"https:\/\/i0.wp.com\/www.rockpixx.com\/wordpress\/wp-content\/uploads\/2014\/07\/20140718-10-151_biffy-clyro_Artikel.jpg?resize=350%2C200","width":350,"height":200,"srcset":"https:\/\/i0.wp.com\/www.rockpixx.com\/wordpress\/wp-content\/uploads\/2014\/07\/20140718-10-151_biffy-clyro_Artikel.jpg?resize=350%2C200 1x, https:\/\/i0.wp.com\/www.rockpixx.com\/wordpress\/wp-content\/uploads\/2014\/07\/20140718-10-151_biffy-clyro_Artikel.jpg?resize=525%2C300 1.5x, https:\/\/i0.wp.com\/www.rockpixx.com\/wordpress\/wp-content\/uploads\/2014\/07\/20140718-10-151_biffy-clyro_Artikel.jpg?resize=700%2C400 2x"},"classes":[]},{"id":11725,"url":"http:\/\/www.rockpixx.com\/wordpress\/frittenbude-20-07-2013-deichbrand-festival-nordholz\/","url_meta":{"origin":8182,"position":2},"title":"Frittenbude, 20.07.2013, Deichbrand Festival, Nordholz","author":"Anja","date":"28. Juli 2013","format":false,"excerpt":"Nachdem der Sturm im letzten Jahr eine der Stages in der Nacht vor dem Festival arg in Mitleidenschaft gezogen hatte und das Festival beinahe auf der Kippe stand, musste leider der Auftritt von \u201eFrittenbude\u201c gecancelt werden. Ein Aufschrei ging durch die Fans\u2026 es glich fast einem Aufstand. Die Veranstalter versprachen,\u2026","rel":"","context":"In &quot;Acts&quot;","block_context":{"text":"Acts","link":"http:\/\/www.rockpixx.com\/wordpress\/category\/acts\/"},"img":{"alt_text":"","src":"https:\/\/i0.wp.com\/www.rockpixx.com\/wordpress\/wp-content\/uploads\/2013\/07\/20130720-10-073_frittenbude-Artikel.jpg?resize=350%2C200","width":350,"height":200,"srcset":"https:\/\/i0.wp.com\/www.rockpixx.com\/wordpress\/wp-content\/uploads\/2013\/07\/20130720-10-073_frittenbude-Artikel.jpg?resize=350%2C200 1x, https:\/\/i0.wp.com\/www.rockpixx.com\/wordpress\/wp-content\/uploads\/2013\/07\/20130720-10-073_frittenbude-Artikel.jpg?resize=525%2C300 1.5x, https:\/\/i0.wp.com\/www.rockpixx.com\/wordpress\/wp-content\/uploads\/2013\/07\/20130720-10-073_frittenbude-Artikel.jpg?resize=700%2C400 2x"},"classes":[]},{"id":8201,"url":"http:\/\/www.rockpixx.com\/wordpress\/guano-apes-23-07-2011-nordholz-deichbrand-festival\/","url_meta":{"origin":8182,"position":3},"title":"Guano Apes, 23.07.2011, Nordholz, Deichbrand Festival","author":"Anja","date":"23. Juli 2011","format":false,"excerpt":"Und nun die absoluten Headliner des Sonnabends: Die \u201eGuano Apes\u201c stehen auf der B\u00fchne, nachdem sie sich nach 5\u00a0Jahren Pause eindrucksvoll mit dem neuen Album \u201eBel Air\u201c zur\u00fcckgemeldet haben. Vor der B\u00fchne herrscht Alarmstufe 1: Noch mehr Securities, die Wellenbrecher werden noch einmal ausgebaut, wir d\u00fcrfen nur noch durch den\u2026","rel":"","context":"In &quot;Acts&quot;","block_context":{"text":"Acts","link":"http:\/\/www.rockpixx.com\/wordpress\/category\/acts\/"},"img":{"alt_text":"Guano Apes, 23.07.2011, Nordholz, Deichbrand Festival","src":"https:\/\/i0.wp.com\/www.rockpixx.com\/wordpress\/wp-content\/uploads\/2013\/02\/20110723-10-guano-apes-Artikel.jpg?resize=350%2C200","width":350,"height":200,"srcset":"https:\/\/i0.wp.com\/www.rockpixx.com\/wordpress\/wp-content\/uploads\/2013\/02\/20110723-10-guano-apes-Artikel.jpg?resize=350%2C200 1x, https:\/\/i0.wp.com\/www.rockpixx.com\/wordpress\/wp-content\/uploads\/2013\/02\/20110723-10-guano-apes-Artikel.jpg?resize=525%2C300 1.5x, https:\/\/i0.wp.com\/www.rockpixx.com\/wordpress\/wp-content\/uploads\/2013\/02\/20110723-10-guano-apes-Artikel.jpg?resize=700%2C400 2x"},"classes":[]},{"id":8187,"url":"http:\/\/www.rockpixx.com\/wordpress\/jennifer-rostock-23-07-2011-nordholz-deichbrand-festival\/","url_meta":{"origin":8182,"position":4},"title":"Jennifer Rostock, 23.07.2011, Nordholz, Deichbrand Festival","author":"Anja","date":"23. Juli 2011","format":false,"excerpt":"Vorab eine Anmerkung: Ja, ich wei\u00df, dass die S\u00e4ngerin von \u201eJennifer Rostock\u201c nicht so, sondern \u201eJennifer Weist\u201c hei\u00dft. Und ich wei\u00df auch, dass zur Band noch vier m\u00e4nnliche Musiker geh\u00f6ren. Aber dennoch zeige ich hier ausschlie\u00dflich Bilder von der Frontfrau \u2013 sie gibt optisch einfach mehr her als ihre Kollegen.\u2026","rel":"","context":"In &quot;Acts&quot;","block_context":{"text":"Acts","link":"http:\/\/www.rockpixx.com\/wordpress\/category\/acts\/"},"img":{"alt_text":"Jennifer Rostock, 23.07.2011, Nordholz, Deichbrand Festival","src":"https:\/\/i0.wp.com\/www.rockpixx.com\/wordpress\/wp-content\/uploads\/2011\/07\/20110723-07-jennifer-rostock-Artikel.jpg?resize=350%2C200","width":350,"height":200,"srcset":"https:\/\/i0.wp.com\/www.rockpixx.com\/wordpress\/wp-content\/uploads\/2011\/07\/20110723-07-jennifer-rostock-Artikel.jpg?resize=350%2C200 1x, https:\/\/i0.wp.com\/www.rockpixx.com\/wordpress\/wp-content\/uploads\/2011\/07\/20110723-07-jennifer-rostock-Artikel.jpg?resize=525%2C300 1.5x, https:\/\/i0.wp.com\/www.rockpixx.com\/wordpress\/wp-content\/uploads\/2011\/07\/20110723-07-jennifer-rostock-Artikel.jpg?resize=700%2C400 2x"},"classes":[]},{"id":15211,"url":"http:\/\/www.rockpixx.com\/wordpress\/jupiter-jones-19-07-2014-deichbrand-festival-nordholz\/","url_meta":{"origin":8182,"position":5},"title":"Jupiter Jones, 19.07.2014, Deichbrand Festival, Nordholz","author":"admin","date":"19. Juli 2014","format":false,"excerpt":"\u201eJupiter Jones\u201c sind ja auch schon \u2192 mehrfach auf rockpixx.com vertreten. Bislang hatte ich bei Live-Begegnungen immer ein leicht diffuses Gef\u00fchl von Unwohlsein in mir: Die Musik war gar nicht mal schlecht, aber der Frontmann zog die gesamte Performance in meinen Augen deutlich runter. Jetzt steht also die Band mit\u2026","rel":"","context":"In &quot;Acts&quot;","block_context":{"text":"Acts","link":"http:\/\/www.rockpixx.com\/wordpress\/category\/acts\/"},"img":{"alt_text":"Jupiter Jones, 19.07.2014, Deichbrand Open Air, Seeflughafen, Nordholz","src":"https:\/\/i0.wp.com\/www.rockpixx.com\/wordpress\/wp-content\/uploads\/2014\/07\/20140719-05-040_jupiter-jones_Artikel.jpg?resize=350%2C200","width":350,"height":200,"srcset":"https:\/\/i0.wp.com\/www.rockpixx.com\/wordpress\/wp-content\/uploads\/2014\/07\/20140719-05-040_jupiter-jones_Artikel.jpg?resize=350%2C200 1x, https:\/\/i0.wp.com\/www.rockpixx.com\/wordpress\/wp-content\/uploads\/2014\/07\/20140719-05-040_jupiter-jones_Artikel.jpg?resize=525%2C300 1.5x, https:\/\/i0.wp.com\/www.rockpixx.com\/wordpress\/wp-content\/uploads\/2014\/07\/20140719-05-040_jupiter-jones_Artikel.jpg?resize=700%2C400 2x"},"classes":[]}],"jetpack_sharing_enabled":true,"publishpress_future_action":{"enabled":false,"date":"2026-05-06 13:01:23","action":"change-status","newStatus":"draft","terms":[],"taxonomy":"category","extraData":[]},"publishpress_future_workflow_manual_trigger":{"enabledWorkflows":[]},"_links":{"self":[{"href":"http:\/\/www.rockpixx.com\/wordpress\/wp-json\/wp\/v2\/posts\/8182","targetHints":{"allow":["GET"]}}],"collection":[{"href":"http:\/\/www.rockpixx.com\/wordpress\/wp-json\/wp\/v2\/posts"}],"about":[{"href":"http:\/\/www.rockpixx.com\/wordpress\/wp-json\/wp\/v2\/types\/post"}],"author":[{"embeddable":true,"href":"http:\/\/www.rockpixx.com\/wordpress\/wp-json\/wp\/v2\/users\/2"}],"replies":[{"embeddable":true,"href":"http:\/\/www.rockpixx.com\/wordpress\/wp-json\/wp\/v2\/comments?post=8182"}],"version-history":[{"count":0,"href":"http:\/\/www.rockpixx.com\/wordpress\/wp-json\/wp\/v2\/posts\/8182\/revisions"}],"wp:featuredmedia":[{"embeddable":true,"href":"http:\/\/www.rockpixx.com\/wordpress\/wp-json\/wp\/v2\/media\/8168"}],"wp:attachment":[{"href":"http:\/\/www.rockpixx.com\/wordpress\/wp-json\/wp\/v2\/media?parent=8182"}],"wp:term":[{"taxonomy":"category","embeddable":true,"href":"http:\/\/www.rockpixx.com\/wordpress\/wp-json\/wp\/v2\/categories?post=8182"},{"taxonomy":"post_tag","embeddable":true,"href":"http:\/\/www.rockpixx.com\/wordpress\/wp-json\/wp\/v2\/tags?post=8182"}],"curies":[{"name":"wp","href":"https:\/\/api.w.org\/{rel}","templated":true}]}}