{"id":8241,"date":"2011-07-24T04:00:43","date_gmt":"2011-07-24T02:00:43","guid":{"rendered":"http:\/\/rockpixx.com\/wordpress\/?p=8241"},"modified":"2013-02-05T20:16:10","modified_gmt":"2013-02-05T18:16:10","slug":"fotos-24-07-2011-nordholz-deichbrand-festival","status":"publish","type":"post","link":"http:\/\/www.rockpixx.com\/wordpress\/fotos-24-07-2011-nordholz-deichbrand-festival\/","title":{"rendered":"Fotos, 24.07.2011, Nordholz, Deichbrand Festival"},"content":{"rendered":"<p>Fotos machen von einer Band mit Namen \u201eFotos\u201c? \u2013 Warum eigentlich nicht? Also \u2013 ab zur \u201eFire Stage\u201c und draufhalten\u2026 <!--more-->Die Musik kommt auch beim Publikum gut an, ohne dass dieses vermutlich den folgenden Pressetext kennt:\u00a0<i>\u201eWer so um die Welt tigert wie diese Jungs, bringt gro\u00dfe Gef\u00fchle heim, w\u00e4chst innerlich wie \u00e4u\u00dferlich.\u201c<\/i><\/p>\n<p><i><\/i>Manches Mal schl\u00e4gt die Prosa im Programmheft doch tats\u00e4chlich die Lyrik der Lieder, die man dazu gerade h\u00f6rt. Egal, die Jungs sind gut, die Bilder sind im Kasten und ich bin nicht v\u00f6llig durchn\u00e4sst worden\u2026<\/p>\n<p style=\"text-align: right;\">Fotos:\u00a0<a href=\"mailto:info@rockpixx.com?subject=Fotos%20von%20Fotos,%20Nordholz%20%E2%80%9EDeichbrand%20Festival%E2%80%9C,%2024.07.2011\">Alex<\/a>\u00a0| Text:\u00a0<a href=\"mailto:info@rockpixx.com?subject=Reviewtext%20von%20Fotos,%20Nordholz%20%E2%80%9EDeichbrand%20Festival%E2%80%9C,%2024.07.2011\">Alex<\/a><\/p>\n<p>&nbsp;<\/p>\n<p>[slideshow id=93]<\/p>\n","protected":false},"excerpt":{"rendered":"<p>Fotos machen von einer Band mit Namen \u201eFotos\u201c? \u2013 Warum eigentlich nicht? Also \u2013 ab <a href=\"http:\/\/www.rockpixx.com\/wordpress\/fotos-24-07-2011-nordholz-deichbrand-festival\/\">Read more<\/a><\/p>\n","protected":false},"author":2,"featured_media":8226,"comment_status":"open","ping_status":"open","sticky":false,"template":"","format":"standard","meta":{"_jetpack_memberships_contains_paid_content":false,"footnotes":"","jetpack_publicize_message":"","jetpack_publicize_feature_enabled":true,"jetpack_social_post_already_shared":false,"jetpack_social_options":{"image_generator_settings":{"template":"highway","default_image_id":0,"font":"","enabled":false},"version":2}},"categories":[34,602],"tags":[1733,844,133,848,2058],"class_list":["post-8241","post","type-post","status-publish","format-standard","has-post-thumbnail","hentry","category-acts","category-fotos","tag-1733","tag-deichbrand-festival","tag-festivals","tag-foto","tag-nordholz"],"aioseo_notices":[],"jetpack_publicize_connections":[],"jetpack_featured_media_url":"http:\/\/www.rockpixx.com\/wordpress\/wp-content\/uploads\/2013\/02\/20110724-04-fotos-Artikel.jpg","jetpack-related-posts":[{"id":8771,"url":"http:\/\/www.rockpixx.com\/wordpress\/vierkanttretlager-20-07-2012-nordholz-deichbrand-festival\/","url_meta":{"origin":8241,"position":0},"title":"Vierkanttretlager, 20.07.2012, Nordholz, Deichbrand Festival","author":"Anja","date":"20. Juli 2012","format":false,"excerpt":"Woran erkennt man, dass \u201eDeichbrand-Zeit\u201c ist? Genau! Es ist Sommer und wir sind am Meer. Zus\u00e4tzlich gibt\u2019s noch Dauerregen und ganz fiese Sturmb\u00f6en. Ersterer hat das gesamte Festivalgel\u00e4nde in ein einziges Moorbad verwandelt und letzterer die beiden gro\u00dfen B\u00fchnen in der Nacht zerdengelt. Da wundert\u2019s also nicht, dass die Running\u2026","rel":"","context":"In &quot;Acts&quot;","block_context":{"text":"Acts","link":"http:\/\/www.rockpixx.com\/wordpress\/category\/acts\/"},"img":{"alt_text":"Vierkanttretlager, 20.07.2012, Nordholz, Deichbrand Festival","src":"https:\/\/i0.wp.com\/www.rockpixx.com\/wordpress\/wp-content\/uploads\/2013\/02\/20120720-01-vierkanttretlager-Artikel.jpg?resize=350%2C200","width":350,"height":200,"srcset":"https:\/\/i0.wp.com\/www.rockpixx.com\/wordpress\/wp-content\/uploads\/2013\/02\/20120720-01-vierkanttretlager-Artikel.jpg?resize=350%2C200 1x, https:\/\/i0.wp.com\/www.rockpixx.com\/wordpress\/wp-content\/uploads\/2013\/02\/20120720-01-vierkanttretlager-Artikel.jpg?resize=525%2C300 1.5x, https:\/\/i0.wp.com\/www.rockpixx.com\/wordpress\/wp-content\/uploads\/2013\/02\/20120720-01-vierkanttretlager-Artikel.jpg?resize=700%2C400 2x"},"classes":[]},{"id":8080,"url":"http:\/\/www.rockpixx.com\/wordpress\/suffocating-sight-22-07-2011-nordholz-deichbrand-festival\/","url_meta":{"origin":8241,"position":1},"title":"Suffocating Sight, 22.07.2011, Nordholz, Deichbrand Festival","author":"Anja","date":"22. Juli 2011","format":false,"excerpt":"\u201eDeath- und Thrash-Metal\u201c\u00a0und\u00a0\u201emelodischer Ohrenschmaus\u201c\u00a0ist \u2013 laut Programmheft \u2013 angesagt. Nix f\u00fcr meine Ohren: Au\u00dfer irgendwelchen \u201eaaaahgrsss\u201c und \u201euhrgssss\u201c verstehe ich nicht viel \u2013 aber ordentlich laut ist es auch auf der zweiten B\u00fchne, der \u201eWater Stage\u201c. Die vier Jungs aus dem benachbarten Cuxhaven legen sich allerdings m\u00e4chtig ins Zeug \u2013\u2026","rel":"","context":"In &quot;Acts&quot;","block_context":{"text":"Acts","link":"http:\/\/www.rockpixx.com\/wordpress\/category\/acts\/"},"img":{"alt_text":"Suffocating Sight, 22.07.2011, Nordholz, Deichbrand Festival","src":"https:\/\/i0.wp.com\/www.rockpixx.com\/wordpress\/wp-content\/uploads\/2013\/02\/20110722-02-suffocating-sight-Artikel.jpg?resize=350%2C200","width":350,"height":200,"srcset":"https:\/\/i0.wp.com\/www.rockpixx.com\/wordpress\/wp-content\/uploads\/2013\/02\/20110722-02-suffocating-sight-Artikel.jpg?resize=350%2C200 1x, https:\/\/i0.wp.com\/www.rockpixx.com\/wordpress\/wp-content\/uploads\/2013\/02\/20110722-02-suffocating-sight-Artikel.jpg?resize=525%2C300 1.5x, https:\/\/i0.wp.com\/www.rockpixx.com\/wordpress\/wp-content\/uploads\/2013\/02\/20110722-02-suffocating-sight-Artikel.jpg?resize=700%2C400 2x"},"classes":[]},{"id":11688,"url":"http:\/\/www.rockpixx.com\/wordpress\/adept-20-07-2013-deichbrand-festival-nordholz\/","url_meta":{"origin":8241,"position":2},"title":"Adept, 20.07.2013, Deichbrand Festival, Nordholz","author":"Anja","date":"27. Juli 2013","format":false,"excerpt":"Wieder treffen wir alte Bekannte vom Deichbrand Festival 2011 \u2013 \u2192\u00a0\u201eAdept\u201c. Die Jungs sind immer noch so hart drauf wie beim letzten Mal. Heute bei glei\u00dfendem Sonnenlicht und Temperaturen wie in einem Backofen ziehen sie ihre Show hart und laut durch. Wie wir schon beim letzten Mal feststellten sind die\u2026","rel":"","context":"In &quot;Acts&quot;","block_context":{"text":"Acts","link":"http:\/\/www.rockpixx.com\/wordpress\/category\/acts\/"},"img":{"alt_text":"","src":"https:\/\/i0.wp.com\/www.rockpixx.com\/wordpress\/wp-content\/uploads\/2013\/07\/20130720-04-015_adept-Artikel.jpg?resize=350%2C200","width":350,"height":200,"srcset":"https:\/\/i0.wp.com\/www.rockpixx.com\/wordpress\/wp-content\/uploads\/2013\/07\/20130720-04-015_adept-Artikel.jpg?resize=350%2C200 1x, https:\/\/i0.wp.com\/www.rockpixx.com\/wordpress\/wp-content\/uploads\/2013\/07\/20130720-04-015_adept-Artikel.jpg?resize=525%2C300 1.5x, https:\/\/i0.wp.com\/www.rockpixx.com\/wordpress\/wp-content\/uploads\/2013\/07\/20130720-04-015_adept-Artikel.jpg?resize=700%2C400 2x"},"classes":[]},{"id":8088,"url":"http:\/\/www.rockpixx.com\/wordpress\/frida-gold-22-07-2011-nordholz-deichbrand-festival\/","url_meta":{"origin":8241,"position":3},"title":"Frida Gold, 22.07.2011, Nordholz, Deichbrand Festival","author":"Anja","date":"22. Juli 2011","format":false,"excerpt":"Im Pressezelt ist Kaffee eingetroffen aber das ist mir egal, denn \u201eFrida Gold\u201c \u2013\u00a0\u201edie Elektropop-Sensation aus Deutschen Landen\u201c\u00a0\u2013 steht auf der \u201eWater Stage\u201c! Musikalisch\u00a0\u201erieselt es zuckrig ins Herz\u201c\u00a0(so der Pressetext), aber das beeindruckt mich nicht so sehr, wie die Optik von Frontfrau Alina S\u00fcggeler: Trotz einer \u00fcberdimensionalen Sonnenbrille im Design\u2026","rel":"","context":"In &quot;Acts&quot;","block_context":{"text":"Acts","link":"http:\/\/www.rockpixx.com\/wordpress\/category\/acts\/"},"img":{"alt_text":"Frida Gold, 22.07.2011, Nordholz, Deichbrand Festival","src":"https:\/\/i0.wp.com\/www.rockpixx.com\/wordpress\/wp-content\/uploads\/2013\/02\/20110722-04-frida-gold-Artikel.jpg?resize=350%2C200","width":350,"height":200,"srcset":"https:\/\/i0.wp.com\/www.rockpixx.com\/wordpress\/wp-content\/uploads\/2013\/02\/20110722-04-frida-gold-Artikel.jpg?resize=350%2C200 1x, https:\/\/i0.wp.com\/www.rockpixx.com\/wordpress\/wp-content\/uploads\/2013\/02\/20110722-04-frida-gold-Artikel.jpg?resize=525%2C300 1.5x, https:\/\/i0.wp.com\/www.rockpixx.com\/wordpress\/wp-content\/uploads\/2013\/02\/20110722-04-frida-gold-Artikel.jpg?resize=700%2C400 2x"},"classes":[]},{"id":8085,"url":"http:\/\/www.rockpixx.com\/wordpress\/ghost-of-tom-joad-22-07-2011-nordholz-deichbrand-festival\/","url_meta":{"origin":8241,"position":4},"title":"Ghost of Tom Joad, 22.07.2011, Nordholz, Deichbrand Festival","author":"Anja","date":"22. Juli 2011","format":false,"excerpt":"Indie-Pop als N\u00e4chstes: Die Jungs von \u201eGhost of Tom Joad\u201c haben sich nach einem Song von Bruce Springsteen benannt. Die Musik ist melodischer als bei den vorangegangenen zwei Acts und auch nicht ganz so laut (vielleicht haben sich aber auch nur meine Ohren inzwischen an die Soundkulisse gew\u00f6hnt). Eigentlich gef\u00e4llt\u2026","rel":"","context":"In &quot;Acts&quot;","block_context":{"text":"Acts","link":"http:\/\/www.rockpixx.com\/wordpress\/category\/acts\/"},"img":{"alt_text":"Ghost of Tom Joad, 22.07.2011, Nordholz, Deichbrand Festival","src":"https:\/\/i0.wp.com\/www.rockpixx.com\/wordpress\/wp-content\/uploads\/2013\/02\/20110722-03-ghost-of-tom-joad-Artikel.jpg?resize=350%2C200","width":350,"height":200,"srcset":"https:\/\/i0.wp.com\/www.rockpixx.com\/wordpress\/wp-content\/uploads\/2013\/02\/20110722-03-ghost-of-tom-joad-Artikel.jpg?resize=350%2C200 1x, https:\/\/i0.wp.com\/www.rockpixx.com\/wordpress\/wp-content\/uploads\/2013\/02\/20110722-03-ghost-of-tom-joad-Artikel.jpg?resize=525%2C300 1.5x, https:\/\/i0.wp.com\/www.rockpixx.com\/wordpress\/wp-content\/uploads\/2013\/02\/20110722-03-ghost-of-tom-joad-Artikel.jpg?resize=700%2C400 2x"},"classes":[]},{"id":11698,"url":"http:\/\/www.rockpixx.com\/wordpress\/die-orsons-20-07-2013-deichbrand-festival-nordholz\/","url_meta":{"origin":8241,"position":5},"title":"Die Orsons, 20.07.2013, Deichbrand Festival, Nordholz","author":"Anja","date":"27. Juli 2013","format":false,"excerpt":"Deutscher Hip-Hop \u2013 zuckers\u00fc\u00dfe Texte mit viel Fantasie, Ironie und Sarkasmus. Dies ist die Kurzbeschreibung von \u201eDie Orsons\u201c. Eigentlich k\u00f6nnte ich jetzt Schluss machen, mache ich aber nicht. Ich kannte \u201eDie Orsons\u201c bis zu diesem Festival nicht und fand so das Intro der Band ganz interessant, da die S\u00e4nger erst\u2026","rel":"","context":"In &quot;Acts&quot;","block_context":{"text":"Acts","link":"http:\/\/www.rockpixx.com\/wordpress\/category\/acts\/"},"img":{"alt_text":"","src":"https:\/\/i0.wp.com\/www.rockpixx.com\/wordpress\/wp-content\/uploads\/2013\/07\/20130720-06-006_die-orsons-Artikel.jpg?resize=350%2C200","width":350,"height":200,"srcset":"https:\/\/i0.wp.com\/www.rockpixx.com\/wordpress\/wp-content\/uploads\/2013\/07\/20130720-06-006_die-orsons-Artikel.jpg?resize=350%2C200 1x, https:\/\/i0.wp.com\/www.rockpixx.com\/wordpress\/wp-content\/uploads\/2013\/07\/20130720-06-006_die-orsons-Artikel.jpg?resize=525%2C300 1.5x, https:\/\/i0.wp.com\/www.rockpixx.com\/wordpress\/wp-content\/uploads\/2013\/07\/20130720-06-006_die-orsons-Artikel.jpg?resize=700%2C400 2x"},"classes":[]}],"jetpack_sharing_enabled":true,"publishpress_future_action":{"enabled":false,"date":"2026-05-06 18:34:19","action":"change-status","newStatus":"draft","terms":[],"taxonomy":"category","extraData":[]},"publishpress_future_workflow_manual_trigger":{"enabledWorkflows":[]},"_links":{"self":[{"href":"http:\/\/www.rockpixx.com\/wordpress\/wp-json\/wp\/v2\/posts\/8241","targetHints":{"allow":["GET"]}}],"collection":[{"href":"http:\/\/www.rockpixx.com\/wordpress\/wp-json\/wp\/v2\/posts"}],"about":[{"href":"http:\/\/www.rockpixx.com\/wordpress\/wp-json\/wp\/v2\/types\/post"}],"author":[{"embeddable":true,"href":"http:\/\/www.rockpixx.com\/wordpress\/wp-json\/wp\/v2\/users\/2"}],"replies":[{"embeddable":true,"href":"http:\/\/www.rockpixx.com\/wordpress\/wp-json\/wp\/v2\/comments?post=8241"}],"version-history":[{"count":0,"href":"http:\/\/www.rockpixx.com\/wordpress\/wp-json\/wp\/v2\/posts\/8241\/revisions"}],"wp:featuredmedia":[{"embeddable":true,"href":"http:\/\/www.rockpixx.com\/wordpress\/wp-json\/wp\/v2\/media\/8226"}],"wp:attachment":[{"href":"http:\/\/www.rockpixx.com\/wordpress\/wp-json\/wp\/v2\/media?parent=8241"}],"wp:term":[{"taxonomy":"category","embeddable":true,"href":"http:\/\/www.rockpixx.com\/wordpress\/wp-json\/wp\/v2\/categories?post=8241"},{"taxonomy":"post_tag","embeddable":true,"href":"http:\/\/www.rockpixx.com\/wordpress\/wp-json\/wp\/v2\/tags?post=8241"}],"curies":[{"name":"wp","href":"https:\/\/api.w.org\/{rel}","templated":true}]}}